{"id":30636,"date":"2025-03-28T16:37:49","date_gmt":"2025-03-28T15:37:49","guid":{"rendered":"https:\/\/www.ladiagonale.net\/?p=30636"},"modified":"2025-03-28T16:38:07","modified_gmt":"2025-03-28T15:38:07","slug":"monaco-abonne-au-samedi-ira-au-havre-le-26-avril","status":"publish","type":"post","link":"https:\/\/www.ladiagonale.net\/index.php\/2025\/03\/28\/monaco-abonne-au-samedi-ira-au-havre-le-26-avril\/","title":{"rendered":"Monaco, abonn\u00e9 au samedi, ira au Havre le 26 avril"},"content":{"rendered":"\n\n\n<p>On connaissait la trilogie du samedi sur <em>M6<\/em>, il faudra d\u00e9sormais envisager de cr\u00e9er le Monaco du samedi sur <em>DAZN<\/em>. La LFP a d\u00e9voil\u00e9 la programmation de la 31<sup>e<\/sup> journ\u00e9e, lors de laquelle le club de la Principaut\u00e9 se d\u00e9placera au Havre. Le match se jouera le 26 avril, \u00e0 19 heures. <\/p>\n\n\n\n<p>Avant la tr\u00eave, Monaco avait jou\u00e9 \u00e0 Angers un samedi et le derby de ce week-end aura \u00e9galement lieu ce m\u00eame jour de la semaine. Ce sera aussi le cas des matches contre Brest (5 avril), Marseille (12 avril) et Strasbourg (19 avril).<\/p>\n\n\n\n<h3>La programmation de la 31<sup>e<\/sup> journ\u00e9e<\/h3>\n\n\n\n<p>Vendredi 25 avril 2025 \u00e0 20h45 sur DAZN<br>Paris Saint-Germain &#8211; OGC Nice<\/p>\n\n\n\n<p>Samedi 26 avril 2025 \u00e0 17h00 sur beIN SPORTS 1<br>RC Strasbourg Alsace &#8211; AS Saint-\u00c9tienne<\/p>\n\n\n\n<p><strong>Samedi 26 avril 2025 \u00e0 19h00 sur DAZN<br>Havre AC &#8211; AS Monaco<\/strong><\/p>\n\n\n\n<p>Samedi 26 avril 2025 \u00e0 21h05 sur DAZN<br>Olympique Lyonnais \u2013 Stade Rennais FC<\/p>\n\n\n\n<p>Dimanche 27 avril 2025 \u00e0 15h00 sur DAZN<br>Angers SCO &#8211; LOSC Lille<\/p>\n\n\n\n<p>Dimanche 27 avril 2025 \u00e0 17h15 sur DAZN<br>RC Lens \u2013 AJ Auxerre<br>Montpellier H\u00e9rault SC &#8211; Stade de Reims<br>FC Nantes &#8211; Toulouse FC<\/p>\n\n\n\n<p>Dimanche 27 avril 2025 \u00e0 20h45 sur DAZN<br>Olympique de Marseille \u2013 Stade Brestois 29<\/p>\n","protected":false},"excerpt":{"rendered":"<p>On connaissait la trilogie du samedi sur M6, il faudra d\u00e9sormais envisager de cr\u00e9er le Monaco du samedi sur DAZN. La LFP a d\u00e9voil\u00e9 la programmation de la 31e journ\u00e9e, lors de laquelle le club de la Principaut\u00e9 se d\u00e9placera au Havre. Le match se jouera le 26 avril, \u00e0 19 heures. Avant la tr\u00eave, [&#8230;]\n","protected":false},"author":2,"featured_media":0,"comment_status":"open","ping_status":"open","sticky":false,"template":"","format":"standard","meta":[],"categories":[4,6],"tags":[86,896,712,94,172],"yoast_head":"<!-- This site is optimized with the Yoast SEO plugin v19.8 - https:\/\/yoast.com\/wordpress\/plugins\/seo\/ -->\n<title>Monaco, abonn\u00e9 au samedi, ira au Havre le 26 avril - La Diagonale<\/title>\n<meta name=\"robots\" content=\"index, follow, max-snippet:-1, max-image-preview:large, max-video-preview:-1\" \/>\n<link rel=\"canonical\" href=\"https:\/\/www.ladiagonale.net\/index.php\/2025\/03\/28\/monaco-abonne-au-samedi-ira-au-havre-le-26-avril\/\" \/>\n<meta property=\"og:locale\" content=\"fr_FR\" \/>\n<meta property=\"og:type\" content=\"article\" \/>\n<meta property=\"og:title\" content=\"Monaco, abonn\u00e9 au samedi, ira au Havre le 26 avril - La Diagonale\" \/>\n<meta property=\"og:description\" content=\"On connaissait la trilogie du samedi sur M6, il faudra d\u00e9sormais envisager de cr\u00e9er le Monaco du samedi sur DAZN. La LFP a d\u00e9voil\u00e9 la programmation de la 31e journ\u00e9e, lors de laquelle le club de la Principaut\u00e9 se d\u00e9placera au Havre. Le match se jouera le 26 avril, \u00e0 19 heures. Avant la tr\u00eave, [...]\" \/>\n<meta property=\"og:url\" content=\"https:\/\/www.ladiagonale.net\/index.php\/2025\/03\/28\/monaco-abonne-au-samedi-ira-au-havre-le-26-avril\/\" \/>\n<meta property=\"og:site_name\" content=\"La Diagonale\" \/>\n<meta property=\"article:published_time\" content=\"2025-03-28T15:37:49+00:00\" \/>\n<meta property=\"article:modified_time\" content=\"2025-03-28T15:38:07+00:00\" \/>\n<meta property=\"og:image\" content=\"https:\/\/www.ladiagonale.net\/wp-content\/uploads\/2024\/09\/prog.png\" \/>\n\t<meta property=\"og:image:width\" content=\"1160\" \/>\n\t<meta property=\"og:image:height\" content=\"650\" \/>\n\t<meta property=\"og:image:type\" content=\"image\/png\" \/>\n<meta name=\"author\" content=\"Damien Dellerba\" \/>\n<meta name=\"twitter:card\" content=\"summary_large_image\" \/>\n<meta name=\"twitter:image\" content=\"https:\/\/www.ladiagonale.net\/wp-content\/uploads\/2024\/09\/prog.png\" \/>\n<meta name=\"twitter:label1\" content=\"\u00c9crit par\" \/>\n\t<meta name=\"twitter:data1\" content=\"Damien Dellerba\" \/>\n\t<meta name=\"twitter:label2\" content=\"Dur\u00e9e de lecture estim\u00e9e\" \/>\n\t<meta name=\"twitter:data2\" content=\"2 minutes\" \/>\n<script type=\"application\/ld+json\" class=\"yoast-schema-graph\">{\"@context\":\"https:\/\/schema.org\",\"@graph\":[{\"@type\":\"WebPage\",\"@id\":\"https:\/\/www.ladiagonale.net\/index.php\/2025\/03\/28\/monaco-abonne-au-samedi-ira-au-havre-le-26-avril\/\",\"url\":\"https:\/\/www.ladiagonale.net\/index.php\/2025\/03\/28\/monaco-abonne-au-samedi-ira-au-havre-le-26-avril\/\",\"name\":\"Monaco, abonn\u00e9 au samedi, ira au Havre le 26 avril - La Diagonale\",\"isPartOf\":{\"@id\":\"https:\/\/www.ladiagonale.net\/#website\"},\"datePublished\":\"2025-03-28T15:37:49+00:00\",\"dateModified\":\"2025-03-28T15:38:07+00:00\",\"author\":{\"@id\":\"https:\/\/www.ladiagonale.net\/#\/schema\/person\/79ff1e7b0853ed01b2aa26e64ad300bf\"},\"breadcrumb\":{\"@id\":\"https:\/\/www.ladiagonale.net\/index.php\/2025\/03\/28\/monaco-abonne-au-samedi-ira-au-havre-le-26-avril\/#breadcrumb\"},\"inLanguage\":\"fr-FR\",\"potentialAction\":[{\"@type\":\"ReadAction\",\"target\":[\"https:\/\/www.ladiagonale.net\/index.php\/2025\/03\/28\/monaco-abonne-au-samedi-ira-au-havre-le-26-avril\/\"]}]},{\"@type\":\"BreadcrumbList\",\"@id\":\"https:\/\/www.ladiagonale.net\/index.php\/2025\/03\/28\/monaco-abonne-au-samedi-ira-au-havre-le-26-avril\/#breadcrumb\",\"itemListElement\":[{\"@type\":\"ListItem\",\"position\":1,\"name\":\"Accueil\",\"item\":\"https:\/\/www.ladiagonale.net\/\"},{\"@type\":\"ListItem\",\"position\":2,\"name\":\"Monaco, abonn\u00e9 au samedi, ira au Havre le 26 avril\"}]},{\"@type\":\"WebSite\",\"@id\":\"https:\/\/www.ladiagonale.net\/#website\",\"url\":\"https:\/\/www.ladiagonale.net\/\",\"name\":\"La Diagonale\",\"description\":\"Le site des supporters de l&#039;AS Monaco FC\",\"potentialAction\":[{\"@type\":\"SearchAction\",\"target\":{\"@type\":\"EntryPoint\",\"urlTemplate\":\"https:\/\/www.ladiagonale.net\/?s={search_term_string}\"},\"query-input\":\"required name=search_term_string\"}],\"inLanguage\":\"fr-FR\"},{\"@type\":\"Person\",\"@id\":\"https:\/\/www.ladiagonale.net\/#\/schema\/person\/79ff1e7b0853ed01b2aa26e64ad300bf\",\"name\":\"Damien Dellerba\",\"image\":{\"@type\":\"ImageObject\",\"inLanguage\":\"fr-FR\",\"@id\":\"https:\/\/www.ladiagonale.net\/#\/schema\/person\/image\/\",\"url\":\"https:\/\/secure.gravatar.com\/avatar\/c7850e06d3ff63cdbaee88b7fc16e2f0?s=96&d=mm&r=g\",\"contentUrl\":\"https:\/\/secure.gravatar.com\/avatar\/c7850e06d3ff63cdbaee88b7fc16e2f0?s=96&d=mm&r=g\",\"caption\":\"Damien Dellerba\"},\"url\":\"https:\/\/www.ladiagonale.net\/index.php\/author\/damien\/\"}]}<\/script>\n<!-- \/ Yoast SEO plugin. -->","yoast_head_json":{"title":"Monaco, abonn\u00e9 au samedi, ira au Havre le 26 avril - La Diagonale","robots":{"index":"index","follow":"follow","max-snippet":"max-snippet:-1","max-image-preview":"max-image-preview:large","max-video-preview":"max-video-preview:-1"},"canonical":"https:\/\/www.ladiagonale.net\/index.php\/2025\/03\/28\/monaco-abonne-au-samedi-ira-au-havre-le-26-avril\/","og_locale":"fr_FR","og_type":"article","og_title":"Monaco, abonn\u00e9 au samedi, ira au Havre le 26 avril - La Diagonale","og_description":"On connaissait la trilogie du samedi sur M6, il faudra d\u00e9sormais envisager de cr\u00e9er le Monaco du samedi sur DAZN. La LFP a d\u00e9voil\u00e9 la programmation de la 31e journ\u00e9e, lors de laquelle le club de la Principaut\u00e9 se d\u00e9placera au Havre. Le match se jouera le 26 avril, \u00e0 19 heures. Avant la tr\u00eave, [...]","og_url":"https:\/\/www.ladiagonale.net\/index.php\/2025\/03\/28\/monaco-abonne-au-samedi-ira-au-havre-le-26-avril\/","og_site_name":"La Diagonale","article_published_time":"2025-03-28T15:37:49+00:00","article_modified_time":"2025-03-28T15:38:07+00:00","og_image":[{"width":1160,"height":650,"url":"https:\/\/www.ladiagonale.net\/wp-content\/uploads\/2024\/09\/prog.png","type":"image\/png"}],"author":"Damien Dellerba","twitter_card":"summary_large_image","twitter_image":"https:\/\/www.ladiagonale.net\/wp-content\/uploads\/2024\/09\/prog.png","twitter_misc":{"\u00c9crit par":"Damien Dellerba","Dur\u00e9e de lecture estim\u00e9e":"2 minutes"},"schema":{"@context":"https:\/\/schema.org","@graph":[{"@type":"WebPage","@id":"https:\/\/www.ladiagonale.net\/index.php\/2025\/03\/28\/monaco-abonne-au-samedi-ira-au-havre-le-26-avril\/","url":"https:\/\/www.ladiagonale.net\/index.php\/2025\/03\/28\/monaco-abonne-au-samedi-ira-au-havre-le-26-avril\/","name":"Monaco, abonn\u00e9 au samedi, ira au Havre le 26 avril - La Diagonale","isPartOf":{"@id":"https:\/\/www.ladiagonale.net\/#website"},"datePublished":"2025-03-28T15:37:49+00:00","dateModified":"2025-03-28T15:38:07+00:00","author":{"@id":"https:\/\/www.ladiagonale.net\/#\/schema\/person\/79ff1e7b0853ed01b2aa26e64ad300bf"},"breadcrumb":{"@id":"https:\/\/www.ladiagonale.net\/index.php\/2025\/03\/28\/monaco-abonne-au-samedi-ira-au-havre-le-26-avril\/#breadcrumb"},"inLanguage":"fr-FR","potentialAction":[{"@type":"ReadAction","target":["https:\/\/www.ladiagonale.net\/index.php\/2025\/03\/28\/monaco-abonne-au-samedi-ira-au-havre-le-26-avril\/"]}]},{"@type":"BreadcrumbList","@id":"https:\/\/www.ladiagonale.net\/index.php\/2025\/03\/28\/monaco-abonne-au-samedi-ira-au-havre-le-26-avril\/#breadcrumb","itemListElement":[{"@type":"ListItem","position":1,"name":"Accueil","item":"https:\/\/www.ladiagonale.net\/"},{"@type":"ListItem","position":2,"name":"Monaco, abonn\u00e9 au samedi, ira au Havre le 26 avril"}]},{"@type":"WebSite","@id":"https:\/\/www.ladiagonale.net\/#website","url":"https:\/\/www.ladiagonale.net\/","name":"La Diagonale","description":"Le site des supporters de l&#039;AS Monaco FC","potentialAction":[{"@type":"SearchAction","target":{"@type":"EntryPoint","urlTemplate":"https:\/\/www.ladiagonale.net\/?s={search_term_string}"},"query-input":"required name=search_term_string"}],"inLanguage":"fr-FR"},{"@type":"Person","@id":"https:\/\/www.ladiagonale.net\/#\/schema\/person\/79ff1e7b0853ed01b2aa26e64ad300bf","name":"Damien Dellerba","image":{"@type":"ImageObject","inLanguage":"fr-FR","@id":"https:\/\/www.ladiagonale.net\/#\/schema\/person\/image\/","url":"https:\/\/secure.gravatar.com\/avatar\/c7850e06d3ff63cdbaee88b7fc16e2f0?s=96&d=mm&r=g","contentUrl":"https:\/\/secure.gravatar.com\/avatar\/c7850e06d3ff63cdbaee88b7fc16e2f0?s=96&d=mm&r=g","caption":"Damien Dellerba"},"url":"https:\/\/www.ladiagonale.net\/index.php\/author\/damien\/"}]}},"_links":{"self":[{"href":"https:\/\/www.ladiagonale.net\/index.php\/wp-json\/wp\/v2\/posts\/30636"}],"collection":[{"href":"https:\/\/www.ladiagonale.net\/index.php\/wp-json\/wp\/v2\/posts"}],"about":[{"href":"https:\/\/www.ladiagonale.net\/index.php\/wp-json\/wp\/v2\/types\/post"}],"author":[{"embeddable":true,"href":"https:\/\/www.ladiagonale.net\/index.php\/wp-json\/wp\/v2\/users\/2"}],"replies":[{"embeddable":true,"href":"https:\/\/www.ladiagonale.net\/index.php\/wp-json\/wp\/v2\/comments?post=30636"}],"version-history":[{"count":1,"href":"https:\/\/www.ladiagonale.net\/index.php\/wp-json\/wp\/v2\/posts\/30636\/revisions"}],"predecessor-version":[{"id":30637,"href":"https:\/\/www.ladiagonale.net\/index.php\/wp-json\/wp\/v2\/posts\/30636\/revisions\/30637"}],"wp:attachment":[{"href":"https:\/\/www.ladiagonale.net\/index.php\/wp-json\/wp\/v2\/media?parent=30636"}],"wp:term":[{"taxonomy":"category","embeddable":true,"href":"https:\/\/www.ladiagonale.net\/index.php\/wp-json\/wp\/v2\/categories?post=30636"},{"taxonomy":"post_tag","embeddable":true,"href":"https:\/\/www.ladiagonale.net\/index.php\/wp-json\/wp\/v2\/tags?post=30636"}],"curies":[{"name":"wp","href":"https:\/\/api.w.org\/{rel}","templated":true}]}}