{"id":30638,"date":"2025-03-29T17:00:29","date_gmt":"2025-03-29T16:00:29","guid":{"rendered":"https:\/\/www.ladiagonale.net\/?p=30638"},"modified":"2025-03-29T17:00:30","modified_gmt":"2025-03-29T16:00:30","slug":"le-sprint-final-est-lance","status":"publish","type":"post","link":"https:\/\/www.ladiagonale.net\/index.php\/2025\/03\/29\/le-sprint-final-est-lance\/","title":{"rendered":"Le sprint final est lanc\u00e9"},"content":{"rendered":"\n\n\n<p><strong>Ce samedi, l\u2019AS Monaco entame \u00ab\u00a0<em>le coup d\u2019envoi de la derni\u00e8re ligne droite<\/em> \u00bb, selon les mots d\u2019Adi H\u00fctter, par un derby contre Nice. La formation as\u00e9miste a toutes les cartes en main pour r\u00e9\u00e9diter sa performance de la saison derni\u00e8re, \u00e0 savoir terminer \u00e0 la deuxi\u00e8me place et se qualifier directement en Ligue des champions.<\/strong><\/p>\n\n\n\n<p>La Ligue 1 pourrait trouver son \u00e9pilogue ce week-end. Le Paris Saint-Germain conna\u00eetra son 13<sup>e<\/sup> sacre national cette saison et ni Marseille, ni Monaco, ni aucun autre suppos\u00e9 \u00ab&nbsp;gros&nbsp;\u00bb du pays n\u2019aura fait le poids face au mastodonte parisien. Le club de la Capitale poss\u00e8de 19 points d\u2019avance sur son dauphin marseillais et selon les r\u00e9sultats du samedi, il pourrait \u00eatre titr\u00e9 sans avoir m\u00eame \u00e0 jouer. Le gouffre qui s\u00e9pare le leader de ses poursuivants et l\u2019absence de suspense qui en d\u00e9coule, est inversement proportionnel au faible \u00e9cart qui anime la lutte pour le podium et la Ligue des champions.<\/p>\n\n\n\n<p>Honneur au Sud de l\u2019Hexagone, qui se livre une bataille intense et tr\u00e8s ind\u00e9cise. Avec 59 points, Marseille m\u00e8ne de deux longueurs devant Monaco et Nice (57 points), qui ne se d\u00e9partagent qu\u2019au nombre de buts marqu\u00e9s (51 contre 50 en faveur de l\u2019ASM). Le derby entre les deux \u00e9quipes de ce samedi n\u2019en sera que plus prometteur, et m\u00eame s\u2019il n\u2019aura rien de d\u00e9cisif encore, il peut faire tr\u00e8s mal \u00e0 l\u2019une ou l\u2019autre des deux \u00e9quipes. Les Mon\u00e9gasques sont actuellement mieux plac\u00e9s que la saison derni\u00e8re, o\u00f9 ils comptaient 46 points apr\u00e8s 26 journ\u00e9es. Ils \u00e9taient \u00e9galement troisi\u00e8mes, un point derri\u00e8re Brest, et trois devant Lille et Nice. Selon le mod\u00e8le pr\u00e9dictif d&rsquo;<em>Opta<\/em>, Monaco a 54% de chances de terminer sur le podium de Ligue 1 en fin de saison, contre seulement 21.9% pour Nice.<\/p>\n\n\n\n<h3>\u00c9viter les cadeaux \u00e0 l&rsquo;adversaire<\/h3>\n\n\n\n<p>Dans <em>L\u2019\u00c9quipe<\/em>, Adi H\u00fctter avait d\u00e9fendu son bilan par les chiffres, plus \u00e9lev\u00e9s que ceux de la saison pass\u00e9e. \u00ab&nbsp;<em>On a&nbsp;un point de plus que la saison derni\u00e8re \u00e0 la m\u00eame p\u00e9riode, <\/em>avait-il fait remarquer avant d\u2019encha\u00eener.<em> Notre diff\u00e9rence de buts est sup\u00e9rieure de huit buts. Ce sont des faits, ils ne mentent pas.<\/em>&nbsp;\u00bb Les critiques se sont amoncel\u00e9es sur le technicien autrichien ces derni\u00e8res semaines, qui a souvent fait figure de coupable id\u00e9al. Toutes n\u2019\u00e9taient sans doute pas m\u00e9rit\u00e9es mais la lecture de la saison apporte son lot de nuances par rapport aux chiffres pr\u00e9sent\u00e9es, de m\u00eame que certains chiffres peuvent aussi servir \u00e0 mesurer quelques impressions. <\/p>\n\n\n\n<p>\u00c0 commencer par celui de la porosit\u00e9 d\u00e9fensive de l&rsquo;\u00e9quipe, souvent caract\u00e9ris\u00e9e par des erreurs \u00e0 r\u00e9p\u00e9tition et un faible nombre de <em>clean sheets<\/em> (8). Si Monaco ne fait pas office de mod\u00e8le du genre en d\u00e9fense, il est pourtant dans les clous, avec 33 buts encaiss\u00e9s, ce qui en fait la sixi\u00e8me d\u00e9fense du championnat, et c&rsquo;est mieux que Marseille ou Lyon et \u00e0 peine moins bien que Nice (31). C&rsquo;est surtout l&rsquo;impression g\u00e9n\u00e9rale qui n&rsquo;est pas tr\u00e8s bonne, avec les cadeaux faits \u00e0 l&rsquo;adversaire et des rencontres de Ligue des champions qui ont souvent aussi montr\u00e9 un Monaco plus en difficult\u00e9 sur l&rsquo;aspect d\u00e9fensif et conc\u00e9dant de nombreux buts. Pour cette fin de championnat, H\u00fctter esp\u00e8re que le retour de K\u00f6hn dans le but aura un impact positif, mais celui-ci devra se montrer performant, alors qu&rsquo;il n&rsquo;offre que des garanties toutes relatives.<\/p>\n\n\n\n<h3>Am\u00e9liorer le bilan face aux gros<\/h3>\n\n\n\n<p>Mais pour aller chercher une place en C1, Monaco va devoir radicalement changer son visage face \u00e0 ses concurrents directs en cette fin d&rsquo;exercice. C\u2019est dans ces confrontations directes que le b\u00e2t blesse pour les hommes d\u2019Adi H\u00fctter. Les Rouge et Blanc ont \u00e0 peine exist\u00e9 contre Paris (2-4 et 1-4), et ont perdu contre Marseille, Nice et Lille sur le m\u00eame score (1-2). Selon les chiffres de la LFP, l&rsquo;ASM a remport\u00e9 seulement 0,89 point en moyenne sur neuf matches contre les \u00e9quipes du top 8, qui comprend aussi Strasbourg et Lens. La bonne nouvelle, c&rsquo;est que Monaco va pouvoir sensiblement am\u00e9liorer cette statistique peu reluisante d&rsquo;ici l\u00e0. <\/p>\n\n\n\n<p>La mauvaise nouvelle, c&rsquo;est que le club de la Principaut\u00e9 a probablement le calendrier le plus difficile de ses concurrents avec cinq de ses huit derniers matches contre Nice, Marseille, Lyon, Strasbourg et Lens. Quatre d&rsquo;entre eux se joueront \u00e0 domicile, ce qui n&rsquo;est pas un mal vu les difficult\u00e9s pour voyager de l&rsquo;ASM depuis quelque temps, mais ce calendrier peut tout aussi bien permettre \u00e0 Monaco de faire de vraies diff\u00e9rences comme de s&rsquo;\u00e9crouler totalement. Les joueurs princiers auront pour eux de pouvoir travailler sereinement pendant une semaine pleine sans \u00eatre bouscul\u00e9s par la marche forc\u00e9e dict\u00e9e par le calendrier infernal. Ils n&rsquo;ont d\u00e9sormais plus que \u00e7a \u00e0 jouer. La premi\u00e8re r\u00e9ponse ne va donc pas mettre longtemps \u00e0 arriver. On l&rsquo;attend avec impatience.<\/p>\n","protected":false},"excerpt":{"rendered":"<p>Ce samedi, l\u2019AS Monaco entame \u00ab\u00a0le coup d\u2019envoi de la derni\u00e8re ligne droite \u00bb, selon les mots d\u2019Adi H\u00fctter, par un derby contre Nice. La formation as\u00e9miste a toutes les cartes en main pour r\u00e9\u00e9diter sa performance de la saison derni\u00e8re, \u00e0 savoir terminer \u00e0 la deuxi\u00e8me place et se qualifier directement en Ligue des [&#8230;]\n","protected":false},"author":2,"featured_media":30662,"comment_status":"open","ping_status":"open","sticky":false,"template":"","format":"standard","meta":[],"categories":[5,6],"tags":[86,94],"yoast_head":"<!-- This site is optimized with the Yoast SEO plugin v19.8 - https:\/\/yoast.com\/wordpress\/plugins\/seo\/ -->\n<title>Le sprint final est lanc\u00e9 - La Diagonale<\/title>\n<meta name=\"robots\" content=\"index, follow, max-snippet:-1, max-image-preview:large, max-video-preview:-1\" \/>\n<link rel=\"canonical\" href=\"https:\/\/www.ladiagonale.net\/index.php\/2025\/03\/29\/le-sprint-final-est-lance\/\" \/>\n<meta property=\"og:locale\" content=\"fr_FR\" \/>\n<meta property=\"og:type\" content=\"article\" \/>\n<meta property=\"og:title\" content=\"Le sprint final est lanc\u00e9 - La Diagonale\" \/>\n<meta property=\"og:description\" content=\"Ce samedi, l\u2019AS Monaco entame \u00ab\u00a0le coup d\u2019envoi de la derni\u00e8re ligne droite \u00bb, selon les mots d\u2019Adi H\u00fctter, par un derby contre Nice. La formation as\u00e9miste a toutes les cartes en main pour r\u00e9\u00e9diter sa performance de la saison derni\u00e8re, \u00e0 savoir terminer \u00e0 la deuxi\u00e8me place et se qualifier directement en Ligue des [...]\" \/>\n<meta property=\"og:url\" content=\"https:\/\/www.ladiagonale.net\/index.php\/2025\/03\/29\/le-sprint-final-est-lance\/\" \/>\n<meta property=\"og:site_name\" content=\"La Diagonale\" \/>\n<meta property=\"article:published_time\" content=\"2025-03-29T16:00:29+00:00\" \/>\n<meta property=\"article:modified_time\" content=\"2025-03-29T16:00:30+00:00\" \/>\n<meta property=\"og:image\" content=\"https:\/\/www.ladiagonale.net\/wp-content\/uploads\/2025\/03\/minamino-vs-nice.png\" \/>\n\t<meta property=\"og:image:width\" content=\"1160\" \/>\n\t<meta property=\"og:image:height\" content=\"650\" \/>\n\t<meta property=\"og:image:type\" content=\"image\/png\" \/>\n<meta name=\"author\" content=\"Damien Dellerba\" \/>\n<meta name=\"twitter:card\" content=\"summary_large_image\" \/>\n<meta name=\"twitter:image\" content=\"https:\/\/www.ladiagonale.net\/wp-content\/uploads\/2025\/03\/minamino-vs-nice.png\" \/>\n<meta name=\"twitter:label1\" content=\"\u00c9crit par\" \/>\n\t<meta name=\"twitter:data1\" content=\"Damien Dellerba\" \/>\n\t<meta name=\"twitter:label2\" content=\"Dur\u00e9e de lecture estim\u00e9e\" \/>\n\t<meta name=\"twitter:data2\" content=\"5 minutes\" \/>\n<script type=\"application\/ld+json\" class=\"yoast-schema-graph\">{\"@context\":\"https:\/\/schema.org\",\"@graph\":[{\"@type\":\"WebPage\",\"@id\":\"https:\/\/www.ladiagonale.net\/index.php\/2025\/03\/29\/le-sprint-final-est-lance\/\",\"url\":\"https:\/\/www.ladiagonale.net\/index.php\/2025\/03\/29\/le-sprint-final-est-lance\/\",\"name\":\"Le sprint final est lanc\u00e9 - La Diagonale\",\"isPartOf\":{\"@id\":\"https:\/\/www.ladiagonale.net\/#website\"},\"datePublished\":\"2025-03-29T16:00:29+00:00\",\"dateModified\":\"2025-03-29T16:00:30+00:00\",\"author\":{\"@id\":\"https:\/\/www.ladiagonale.net\/#\/schema\/person\/79ff1e7b0853ed01b2aa26e64ad300bf\"},\"breadcrumb\":{\"@id\":\"https:\/\/www.ladiagonale.net\/index.php\/2025\/03\/29\/le-sprint-final-est-lance\/#breadcrumb\"},\"inLanguage\":\"fr-FR\",\"potentialAction\":[{\"@type\":\"ReadAction\",\"target\":[\"https:\/\/www.ladiagonale.net\/index.php\/2025\/03\/29\/le-sprint-final-est-lance\/\"]}]},{\"@type\":\"BreadcrumbList\",\"@id\":\"https:\/\/www.ladiagonale.net\/index.php\/2025\/03\/29\/le-sprint-final-est-lance\/#breadcrumb\",\"itemListElement\":[{\"@type\":\"ListItem\",\"position\":1,\"name\":\"Accueil\",\"item\":\"https:\/\/www.ladiagonale.net\/\"},{\"@type\":\"ListItem\",\"position\":2,\"name\":\"Le sprint final est lanc\u00e9\"}]},{\"@type\":\"WebSite\",\"@id\":\"https:\/\/www.ladiagonale.net\/#website\",\"url\":\"https:\/\/www.ladiagonale.net\/\",\"name\":\"La Diagonale\",\"description\":\"Le site des supporters de l&#039;AS Monaco FC\",\"potentialAction\":[{\"@type\":\"SearchAction\",\"target\":{\"@type\":\"EntryPoint\",\"urlTemplate\":\"https:\/\/www.ladiagonale.net\/?s={search_term_string}\"},\"query-input\":\"required name=search_term_string\"}],\"inLanguage\":\"fr-FR\"},{\"@type\":\"Person\",\"@id\":\"https:\/\/www.ladiagonale.net\/#\/schema\/person\/79ff1e7b0853ed01b2aa26e64ad300bf\",\"name\":\"Damien Dellerba\",\"image\":{\"@type\":\"ImageObject\",\"inLanguage\":\"fr-FR\",\"@id\":\"https:\/\/www.ladiagonale.net\/#\/schema\/person\/image\/\",\"url\":\"https:\/\/secure.gravatar.com\/avatar\/c7850e06d3ff63cdbaee88b7fc16e2f0?s=96&d=mm&r=g\",\"contentUrl\":\"https:\/\/secure.gravatar.com\/avatar\/c7850e06d3ff63cdbaee88b7fc16e2f0?s=96&d=mm&r=g\",\"caption\":\"Damien Dellerba\"},\"url\":\"https:\/\/www.ladiagonale.net\/index.php\/author\/damien\/\"}]}<\/script>\n<!-- \/ Yoast SEO plugin. -->","yoast_head_json":{"title":"Le sprint final est lanc\u00e9 - La Diagonale","robots":{"index":"index","follow":"follow","max-snippet":"max-snippet:-1","max-image-preview":"max-image-preview:large","max-video-preview":"max-video-preview:-1"},"canonical":"https:\/\/www.ladiagonale.net\/index.php\/2025\/03\/29\/le-sprint-final-est-lance\/","og_locale":"fr_FR","og_type":"article","og_title":"Le sprint final est lanc\u00e9 - La Diagonale","og_description":"Ce samedi, l\u2019AS Monaco entame \u00ab\u00a0le coup d\u2019envoi de la derni\u00e8re ligne droite \u00bb, selon les mots d\u2019Adi H\u00fctter, par un derby contre Nice. La formation as\u00e9miste a toutes les cartes en main pour r\u00e9\u00e9diter sa performance de la saison derni\u00e8re, \u00e0 savoir terminer \u00e0 la deuxi\u00e8me place et se qualifier directement en Ligue des [...]","og_url":"https:\/\/www.ladiagonale.net\/index.php\/2025\/03\/29\/le-sprint-final-est-lance\/","og_site_name":"La Diagonale","article_published_time":"2025-03-29T16:00:29+00:00","article_modified_time":"2025-03-29T16:00:30+00:00","og_image":[{"width":1160,"height":650,"url":"https:\/\/www.ladiagonale.net\/wp-content\/uploads\/2025\/03\/minamino-vs-nice.png","type":"image\/png"}],"author":"Damien Dellerba","twitter_card":"summary_large_image","twitter_image":"https:\/\/www.ladiagonale.net\/wp-content\/uploads\/2025\/03\/minamino-vs-nice.png","twitter_misc":{"\u00c9crit par":"Damien Dellerba","Dur\u00e9e de lecture estim\u00e9e":"5 minutes"},"schema":{"@context":"https:\/\/schema.org","@graph":[{"@type":"WebPage","@id":"https:\/\/www.ladiagonale.net\/index.php\/2025\/03\/29\/le-sprint-final-est-lance\/","url":"https:\/\/www.ladiagonale.net\/index.php\/2025\/03\/29\/le-sprint-final-est-lance\/","name":"Le sprint final est lanc\u00e9 - La Diagonale","isPartOf":{"@id":"https:\/\/www.ladiagonale.net\/#website"},"datePublished":"2025-03-29T16:00:29+00:00","dateModified":"2025-03-29T16:00:30+00:00","author":{"@id":"https:\/\/www.ladiagonale.net\/#\/schema\/person\/79ff1e7b0853ed01b2aa26e64ad300bf"},"breadcrumb":{"@id":"https:\/\/www.ladiagonale.net\/index.php\/2025\/03\/29\/le-sprint-final-est-lance\/#breadcrumb"},"inLanguage":"fr-FR","potentialAction":[{"@type":"ReadAction","target":["https:\/\/www.ladiagonale.net\/index.php\/2025\/03\/29\/le-sprint-final-est-lance\/"]}]},{"@type":"BreadcrumbList","@id":"https:\/\/www.ladiagonale.net\/index.php\/2025\/03\/29\/le-sprint-final-est-lance\/#breadcrumb","itemListElement":[{"@type":"ListItem","position":1,"name":"Accueil","item":"https:\/\/www.ladiagonale.net\/"},{"@type":"ListItem","position":2,"name":"Le sprint final est lanc\u00e9"}]},{"@type":"WebSite","@id":"https:\/\/www.ladiagonale.net\/#website","url":"https:\/\/www.ladiagonale.net\/","name":"La Diagonale","description":"Le site des supporters de l&#039;AS Monaco FC","potentialAction":[{"@type":"SearchAction","target":{"@type":"EntryPoint","urlTemplate":"https:\/\/www.ladiagonale.net\/?s={search_term_string}"},"query-input":"required name=search_term_string"}],"inLanguage":"fr-FR"},{"@type":"Person","@id":"https:\/\/www.ladiagonale.net\/#\/schema\/person\/79ff1e7b0853ed01b2aa26e64ad300bf","name":"Damien Dellerba","image":{"@type":"ImageObject","inLanguage":"fr-FR","@id":"https:\/\/www.ladiagonale.net\/#\/schema\/person\/image\/","url":"https:\/\/secure.gravatar.com\/avatar\/c7850e06d3ff63cdbaee88b7fc16e2f0?s=96&d=mm&r=g","contentUrl":"https:\/\/secure.gravatar.com\/avatar\/c7850e06d3ff63cdbaee88b7fc16e2f0?s=96&d=mm&r=g","caption":"Damien Dellerba"},"url":"https:\/\/www.ladiagonale.net\/index.php\/author\/damien\/"}]}},"_links":{"self":[{"href":"https:\/\/www.ladiagonale.net\/index.php\/wp-json\/wp\/v2\/posts\/30638"}],"collection":[{"href":"https:\/\/www.ladiagonale.net\/index.php\/wp-json\/wp\/v2\/posts"}],"about":[{"href":"https:\/\/www.ladiagonale.net\/index.php\/wp-json\/wp\/v2\/types\/post"}],"author":[{"embeddable":true,"href":"https:\/\/www.ladiagonale.net\/index.php\/wp-json\/wp\/v2\/users\/2"}],"replies":[{"embeddable":true,"href":"https:\/\/www.ladiagonale.net\/index.php\/wp-json\/wp\/v2\/comments?post=30638"}],"version-history":[{"count":4,"href":"https:\/\/www.ladiagonale.net\/index.php\/wp-json\/wp\/v2\/posts\/30638\/revisions"}],"predecessor-version":[{"id":30663,"href":"https:\/\/www.ladiagonale.net\/index.php\/wp-json\/wp\/v2\/posts\/30638\/revisions\/30663"}],"wp:featuredmedia":[{"embeddable":true,"href":"https:\/\/www.ladiagonale.net\/index.php\/wp-json\/wp\/v2\/media\/30662"}],"wp:attachment":[{"href":"https:\/\/www.ladiagonale.net\/index.php\/wp-json\/wp\/v2\/media?parent=30638"}],"wp:term":[{"taxonomy":"category","embeddable":true,"href":"https:\/\/www.ladiagonale.net\/index.php\/wp-json\/wp\/v2\/categories?post=30638"},{"taxonomy":"post_tag","embeddable":true,"href":"https:\/\/www.ladiagonale.net\/index.php\/wp-json\/wp\/v2\/tags?post=30638"}],"curies":[{"name":"wp","href":"https:\/\/api.w.org\/{rel}","templated":true}]}}