{"id":30641,"date":"2025-03-29T13:11:31","date_gmt":"2025-03-29T12:11:31","guid":{"rendered":"https:\/\/www.ladiagonale.net\/?p=30641"},"modified":"2025-03-29T13:17:59","modified_gmt":"2025-03-29T12:17:59","slug":"le-groupe-monegasque-avec-balogun-et-golovin","status":"publish","type":"post","link":"https:\/\/www.ladiagonale.net\/index.php\/2025\/03\/29\/le-groupe-monegasque-avec-balogun-et-golovin\/","title":{"rendered":"Le groupe mon\u00e9gasque : avec Balogun et Golovin"},"content":{"rendered":"\n<p>\u00c0 quelques heures de la rencontre entre Monaco et Nice (21h05), le groupe mon\u00e9gasque a \u00e9t\u00e9 d\u00e9voil\u00e9. Folarin Balogun et Aleksandr Golovin sont officiellement de retour. Pour Soungoutou Magassa et Jordan Teze, il faudra encore un peu patienter, m\u00eame s\u2019ils ont d\u00e9j\u00e0 repris l\u2019entra\u00eenement collectif.<\/p>\n\n\n\n<p>Cons\u00e9quence de ces deux retours, Lucas Michal et Mamadou Coulibaly sortent du groupe.<\/p>\n\n\n\n<h3 class=\"wp-block-heading\">Le groupe mon\u00e9gasque<\/h3>\n\n\n<ul>\n<li><strong>Gardiens :<\/strong> K\u00f6hn, Lienard, Majecki<\/li>\n<li><strong>D\u00e9fenseurs :<\/strong> C. Henrique, Kehrer, Mawissa, Salisu, Singo, Vanderson.<\/li>\n<li><strong>Milieux : <\/strong>Akliouche, Al-Musrati, Ben Seghir, Camara, Diatta, Golovin, Minamino, Zakaria.<\/li>\n<li><strong>Attaquants : <\/strong>Balogun, Biereth, Embolo, Ilenikhena.<\/li>\n<\/ul>\n\n\n<p><em>Absents :<\/em>&nbsp;Ouattara (bless\u00e9s), Magassa, Teze (reprise), Michal, Coulibaly, Diop, Bouabr\u00e9 (choix).<\/p>\n","protected":false},"excerpt":{"rendered":"<p>\u00c0 quelques heures de la rencontre entre Monaco et Nice (21h05), le groupe mon\u00e9gasque a \u00e9t\u00e9 d\u00e9voil\u00e9. Folarin Balogun et Aleksandr Golovin sont officiellement de retour. Pour Soungoutou Magassa et Jordan Teze, il faudra encore un peu patienter, m\u00eame s\u2019ils ont d\u00e9j\u00e0 repris l\u2019entra\u00eenement collectif. Cons\u00e9quence de ces deux retours, Lucas Michal et Mamadou Coulibaly [&#8230;]\n","protected":false},"author":2,"featured_media":0,"comment_status":"closed","ping_status":"open","sticky":false,"template":"","format":"standard","meta":[],"categories":[6],"tags":[86,225,94,422],"yoast_head":"<!-- This site is optimized with the Yoast SEO plugin v19.8 - https:\/\/yoast.com\/wordpress\/plugins\/seo\/ -->\n<title>Le groupe mon\u00e9gasque : avec Balogun et Golovin - La Diagonale<\/title>\n<meta name=\"robots\" content=\"index, follow, max-snippet:-1, max-image-preview:large, max-video-preview:-1\" \/>\n<link rel=\"canonical\" href=\"https:\/\/www.ladiagonale.net\/index.php\/2025\/03\/29\/le-groupe-monegasque-avec-balogun-et-golovin\/\" \/>\n<meta property=\"og:locale\" content=\"fr_FR\" \/>\n<meta property=\"og:type\" content=\"article\" \/>\n<meta property=\"og:title\" content=\"Le groupe mon\u00e9gasque : avec Balogun et Golovin - La Diagonale\" \/>\n<meta property=\"og:description\" content=\"\u00c0 quelques heures de la rencontre entre Monaco et Nice (21h05), le groupe mon\u00e9gasque a \u00e9t\u00e9 d\u00e9voil\u00e9. Folarin Balogun et Aleksandr Golovin sont officiellement de retour. Pour Soungoutou Magassa et Jordan Teze, il faudra encore un peu patienter, m\u00eame s\u2019ils ont d\u00e9j\u00e0 repris l\u2019entra\u00eenement collectif. Cons\u00e9quence de ces deux retours, Lucas Michal et Mamadou Coulibaly [...]\" \/>\n<meta property=\"og:url\" content=\"https:\/\/www.ladiagonale.net\/index.php\/2025\/03\/29\/le-groupe-monegasque-avec-balogun-et-golovin\/\" \/>\n<meta property=\"og:site_name\" content=\"La Diagonale\" \/>\n<meta property=\"article:published_time\" content=\"2025-03-29T12:11:31+00:00\" \/>\n<meta property=\"article:modified_time\" content=\"2025-03-29T12:17:59+00:00\" \/>\n<meta property=\"og:image\" content=\"https:\/\/www.ladiagonale.net\/wp-content\/uploads\/2024\/10\/balogunzak.jpg\" \/>\n\t<meta property=\"og:image:width\" content=\"1160\" \/>\n\t<meta property=\"og:image:height\" content=\"650\" \/>\n\t<meta property=\"og:image:type\" content=\"image\/jpeg\" \/>\n<meta name=\"author\" content=\"Damien Dellerba\" \/>\n<meta name=\"twitter:card\" content=\"summary_large_image\" \/>\n<meta name=\"twitter:image\" content=\"https:\/\/www.ladiagonale.net\/wp-content\/uploads\/2024\/10\/balogunzak.jpg\" \/>\n<meta name=\"twitter:label1\" content=\"\u00c9crit par\" \/>\n\t<meta name=\"twitter:data1\" content=\"Damien Dellerba\" \/>\n\t<meta name=\"twitter:label2\" content=\"Dur\u00e9e de lecture estim\u00e9e\" \/>\n\t<meta name=\"twitter:data2\" content=\"1 minute\" \/>\n<script type=\"application\/ld+json\" class=\"yoast-schema-graph\">{\"@context\":\"https:\/\/schema.org\",\"@graph\":[{\"@type\":\"WebPage\",\"@id\":\"https:\/\/www.ladiagonale.net\/index.php\/2025\/03\/29\/le-groupe-monegasque-avec-balogun-et-golovin\/\",\"url\":\"https:\/\/www.ladiagonale.net\/index.php\/2025\/03\/29\/le-groupe-monegasque-avec-balogun-et-golovin\/\",\"name\":\"Le groupe mon\u00e9gasque : avec Balogun et Golovin - La Diagonale\",\"isPartOf\":{\"@id\":\"https:\/\/www.ladiagonale.net\/#website\"},\"datePublished\":\"2025-03-29T12:11:31+00:00\",\"dateModified\":\"2025-03-29T12:17:59+00:00\",\"author\":{\"@id\":\"https:\/\/www.ladiagonale.net\/#\/schema\/person\/79ff1e7b0853ed01b2aa26e64ad300bf\"},\"breadcrumb\":{\"@id\":\"https:\/\/www.ladiagonale.net\/index.php\/2025\/03\/29\/le-groupe-monegasque-avec-balogun-et-golovin\/#breadcrumb\"},\"inLanguage\":\"fr-FR\",\"potentialAction\":[{\"@type\":\"ReadAction\",\"target\":[\"https:\/\/www.ladiagonale.net\/index.php\/2025\/03\/29\/le-groupe-monegasque-avec-balogun-et-golovin\/\"]}]},{\"@type\":\"BreadcrumbList\",\"@id\":\"https:\/\/www.ladiagonale.net\/index.php\/2025\/03\/29\/le-groupe-monegasque-avec-balogun-et-golovin\/#breadcrumb\",\"itemListElement\":[{\"@type\":\"ListItem\",\"position\":1,\"name\":\"Accueil\",\"item\":\"https:\/\/www.ladiagonale.net\/\"},{\"@type\":\"ListItem\",\"position\":2,\"name\":\"Le groupe mon\u00e9gasque : avec Balogun et Golovin\"}]},{\"@type\":\"WebSite\",\"@id\":\"https:\/\/www.ladiagonale.net\/#website\",\"url\":\"https:\/\/www.ladiagonale.net\/\",\"name\":\"La Diagonale\",\"description\":\"Le site des supporters de l&#039;AS Monaco FC\",\"potentialAction\":[{\"@type\":\"SearchAction\",\"target\":{\"@type\":\"EntryPoint\",\"urlTemplate\":\"https:\/\/www.ladiagonale.net\/?s={search_term_string}\"},\"query-input\":\"required name=search_term_string\"}],\"inLanguage\":\"fr-FR\"},{\"@type\":\"Person\",\"@id\":\"https:\/\/www.ladiagonale.net\/#\/schema\/person\/79ff1e7b0853ed01b2aa26e64ad300bf\",\"name\":\"Damien Dellerba\",\"image\":{\"@type\":\"ImageObject\",\"inLanguage\":\"fr-FR\",\"@id\":\"https:\/\/www.ladiagonale.net\/#\/schema\/person\/image\/\",\"url\":\"https:\/\/secure.gravatar.com\/avatar\/c7850e06d3ff63cdbaee88b7fc16e2f0?s=96&d=mm&r=g\",\"contentUrl\":\"https:\/\/secure.gravatar.com\/avatar\/c7850e06d3ff63cdbaee88b7fc16e2f0?s=96&d=mm&r=g\",\"caption\":\"Damien Dellerba\"},\"url\":\"https:\/\/www.ladiagonale.net\/index.php\/author\/damien\/\"}]}<\/script>\n<!-- \/ Yoast SEO plugin. -->","yoast_head_json":{"title":"Le groupe mon\u00e9gasque : avec Balogun et Golovin - La Diagonale","robots":{"index":"index","follow":"follow","max-snippet":"max-snippet:-1","max-image-preview":"max-image-preview:large","max-video-preview":"max-video-preview:-1"},"canonical":"https:\/\/www.ladiagonale.net\/index.php\/2025\/03\/29\/le-groupe-monegasque-avec-balogun-et-golovin\/","og_locale":"fr_FR","og_type":"article","og_title":"Le groupe mon\u00e9gasque : avec Balogun et Golovin - La Diagonale","og_description":"\u00c0 quelques heures de la rencontre entre Monaco et Nice (21h05), le groupe mon\u00e9gasque a \u00e9t\u00e9 d\u00e9voil\u00e9. Folarin Balogun et Aleksandr Golovin sont officiellement de retour. Pour Soungoutou Magassa et Jordan Teze, il faudra encore un peu patienter, m\u00eame s\u2019ils ont d\u00e9j\u00e0 repris l\u2019entra\u00eenement collectif. Cons\u00e9quence de ces deux retours, Lucas Michal et Mamadou Coulibaly [...]","og_url":"https:\/\/www.ladiagonale.net\/index.php\/2025\/03\/29\/le-groupe-monegasque-avec-balogun-et-golovin\/","og_site_name":"La Diagonale","article_published_time":"2025-03-29T12:11:31+00:00","article_modified_time":"2025-03-29T12:17:59+00:00","og_image":[{"width":1160,"height":650,"url":"https:\/\/www.ladiagonale.net\/wp-content\/uploads\/2024\/10\/balogunzak.jpg","type":"image\/jpeg"}],"author":"Damien Dellerba","twitter_card":"summary_large_image","twitter_image":"https:\/\/www.ladiagonale.net\/wp-content\/uploads\/2024\/10\/balogunzak.jpg","twitter_misc":{"\u00c9crit par":"Damien Dellerba","Dur\u00e9e de lecture estim\u00e9e":"1 minute"},"schema":{"@context":"https:\/\/schema.org","@graph":[{"@type":"WebPage","@id":"https:\/\/www.ladiagonale.net\/index.php\/2025\/03\/29\/le-groupe-monegasque-avec-balogun-et-golovin\/","url":"https:\/\/www.ladiagonale.net\/index.php\/2025\/03\/29\/le-groupe-monegasque-avec-balogun-et-golovin\/","name":"Le groupe mon\u00e9gasque : avec Balogun et Golovin - La Diagonale","isPartOf":{"@id":"https:\/\/www.ladiagonale.net\/#website"},"datePublished":"2025-03-29T12:11:31+00:00","dateModified":"2025-03-29T12:17:59+00:00","author":{"@id":"https:\/\/www.ladiagonale.net\/#\/schema\/person\/79ff1e7b0853ed01b2aa26e64ad300bf"},"breadcrumb":{"@id":"https:\/\/www.ladiagonale.net\/index.php\/2025\/03\/29\/le-groupe-monegasque-avec-balogun-et-golovin\/#breadcrumb"},"inLanguage":"fr-FR","potentialAction":[{"@type":"ReadAction","target":["https:\/\/www.ladiagonale.net\/index.php\/2025\/03\/29\/le-groupe-monegasque-avec-balogun-et-golovin\/"]}]},{"@type":"BreadcrumbList","@id":"https:\/\/www.ladiagonale.net\/index.php\/2025\/03\/29\/le-groupe-monegasque-avec-balogun-et-golovin\/#breadcrumb","itemListElement":[{"@type":"ListItem","position":1,"name":"Accueil","item":"https:\/\/www.ladiagonale.net\/"},{"@type":"ListItem","position":2,"name":"Le groupe mon\u00e9gasque : avec Balogun et Golovin"}]},{"@type":"WebSite","@id":"https:\/\/www.ladiagonale.net\/#website","url":"https:\/\/www.ladiagonale.net\/","name":"La Diagonale","description":"Le site des supporters de l&#039;AS Monaco FC","potentialAction":[{"@type":"SearchAction","target":{"@type":"EntryPoint","urlTemplate":"https:\/\/www.ladiagonale.net\/?s={search_term_string}"},"query-input":"required name=search_term_string"}],"inLanguage":"fr-FR"},{"@type":"Person","@id":"https:\/\/www.ladiagonale.net\/#\/schema\/person\/79ff1e7b0853ed01b2aa26e64ad300bf","name":"Damien Dellerba","image":{"@type":"ImageObject","inLanguage":"fr-FR","@id":"https:\/\/www.ladiagonale.net\/#\/schema\/person\/image\/","url":"https:\/\/secure.gravatar.com\/avatar\/c7850e06d3ff63cdbaee88b7fc16e2f0?s=96&d=mm&r=g","contentUrl":"https:\/\/secure.gravatar.com\/avatar\/c7850e06d3ff63cdbaee88b7fc16e2f0?s=96&d=mm&r=g","caption":"Damien Dellerba"},"url":"https:\/\/www.ladiagonale.net\/index.php\/author\/damien\/"}]}},"_links":{"self":[{"href":"https:\/\/www.ladiagonale.net\/index.php\/wp-json\/wp\/v2\/posts\/30641"}],"collection":[{"href":"https:\/\/www.ladiagonale.net\/index.php\/wp-json\/wp\/v2\/posts"}],"about":[{"href":"https:\/\/www.ladiagonale.net\/index.php\/wp-json\/wp\/v2\/types\/post"}],"author":[{"embeddable":true,"href":"https:\/\/www.ladiagonale.net\/index.php\/wp-json\/wp\/v2\/users\/2"}],"replies":[{"embeddable":true,"href":"https:\/\/www.ladiagonale.net\/index.php\/wp-json\/wp\/v2\/comments?post=30641"}],"version-history":[{"count":5,"href":"https:\/\/www.ladiagonale.net\/index.php\/wp-json\/wp\/v2\/posts\/30641\/revisions"}],"predecessor-version":[{"id":30653,"href":"https:\/\/www.ladiagonale.net\/index.php\/wp-json\/wp\/v2\/posts\/30641\/revisions\/30653"}],"wp:attachment":[{"href":"https:\/\/www.ladiagonale.net\/index.php\/wp-json\/wp\/v2\/media?parent=30641"}],"wp:term":[{"taxonomy":"category","embeddable":true,"href":"https:\/\/www.ladiagonale.net\/index.php\/wp-json\/wp\/v2\/categories?post=30641"},{"taxonomy":"post_tag","embeddable":true,"href":"https:\/\/www.ladiagonale.net\/index.php\/wp-json\/wp\/v2\/tags?post=30641"}],"curies":[{"name":"wp","href":"https:\/\/api.w.org\/{rel}","templated":true}]}}