{"id":30654,"date":"2025-03-29T13:23:50","date_gmt":"2025-03-29T12:23:50","guid":{"rendered":"https:\/\/www.ladiagonale.net\/?p=30654"},"modified":"2025-03-29T13:50:30","modified_gmt":"2025-03-29T12:50:30","slug":"le-groupe-nicois-moffi-et-sanson-de-retour","status":"publish","type":"post","link":"https:\/\/www.ladiagonale.net\/index.php\/2025\/03\/29\/le-groupe-nicois-moffi-et-sanson-de-retour\/","title":{"rendered":"Le groupe ni\u00e7ois : Moffi et Sanson de retour"},"content":{"rendered":"\n\n\n<p>C&rsquo;est un petit \u00e9v\u00e9nement pour l&rsquo;OGC Nice. Absents depuis de nombreux mois pour cause de blessure, Terem Moffi et Morgan Sanson effectuent leur retour dans le groupe ni\u00e7ois qui affrontera l&rsquo;AS Monaco. Ce sont au total 22 joueurs qui feront le court d\u00e9placement vers la Principaut\u00e9.<\/p>\n\n\n\n<h3>Le groupe ni\u00e7ois<\/h3>\n\n\n\n<ul><li><strong>Gardiens :<\/strong> Boulhendi, Bulka, Dup\u00e9.<\/li><li><strong>D\u00e9fenseurs :<\/strong> Abdelmonem, Abdi, Bombito, Clauss, Dante, Mendy, Ndayishimiye.<\/li><li><strong>Milieux :<\/strong> Boudaoui, Louchet, Rosario, Sanson, Santamaria.<\/li><li><strong>Attaquants :<\/strong> Boga, Bouanani, Cho, Diop, Guessand, Laborde, Moffi<\/li><\/ul>\n\n\n\n<p><em>Absents : <\/em>Bard (suspendu), Ndombele (reprise), Moukoko (choix).<\/p>\n","protected":false},"excerpt":{"rendered":"<p>C&rsquo;est un petit \u00e9v\u00e9nement pour l&rsquo;OGC Nice. Absents depuis de nombreux mois pour cause de blessure, Terem Moffi et Morgan Sanson effectuent leur retour dans le groupe ni\u00e7ois qui affrontera l&rsquo;AS Monaco. Ce sont au total 22 joueurs qui feront le court d\u00e9placement vers la Principaut\u00e9. Le groupe ni\u00e7ois Gardiens : Boulhendi, Bulka, Dup\u00e9. D\u00e9fenseurs [&#8230;]\n","protected":false},"author":2,"featured_media":0,"comment_status":"open","ping_status":"open","sticky":false,"template":"","format":"standard","meta":[],"categories":[6],"tags":[86,225,94,774],"yoast_head":"<!-- This site is optimized with the Yoast SEO plugin v19.8 - https:\/\/yoast.com\/wordpress\/plugins\/seo\/ -->\n<title>Le groupe ni\u00e7ois : Moffi et Sanson de retour - La Diagonale<\/title>\n<meta name=\"robots\" content=\"index, follow, max-snippet:-1, max-image-preview:large, max-video-preview:-1\" \/>\n<link rel=\"canonical\" href=\"https:\/\/www.ladiagonale.net\/index.php\/2025\/03\/29\/le-groupe-nicois-moffi-et-sanson-de-retour\/\" \/>\n<meta property=\"og:locale\" content=\"fr_FR\" \/>\n<meta property=\"og:type\" content=\"article\" \/>\n<meta property=\"og:title\" content=\"Le groupe ni\u00e7ois : Moffi et Sanson de retour - La Diagonale\" \/>\n<meta property=\"og:description\" content=\"C&rsquo;est un petit \u00e9v\u00e9nement pour l&rsquo;OGC Nice. Absents depuis de nombreux mois pour cause de blessure, Terem Moffi et Morgan Sanson effectuent leur retour dans le groupe ni\u00e7ois qui affrontera l&rsquo;AS Monaco. Ce sont au total 22 joueurs qui feront le court d\u00e9placement vers la Principaut\u00e9. Le groupe ni\u00e7ois Gardiens : Boulhendi, Bulka, Dup\u00e9. D\u00e9fenseurs [...]\" \/>\n<meta property=\"og:url\" content=\"https:\/\/www.ladiagonale.net\/index.php\/2025\/03\/29\/le-groupe-nicois-moffi-et-sanson-de-retour\/\" \/>\n<meta property=\"og:site_name\" content=\"La Diagonale\" \/>\n<meta property=\"article:published_time\" content=\"2025-03-29T12:23:50+00:00\" \/>\n<meta property=\"article:modified_time\" content=\"2025-03-29T12:50:30+00:00\" \/>\n<meta property=\"og:image\" content=\"https:\/\/www.ladiagonale.net\/wp-content\/uploads\/2025\/03\/moffi.png\" \/>\n\t<meta property=\"og:image:width\" content=\"1160\" \/>\n\t<meta property=\"og:image:height\" content=\"650\" \/>\n\t<meta property=\"og:image:type\" content=\"image\/png\" \/>\n<meta name=\"author\" content=\"Damien Dellerba\" \/>\n<meta name=\"twitter:card\" content=\"summary_large_image\" \/>\n<meta name=\"twitter:image\" content=\"https:\/\/www.ladiagonale.net\/wp-content\/uploads\/2025\/03\/moffi.png\" \/>\n<meta name=\"twitter:label1\" content=\"\u00c9crit par\" \/>\n\t<meta name=\"twitter:data1\" content=\"Damien Dellerba\" \/>\n\t<meta name=\"twitter:label2\" content=\"Dur\u00e9e de lecture estim\u00e9e\" \/>\n\t<meta name=\"twitter:data2\" content=\"1 minute\" \/>\n<script type=\"application\/ld+json\" class=\"yoast-schema-graph\">{\"@context\":\"https:\/\/schema.org\",\"@graph\":[{\"@type\":\"WebPage\",\"@id\":\"https:\/\/www.ladiagonale.net\/index.php\/2025\/03\/29\/le-groupe-nicois-moffi-et-sanson-de-retour\/\",\"url\":\"https:\/\/www.ladiagonale.net\/index.php\/2025\/03\/29\/le-groupe-nicois-moffi-et-sanson-de-retour\/\",\"name\":\"Le groupe ni\u00e7ois : Moffi et Sanson de retour - La Diagonale\",\"isPartOf\":{\"@id\":\"https:\/\/www.ladiagonale.net\/#website\"},\"datePublished\":\"2025-03-29T12:23:50+00:00\",\"dateModified\":\"2025-03-29T12:50:30+00:00\",\"author\":{\"@id\":\"https:\/\/www.ladiagonale.net\/#\/schema\/person\/79ff1e7b0853ed01b2aa26e64ad300bf\"},\"breadcrumb\":{\"@id\":\"https:\/\/www.ladiagonale.net\/index.php\/2025\/03\/29\/le-groupe-nicois-moffi-et-sanson-de-retour\/#breadcrumb\"},\"inLanguage\":\"fr-FR\",\"potentialAction\":[{\"@type\":\"ReadAction\",\"target\":[\"https:\/\/www.ladiagonale.net\/index.php\/2025\/03\/29\/le-groupe-nicois-moffi-et-sanson-de-retour\/\"]}]},{\"@type\":\"BreadcrumbList\",\"@id\":\"https:\/\/www.ladiagonale.net\/index.php\/2025\/03\/29\/le-groupe-nicois-moffi-et-sanson-de-retour\/#breadcrumb\",\"itemListElement\":[{\"@type\":\"ListItem\",\"position\":1,\"name\":\"Accueil\",\"item\":\"https:\/\/www.ladiagonale.net\/\"},{\"@type\":\"ListItem\",\"position\":2,\"name\":\"Le groupe ni\u00e7ois : Moffi et Sanson de retour\"}]},{\"@type\":\"WebSite\",\"@id\":\"https:\/\/www.ladiagonale.net\/#website\",\"url\":\"https:\/\/www.ladiagonale.net\/\",\"name\":\"La Diagonale\",\"description\":\"Le site des supporters de l&#039;AS Monaco FC\",\"potentialAction\":[{\"@type\":\"SearchAction\",\"target\":{\"@type\":\"EntryPoint\",\"urlTemplate\":\"https:\/\/www.ladiagonale.net\/?s={search_term_string}\"},\"query-input\":\"required name=search_term_string\"}],\"inLanguage\":\"fr-FR\"},{\"@type\":\"Person\",\"@id\":\"https:\/\/www.ladiagonale.net\/#\/schema\/person\/79ff1e7b0853ed01b2aa26e64ad300bf\",\"name\":\"Damien Dellerba\",\"image\":{\"@type\":\"ImageObject\",\"inLanguage\":\"fr-FR\",\"@id\":\"https:\/\/www.ladiagonale.net\/#\/schema\/person\/image\/\",\"url\":\"https:\/\/secure.gravatar.com\/avatar\/c7850e06d3ff63cdbaee88b7fc16e2f0?s=96&d=mm&r=g\",\"contentUrl\":\"https:\/\/secure.gravatar.com\/avatar\/c7850e06d3ff63cdbaee88b7fc16e2f0?s=96&d=mm&r=g\",\"caption\":\"Damien Dellerba\"},\"url\":\"https:\/\/www.ladiagonale.net\/index.php\/author\/damien\/\"}]}<\/script>\n<!-- \/ Yoast SEO plugin. -->","yoast_head_json":{"title":"Le groupe ni\u00e7ois : Moffi et Sanson de retour - La Diagonale","robots":{"index":"index","follow":"follow","max-snippet":"max-snippet:-1","max-image-preview":"max-image-preview:large","max-video-preview":"max-video-preview:-1"},"canonical":"https:\/\/www.ladiagonale.net\/index.php\/2025\/03\/29\/le-groupe-nicois-moffi-et-sanson-de-retour\/","og_locale":"fr_FR","og_type":"article","og_title":"Le groupe ni\u00e7ois : Moffi et Sanson de retour - La Diagonale","og_description":"C&rsquo;est un petit \u00e9v\u00e9nement pour l&rsquo;OGC Nice. Absents depuis de nombreux mois pour cause de blessure, Terem Moffi et Morgan Sanson effectuent leur retour dans le groupe ni\u00e7ois qui affrontera l&rsquo;AS Monaco. Ce sont au total 22 joueurs qui feront le court d\u00e9placement vers la Principaut\u00e9. Le groupe ni\u00e7ois Gardiens : Boulhendi, Bulka, Dup\u00e9. D\u00e9fenseurs [...]","og_url":"https:\/\/www.ladiagonale.net\/index.php\/2025\/03\/29\/le-groupe-nicois-moffi-et-sanson-de-retour\/","og_site_name":"La Diagonale","article_published_time":"2025-03-29T12:23:50+00:00","article_modified_time":"2025-03-29T12:50:30+00:00","og_image":[{"width":1160,"height":650,"url":"https:\/\/www.ladiagonale.net\/wp-content\/uploads\/2025\/03\/moffi.png","type":"image\/png"}],"author":"Damien Dellerba","twitter_card":"summary_large_image","twitter_image":"https:\/\/www.ladiagonale.net\/wp-content\/uploads\/2025\/03\/moffi.png","twitter_misc":{"\u00c9crit par":"Damien Dellerba","Dur\u00e9e de lecture estim\u00e9e":"1 minute"},"schema":{"@context":"https:\/\/schema.org","@graph":[{"@type":"WebPage","@id":"https:\/\/www.ladiagonale.net\/index.php\/2025\/03\/29\/le-groupe-nicois-moffi-et-sanson-de-retour\/","url":"https:\/\/www.ladiagonale.net\/index.php\/2025\/03\/29\/le-groupe-nicois-moffi-et-sanson-de-retour\/","name":"Le groupe ni\u00e7ois : Moffi et Sanson de retour - La Diagonale","isPartOf":{"@id":"https:\/\/www.ladiagonale.net\/#website"},"datePublished":"2025-03-29T12:23:50+00:00","dateModified":"2025-03-29T12:50:30+00:00","author":{"@id":"https:\/\/www.ladiagonale.net\/#\/schema\/person\/79ff1e7b0853ed01b2aa26e64ad300bf"},"breadcrumb":{"@id":"https:\/\/www.ladiagonale.net\/index.php\/2025\/03\/29\/le-groupe-nicois-moffi-et-sanson-de-retour\/#breadcrumb"},"inLanguage":"fr-FR","potentialAction":[{"@type":"ReadAction","target":["https:\/\/www.ladiagonale.net\/index.php\/2025\/03\/29\/le-groupe-nicois-moffi-et-sanson-de-retour\/"]}]},{"@type":"BreadcrumbList","@id":"https:\/\/www.ladiagonale.net\/index.php\/2025\/03\/29\/le-groupe-nicois-moffi-et-sanson-de-retour\/#breadcrumb","itemListElement":[{"@type":"ListItem","position":1,"name":"Accueil","item":"https:\/\/www.ladiagonale.net\/"},{"@type":"ListItem","position":2,"name":"Le groupe ni\u00e7ois : Moffi et Sanson de retour"}]},{"@type":"WebSite","@id":"https:\/\/www.ladiagonale.net\/#website","url":"https:\/\/www.ladiagonale.net\/","name":"La Diagonale","description":"Le site des supporters de l&#039;AS Monaco FC","potentialAction":[{"@type":"SearchAction","target":{"@type":"EntryPoint","urlTemplate":"https:\/\/www.ladiagonale.net\/?s={search_term_string}"},"query-input":"required name=search_term_string"}],"inLanguage":"fr-FR"},{"@type":"Person","@id":"https:\/\/www.ladiagonale.net\/#\/schema\/person\/79ff1e7b0853ed01b2aa26e64ad300bf","name":"Damien Dellerba","image":{"@type":"ImageObject","inLanguage":"fr-FR","@id":"https:\/\/www.ladiagonale.net\/#\/schema\/person\/image\/","url":"https:\/\/secure.gravatar.com\/avatar\/c7850e06d3ff63cdbaee88b7fc16e2f0?s=96&d=mm&r=g","contentUrl":"https:\/\/secure.gravatar.com\/avatar\/c7850e06d3ff63cdbaee88b7fc16e2f0?s=96&d=mm&r=g","caption":"Damien Dellerba"},"url":"https:\/\/www.ladiagonale.net\/index.php\/author\/damien\/"}]}},"_links":{"self":[{"href":"https:\/\/www.ladiagonale.net\/index.php\/wp-json\/wp\/v2\/posts\/30654"}],"collection":[{"href":"https:\/\/www.ladiagonale.net\/index.php\/wp-json\/wp\/v2\/posts"}],"about":[{"href":"https:\/\/www.ladiagonale.net\/index.php\/wp-json\/wp\/v2\/types\/post"}],"author":[{"embeddable":true,"href":"https:\/\/www.ladiagonale.net\/index.php\/wp-json\/wp\/v2\/users\/2"}],"replies":[{"embeddable":true,"href":"https:\/\/www.ladiagonale.net\/index.php\/wp-json\/wp\/v2\/comments?post=30654"}],"version-history":[{"count":2,"href":"https:\/\/www.ladiagonale.net\/index.php\/wp-json\/wp\/v2\/posts\/30654\/revisions"}],"predecessor-version":[{"id":30657,"href":"https:\/\/www.ladiagonale.net\/index.php\/wp-json\/wp\/v2\/posts\/30654\/revisions\/30657"}],"wp:attachment":[{"href":"https:\/\/www.ladiagonale.net\/index.php\/wp-json\/wp\/v2\/media?parent=30654"}],"wp:term":[{"taxonomy":"category","embeddable":true,"href":"https:\/\/www.ladiagonale.net\/index.php\/wp-json\/wp\/v2\/categories?post=30654"},{"taxonomy":"post_tag","embeddable":true,"href":"https:\/\/www.ladiagonale.net\/index.php\/wp-json\/wp\/v2\/tags?post=30654"}],"curies":[{"name":"wp","href":"https:\/\/api.w.org\/{rel}","templated":true}]}}