{"id":30658,"date":"2025-03-29T15:05:48","date_gmt":"2025-03-29T14:05:48","guid":{"rendered":"https:\/\/www.ladiagonale.net\/?p=30658"},"modified":"2025-03-29T15:05:48","modified_gmt":"2025-03-29T14:05:48","slug":"une-piste-kovac-et-dortmund-pour-caio-henrique-cet-hiver","status":"publish","type":"post","link":"https:\/\/www.ladiagonale.net\/index.php\/2025\/03\/29\/une-piste-kovac-et-dortmund-pour-caio-henrique-cet-hiver\/","title":{"rendered":"Une piste Kovac et Dortmund pour Caio Henrique cet hiver"},"content":{"rendered":"\n<p>Caio Henrique \u00e9tait un candidat au d\u00e9part lors du dernier mercato hivernal mais il est finalement rest\u00e9 en Principaut\u00e9. Si aucune rumeur et possible destination n\u2019avaient filtr\u00e9 durant cette p\u00e9riode, le quotidien <em>L\u2019\u00c9quipe<\/em> r\u00e9v\u00e8le que le gaucher br\u00e9silien aurait finalement bien eu une piste. Le Borussia Dortmund, et son entra\u00eeneur alors tout nouvellement nomm\u00e9 (30 janvier) Niko Kovac, auraient pens\u00e9 \u00e0 lui. Le technicien croate a eu le lat\u00e9ral de 27 ans sous ses ordres \u00e0 Monaco pendant un an et demi. La piste ne s&rsquo;est finalement pas concr\u00e9tis\u00e9e alors que le club ne l\u2019aurait pas retenu, malgr\u00e9 un contrat courant jusqu&rsquo;en 2027. <\/p>\n\n\n\n<p>Le mois de janvier avait notamment act\u00e9 le d\u00e9classement de Caio Henrique, avec une perte de sa place de titulaire au profit de Christian Mawissa. Il avait m\u00eame \u00e9t\u00e9 \u00e9cart\u00e9 du groupe pour la r\u00e9ception de Rennes le 25 janvier. Le Br\u00e9silien est cependant progressivement revenu dans les bonnes gr\u00e2ces de son entra\u00eeneur Adi H\u00fctter, qui ne l&rsquo;avait pas \u00e9pargn\u00e9 en conf\u00e9rence de presse, et il a depuis sign\u00e9 quatre passes d\u00e9cisives sur les sept derniers matches.<\/p>\n\n\n","protected":false},"excerpt":{"rendered":"<p>Caio Henrique \u00e9tait un candidat au d\u00e9part lors du dernier mercato hivernal mais il est finalement rest\u00e9 en Principaut\u00e9. Si aucune rumeur et possible destination n\u2019avaient filtr\u00e9 durant cette p\u00e9riode, le quotidien L\u2019\u00c9quipe r\u00e9v\u00e8le que le gaucher br\u00e9silien aurait finalement bien eu une piste. Le Borussia Dortmund, et son entra\u00eeneur alors tout nouvellement nomm\u00e9 (30 [&#8230;]\n","protected":false},"author":2,"featured_media":0,"comment_status":"open","ping_status":"open","sticky":false,"template":"","format":"standard","meta":[],"categories":[6],"tags":[86,137,221,110],"yoast_head":"<!-- This site is optimized with the Yoast SEO plugin v19.8 - https:\/\/yoast.com\/wordpress\/plugins\/seo\/ -->\n<title>Une piste Kovac et Dortmund pour Caio Henrique cet hiver - La Diagonale<\/title>\n<meta name=\"robots\" content=\"index, follow, max-snippet:-1, max-image-preview:large, max-video-preview:-1\" \/>\n<link rel=\"canonical\" href=\"https:\/\/www.ladiagonale.net\/index.php\/2025\/03\/29\/une-piste-kovac-et-dortmund-pour-caio-henrique-cet-hiver\/\" \/>\n<meta property=\"og:locale\" content=\"fr_FR\" \/>\n<meta property=\"og:type\" content=\"article\" \/>\n<meta property=\"og:title\" content=\"Une piste Kovac et Dortmund pour Caio Henrique cet hiver - La Diagonale\" \/>\n<meta property=\"og:description\" content=\"Caio Henrique \u00e9tait un candidat au d\u00e9part lors du dernier mercato hivernal mais il est finalement rest\u00e9 en Principaut\u00e9. Si aucune rumeur et possible destination n\u2019avaient filtr\u00e9 durant cette p\u00e9riode, le quotidien L\u2019\u00c9quipe r\u00e9v\u00e8le que le gaucher br\u00e9silien aurait finalement bien eu une piste. Le Borussia Dortmund, et son entra\u00eeneur alors tout nouvellement nomm\u00e9 (30 [...]\" \/>\n<meta property=\"og:url\" content=\"https:\/\/www.ladiagonale.net\/index.php\/2025\/03\/29\/une-piste-kovac-et-dortmund-pour-caio-henrique-cet-hiver\/\" \/>\n<meta property=\"og:site_name\" content=\"La Diagonale\" \/>\n<meta property=\"article:published_time\" content=\"2025-03-29T14:05:48+00:00\" \/>\n<meta property=\"og:image\" content=\"https:\/\/www.ladiagonale.net\/wp-content\/uploads\/2025\/03\/kovac-caio.png\" \/>\n\t<meta property=\"og:image:width\" content=\"1160\" \/>\n\t<meta property=\"og:image:height\" content=\"650\" \/>\n\t<meta property=\"og:image:type\" content=\"image\/png\" \/>\n<meta name=\"author\" content=\"Damien Dellerba\" \/>\n<meta name=\"twitter:card\" content=\"summary_large_image\" \/>\n<meta name=\"twitter:image\" content=\"https:\/\/www.ladiagonale.net\/wp-content\/uploads\/2025\/03\/kovac-caio.png\" \/>\n<meta name=\"twitter:label1\" content=\"\u00c9crit par\" \/>\n\t<meta name=\"twitter:data1\" content=\"Damien Dellerba\" \/>\n\t<meta name=\"twitter:label2\" content=\"Dur\u00e9e de lecture estim\u00e9e\" \/>\n\t<meta name=\"twitter:data2\" content=\"1 minute\" \/>\n<script type=\"application\/ld+json\" class=\"yoast-schema-graph\">{\"@context\":\"https:\/\/schema.org\",\"@graph\":[{\"@type\":\"WebPage\",\"@id\":\"https:\/\/www.ladiagonale.net\/index.php\/2025\/03\/29\/une-piste-kovac-et-dortmund-pour-caio-henrique-cet-hiver\/\",\"url\":\"https:\/\/www.ladiagonale.net\/index.php\/2025\/03\/29\/une-piste-kovac-et-dortmund-pour-caio-henrique-cet-hiver\/\",\"name\":\"Une piste Kovac et Dortmund pour Caio Henrique cet hiver - La Diagonale\",\"isPartOf\":{\"@id\":\"https:\/\/www.ladiagonale.net\/#website\"},\"datePublished\":\"2025-03-29T14:05:48+00:00\",\"dateModified\":\"2025-03-29T14:05:48+00:00\",\"author\":{\"@id\":\"https:\/\/www.ladiagonale.net\/#\/schema\/person\/79ff1e7b0853ed01b2aa26e64ad300bf\"},\"breadcrumb\":{\"@id\":\"https:\/\/www.ladiagonale.net\/index.php\/2025\/03\/29\/une-piste-kovac-et-dortmund-pour-caio-henrique-cet-hiver\/#breadcrumb\"},\"inLanguage\":\"fr-FR\",\"potentialAction\":[{\"@type\":\"ReadAction\",\"target\":[\"https:\/\/www.ladiagonale.net\/index.php\/2025\/03\/29\/une-piste-kovac-et-dortmund-pour-caio-henrique-cet-hiver\/\"]}]},{\"@type\":\"BreadcrumbList\",\"@id\":\"https:\/\/www.ladiagonale.net\/index.php\/2025\/03\/29\/une-piste-kovac-et-dortmund-pour-caio-henrique-cet-hiver\/#breadcrumb\",\"itemListElement\":[{\"@type\":\"ListItem\",\"position\":1,\"name\":\"Accueil\",\"item\":\"https:\/\/www.ladiagonale.net\/\"},{\"@type\":\"ListItem\",\"position\":2,\"name\":\"Une piste Kovac et Dortmund pour Caio Henrique cet hiver\"}]},{\"@type\":\"WebSite\",\"@id\":\"https:\/\/www.ladiagonale.net\/#website\",\"url\":\"https:\/\/www.ladiagonale.net\/\",\"name\":\"La Diagonale\",\"description\":\"Le site des supporters de l&#039;AS Monaco FC\",\"potentialAction\":[{\"@type\":\"SearchAction\",\"target\":{\"@type\":\"EntryPoint\",\"urlTemplate\":\"https:\/\/www.ladiagonale.net\/?s={search_term_string}\"},\"query-input\":\"required name=search_term_string\"}],\"inLanguage\":\"fr-FR\"},{\"@type\":\"Person\",\"@id\":\"https:\/\/www.ladiagonale.net\/#\/schema\/person\/79ff1e7b0853ed01b2aa26e64ad300bf\",\"name\":\"Damien Dellerba\",\"image\":{\"@type\":\"ImageObject\",\"inLanguage\":\"fr-FR\",\"@id\":\"https:\/\/www.ladiagonale.net\/#\/schema\/person\/image\/\",\"url\":\"https:\/\/secure.gravatar.com\/avatar\/c7850e06d3ff63cdbaee88b7fc16e2f0?s=96&d=mm&r=g\",\"contentUrl\":\"https:\/\/secure.gravatar.com\/avatar\/c7850e06d3ff63cdbaee88b7fc16e2f0?s=96&d=mm&r=g\",\"caption\":\"Damien Dellerba\"},\"url\":\"https:\/\/www.ladiagonale.net\/index.php\/author\/damien\/\"}]}<\/script>\n<!-- \/ Yoast SEO plugin. -->","yoast_head_json":{"title":"Une piste Kovac et Dortmund pour Caio Henrique cet hiver - La Diagonale","robots":{"index":"index","follow":"follow","max-snippet":"max-snippet:-1","max-image-preview":"max-image-preview:large","max-video-preview":"max-video-preview:-1"},"canonical":"https:\/\/www.ladiagonale.net\/index.php\/2025\/03\/29\/une-piste-kovac-et-dortmund-pour-caio-henrique-cet-hiver\/","og_locale":"fr_FR","og_type":"article","og_title":"Une piste Kovac et Dortmund pour Caio Henrique cet hiver - La Diagonale","og_description":"Caio Henrique \u00e9tait un candidat au d\u00e9part lors du dernier mercato hivernal mais il est finalement rest\u00e9 en Principaut\u00e9. Si aucune rumeur et possible destination n\u2019avaient filtr\u00e9 durant cette p\u00e9riode, le quotidien L\u2019\u00c9quipe r\u00e9v\u00e8le que le gaucher br\u00e9silien aurait finalement bien eu une piste. Le Borussia Dortmund, et son entra\u00eeneur alors tout nouvellement nomm\u00e9 (30 [...]","og_url":"https:\/\/www.ladiagonale.net\/index.php\/2025\/03\/29\/une-piste-kovac-et-dortmund-pour-caio-henrique-cet-hiver\/","og_site_name":"La Diagonale","article_published_time":"2025-03-29T14:05:48+00:00","og_image":[{"width":1160,"height":650,"url":"https:\/\/www.ladiagonale.net\/wp-content\/uploads\/2025\/03\/kovac-caio.png","type":"image\/png"}],"author":"Damien Dellerba","twitter_card":"summary_large_image","twitter_image":"https:\/\/www.ladiagonale.net\/wp-content\/uploads\/2025\/03\/kovac-caio.png","twitter_misc":{"\u00c9crit par":"Damien Dellerba","Dur\u00e9e de lecture estim\u00e9e":"1 minute"},"schema":{"@context":"https:\/\/schema.org","@graph":[{"@type":"WebPage","@id":"https:\/\/www.ladiagonale.net\/index.php\/2025\/03\/29\/une-piste-kovac-et-dortmund-pour-caio-henrique-cet-hiver\/","url":"https:\/\/www.ladiagonale.net\/index.php\/2025\/03\/29\/une-piste-kovac-et-dortmund-pour-caio-henrique-cet-hiver\/","name":"Une piste Kovac et Dortmund pour Caio Henrique cet hiver - La Diagonale","isPartOf":{"@id":"https:\/\/www.ladiagonale.net\/#website"},"datePublished":"2025-03-29T14:05:48+00:00","dateModified":"2025-03-29T14:05:48+00:00","author":{"@id":"https:\/\/www.ladiagonale.net\/#\/schema\/person\/79ff1e7b0853ed01b2aa26e64ad300bf"},"breadcrumb":{"@id":"https:\/\/www.ladiagonale.net\/index.php\/2025\/03\/29\/une-piste-kovac-et-dortmund-pour-caio-henrique-cet-hiver\/#breadcrumb"},"inLanguage":"fr-FR","potentialAction":[{"@type":"ReadAction","target":["https:\/\/www.ladiagonale.net\/index.php\/2025\/03\/29\/une-piste-kovac-et-dortmund-pour-caio-henrique-cet-hiver\/"]}]},{"@type":"BreadcrumbList","@id":"https:\/\/www.ladiagonale.net\/index.php\/2025\/03\/29\/une-piste-kovac-et-dortmund-pour-caio-henrique-cet-hiver\/#breadcrumb","itemListElement":[{"@type":"ListItem","position":1,"name":"Accueil","item":"https:\/\/www.ladiagonale.net\/"},{"@type":"ListItem","position":2,"name":"Une piste Kovac et Dortmund pour Caio Henrique cet hiver"}]},{"@type":"WebSite","@id":"https:\/\/www.ladiagonale.net\/#website","url":"https:\/\/www.ladiagonale.net\/","name":"La Diagonale","description":"Le site des supporters de l&#039;AS Monaco FC","potentialAction":[{"@type":"SearchAction","target":{"@type":"EntryPoint","urlTemplate":"https:\/\/www.ladiagonale.net\/?s={search_term_string}"},"query-input":"required name=search_term_string"}],"inLanguage":"fr-FR"},{"@type":"Person","@id":"https:\/\/www.ladiagonale.net\/#\/schema\/person\/79ff1e7b0853ed01b2aa26e64ad300bf","name":"Damien Dellerba","image":{"@type":"ImageObject","inLanguage":"fr-FR","@id":"https:\/\/www.ladiagonale.net\/#\/schema\/person\/image\/","url":"https:\/\/secure.gravatar.com\/avatar\/c7850e06d3ff63cdbaee88b7fc16e2f0?s=96&d=mm&r=g","contentUrl":"https:\/\/secure.gravatar.com\/avatar\/c7850e06d3ff63cdbaee88b7fc16e2f0?s=96&d=mm&r=g","caption":"Damien Dellerba"},"url":"https:\/\/www.ladiagonale.net\/index.php\/author\/damien\/"}]}},"_links":{"self":[{"href":"https:\/\/www.ladiagonale.net\/index.php\/wp-json\/wp\/v2\/posts\/30658"}],"collection":[{"href":"https:\/\/www.ladiagonale.net\/index.php\/wp-json\/wp\/v2\/posts"}],"about":[{"href":"https:\/\/www.ladiagonale.net\/index.php\/wp-json\/wp\/v2\/types\/post"}],"author":[{"embeddable":true,"href":"https:\/\/www.ladiagonale.net\/index.php\/wp-json\/wp\/v2\/users\/2"}],"replies":[{"embeddable":true,"href":"https:\/\/www.ladiagonale.net\/index.php\/wp-json\/wp\/v2\/comments?post=30658"}],"version-history":[{"count":1,"href":"https:\/\/www.ladiagonale.net\/index.php\/wp-json\/wp\/v2\/posts\/30658\/revisions"}],"predecessor-version":[{"id":30660,"href":"https:\/\/www.ladiagonale.net\/index.php\/wp-json\/wp\/v2\/posts\/30658\/revisions\/30660"}],"wp:attachment":[{"href":"https:\/\/www.ladiagonale.net\/index.php\/wp-json\/wp\/v2\/media?parent=30658"}],"wp:term":[{"taxonomy":"category","embeddable":true,"href":"https:\/\/www.ladiagonale.net\/index.php\/wp-json\/wp\/v2\/categories?post=30658"},{"taxonomy":"post_tag","embeddable":true,"href":"https:\/\/www.ladiagonale.net\/index.php\/wp-json\/wp\/v2\/tags?post=30658"}],"curies":[{"name":"wp","href":"https:\/\/api.w.org\/{rel}","templated":true}]}}