{"id":30664,"date":"2025-03-29T19:09:31","date_gmt":"2025-03-29T18:09:31","guid":{"rendered":"https:\/\/www.ladiagonale.net\/?p=30664"},"modified":"2025-03-29T19:09:32","modified_gmt":"2025-03-29T18:09:32","slug":"scuro-un-etat-desprit-tres-positif-pour-le-sprint-final","status":"publish","type":"post","link":"https:\/\/www.ladiagonale.net\/index.php\/2025\/03\/29\/scuro-un-etat-desprit-tres-positif-pour-le-sprint-final\/","title":{"rendered":"Scuro : \u00ab&nbsp;Un \u00e9tat d\u2019esprit tr\u00e8s positif pour le sprint final&nbsp;\u00bb"},"content":{"rendered":"\n<p>Thiago Scuro a accord\u00e9 un entretien \u00e0 la cha\u00eene Youtube <em>Hors Jeu<\/em> \u00e0 l\u2019occasion d\u2019un \u00e9v\u00e9nement organis\u00e9 par l\u2019ECA (Association des Clubs Europ\u00e9ens). Le directeur g\u00e9n\u00e9ral de l\u2019AS Monaco a \u00e9voqu\u00e9 de nombreux sujets comme le niveau global de la Ligue 1, sous-estim\u00e9 \u00e0 son go\u00fbt, ses m\u00e9thodes au sein du club ou certains joueurs, comme Maghnes Akliouche, Thilo Kehrer et la derni\u00e8re recrue Mika Biereth. Mais le Br\u00e9silien est aussi revenu sur le sprint final, qui d\u00e9bute ce samedi par la r\u00e9ception de Nice.<\/p>\n\n\n\n<p>\u00ab\u00a0<em>Nous avons connu certains moments comme la saison derni\u00e8re o\u00f9 le niveau de performance \u00e9tait en dessous de nos attentes, ce qui est toujours d\u00e9licat \u00e0 g\u00e9rer, mais nous avons su le faire de fa\u00e7on intelligente<\/em>, a d\u00e9clar\u00e9 Scuro. <em>En gardant tout le monde soud\u00e9 et en proposant des solutions \u00e0 tous les niveaux : coach, staff, joueurs. Nous n\u2019avons jamais dout\u00e9 de ce que nous faisions. Maintenant, avec un calendrier plus all\u00e9g\u00e9, cela change beaucoup de choses, avec l\u2019effectif que nous avons et la qualit\u00e9 avec nos principes de jeu, nous pouvons envisager le sprint final dans un \u00e9tat d\u2019esprit tr\u00e8s positif. Pas seulement contre Nice mais contre tous nos adversaires. Nous devons r\u00e9colter beaucoup de points parce que cette saison nous avons une plus grosse concurrence.<\/em>\u00a0\u00bb<\/p>\n\n\n\n<p>Le Br\u00e9silien a avou\u00e9 qu&rsquo;apr\u00e8s avoir go\u00fbt\u00e9 au grand frisson de la C1, il y avait une envie tr\u00e8s forte d&rsquo;y retourner pour plusieurs raisons : \u00ab\u00a0<em>Garantir directement une place en phase de groupes change \u00e9norm\u00e9ment de choses en termes de planification budg\u00e9taire, de construction de l\u2019effectif et d\u2019impact financier. Donc nous sommes totalement concentr\u00e9s sur le top 3, qui nous garantit une place en C1. Nous avons go\u00fbt\u00e9 \u00e0 la Ligue des champions cette saison, donc quand vous essayez quelque chose de tr\u00e8s bon, vous avez envie d\u2019y rego\u00fbter. On en veut encore. Nous voulons encore affronter de grandes \u00e9quipes, nous voulons \u00e0 nouveau entendre la musique de la Ligue des champions, nous voulons revivre cela, c\u2019est notre motivation pour cette fin de saison.<\/em>\u00a0\u00bb<\/p>\n\n\n\n<blockquote class=\"wp-block-quote\"><p>\u00ab <em>Travailler dur pour prot\u00e9ger l&rsquo;h\u00e9ritage de l&rsquo;AS Monaco<\/em> \u00bb<\/p><cite>Thiago Scuro<\/cite><\/blockquote>\n\n\n\n<p>Scuro a \u00e9voqu\u00e9 ce repr\u00e9sentait l&rsquo;ASM pour lui et aussi dans le monde du football. Un monument qui doit \u00eatre respect\u00e9 et avec lequel on ne peut pas faire n&rsquo;importe quoi : \u00ab\u00a0<em>Monaco, ce n\u2019est pas seulement un seul joueur. C\u2019est la Principaut\u00e9 et tout ce que cela repr\u00e9sente. C\u2019est son maillot \u00e0 la diagonale, cr\u00e9\u00e9 par la Princesse Grace, qui est iconique. Partout o\u00f9 vous allez dans le monde les gens reconnaissent ce maillot. Et tous les joueurs, entra\u00eeneurs comme Ars\u00e8ne Wenger et Didier Deschamps. Pour moi l\u2019histoire de ce club est trop importante pour d\u00e9signer une seule personne. Beaucoup de gens ont fait \u00e9norm\u00e9ment pour rendre l\u2019ASM aussi grande. On doit travailler dur pour prot\u00e9ger cet h\u00e9ritage et construire notre cycle ici.<\/em>\u00a0\u00bb<\/p>\n\n\n\n<h3><strong>L\u2019entretien en int\u00e9gralit\u00e9 \u00e0 regarder en vid\u00e9o<\/strong> \u2935\ufe0f<\/h3>\n\n\n\n<figure class=\"wp-block-embed is-type-video is-provider-youtube wp-block-embed-youtube wp-embed-aspect-16-9 wp-has-aspect-ratio\"><div class=\"wp-block-embed__wrapper\">\n<iframe loading=\"lazy\" title=\"\u26bd INTERVIEW THIAGO SCURO : SON R\u00d4LE \u00c0 MONACO, LA LDC, LA JEUNESSE MON\u00c9GASQUE, SON AVIS SUR LA L1...\" width=\"1020\" height=\"574\" src=\"https:\/\/www.youtube.com\/embed\/5URFNEgmNqM?feature=oembed\" frameborder=\"0\" allow=\"accelerometer; autoplay; clipboard-write; encrypted-media; gyroscope; picture-in-picture; web-share\" referrerpolicy=\"strict-origin-when-cross-origin\" allowfullscreen><\/iframe>\n<\/div><\/figure>\n\n\n","protected":false},"excerpt":{"rendered":"<p>Thiago Scuro a accord\u00e9 un entretien \u00e0 la cha\u00eene Youtube Hors Jeu \u00e0 l\u2019occasion d\u2019un \u00e9v\u00e9nement organis\u00e9 par l\u2019ECA (Association des Clubs Europ\u00e9ens). Le directeur g\u00e9n\u00e9ral de l\u2019AS Monaco a \u00e9voqu\u00e9 de nombreux sujets comme le niveau global de la Ligue 1, sous-estim\u00e9 \u00e0 son go\u00fbt, ses m\u00e9thodes au sein du club ou certains joueurs, [&#8230;]\n","protected":false},"author":2,"featured_media":0,"comment_status":"open","ping_status":"open","sticky":false,"template":"","format":"standard","meta":[],"categories":[6],"tags":[86,479],"yoast_head":"<!-- This site is optimized with the Yoast SEO plugin v19.8 - https:\/\/yoast.com\/wordpress\/plugins\/seo\/ -->\n<title>Scuro : \u00ab&nbsp;Un \u00e9tat d\u2019esprit tr\u00e8s positif pour le sprint final&nbsp;\u00bb - La Diagonale<\/title>\n<meta name=\"robots\" content=\"index, follow, max-snippet:-1, max-image-preview:large, max-video-preview:-1\" \/>\n<link rel=\"canonical\" href=\"https:\/\/www.ladiagonale.net\/index.php\/2025\/03\/29\/scuro-un-etat-desprit-tres-positif-pour-le-sprint-final\/\" \/>\n<meta property=\"og:locale\" content=\"fr_FR\" \/>\n<meta property=\"og:type\" content=\"article\" \/>\n<meta property=\"og:title\" content=\"Scuro : \u00ab&nbsp;Un \u00e9tat d\u2019esprit tr\u00e8s positif pour le sprint final&nbsp;\u00bb - La Diagonale\" \/>\n<meta property=\"og:description\" content=\"Thiago Scuro a accord\u00e9 un entretien \u00e0 la cha\u00eene Youtube Hors Jeu \u00e0 l\u2019occasion d\u2019un \u00e9v\u00e9nement organis\u00e9 par l\u2019ECA (Association des Clubs Europ\u00e9ens). Le directeur g\u00e9n\u00e9ral de l\u2019AS Monaco a \u00e9voqu\u00e9 de nombreux sujets comme le niveau global de la Ligue 1, sous-estim\u00e9 \u00e0 son go\u00fbt, ses m\u00e9thodes au sein du club ou certains joueurs, [...]\" \/>\n<meta property=\"og:url\" content=\"https:\/\/www.ladiagonale.net\/index.php\/2025\/03\/29\/scuro-un-etat-desprit-tres-positif-pour-le-sprint-final\/\" \/>\n<meta property=\"og:site_name\" content=\"La Diagonale\" \/>\n<meta property=\"article:published_time\" content=\"2025-03-29T18:09:31+00:00\" \/>\n<meta property=\"article:modified_time\" content=\"2025-03-29T18:09:32+00:00\" \/>\n<meta property=\"og:image\" content=\"https:\/\/www.ladiagonale.net\/wp-content\/uploads\/2023\/07\/scuro.png\" \/>\n\t<meta property=\"og:image:width\" content=\"1160\" \/>\n\t<meta property=\"og:image:height\" content=\"650\" \/>\n\t<meta property=\"og:image:type\" content=\"image\/png\" \/>\n<meta name=\"author\" content=\"Damien Dellerba\" \/>\n<meta name=\"twitter:card\" content=\"summary_large_image\" \/>\n<meta name=\"twitter:image\" content=\"https:\/\/www.ladiagonale.net\/wp-content\/uploads\/2023\/07\/scuro.png\" \/>\n<meta name=\"twitter:label1\" content=\"\u00c9crit par\" \/>\n\t<meta name=\"twitter:data1\" content=\"Damien Dellerba\" \/>\n\t<meta name=\"twitter:label2\" content=\"Dur\u00e9e de lecture estim\u00e9e\" \/>\n\t<meta name=\"twitter:data2\" content=\"3 minutes\" \/>\n<script type=\"application\/ld+json\" class=\"yoast-schema-graph\">{\"@context\":\"https:\/\/schema.org\",\"@graph\":[{\"@type\":\"WebPage\",\"@id\":\"https:\/\/www.ladiagonale.net\/index.php\/2025\/03\/29\/scuro-un-etat-desprit-tres-positif-pour-le-sprint-final\/\",\"url\":\"https:\/\/www.ladiagonale.net\/index.php\/2025\/03\/29\/scuro-un-etat-desprit-tres-positif-pour-le-sprint-final\/\",\"name\":\"Scuro : \u00ab&nbsp;Un \u00e9tat d\u2019esprit tr\u00e8s positif pour le sprint final&nbsp;\u00bb - La Diagonale\",\"isPartOf\":{\"@id\":\"https:\/\/www.ladiagonale.net\/#website\"},\"datePublished\":\"2025-03-29T18:09:31+00:00\",\"dateModified\":\"2025-03-29T18:09:32+00:00\",\"author\":{\"@id\":\"https:\/\/www.ladiagonale.net\/#\/schema\/person\/79ff1e7b0853ed01b2aa26e64ad300bf\"},\"breadcrumb\":{\"@id\":\"https:\/\/www.ladiagonale.net\/index.php\/2025\/03\/29\/scuro-un-etat-desprit-tres-positif-pour-le-sprint-final\/#breadcrumb\"},\"inLanguage\":\"fr-FR\",\"potentialAction\":[{\"@type\":\"ReadAction\",\"target\":[\"https:\/\/www.ladiagonale.net\/index.php\/2025\/03\/29\/scuro-un-etat-desprit-tres-positif-pour-le-sprint-final\/\"]}]},{\"@type\":\"BreadcrumbList\",\"@id\":\"https:\/\/www.ladiagonale.net\/index.php\/2025\/03\/29\/scuro-un-etat-desprit-tres-positif-pour-le-sprint-final\/#breadcrumb\",\"itemListElement\":[{\"@type\":\"ListItem\",\"position\":1,\"name\":\"Accueil\",\"item\":\"https:\/\/www.ladiagonale.net\/\"},{\"@type\":\"ListItem\",\"position\":2,\"name\":\"Scuro : \u00ab&nbsp;Un \u00e9tat d\u2019esprit tr\u00e8s positif pour le sprint final&nbsp;\u00bb\"}]},{\"@type\":\"WebSite\",\"@id\":\"https:\/\/www.ladiagonale.net\/#website\",\"url\":\"https:\/\/www.ladiagonale.net\/\",\"name\":\"La Diagonale\",\"description\":\"Le site des supporters de l&#039;AS Monaco FC\",\"potentialAction\":[{\"@type\":\"SearchAction\",\"target\":{\"@type\":\"EntryPoint\",\"urlTemplate\":\"https:\/\/www.ladiagonale.net\/?s={search_term_string}\"},\"query-input\":\"required name=search_term_string\"}],\"inLanguage\":\"fr-FR\"},{\"@type\":\"Person\",\"@id\":\"https:\/\/www.ladiagonale.net\/#\/schema\/person\/79ff1e7b0853ed01b2aa26e64ad300bf\",\"name\":\"Damien Dellerba\",\"image\":{\"@type\":\"ImageObject\",\"inLanguage\":\"fr-FR\",\"@id\":\"https:\/\/www.ladiagonale.net\/#\/schema\/person\/image\/\",\"url\":\"https:\/\/secure.gravatar.com\/avatar\/c7850e06d3ff63cdbaee88b7fc16e2f0?s=96&d=mm&r=g\",\"contentUrl\":\"https:\/\/secure.gravatar.com\/avatar\/c7850e06d3ff63cdbaee88b7fc16e2f0?s=96&d=mm&r=g\",\"caption\":\"Damien Dellerba\"},\"url\":\"https:\/\/www.ladiagonale.net\/index.php\/author\/damien\/\"}]}<\/script>\n<!-- \/ Yoast SEO plugin. -->","yoast_head_json":{"title":"Scuro : \u00ab&nbsp;Un \u00e9tat d\u2019esprit tr\u00e8s positif pour le sprint final&nbsp;\u00bb - La Diagonale","robots":{"index":"index","follow":"follow","max-snippet":"max-snippet:-1","max-image-preview":"max-image-preview:large","max-video-preview":"max-video-preview:-1"},"canonical":"https:\/\/www.ladiagonale.net\/index.php\/2025\/03\/29\/scuro-un-etat-desprit-tres-positif-pour-le-sprint-final\/","og_locale":"fr_FR","og_type":"article","og_title":"Scuro : \u00ab&nbsp;Un \u00e9tat d\u2019esprit tr\u00e8s positif pour le sprint final&nbsp;\u00bb - La Diagonale","og_description":"Thiago Scuro a accord\u00e9 un entretien \u00e0 la cha\u00eene Youtube Hors Jeu \u00e0 l\u2019occasion d\u2019un \u00e9v\u00e9nement organis\u00e9 par l\u2019ECA (Association des Clubs Europ\u00e9ens). Le directeur g\u00e9n\u00e9ral de l\u2019AS Monaco a \u00e9voqu\u00e9 de nombreux sujets comme le niveau global de la Ligue 1, sous-estim\u00e9 \u00e0 son go\u00fbt, ses m\u00e9thodes au sein du club ou certains joueurs, [...]","og_url":"https:\/\/www.ladiagonale.net\/index.php\/2025\/03\/29\/scuro-un-etat-desprit-tres-positif-pour-le-sprint-final\/","og_site_name":"La Diagonale","article_published_time":"2025-03-29T18:09:31+00:00","article_modified_time":"2025-03-29T18:09:32+00:00","og_image":[{"width":1160,"height":650,"url":"https:\/\/www.ladiagonale.net\/wp-content\/uploads\/2023\/07\/scuro.png","type":"image\/png"}],"author":"Damien Dellerba","twitter_card":"summary_large_image","twitter_image":"https:\/\/www.ladiagonale.net\/wp-content\/uploads\/2023\/07\/scuro.png","twitter_misc":{"\u00c9crit par":"Damien Dellerba","Dur\u00e9e de lecture estim\u00e9e":"3 minutes"},"schema":{"@context":"https:\/\/schema.org","@graph":[{"@type":"WebPage","@id":"https:\/\/www.ladiagonale.net\/index.php\/2025\/03\/29\/scuro-un-etat-desprit-tres-positif-pour-le-sprint-final\/","url":"https:\/\/www.ladiagonale.net\/index.php\/2025\/03\/29\/scuro-un-etat-desprit-tres-positif-pour-le-sprint-final\/","name":"Scuro : \u00ab&nbsp;Un \u00e9tat d\u2019esprit tr\u00e8s positif pour le sprint final&nbsp;\u00bb - La Diagonale","isPartOf":{"@id":"https:\/\/www.ladiagonale.net\/#website"},"datePublished":"2025-03-29T18:09:31+00:00","dateModified":"2025-03-29T18:09:32+00:00","author":{"@id":"https:\/\/www.ladiagonale.net\/#\/schema\/person\/79ff1e7b0853ed01b2aa26e64ad300bf"},"breadcrumb":{"@id":"https:\/\/www.ladiagonale.net\/index.php\/2025\/03\/29\/scuro-un-etat-desprit-tres-positif-pour-le-sprint-final\/#breadcrumb"},"inLanguage":"fr-FR","potentialAction":[{"@type":"ReadAction","target":["https:\/\/www.ladiagonale.net\/index.php\/2025\/03\/29\/scuro-un-etat-desprit-tres-positif-pour-le-sprint-final\/"]}]},{"@type":"BreadcrumbList","@id":"https:\/\/www.ladiagonale.net\/index.php\/2025\/03\/29\/scuro-un-etat-desprit-tres-positif-pour-le-sprint-final\/#breadcrumb","itemListElement":[{"@type":"ListItem","position":1,"name":"Accueil","item":"https:\/\/www.ladiagonale.net\/"},{"@type":"ListItem","position":2,"name":"Scuro : \u00ab&nbsp;Un \u00e9tat d\u2019esprit tr\u00e8s positif pour le sprint final&nbsp;\u00bb"}]},{"@type":"WebSite","@id":"https:\/\/www.ladiagonale.net\/#website","url":"https:\/\/www.ladiagonale.net\/","name":"La Diagonale","description":"Le site des supporters de l&#039;AS Monaco FC","potentialAction":[{"@type":"SearchAction","target":{"@type":"EntryPoint","urlTemplate":"https:\/\/www.ladiagonale.net\/?s={search_term_string}"},"query-input":"required name=search_term_string"}],"inLanguage":"fr-FR"},{"@type":"Person","@id":"https:\/\/www.ladiagonale.net\/#\/schema\/person\/79ff1e7b0853ed01b2aa26e64ad300bf","name":"Damien Dellerba","image":{"@type":"ImageObject","inLanguage":"fr-FR","@id":"https:\/\/www.ladiagonale.net\/#\/schema\/person\/image\/","url":"https:\/\/secure.gravatar.com\/avatar\/c7850e06d3ff63cdbaee88b7fc16e2f0?s=96&d=mm&r=g","contentUrl":"https:\/\/secure.gravatar.com\/avatar\/c7850e06d3ff63cdbaee88b7fc16e2f0?s=96&d=mm&r=g","caption":"Damien Dellerba"},"url":"https:\/\/www.ladiagonale.net\/index.php\/author\/damien\/"}]}},"_links":{"self":[{"href":"https:\/\/www.ladiagonale.net\/index.php\/wp-json\/wp\/v2\/posts\/30664"}],"collection":[{"href":"https:\/\/www.ladiagonale.net\/index.php\/wp-json\/wp\/v2\/posts"}],"about":[{"href":"https:\/\/www.ladiagonale.net\/index.php\/wp-json\/wp\/v2\/types\/post"}],"author":[{"embeddable":true,"href":"https:\/\/www.ladiagonale.net\/index.php\/wp-json\/wp\/v2\/users\/2"}],"replies":[{"embeddable":true,"href":"https:\/\/www.ladiagonale.net\/index.php\/wp-json\/wp\/v2\/comments?post=30664"}],"version-history":[{"count":1,"href":"https:\/\/www.ladiagonale.net\/index.php\/wp-json\/wp\/v2\/posts\/30664\/revisions"}],"predecessor-version":[{"id":30665,"href":"https:\/\/www.ladiagonale.net\/index.php\/wp-json\/wp\/v2\/posts\/30664\/revisions\/30665"}],"wp:attachment":[{"href":"https:\/\/www.ladiagonale.net\/index.php\/wp-json\/wp\/v2\/media?parent=30664"}],"wp:term":[{"taxonomy":"category","embeddable":true,"href":"https:\/\/www.ladiagonale.net\/index.php\/wp-json\/wp\/v2\/categories?post=30664"},{"taxonomy":"post_tag","embeddable":true,"href":"https:\/\/www.ladiagonale.net\/index.php\/wp-json\/wp\/v2\/tags?post=30664"}],"curies":[{"name":"wp","href":"https:\/\/api.w.org\/{rel}","templated":true}]}}