{"id":30666,"date":"2025-03-29T20:21:03","date_gmt":"2025-03-29T19:21:03","guid":{"rendered":"https:\/\/www.ladiagonale.net\/?p=30666"},"modified":"2025-03-29T20:25:53","modified_gmt":"2025-03-29T19:25:53","slug":"les-compositions-singo-arriere-droit","status":"publish","type":"post","link":"https:\/\/www.ladiagonale.net\/index.php\/2025\/03\/29\/les-compositions-singo-arriere-droit\/","title":{"rendered":"Les compositions : Singo arri\u00e8re droit"},"content":{"rendered":"\n\n\n<p>L&rsquo;AS Monaco \u00e9voluera en 4-4-2 ce samedi, \u00e0 l&rsquo;occasion du derby contre Nice. Adi H\u00fctter a titularis\u00e9 Wilfried Singo au poste de lat\u00e9ral droit \u00e0 la place de Vanderson, rentr\u00e9 tardivement de s\u00e9lection et apr\u00e8s un long voyage. En d\u00e9fense centrale, on trouvera Thilo Kehrer associ\u00e9 \u00e0 Christian Mawissa. <\/p>\n\n\n\n<p>Le milieu verra Denis Zakaria \u00e9voluer au c\u00f4t\u00e9 de Lamine Camara, tandis que devant, Mika Biereth et Breel Embolo formeront le duo d&rsquo;attaquants. Folarin Balogun et Aleksandr Golovin sont sur le banc.<\/p>\n\n\n\n<p><strong>AS Monaco (4-4-2) :<\/strong> K\u00f6hn &#8211; Singo, Kehrer, Mawissa, C. Henrique &#8211; Akliouche, Zakaria (cap.), Camara, Minamino &#8211; Embolo, Biereth.<\/p>\n\n\n\n<p><em>Rempla\u00e7ants :<\/em> Majecki (g.), Vanderson, Salisu, Diatta, Al-Musrati, Golovin, Ben Seghir, Balogun, Ilenikhena.<\/p>\n\n\n\n<p><strong>OGC Nice (3-4-3) :<\/strong> Bulka &#8211; Bombito, Ndayishimiye, Dante (cap.) &#8211; Clauss, Rosario, Santamaria, Abdi &#8211; Guessand, Cho, Boga.<\/p>\n\n\n\n<p><em>Rempla\u00e7ants :<\/em> Dup\u00e9 (g.), Louchet, Abdelmonem, Mendy, Boudaoui, Sanson, Diop, Moffi, Laborde.<\/p>\n","protected":false},"excerpt":{"rendered":"<p>L&rsquo;AS Monaco \u00e9voluera en 4-4-2 ce samedi, \u00e0 l&rsquo;occasion du derby contre Nice. Adi H\u00fctter a titularis\u00e9 Wilfried Singo au poste de lat\u00e9ral droit \u00e0 la place de Vanderson, rentr\u00e9 tardivement de s\u00e9lection et apr\u00e8s un long voyage. En d\u00e9fense centrale, on trouvera Thilo Kehrer associ\u00e9 \u00e0 Christian Mawissa. Le milieu verra Denis Zakaria \u00e9voluer [&#8230;]\n","protected":false},"author":2,"featured_media":0,"comment_status":"open","ping_status":"open","sticky":false,"template":"","format":"standard","meta":[],"categories":[4,6],"tags":[86,213,94,422],"yoast_head":"<!-- This site is optimized with the Yoast SEO plugin v19.8 - https:\/\/yoast.com\/wordpress\/plugins\/seo\/ -->\n<title>Les compositions : Singo arri\u00e8re droit - La Diagonale<\/title>\n<meta name=\"robots\" content=\"index, follow, max-snippet:-1, max-image-preview:large, max-video-preview:-1\" \/>\n<link rel=\"canonical\" href=\"https:\/\/www.ladiagonale.net\/index.php\/2025\/03\/29\/les-compositions-singo-arriere-droit\/\" \/>\n<meta property=\"og:locale\" content=\"fr_FR\" \/>\n<meta property=\"og:type\" content=\"article\" \/>\n<meta property=\"og:title\" content=\"Les compositions : Singo arri\u00e8re droit - La Diagonale\" \/>\n<meta property=\"og:description\" content=\"L&rsquo;AS Monaco \u00e9voluera en 4-4-2 ce samedi, \u00e0 l&rsquo;occasion du derby contre Nice. Adi H\u00fctter a titularis\u00e9 Wilfried Singo au poste de lat\u00e9ral droit \u00e0 la place de Vanderson, rentr\u00e9 tardivement de s\u00e9lection et apr\u00e8s un long voyage. En d\u00e9fense centrale, on trouvera Thilo Kehrer associ\u00e9 \u00e0 Christian Mawissa. Le milieu verra Denis Zakaria \u00e9voluer [...]\" \/>\n<meta property=\"og:url\" content=\"https:\/\/www.ladiagonale.net\/index.php\/2025\/03\/29\/les-compositions-singo-arriere-droit\/\" \/>\n<meta property=\"og:site_name\" content=\"La Diagonale\" \/>\n<meta property=\"article:published_time\" content=\"2025-03-29T19:21:03+00:00\" \/>\n<meta property=\"article:modified_time\" content=\"2025-03-29T19:25:53+00:00\" \/>\n<meta property=\"og:image\" content=\"https:\/\/www.ladiagonale.net\/wp-content\/uploads\/2024\/09\/Singo-1.png\" \/>\n\t<meta property=\"og:image:width\" content=\"1160\" \/>\n\t<meta property=\"og:image:height\" content=\"650\" \/>\n\t<meta property=\"og:image:type\" content=\"image\/png\" \/>\n<meta name=\"author\" content=\"Damien Dellerba\" \/>\n<meta name=\"twitter:card\" content=\"summary_large_image\" \/>\n<meta name=\"twitter:image\" content=\"https:\/\/www.ladiagonale.net\/wp-content\/uploads\/2024\/09\/Singo-1.png\" \/>\n<meta name=\"twitter:label1\" content=\"\u00c9crit par\" \/>\n\t<meta name=\"twitter:data1\" content=\"Damien Dellerba\" \/>\n\t<meta name=\"twitter:label2\" content=\"Dur\u00e9e de lecture estim\u00e9e\" \/>\n\t<meta name=\"twitter:data2\" content=\"1 minute\" \/>\n<script type=\"application\/ld+json\" class=\"yoast-schema-graph\">{\"@context\":\"https:\/\/schema.org\",\"@graph\":[{\"@type\":\"WebPage\",\"@id\":\"https:\/\/www.ladiagonale.net\/index.php\/2025\/03\/29\/les-compositions-singo-arriere-droit\/\",\"url\":\"https:\/\/www.ladiagonale.net\/index.php\/2025\/03\/29\/les-compositions-singo-arriere-droit\/\",\"name\":\"Les compositions : Singo arri\u00e8re droit - La Diagonale\",\"isPartOf\":{\"@id\":\"https:\/\/www.ladiagonale.net\/#website\"},\"datePublished\":\"2025-03-29T19:21:03+00:00\",\"dateModified\":\"2025-03-29T19:25:53+00:00\",\"author\":{\"@id\":\"https:\/\/www.ladiagonale.net\/#\/schema\/person\/79ff1e7b0853ed01b2aa26e64ad300bf\"},\"breadcrumb\":{\"@id\":\"https:\/\/www.ladiagonale.net\/index.php\/2025\/03\/29\/les-compositions-singo-arriere-droit\/#breadcrumb\"},\"inLanguage\":\"fr-FR\",\"potentialAction\":[{\"@type\":\"ReadAction\",\"target\":[\"https:\/\/www.ladiagonale.net\/index.php\/2025\/03\/29\/les-compositions-singo-arriere-droit\/\"]}]},{\"@type\":\"BreadcrumbList\",\"@id\":\"https:\/\/www.ladiagonale.net\/index.php\/2025\/03\/29\/les-compositions-singo-arriere-droit\/#breadcrumb\",\"itemListElement\":[{\"@type\":\"ListItem\",\"position\":1,\"name\":\"Accueil\",\"item\":\"https:\/\/www.ladiagonale.net\/\"},{\"@type\":\"ListItem\",\"position\":2,\"name\":\"Les compositions : Singo arri\u00e8re droit\"}]},{\"@type\":\"WebSite\",\"@id\":\"https:\/\/www.ladiagonale.net\/#website\",\"url\":\"https:\/\/www.ladiagonale.net\/\",\"name\":\"La Diagonale\",\"description\":\"Le site des supporters de l&#039;AS Monaco FC\",\"potentialAction\":[{\"@type\":\"SearchAction\",\"target\":{\"@type\":\"EntryPoint\",\"urlTemplate\":\"https:\/\/www.ladiagonale.net\/?s={search_term_string}\"},\"query-input\":\"required name=search_term_string\"}],\"inLanguage\":\"fr-FR\"},{\"@type\":\"Person\",\"@id\":\"https:\/\/www.ladiagonale.net\/#\/schema\/person\/79ff1e7b0853ed01b2aa26e64ad300bf\",\"name\":\"Damien Dellerba\",\"image\":{\"@type\":\"ImageObject\",\"inLanguage\":\"fr-FR\",\"@id\":\"https:\/\/www.ladiagonale.net\/#\/schema\/person\/image\/\",\"url\":\"https:\/\/secure.gravatar.com\/avatar\/c7850e06d3ff63cdbaee88b7fc16e2f0?s=96&d=mm&r=g\",\"contentUrl\":\"https:\/\/secure.gravatar.com\/avatar\/c7850e06d3ff63cdbaee88b7fc16e2f0?s=96&d=mm&r=g\",\"caption\":\"Damien Dellerba\"},\"url\":\"https:\/\/www.ladiagonale.net\/index.php\/author\/damien\/\"}]}<\/script>\n<!-- \/ Yoast SEO plugin. -->","yoast_head_json":{"title":"Les compositions : Singo arri\u00e8re droit - La Diagonale","robots":{"index":"index","follow":"follow","max-snippet":"max-snippet:-1","max-image-preview":"max-image-preview:large","max-video-preview":"max-video-preview:-1"},"canonical":"https:\/\/www.ladiagonale.net\/index.php\/2025\/03\/29\/les-compositions-singo-arriere-droit\/","og_locale":"fr_FR","og_type":"article","og_title":"Les compositions : Singo arri\u00e8re droit - La Diagonale","og_description":"L&rsquo;AS Monaco \u00e9voluera en 4-4-2 ce samedi, \u00e0 l&rsquo;occasion du derby contre Nice. Adi H\u00fctter a titularis\u00e9 Wilfried Singo au poste de lat\u00e9ral droit \u00e0 la place de Vanderson, rentr\u00e9 tardivement de s\u00e9lection et apr\u00e8s un long voyage. En d\u00e9fense centrale, on trouvera Thilo Kehrer associ\u00e9 \u00e0 Christian Mawissa. Le milieu verra Denis Zakaria \u00e9voluer [...]","og_url":"https:\/\/www.ladiagonale.net\/index.php\/2025\/03\/29\/les-compositions-singo-arriere-droit\/","og_site_name":"La Diagonale","article_published_time":"2025-03-29T19:21:03+00:00","article_modified_time":"2025-03-29T19:25:53+00:00","og_image":[{"width":1160,"height":650,"url":"https:\/\/www.ladiagonale.net\/wp-content\/uploads\/2024\/09\/Singo-1.png","type":"image\/png"}],"author":"Damien Dellerba","twitter_card":"summary_large_image","twitter_image":"https:\/\/www.ladiagonale.net\/wp-content\/uploads\/2024\/09\/Singo-1.png","twitter_misc":{"\u00c9crit par":"Damien Dellerba","Dur\u00e9e de lecture estim\u00e9e":"1 minute"},"schema":{"@context":"https:\/\/schema.org","@graph":[{"@type":"WebPage","@id":"https:\/\/www.ladiagonale.net\/index.php\/2025\/03\/29\/les-compositions-singo-arriere-droit\/","url":"https:\/\/www.ladiagonale.net\/index.php\/2025\/03\/29\/les-compositions-singo-arriere-droit\/","name":"Les compositions : Singo arri\u00e8re droit - La Diagonale","isPartOf":{"@id":"https:\/\/www.ladiagonale.net\/#website"},"datePublished":"2025-03-29T19:21:03+00:00","dateModified":"2025-03-29T19:25:53+00:00","author":{"@id":"https:\/\/www.ladiagonale.net\/#\/schema\/person\/79ff1e7b0853ed01b2aa26e64ad300bf"},"breadcrumb":{"@id":"https:\/\/www.ladiagonale.net\/index.php\/2025\/03\/29\/les-compositions-singo-arriere-droit\/#breadcrumb"},"inLanguage":"fr-FR","potentialAction":[{"@type":"ReadAction","target":["https:\/\/www.ladiagonale.net\/index.php\/2025\/03\/29\/les-compositions-singo-arriere-droit\/"]}]},{"@type":"BreadcrumbList","@id":"https:\/\/www.ladiagonale.net\/index.php\/2025\/03\/29\/les-compositions-singo-arriere-droit\/#breadcrumb","itemListElement":[{"@type":"ListItem","position":1,"name":"Accueil","item":"https:\/\/www.ladiagonale.net\/"},{"@type":"ListItem","position":2,"name":"Les compositions : Singo arri\u00e8re droit"}]},{"@type":"WebSite","@id":"https:\/\/www.ladiagonale.net\/#website","url":"https:\/\/www.ladiagonale.net\/","name":"La Diagonale","description":"Le site des supporters de l&#039;AS Monaco FC","potentialAction":[{"@type":"SearchAction","target":{"@type":"EntryPoint","urlTemplate":"https:\/\/www.ladiagonale.net\/?s={search_term_string}"},"query-input":"required name=search_term_string"}],"inLanguage":"fr-FR"},{"@type":"Person","@id":"https:\/\/www.ladiagonale.net\/#\/schema\/person\/79ff1e7b0853ed01b2aa26e64ad300bf","name":"Damien Dellerba","image":{"@type":"ImageObject","inLanguage":"fr-FR","@id":"https:\/\/www.ladiagonale.net\/#\/schema\/person\/image\/","url":"https:\/\/secure.gravatar.com\/avatar\/c7850e06d3ff63cdbaee88b7fc16e2f0?s=96&d=mm&r=g","contentUrl":"https:\/\/secure.gravatar.com\/avatar\/c7850e06d3ff63cdbaee88b7fc16e2f0?s=96&d=mm&r=g","caption":"Damien Dellerba"},"url":"https:\/\/www.ladiagonale.net\/index.php\/author\/damien\/"}]}},"_links":{"self":[{"href":"https:\/\/www.ladiagonale.net\/index.php\/wp-json\/wp\/v2\/posts\/30666"}],"collection":[{"href":"https:\/\/www.ladiagonale.net\/index.php\/wp-json\/wp\/v2\/posts"}],"about":[{"href":"https:\/\/www.ladiagonale.net\/index.php\/wp-json\/wp\/v2\/types\/post"}],"author":[{"embeddable":true,"href":"https:\/\/www.ladiagonale.net\/index.php\/wp-json\/wp\/v2\/users\/2"}],"replies":[{"embeddable":true,"href":"https:\/\/www.ladiagonale.net\/index.php\/wp-json\/wp\/v2\/comments?post=30666"}],"version-history":[{"count":3,"href":"https:\/\/www.ladiagonale.net\/index.php\/wp-json\/wp\/v2\/posts\/30666\/revisions"}],"predecessor-version":[{"id":30670,"href":"https:\/\/www.ladiagonale.net\/index.php\/wp-json\/wp\/v2\/posts\/30666\/revisions\/30670"}],"wp:attachment":[{"href":"https:\/\/www.ladiagonale.net\/index.php\/wp-json\/wp\/v2\/media?parent=30666"}],"wp:term":[{"taxonomy":"category","embeddable":true,"href":"https:\/\/www.ladiagonale.net\/index.php\/wp-json\/wp\/v2\/categories?post=30666"},{"taxonomy":"post_tag","embeddable":true,"href":"https:\/\/www.ladiagonale.net\/index.php\/wp-json\/wp\/v2\/tags?post=30666"}],"curies":[{"name":"wp","href":"https:\/\/api.w.org\/{rel}","templated":true}]}}