{"id":30763,"date":"2025-04-03T00:11:25","date_gmt":"2025-04-02T22:11:25","guid":{"rendered":"https:\/\/www.ladiagonale.net\/?p=30763"},"modified":"2025-04-03T01:12:31","modified_gmt":"2025-04-02T23:12:31","slug":"scuro-creer-une-relation-forte-avec-saint-priest","status":"publish","type":"post","link":"https:\/\/www.ladiagonale.net\/index.php\/2025\/04\/03\/scuro-creer-une-relation-forte-avec-saint-priest\/","title":{"rendered":"Scuro : \u00ab\u00a0Cr\u00e9er une relation forte avec Saint-Priest\u00a0\u00bb"},"content":{"rendered":"\n\n\n<p>S\u2019il n\u2019\u00e9tait pas pr\u00e9sent le 25 mars pour <a href=\"https:\/\/www.ladiagonale.net\/index.php\/2025\/03\/25\/partenariat-signe-entre-monaco-et-saint-priest-renouvele-avec-versailles\/\" target=\"_blank\" rel=\"noreferrer noopener\">la signature du partenariat entre l\u2019AS Monaco et l\u2019AS Saint-Priest<\/a>, Thiago Scuro a tout de m\u00eame \u00e9voqu\u00e9 cette nouvelle collaboration pour <em>Foot Mercato<\/em>. Le Br\u00e9silien a \u00e9nonc\u00e9 les b\u00e9n\u00e9fices pour l\u2019ASM : \u00ab\u00a0<em>Ce partenariat s\u2019inscrit dans la strat\u00e9gie de d\u00e9veloppement de l\u2019AS Monaco en mati\u00e8re de d\u00e9tection, de formation et d\u2019accompagnement des jeunes joueurs vers le plus haut niveau. C\u2019est un partenariat gagnant-gagnant, le but \u00e9tant d\u2019\u00e9tendre le champ d\u2019observation et de pr\u00e9sence de l\u2019AS Monaco tout en partageant notre savoir-faire, ce que nous faisons chez nous, ainsi que les ressources dont nous pouvons leur faire profiter.<\/em>\u00a0\u00bb<\/p>\n\n\n\n<p>Pour le Directeur g\u00e9n\u00e9ral de l\u2019ASM, cela permet au club de mettre un pied dans une r\u00e9gion o\u00f9 les joueurs de talent foisonnent : \u00ab&nbsp;<em>Cette saison, nous avons 6 joueurs du centre de formation dans l\u2019\u00e9quipe professionnelle. Nous investissons dans la formation pour am\u00e9liorer ce chiffre dans le futur. C\u2019est une partie importante de notre strat\u00e9gie \u00e0 long terme. Nous avons des conditions propices, \u00e0 Monaco, \u00e0 l\u2019\u00e9panouissement des jeunes et \u00e0 leur d\u00e9veloppement. Le partenariat avec Saint-Priest, dans une r\u00e9gion qui est connue pour \u00eatre un vivier de footballeurs important en France, s\u2019inscrit dans cette logique.&nbsp;<\/em>\u00bb<\/p>\n\n\n\n<p>\u00c0 l\u2019image de <a href=\"https:\/\/www.ladiagonale.net\/index.php\/2025\/04\/02\/une-premiere-recrue-pour-lacademy-en-provenance-de-saint-priest\/\" target=\"_blank\" rel=\"noreferrer noopener\">Jassim Djelloul Bench\u00e9rif<\/a>, cela permettra \u00e0 certains jeunes de rejoindre Monaco, mais pas seulement pour Scuro : \u00ab&nbsp;<em>La volont\u00e9 est de cr\u00e9er une relation forte avec Saint Priest. Ce partenariat pr\u00e9voit la possibilit\u00e9 pour des profils de l\u2019ASSP de nous rejoindre, mais pas uniquement. L\u2019ambition est d\u2019\u00eatre pr\u00e9sent \u00e0 leurs c\u00f4t\u00e9s, de partager nos connaissances en mati\u00e8re de recrutement, d\u2019entra\u00eenement et d\u2019encadrement des joueurs. Nous croyons fort dans cette notion de collaboration et d\u2019\u00e9changes, car nous avons aussi beaucoup \u00e0 apprendre de Saint-Priest, tout comme du FC Versailles. Nous souhaitons grandir ensemble.<\/em>&nbsp;\u00bb<\/p>\n","protected":false},"excerpt":{"rendered":"<p>S\u2019il n\u2019\u00e9tait pas pr\u00e9sent le 25 mars pour la signature du partenariat entre l\u2019AS Monaco et l\u2019AS Saint-Priest, Thiago Scuro a tout de m\u00eame \u00e9voqu\u00e9 cette nouvelle collaboration pour Foot Mercato. Le Br\u00e9silien a \u00e9nonc\u00e9 les b\u00e9n\u00e9fices pour l\u2019ASM : \u00ab\u00a0Ce partenariat s\u2019inscrit dans la strat\u00e9gie de d\u00e9veloppement de l\u2019AS Monaco en mati\u00e8re de d\u00e9tection, [&#8230;]\n","protected":false},"author":2,"featured_media":0,"comment_status":"open","ping_status":"open","sticky":false,"template":"","format":"standard","meta":[],"categories":[6],"tags":[76,86,1010,465,479],"yoast_head":"<!-- This site is optimized with the Yoast SEO plugin v19.8 - https:\/\/yoast.com\/wordpress\/plugins\/seo\/ -->\n<title>Scuro : \u00ab\u00a0Cr\u00e9er une relation forte avec Saint-Priest\u00a0\u00bb - La Diagonale<\/title>\n<meta name=\"robots\" content=\"index, follow, max-snippet:-1, max-image-preview:large, max-video-preview:-1\" \/>\n<link rel=\"canonical\" href=\"https:\/\/www.ladiagonale.net\/index.php\/2025\/04\/03\/scuro-creer-une-relation-forte-avec-saint-priest\/\" \/>\n<meta property=\"og:locale\" content=\"fr_FR\" \/>\n<meta property=\"og:type\" content=\"article\" \/>\n<meta property=\"og:title\" content=\"Scuro : \u00ab\u00a0Cr\u00e9er une relation forte avec Saint-Priest\u00a0\u00bb - La Diagonale\" \/>\n<meta property=\"og:description\" content=\"S\u2019il n\u2019\u00e9tait pas pr\u00e9sent le 25 mars pour la signature du partenariat entre l\u2019AS Monaco et l\u2019AS Saint-Priest, Thiago Scuro a tout de m\u00eame \u00e9voqu\u00e9 cette nouvelle collaboration pour Foot Mercato. Le Br\u00e9silien a \u00e9nonc\u00e9 les b\u00e9n\u00e9fices pour l\u2019ASM : \u00ab\u00a0Ce partenariat s\u2019inscrit dans la strat\u00e9gie de d\u00e9veloppement de l\u2019AS Monaco en mati\u00e8re de d\u00e9tection, [...]\" \/>\n<meta property=\"og:url\" content=\"https:\/\/www.ladiagonale.net\/index.php\/2025\/04\/03\/scuro-creer-une-relation-forte-avec-saint-priest\/\" \/>\n<meta property=\"og:site_name\" content=\"La Diagonale\" \/>\n<meta property=\"article:published_time\" content=\"2025-04-02T22:11:25+00:00\" \/>\n<meta property=\"article:modified_time\" content=\"2025-04-02T23:12:31+00:00\" \/>\n<meta property=\"og:image\" content=\"https:\/\/www.ladiagonale.net\/wp-content\/uploads\/2024\/01\/scuro-2.png\" \/>\n\t<meta property=\"og:image:width\" content=\"1160\" \/>\n\t<meta property=\"og:image:height\" content=\"650\" \/>\n\t<meta property=\"og:image:type\" content=\"image\/png\" \/>\n<meta name=\"author\" content=\"Damien Dellerba\" \/>\n<meta name=\"twitter:card\" content=\"summary_large_image\" \/>\n<meta name=\"twitter:image\" content=\"https:\/\/www.ladiagonale.net\/wp-content\/uploads\/2024\/01\/scuro-2.png\" \/>\n<meta name=\"twitter:label1\" content=\"\u00c9crit par\" \/>\n\t<meta name=\"twitter:data1\" content=\"Damien Dellerba\" \/>\n\t<meta name=\"twitter:label2\" content=\"Dur\u00e9e de lecture estim\u00e9e\" \/>\n\t<meta name=\"twitter:data2\" content=\"2 minutes\" \/>\n<script type=\"application\/ld+json\" class=\"yoast-schema-graph\">{\"@context\":\"https:\/\/schema.org\",\"@graph\":[{\"@type\":\"WebPage\",\"@id\":\"https:\/\/www.ladiagonale.net\/index.php\/2025\/04\/03\/scuro-creer-une-relation-forte-avec-saint-priest\/\",\"url\":\"https:\/\/www.ladiagonale.net\/index.php\/2025\/04\/03\/scuro-creer-une-relation-forte-avec-saint-priest\/\",\"name\":\"Scuro : \u00ab\u00a0Cr\u00e9er une relation forte avec Saint-Priest\u00a0\u00bb - La Diagonale\",\"isPartOf\":{\"@id\":\"https:\/\/www.ladiagonale.net\/#website\"},\"datePublished\":\"2025-04-02T22:11:25+00:00\",\"dateModified\":\"2025-04-02T23:12:31+00:00\",\"author\":{\"@id\":\"https:\/\/www.ladiagonale.net\/#\/schema\/person\/79ff1e7b0853ed01b2aa26e64ad300bf\"},\"breadcrumb\":{\"@id\":\"https:\/\/www.ladiagonale.net\/index.php\/2025\/04\/03\/scuro-creer-une-relation-forte-avec-saint-priest\/#breadcrumb\"},\"inLanguage\":\"fr-FR\",\"potentialAction\":[{\"@type\":\"ReadAction\",\"target\":[\"https:\/\/www.ladiagonale.net\/index.php\/2025\/04\/03\/scuro-creer-une-relation-forte-avec-saint-priest\/\"]}]},{\"@type\":\"BreadcrumbList\",\"@id\":\"https:\/\/www.ladiagonale.net\/index.php\/2025\/04\/03\/scuro-creer-une-relation-forte-avec-saint-priest\/#breadcrumb\",\"itemListElement\":[{\"@type\":\"ListItem\",\"position\":1,\"name\":\"Accueil\",\"item\":\"https:\/\/www.ladiagonale.net\/\"},{\"@type\":\"ListItem\",\"position\":2,\"name\":\"Scuro : \u00ab\u00a0Cr\u00e9er une relation forte avec Saint-Priest\u00a0\u00bb\"}]},{\"@type\":\"WebSite\",\"@id\":\"https:\/\/www.ladiagonale.net\/#website\",\"url\":\"https:\/\/www.ladiagonale.net\/\",\"name\":\"La Diagonale\",\"description\":\"Le site des supporters de l&#039;AS Monaco FC\",\"potentialAction\":[{\"@type\":\"SearchAction\",\"target\":{\"@type\":\"EntryPoint\",\"urlTemplate\":\"https:\/\/www.ladiagonale.net\/?s={search_term_string}\"},\"query-input\":\"required name=search_term_string\"}],\"inLanguage\":\"fr-FR\"},{\"@type\":\"Person\",\"@id\":\"https:\/\/www.ladiagonale.net\/#\/schema\/person\/79ff1e7b0853ed01b2aa26e64ad300bf\",\"name\":\"Damien Dellerba\",\"image\":{\"@type\":\"ImageObject\",\"inLanguage\":\"fr-FR\",\"@id\":\"https:\/\/www.ladiagonale.net\/#\/schema\/person\/image\/\",\"url\":\"https:\/\/secure.gravatar.com\/avatar\/c7850e06d3ff63cdbaee88b7fc16e2f0?s=96&d=mm&r=g\",\"contentUrl\":\"https:\/\/secure.gravatar.com\/avatar\/c7850e06d3ff63cdbaee88b7fc16e2f0?s=96&d=mm&r=g\",\"caption\":\"Damien Dellerba\"},\"url\":\"https:\/\/www.ladiagonale.net\/index.php\/author\/damien\/\"}]}<\/script>\n<!-- \/ Yoast SEO plugin. -->","yoast_head_json":{"title":"Scuro : \u00ab\u00a0Cr\u00e9er une relation forte avec Saint-Priest\u00a0\u00bb - La Diagonale","robots":{"index":"index","follow":"follow","max-snippet":"max-snippet:-1","max-image-preview":"max-image-preview:large","max-video-preview":"max-video-preview:-1"},"canonical":"https:\/\/www.ladiagonale.net\/index.php\/2025\/04\/03\/scuro-creer-une-relation-forte-avec-saint-priest\/","og_locale":"fr_FR","og_type":"article","og_title":"Scuro : \u00ab\u00a0Cr\u00e9er une relation forte avec Saint-Priest\u00a0\u00bb - La Diagonale","og_description":"S\u2019il n\u2019\u00e9tait pas pr\u00e9sent le 25 mars pour la signature du partenariat entre l\u2019AS Monaco et l\u2019AS Saint-Priest, Thiago Scuro a tout de m\u00eame \u00e9voqu\u00e9 cette nouvelle collaboration pour Foot Mercato. Le Br\u00e9silien a \u00e9nonc\u00e9 les b\u00e9n\u00e9fices pour l\u2019ASM : \u00ab\u00a0Ce partenariat s\u2019inscrit dans la strat\u00e9gie de d\u00e9veloppement de l\u2019AS Monaco en mati\u00e8re de d\u00e9tection, [...]","og_url":"https:\/\/www.ladiagonale.net\/index.php\/2025\/04\/03\/scuro-creer-une-relation-forte-avec-saint-priest\/","og_site_name":"La Diagonale","article_published_time":"2025-04-02T22:11:25+00:00","article_modified_time":"2025-04-02T23:12:31+00:00","og_image":[{"width":1160,"height":650,"url":"https:\/\/www.ladiagonale.net\/wp-content\/uploads\/2024\/01\/scuro-2.png","type":"image\/png"}],"author":"Damien Dellerba","twitter_card":"summary_large_image","twitter_image":"https:\/\/www.ladiagonale.net\/wp-content\/uploads\/2024\/01\/scuro-2.png","twitter_misc":{"\u00c9crit par":"Damien Dellerba","Dur\u00e9e de lecture estim\u00e9e":"2 minutes"},"schema":{"@context":"https:\/\/schema.org","@graph":[{"@type":"WebPage","@id":"https:\/\/www.ladiagonale.net\/index.php\/2025\/04\/03\/scuro-creer-une-relation-forte-avec-saint-priest\/","url":"https:\/\/www.ladiagonale.net\/index.php\/2025\/04\/03\/scuro-creer-une-relation-forte-avec-saint-priest\/","name":"Scuro : \u00ab\u00a0Cr\u00e9er une relation forte avec Saint-Priest\u00a0\u00bb - La Diagonale","isPartOf":{"@id":"https:\/\/www.ladiagonale.net\/#website"},"datePublished":"2025-04-02T22:11:25+00:00","dateModified":"2025-04-02T23:12:31+00:00","author":{"@id":"https:\/\/www.ladiagonale.net\/#\/schema\/person\/79ff1e7b0853ed01b2aa26e64ad300bf"},"breadcrumb":{"@id":"https:\/\/www.ladiagonale.net\/index.php\/2025\/04\/03\/scuro-creer-une-relation-forte-avec-saint-priest\/#breadcrumb"},"inLanguage":"fr-FR","potentialAction":[{"@type":"ReadAction","target":["https:\/\/www.ladiagonale.net\/index.php\/2025\/04\/03\/scuro-creer-une-relation-forte-avec-saint-priest\/"]}]},{"@type":"BreadcrumbList","@id":"https:\/\/www.ladiagonale.net\/index.php\/2025\/04\/03\/scuro-creer-une-relation-forte-avec-saint-priest\/#breadcrumb","itemListElement":[{"@type":"ListItem","position":1,"name":"Accueil","item":"https:\/\/www.ladiagonale.net\/"},{"@type":"ListItem","position":2,"name":"Scuro : \u00ab\u00a0Cr\u00e9er une relation forte avec Saint-Priest\u00a0\u00bb"}]},{"@type":"WebSite","@id":"https:\/\/www.ladiagonale.net\/#website","url":"https:\/\/www.ladiagonale.net\/","name":"La Diagonale","description":"Le site des supporters de l&#039;AS Monaco FC","potentialAction":[{"@type":"SearchAction","target":{"@type":"EntryPoint","urlTemplate":"https:\/\/www.ladiagonale.net\/?s={search_term_string}"},"query-input":"required name=search_term_string"}],"inLanguage":"fr-FR"},{"@type":"Person","@id":"https:\/\/www.ladiagonale.net\/#\/schema\/person\/79ff1e7b0853ed01b2aa26e64ad300bf","name":"Damien Dellerba","image":{"@type":"ImageObject","inLanguage":"fr-FR","@id":"https:\/\/www.ladiagonale.net\/#\/schema\/person\/image\/","url":"https:\/\/secure.gravatar.com\/avatar\/c7850e06d3ff63cdbaee88b7fc16e2f0?s=96&d=mm&r=g","contentUrl":"https:\/\/secure.gravatar.com\/avatar\/c7850e06d3ff63cdbaee88b7fc16e2f0?s=96&d=mm&r=g","caption":"Damien Dellerba"},"url":"https:\/\/www.ladiagonale.net\/index.php\/author\/damien\/"}]}},"_links":{"self":[{"href":"https:\/\/www.ladiagonale.net\/index.php\/wp-json\/wp\/v2\/posts\/30763"}],"collection":[{"href":"https:\/\/www.ladiagonale.net\/index.php\/wp-json\/wp\/v2\/posts"}],"about":[{"href":"https:\/\/www.ladiagonale.net\/index.php\/wp-json\/wp\/v2\/types\/post"}],"author":[{"embeddable":true,"href":"https:\/\/www.ladiagonale.net\/index.php\/wp-json\/wp\/v2\/users\/2"}],"replies":[{"embeddable":true,"href":"https:\/\/www.ladiagonale.net\/index.php\/wp-json\/wp\/v2\/comments?post=30763"}],"version-history":[{"count":2,"href":"https:\/\/www.ladiagonale.net\/index.php\/wp-json\/wp\/v2\/posts\/30763\/revisions"}],"predecessor-version":[{"id":30765,"href":"https:\/\/www.ladiagonale.net\/index.php\/wp-json\/wp\/v2\/posts\/30763\/revisions\/30765"}],"wp:attachment":[{"href":"https:\/\/www.ladiagonale.net\/index.php\/wp-json\/wp\/v2\/media?parent=30763"}],"wp:term":[{"taxonomy":"category","embeddable":true,"href":"https:\/\/www.ladiagonale.net\/index.php\/wp-json\/wp\/v2\/categories?post=30763"},{"taxonomy":"post_tag","embeddable":true,"href":"https:\/\/www.ladiagonale.net\/index.php\/wp-json\/wp\/v2\/tags?post=30763"}],"curies":[{"name":"wp","href":"https:\/\/api.w.org\/{rel}","templated":true}]}}