{"id":30777,"date":"2025-04-03T16:50:58","date_gmt":"2025-04-03T14:50:58","guid":{"rendered":"https:\/\/www.ladiagonale.net\/?p=30777"},"modified":"2025-04-03T16:50:59","modified_gmt":"2025-04-03T14:50:59","slug":"embolo-reste-flou-sur-son-futur","status":"publish","type":"post","link":"https:\/\/www.ladiagonale.net\/index.php\/2025\/04\/03\/embolo-reste-flou-sur-son-futur\/","title":{"rendered":"Embolo reste flou sur son futur"},"content":{"rendered":"\n<p>Le sprint final a d\u00e9but\u00e9 et il ne reste plus que sept rencontres \u00e0 disputer. C\u2019est sur cela que Breel Embolo souhaite porter toute son attention, plut\u00f4t que sur son contrat, qui expire en 2026. Il y a quelques semaines, <em>L\u2019\u00c9quipe<\/em> indiquait que des n\u00e9gociations pour une prolongation n\u2019avaient pas d\u00e9but\u00e9, et sans doute que les performances de l\u2019attaquant cette saison n\u2019ont pas aid\u00e9. Lourdement bless\u00e9 \u00e0 un genou la saison pass\u00e9e, le joueur de 28 ans a mis longtemps \u00e0 r\u00e9cup\u00e9rer toutes ses facult\u00e9s.<\/p>\n\n\n\n<p>Interrog\u00e9 sur son avenir en conf\u00e9rence de presse, le Suisse n\u2019a pas franchement donn\u00e9 plus d\u2019informations, comme le rapporte <em><a href=\"https:\/\/www.getfootballnewsfrance.com\/2025\/breel-embolos-monaco-future-remains-unclear\/\" target=\"_blank\" rel=\"noreferrer noopener\">Get Football France<\/a><\/em> : \u00ab <em>Mon avenir c\u2019est de tout donner, comme tout le monde au club, pour se qualifier pour la Ligue des Champions encore. Apr\u00e8s, si \u00e7a sera avec ou sans moi, on verra. Mon but c\u2019est de bien finir la saison, comme on a fait la saison derni\u00e8re.<\/em> \u00bb<\/p>\n\n\n\n<p>De son c\u00f4t\u00e9, Adi H\u00fctter n\u2019a pas \u00e9t\u00e9 beaucoup plus loquace sur la situation contractuelle de son attaquant et capitaine n\u00b03 dans la hi\u00e9rarchie : \u00ab\u00a0<em>Aujourd&rsquo;hui, tout le monde au club se concentre sur la derni\u00e8re ligne droite, sur la r\u00e9alisation de nos grands objectifs, \u00e0 savoir participer \u00e0 la Ligue des champions l&rsquo;ann\u00e9e prochaine. Il est sous contrat jusqu&rsquo;en 2026, et c&rsquo;est tout ce que j&rsquo;ai \u00e0 dire.<\/em>\u00a0\u00bb<\/p>\n\n\n\n<blockquote class=\"wp-block-quote\"><p>\u00ab\u00a0Il a montr\u00e9 toute sa puissance et son \u00e9nergie\u00a0\u00bb<\/p><cite>Adi H\u00fctter, \u00e0 propos du but de Breel Embolo contre Nice<\/cite><\/blockquote>\n\n\n\n<p>Les sp\u00e9culations sur l&rsquo;avenir de l&rsquo;ancien joueur de B\u00e2le ont \u00e9t\u00e9 nombreuses depuis un an. Ses nouveaux repr\u00e9sentants avaient <a href=\"https:\/\/www.ladiagonale.net\/index.php\/2024\/06\/26\/un-depart-dembolo-ne-serait-pas-a-exclure\/\" target=\"_blank\" rel=\"noreferrer noopener\">t\u00e2t\u00e9 le terrain du c\u00f4t\u00e9 du Bayern Munich<\/a> l&rsquo;\u00e9t\u00e9 dernier, et L&rsquo;\u00c9quipe avait rapport\u00e9 une proposition d&rsquo;\u00e9change de la part du club de la Principaut\u00e9 <a href=\"https:\/\/www.ladiagonale.net\/index.php\/2025\/01\/28\/un-echange-embolo-tel-envisage\/\" target=\"_blank\" rel=\"noreferrer noopener\">entre lui et Mathys Tel<\/a> au cours du dernier mercato hivernal. Tottenham, C\u00f4me et Galatasaray \u00e9taient aussi sur les rangs, et m\u00eame si Embolo est finalement rest\u00e9, l&rsquo;id\u00e9e de se s\u00e9parer du Suisse semble avoir fait son chemin sur le Rocher.<\/p>\n\n\n\n<p>H\u00fctter a tout de m\u00eame d\u00e9fendu ses performances r\u00e9centes, jeudi, au cours de la conf\u00e9rence de presse : \u00ab\u00a0<em>Il a en effet peut-\u00eatre retrouv\u00e9 de la confiance. Par le pass\u00e9, nous jouions plus souvent en 4-2-3-1, la d\u00e9fense adverse \u00e9tait plus concentr\u00e9e sur lui, ce qui est peut-\u00eatre moins le cas depuis l\u2019arriv\u00e9e de Mika (Biereth), qui obnubile l\u2019attention des d\u00e9fenseurs car il marque beaucoup.<\/em> <em>(&#8230;) La mani\u00e8re dont il a marqu\u00e9 (contre Nice) \u00e9tait remarquable, c\u2019est ce qu\u2019on attend de lui. Il a montr\u00e9 toute sa puissance et son \u00e9nergie.<\/em>\u00a0\u00bb<\/p>\n\n\n\n<p>Cette saison, Embolo a \u00e9t\u00e9 d\u00e9cisif \u00e0 13 reprises en 36 rencontres, avec six buts et sept passes d\u00e9cisives. Un bilan loin d\u2019\u00eatre satisfaisant, en raison de sa trop grande maladresse devant le but. Lors de sa premi\u00e8re saison en Principaut\u00e9, il avait sign\u00e9 14 buts pour sept passes d\u00e9cisives en 42 apparitions.<\/p>\n\n\n","protected":false},"excerpt":{"rendered":"<p>Le sprint final a d\u00e9but\u00e9 et il ne reste plus que sept rencontres \u00e0 disputer. C\u2019est sur cela que Breel Embolo souhaite porter toute son attention, plut\u00f4t que sur son contrat, qui expire en 2026. Il y a quelques semaines, L\u2019\u00c9quipe indiquait que des n\u00e9gociations pour une prolongation n\u2019avaient pas d\u00e9but\u00e9, et sans doute que [&#8230;]\n","protected":false},"author":2,"featured_media":25818,"comment_status":"open","ping_status":"open","sticky":false,"template":"","format":"standard","meta":[],"categories":[5,6],"tags":[86,161],"yoast_head":"<!-- This site is optimized with the Yoast SEO plugin v19.8 - https:\/\/yoast.com\/wordpress\/plugins\/seo\/ -->\n<title>Embolo reste flou sur son futur - La Diagonale<\/title>\n<meta name=\"robots\" content=\"index, follow, max-snippet:-1, max-image-preview:large, max-video-preview:-1\" \/>\n<link rel=\"canonical\" href=\"https:\/\/www.ladiagonale.net\/index.php\/2025\/04\/03\/embolo-reste-flou-sur-son-futur\/\" \/>\n<meta property=\"og:locale\" content=\"fr_FR\" \/>\n<meta property=\"og:type\" content=\"article\" \/>\n<meta property=\"og:title\" content=\"Embolo reste flou sur son futur - La Diagonale\" \/>\n<meta property=\"og:description\" content=\"Le sprint final a d\u00e9but\u00e9 et il ne reste plus que sept rencontres \u00e0 disputer. C\u2019est sur cela que Breel Embolo souhaite porter toute son attention, plut\u00f4t que sur son contrat, qui expire en 2026. Il y a quelques semaines, L\u2019\u00c9quipe indiquait que des n\u00e9gociations pour une prolongation n\u2019avaient pas d\u00e9but\u00e9, et sans doute que [...]\" \/>\n<meta property=\"og:url\" content=\"https:\/\/www.ladiagonale.net\/index.php\/2025\/04\/03\/embolo-reste-flou-sur-son-futur\/\" \/>\n<meta property=\"og:site_name\" content=\"La Diagonale\" \/>\n<meta property=\"article:published_time\" content=\"2025-04-03T14:50:58+00:00\" \/>\n<meta property=\"article:modified_time\" content=\"2025-04-03T14:50:59+00:00\" \/>\n<meta property=\"og:image\" content=\"https:\/\/www.ladiagonale.net\/wp-content\/uploads\/2024\/09\/Embolo2425.png\" \/>\n\t<meta property=\"og:image:width\" content=\"1160\" \/>\n\t<meta property=\"og:image:height\" content=\"650\" \/>\n\t<meta property=\"og:image:type\" content=\"image\/png\" \/>\n<meta name=\"author\" content=\"Damien Dellerba\" \/>\n<meta name=\"twitter:card\" content=\"summary_large_image\" \/>\n<meta name=\"twitter:image\" content=\"https:\/\/www.ladiagonale.net\/wp-content\/uploads\/2024\/09\/Embolo2425.png\" \/>\n<meta name=\"twitter:label1\" content=\"\u00c9crit par\" \/>\n\t<meta name=\"twitter:data1\" content=\"Damien Dellerba\" \/>\n\t<meta name=\"twitter:label2\" content=\"Dur\u00e9e de lecture estim\u00e9e\" \/>\n\t<meta name=\"twitter:data2\" content=\"3 minutes\" \/>\n<script type=\"application\/ld+json\" class=\"yoast-schema-graph\">{\"@context\":\"https:\/\/schema.org\",\"@graph\":[{\"@type\":\"WebPage\",\"@id\":\"https:\/\/www.ladiagonale.net\/index.php\/2025\/04\/03\/embolo-reste-flou-sur-son-futur\/\",\"url\":\"https:\/\/www.ladiagonale.net\/index.php\/2025\/04\/03\/embolo-reste-flou-sur-son-futur\/\",\"name\":\"Embolo reste flou sur son futur - La Diagonale\",\"isPartOf\":{\"@id\":\"https:\/\/www.ladiagonale.net\/#website\"},\"datePublished\":\"2025-04-03T14:50:58+00:00\",\"dateModified\":\"2025-04-03T14:50:59+00:00\",\"author\":{\"@id\":\"https:\/\/www.ladiagonale.net\/#\/schema\/person\/79ff1e7b0853ed01b2aa26e64ad300bf\"},\"breadcrumb\":{\"@id\":\"https:\/\/www.ladiagonale.net\/index.php\/2025\/04\/03\/embolo-reste-flou-sur-son-futur\/#breadcrumb\"},\"inLanguage\":\"fr-FR\",\"potentialAction\":[{\"@type\":\"ReadAction\",\"target\":[\"https:\/\/www.ladiagonale.net\/index.php\/2025\/04\/03\/embolo-reste-flou-sur-son-futur\/\"]}]},{\"@type\":\"BreadcrumbList\",\"@id\":\"https:\/\/www.ladiagonale.net\/index.php\/2025\/04\/03\/embolo-reste-flou-sur-son-futur\/#breadcrumb\",\"itemListElement\":[{\"@type\":\"ListItem\",\"position\":1,\"name\":\"Accueil\",\"item\":\"https:\/\/www.ladiagonale.net\/\"},{\"@type\":\"ListItem\",\"position\":2,\"name\":\"Embolo reste flou sur son futur\"}]},{\"@type\":\"WebSite\",\"@id\":\"https:\/\/www.ladiagonale.net\/#website\",\"url\":\"https:\/\/www.ladiagonale.net\/\",\"name\":\"La Diagonale\",\"description\":\"Le site des supporters de l&#039;AS Monaco FC\",\"potentialAction\":[{\"@type\":\"SearchAction\",\"target\":{\"@type\":\"EntryPoint\",\"urlTemplate\":\"https:\/\/www.ladiagonale.net\/?s={search_term_string}\"},\"query-input\":\"required name=search_term_string\"}],\"inLanguage\":\"fr-FR\"},{\"@type\":\"Person\",\"@id\":\"https:\/\/www.ladiagonale.net\/#\/schema\/person\/79ff1e7b0853ed01b2aa26e64ad300bf\",\"name\":\"Damien Dellerba\",\"image\":{\"@type\":\"ImageObject\",\"inLanguage\":\"fr-FR\",\"@id\":\"https:\/\/www.ladiagonale.net\/#\/schema\/person\/image\/\",\"url\":\"https:\/\/secure.gravatar.com\/avatar\/c7850e06d3ff63cdbaee88b7fc16e2f0?s=96&d=mm&r=g\",\"contentUrl\":\"https:\/\/secure.gravatar.com\/avatar\/c7850e06d3ff63cdbaee88b7fc16e2f0?s=96&d=mm&r=g\",\"caption\":\"Damien Dellerba\"},\"url\":\"https:\/\/www.ladiagonale.net\/index.php\/author\/damien\/\"}]}<\/script>\n<!-- \/ Yoast SEO plugin. -->","yoast_head_json":{"title":"Embolo reste flou sur son futur - La Diagonale","robots":{"index":"index","follow":"follow","max-snippet":"max-snippet:-1","max-image-preview":"max-image-preview:large","max-video-preview":"max-video-preview:-1"},"canonical":"https:\/\/www.ladiagonale.net\/index.php\/2025\/04\/03\/embolo-reste-flou-sur-son-futur\/","og_locale":"fr_FR","og_type":"article","og_title":"Embolo reste flou sur son futur - La Diagonale","og_description":"Le sprint final a d\u00e9but\u00e9 et il ne reste plus que sept rencontres \u00e0 disputer. C\u2019est sur cela que Breel Embolo souhaite porter toute son attention, plut\u00f4t que sur son contrat, qui expire en 2026. Il y a quelques semaines, L\u2019\u00c9quipe indiquait que des n\u00e9gociations pour une prolongation n\u2019avaient pas d\u00e9but\u00e9, et sans doute que [...]","og_url":"https:\/\/www.ladiagonale.net\/index.php\/2025\/04\/03\/embolo-reste-flou-sur-son-futur\/","og_site_name":"La Diagonale","article_published_time":"2025-04-03T14:50:58+00:00","article_modified_time":"2025-04-03T14:50:59+00:00","og_image":[{"width":1160,"height":650,"url":"https:\/\/www.ladiagonale.net\/wp-content\/uploads\/2024\/09\/Embolo2425.png","type":"image\/png"}],"author":"Damien Dellerba","twitter_card":"summary_large_image","twitter_image":"https:\/\/www.ladiagonale.net\/wp-content\/uploads\/2024\/09\/Embolo2425.png","twitter_misc":{"\u00c9crit par":"Damien Dellerba","Dur\u00e9e de lecture estim\u00e9e":"3 minutes"},"schema":{"@context":"https:\/\/schema.org","@graph":[{"@type":"WebPage","@id":"https:\/\/www.ladiagonale.net\/index.php\/2025\/04\/03\/embolo-reste-flou-sur-son-futur\/","url":"https:\/\/www.ladiagonale.net\/index.php\/2025\/04\/03\/embolo-reste-flou-sur-son-futur\/","name":"Embolo reste flou sur son futur - La Diagonale","isPartOf":{"@id":"https:\/\/www.ladiagonale.net\/#website"},"datePublished":"2025-04-03T14:50:58+00:00","dateModified":"2025-04-03T14:50:59+00:00","author":{"@id":"https:\/\/www.ladiagonale.net\/#\/schema\/person\/79ff1e7b0853ed01b2aa26e64ad300bf"},"breadcrumb":{"@id":"https:\/\/www.ladiagonale.net\/index.php\/2025\/04\/03\/embolo-reste-flou-sur-son-futur\/#breadcrumb"},"inLanguage":"fr-FR","potentialAction":[{"@type":"ReadAction","target":["https:\/\/www.ladiagonale.net\/index.php\/2025\/04\/03\/embolo-reste-flou-sur-son-futur\/"]}]},{"@type":"BreadcrumbList","@id":"https:\/\/www.ladiagonale.net\/index.php\/2025\/04\/03\/embolo-reste-flou-sur-son-futur\/#breadcrumb","itemListElement":[{"@type":"ListItem","position":1,"name":"Accueil","item":"https:\/\/www.ladiagonale.net\/"},{"@type":"ListItem","position":2,"name":"Embolo reste flou sur son futur"}]},{"@type":"WebSite","@id":"https:\/\/www.ladiagonale.net\/#website","url":"https:\/\/www.ladiagonale.net\/","name":"La Diagonale","description":"Le site des supporters de l&#039;AS Monaco FC","potentialAction":[{"@type":"SearchAction","target":{"@type":"EntryPoint","urlTemplate":"https:\/\/www.ladiagonale.net\/?s={search_term_string}"},"query-input":"required name=search_term_string"}],"inLanguage":"fr-FR"},{"@type":"Person","@id":"https:\/\/www.ladiagonale.net\/#\/schema\/person\/79ff1e7b0853ed01b2aa26e64ad300bf","name":"Damien Dellerba","image":{"@type":"ImageObject","inLanguage":"fr-FR","@id":"https:\/\/www.ladiagonale.net\/#\/schema\/person\/image\/","url":"https:\/\/secure.gravatar.com\/avatar\/c7850e06d3ff63cdbaee88b7fc16e2f0?s=96&d=mm&r=g","contentUrl":"https:\/\/secure.gravatar.com\/avatar\/c7850e06d3ff63cdbaee88b7fc16e2f0?s=96&d=mm&r=g","caption":"Damien Dellerba"},"url":"https:\/\/www.ladiagonale.net\/index.php\/author\/damien\/"}]}},"_links":{"self":[{"href":"https:\/\/www.ladiagonale.net\/index.php\/wp-json\/wp\/v2\/posts\/30777"}],"collection":[{"href":"https:\/\/www.ladiagonale.net\/index.php\/wp-json\/wp\/v2\/posts"}],"about":[{"href":"https:\/\/www.ladiagonale.net\/index.php\/wp-json\/wp\/v2\/types\/post"}],"author":[{"embeddable":true,"href":"https:\/\/www.ladiagonale.net\/index.php\/wp-json\/wp\/v2\/users\/2"}],"replies":[{"embeddable":true,"href":"https:\/\/www.ladiagonale.net\/index.php\/wp-json\/wp\/v2\/comments?post=30777"}],"version-history":[{"count":1,"href":"https:\/\/www.ladiagonale.net\/index.php\/wp-json\/wp\/v2\/posts\/30777\/revisions"}],"predecessor-version":[{"id":30778,"href":"https:\/\/www.ladiagonale.net\/index.php\/wp-json\/wp\/v2\/posts\/30777\/revisions\/30778"}],"wp:featuredmedia":[{"embeddable":true,"href":"https:\/\/www.ladiagonale.net\/index.php\/wp-json\/wp\/v2\/media\/25818"}],"wp:attachment":[{"href":"https:\/\/www.ladiagonale.net\/index.php\/wp-json\/wp\/v2\/media?parent=30777"}],"wp:term":[{"taxonomy":"category","embeddable":true,"href":"https:\/\/www.ladiagonale.net\/index.php\/wp-json\/wp\/v2\/categories?post=30777"},{"taxonomy":"post_tag","embeddable":true,"href":"https:\/\/www.ladiagonale.net\/index.php\/wp-json\/wp\/v2\/tags?post=30777"}],"curies":[{"name":"wp","href":"https:\/\/api.w.org\/{rel}","templated":true}]}}