{"id":30779,"date":"2025-04-03T17:15:26","date_gmt":"2025-04-03T15:15:26","guid":{"rendered":"https:\/\/www.ladiagonale.net\/?p=30779"},"modified":"2025-04-03T17:15:27","modified_gmt":"2025-04-03T15:15:27","slug":"hutter-du-caractere-et-de-la-reaction","status":"publish","type":"post","link":"https:\/\/www.ladiagonale.net\/index.php\/2025\/04\/03\/hutter-du-caractere-et-de-la-reaction\/","title":{"rendered":"H\u00fctter : \u00ab\u00a0Du caract\u00e8re et de la r\u00e9action\u00a0\u00bb"},"content":{"rendered":"\n\n\n<p>L\u2019AS Monaco a repris la seconde place du championnat apr\u00e8s son succ\u00e8s dans le derby contre Nice et entend d\u00e9sormais y rester et poursuivre sur sa lanc\u00e9e \u00e0 Brest. Adi H\u00fctter a expliqu\u00e9 pourquoi la forme de l\u2019ASM \u00e9tait meilleure ces derniers temps : \u00ab\u00a0<em>L\u2019une des raisons qui explique cette bonne s\u00e9rie est que tous les joueurs ou presque sont disponibles. De plus, avec un seul match par semaine, cela nous aide \u00e0 travailler davantage sur les d\u00e9tails et sur notre style de jeu. Selon moi, ce sont les deux raisons qui font que nous avons gagn\u00e9 en stabilit\u00e9.<\/em>\u00a0\u00bb<\/p>\n\n\n\n<p>L\u2019Autrichien a notamment appr\u00e9ci\u00e9 la force de r\u00e9action de son \u00e9quipe pour avoir invers\u00e9 le score lors du derby : \u00ab\u00a0<em>Le point le plus important pour moi est que l\u2019on soit performant sur le terrain. Cela a \u00e9t\u00e9 le cas contre Nice, o\u00f9 apr\u00e8s analyse, je n\u2019ai pas not\u00e9 beaucoup de points n\u00e9gatifs. Nous avons clairement domin\u00e9 la partie et avons su changer le r\u00e9sultat. Cela fait d\u00e9sormais 16 points de pris apr\u00e8s avoir \u00e9t\u00e9 men\u00e9s, cela montre du caract\u00e8re et de la r\u00e9action.<\/em>\u00a0\u00bb<\/p>\n\n\n\n<p>Le prochain adversaire, Brest, est huiti\u00e8me au classement et H\u00fctter a salu\u00e9 la saison du club finist\u00e9rien et surtout ses performances en C1 : \u00ab\u00a0<em>Ce que fait Eric Roy \u00e0 Brest est impressionnant. Ils ont r\u00e9alis\u00e9 un parcours fantastique en Ligue des Champions. Ils sont dans une situation similaire \u00e0 la n\u00f4tre en ayant d\u00e9sormais plus de temps pour s\u2019entra\u00eener. Ce sera un match int\u00e9ressant face \u00e0 une \u00e9quipe qui \u00e9volue dans une structure et un style de jeu clairs.<\/em>\u00a0\u00bb<\/p>\n\n\n\n<p>L\u2019entra\u00eeneur mon\u00e9gasque a identifi\u00e9 les points forts et les joueurs qu\u2019il faudra surveiller : \u00ab\u00a0<em>Pierre Lees-Melou est un joueur cl\u00e9 dans l\u2019entrejeu, Ludovic Ajorque est une menace en attaque. Romain Del Castillo est de retour, Kenny Lala fait beaucoup de centres, il faudra faire attention \u00e0 \u00e7a, tout comme aux coups de pied arr\u00eat\u00e9s. (\u2026) Nous devrons r\u00e9p\u00e9ter la performance de Nice pour l\u2019emporter. Dans le cas contraire, nous pourrions rencontrer des difficult\u00e9s.<\/em>\u00a0\u00bb<\/p>\n\n\n\n<p class=\"has-text-align-right has-small-font-size\">Source : <em>AS Monaco<\/em><\/p>\n","protected":false},"excerpt":{"rendered":"<p>L\u2019AS Monaco a repris la seconde place du championnat apr\u00e8s son succ\u00e8s dans le derby contre Nice et entend d\u00e9sormais y rester et poursuivre sur sa lanc\u00e9e \u00e0 Brest. Adi H\u00fctter a expliqu\u00e9 pourquoi la forme de l\u2019ASM \u00e9tait meilleure ces derniers temps : \u00ab\u00a0L\u2019une des raisons qui explique cette bonne s\u00e9rie est que tous [&#8230;]\n","protected":false},"author":2,"featured_media":0,"comment_status":"open","ping_status":"open","sticky":false,"template":"","format":"standard","meta":[],"categories":[6],"tags":[576,86,373,94],"yoast_head":"<!-- This site is optimized with the Yoast SEO plugin v19.8 - https:\/\/yoast.com\/wordpress\/plugins\/seo\/ -->\n<title>H\u00fctter : \u00ab\u00a0Du caract\u00e8re et de la r\u00e9action\u00a0\u00bb - La Diagonale<\/title>\n<meta name=\"robots\" content=\"index, follow, max-snippet:-1, max-image-preview:large, max-video-preview:-1\" \/>\n<link rel=\"canonical\" href=\"https:\/\/www.ladiagonale.net\/index.php\/2025\/04\/03\/hutter-du-caractere-et-de-la-reaction\/\" \/>\n<meta property=\"og:locale\" content=\"fr_FR\" \/>\n<meta property=\"og:type\" content=\"article\" \/>\n<meta property=\"og:title\" content=\"H\u00fctter : \u00ab\u00a0Du caract\u00e8re et de la r\u00e9action\u00a0\u00bb - La Diagonale\" \/>\n<meta property=\"og:description\" content=\"L\u2019AS Monaco a repris la seconde place du championnat apr\u00e8s son succ\u00e8s dans le derby contre Nice et entend d\u00e9sormais y rester et poursuivre sur sa lanc\u00e9e \u00e0 Brest. Adi H\u00fctter a expliqu\u00e9 pourquoi la forme de l\u2019ASM \u00e9tait meilleure ces derniers temps : \u00ab\u00a0L\u2019une des raisons qui explique cette bonne s\u00e9rie est que tous [...]\" \/>\n<meta property=\"og:url\" content=\"https:\/\/www.ladiagonale.net\/index.php\/2025\/04\/03\/hutter-du-caractere-et-de-la-reaction\/\" \/>\n<meta property=\"og:site_name\" content=\"La Diagonale\" \/>\n<meta property=\"article:published_time\" content=\"2025-04-03T15:15:26+00:00\" \/>\n<meta property=\"article:modified_time\" content=\"2025-04-03T15:15:27+00:00\" \/>\n<meta property=\"og:image\" content=\"https:\/\/www.ladiagonale.net\/wp-content\/uploads\/2024\/07\/Hu\u0308tter-training.png\" \/>\n\t<meta property=\"og:image:width\" content=\"1160\" \/>\n\t<meta property=\"og:image:height\" content=\"650\" \/>\n\t<meta property=\"og:image:type\" content=\"image\/png\" \/>\n<meta name=\"author\" content=\"Damien Dellerba\" \/>\n<meta name=\"twitter:card\" content=\"summary_large_image\" \/>\n<meta name=\"twitter:image\" content=\"https:\/\/www.ladiagonale.net\/wp-content\/uploads\/2024\/07\/Hu\u0308tter-training.png\" \/>\n<meta name=\"twitter:label1\" content=\"\u00c9crit par\" \/>\n\t<meta name=\"twitter:data1\" content=\"Damien Dellerba\" \/>\n\t<meta name=\"twitter:label2\" content=\"Dur\u00e9e de lecture estim\u00e9e\" \/>\n\t<meta name=\"twitter:data2\" content=\"2 minutes\" \/>\n<script type=\"application\/ld+json\" class=\"yoast-schema-graph\">{\"@context\":\"https:\/\/schema.org\",\"@graph\":[{\"@type\":\"WebPage\",\"@id\":\"https:\/\/www.ladiagonale.net\/index.php\/2025\/04\/03\/hutter-du-caractere-et-de-la-reaction\/\",\"url\":\"https:\/\/www.ladiagonale.net\/index.php\/2025\/04\/03\/hutter-du-caractere-et-de-la-reaction\/\",\"name\":\"H\u00fctter : \u00ab\u00a0Du caract\u00e8re et de la r\u00e9action\u00a0\u00bb - La Diagonale\",\"isPartOf\":{\"@id\":\"https:\/\/www.ladiagonale.net\/#website\"},\"datePublished\":\"2025-04-03T15:15:26+00:00\",\"dateModified\":\"2025-04-03T15:15:27+00:00\",\"author\":{\"@id\":\"https:\/\/www.ladiagonale.net\/#\/schema\/person\/79ff1e7b0853ed01b2aa26e64ad300bf\"},\"breadcrumb\":{\"@id\":\"https:\/\/www.ladiagonale.net\/index.php\/2025\/04\/03\/hutter-du-caractere-et-de-la-reaction\/#breadcrumb\"},\"inLanguage\":\"fr-FR\",\"potentialAction\":[{\"@type\":\"ReadAction\",\"target\":[\"https:\/\/www.ladiagonale.net\/index.php\/2025\/04\/03\/hutter-du-caractere-et-de-la-reaction\/\"]}]},{\"@type\":\"BreadcrumbList\",\"@id\":\"https:\/\/www.ladiagonale.net\/index.php\/2025\/04\/03\/hutter-du-caractere-et-de-la-reaction\/#breadcrumb\",\"itemListElement\":[{\"@type\":\"ListItem\",\"position\":1,\"name\":\"Accueil\",\"item\":\"https:\/\/www.ladiagonale.net\/\"},{\"@type\":\"ListItem\",\"position\":2,\"name\":\"H\u00fctter : \u00ab\u00a0Du caract\u00e8re et de la r\u00e9action\u00a0\u00bb\"}]},{\"@type\":\"WebSite\",\"@id\":\"https:\/\/www.ladiagonale.net\/#website\",\"url\":\"https:\/\/www.ladiagonale.net\/\",\"name\":\"La Diagonale\",\"description\":\"Le site des supporters de l&#039;AS Monaco FC\",\"potentialAction\":[{\"@type\":\"SearchAction\",\"target\":{\"@type\":\"EntryPoint\",\"urlTemplate\":\"https:\/\/www.ladiagonale.net\/?s={search_term_string}\"},\"query-input\":\"required name=search_term_string\"}],\"inLanguage\":\"fr-FR\"},{\"@type\":\"Person\",\"@id\":\"https:\/\/www.ladiagonale.net\/#\/schema\/person\/79ff1e7b0853ed01b2aa26e64ad300bf\",\"name\":\"Damien Dellerba\",\"image\":{\"@type\":\"ImageObject\",\"inLanguage\":\"fr-FR\",\"@id\":\"https:\/\/www.ladiagonale.net\/#\/schema\/person\/image\/\",\"url\":\"https:\/\/secure.gravatar.com\/avatar\/c7850e06d3ff63cdbaee88b7fc16e2f0?s=96&d=mm&r=g\",\"contentUrl\":\"https:\/\/secure.gravatar.com\/avatar\/c7850e06d3ff63cdbaee88b7fc16e2f0?s=96&d=mm&r=g\",\"caption\":\"Damien Dellerba\"},\"url\":\"https:\/\/www.ladiagonale.net\/index.php\/author\/damien\/\"}]}<\/script>\n<!-- \/ Yoast SEO plugin. -->","yoast_head_json":{"title":"H\u00fctter : \u00ab\u00a0Du caract\u00e8re et de la r\u00e9action\u00a0\u00bb - La Diagonale","robots":{"index":"index","follow":"follow","max-snippet":"max-snippet:-1","max-image-preview":"max-image-preview:large","max-video-preview":"max-video-preview:-1"},"canonical":"https:\/\/www.ladiagonale.net\/index.php\/2025\/04\/03\/hutter-du-caractere-et-de-la-reaction\/","og_locale":"fr_FR","og_type":"article","og_title":"H\u00fctter : \u00ab\u00a0Du caract\u00e8re et de la r\u00e9action\u00a0\u00bb - La Diagonale","og_description":"L\u2019AS Monaco a repris la seconde place du championnat apr\u00e8s son succ\u00e8s dans le derby contre Nice et entend d\u00e9sormais y rester et poursuivre sur sa lanc\u00e9e \u00e0 Brest. Adi H\u00fctter a expliqu\u00e9 pourquoi la forme de l\u2019ASM \u00e9tait meilleure ces derniers temps : \u00ab\u00a0L\u2019une des raisons qui explique cette bonne s\u00e9rie est que tous [...]","og_url":"https:\/\/www.ladiagonale.net\/index.php\/2025\/04\/03\/hutter-du-caractere-et-de-la-reaction\/","og_site_name":"La Diagonale","article_published_time":"2025-04-03T15:15:26+00:00","article_modified_time":"2025-04-03T15:15:27+00:00","og_image":[{"width":1160,"height":650,"url":"https:\/\/www.ladiagonale.net\/wp-content\/uploads\/2024\/07\/Hu\u0308tter-training.png","type":"image\/png"}],"author":"Damien Dellerba","twitter_card":"summary_large_image","twitter_image":"https:\/\/www.ladiagonale.net\/wp-content\/uploads\/2024\/07\/Hu\u0308tter-training.png","twitter_misc":{"\u00c9crit par":"Damien Dellerba","Dur\u00e9e de lecture estim\u00e9e":"2 minutes"},"schema":{"@context":"https:\/\/schema.org","@graph":[{"@type":"WebPage","@id":"https:\/\/www.ladiagonale.net\/index.php\/2025\/04\/03\/hutter-du-caractere-et-de-la-reaction\/","url":"https:\/\/www.ladiagonale.net\/index.php\/2025\/04\/03\/hutter-du-caractere-et-de-la-reaction\/","name":"H\u00fctter : \u00ab\u00a0Du caract\u00e8re et de la r\u00e9action\u00a0\u00bb - La Diagonale","isPartOf":{"@id":"https:\/\/www.ladiagonale.net\/#website"},"datePublished":"2025-04-03T15:15:26+00:00","dateModified":"2025-04-03T15:15:27+00:00","author":{"@id":"https:\/\/www.ladiagonale.net\/#\/schema\/person\/79ff1e7b0853ed01b2aa26e64ad300bf"},"breadcrumb":{"@id":"https:\/\/www.ladiagonale.net\/index.php\/2025\/04\/03\/hutter-du-caractere-et-de-la-reaction\/#breadcrumb"},"inLanguage":"fr-FR","potentialAction":[{"@type":"ReadAction","target":["https:\/\/www.ladiagonale.net\/index.php\/2025\/04\/03\/hutter-du-caractere-et-de-la-reaction\/"]}]},{"@type":"BreadcrumbList","@id":"https:\/\/www.ladiagonale.net\/index.php\/2025\/04\/03\/hutter-du-caractere-et-de-la-reaction\/#breadcrumb","itemListElement":[{"@type":"ListItem","position":1,"name":"Accueil","item":"https:\/\/www.ladiagonale.net\/"},{"@type":"ListItem","position":2,"name":"H\u00fctter : \u00ab\u00a0Du caract\u00e8re et de la r\u00e9action\u00a0\u00bb"}]},{"@type":"WebSite","@id":"https:\/\/www.ladiagonale.net\/#website","url":"https:\/\/www.ladiagonale.net\/","name":"La Diagonale","description":"Le site des supporters de l&#039;AS Monaco FC","potentialAction":[{"@type":"SearchAction","target":{"@type":"EntryPoint","urlTemplate":"https:\/\/www.ladiagonale.net\/?s={search_term_string}"},"query-input":"required name=search_term_string"}],"inLanguage":"fr-FR"},{"@type":"Person","@id":"https:\/\/www.ladiagonale.net\/#\/schema\/person\/79ff1e7b0853ed01b2aa26e64ad300bf","name":"Damien Dellerba","image":{"@type":"ImageObject","inLanguage":"fr-FR","@id":"https:\/\/www.ladiagonale.net\/#\/schema\/person\/image\/","url":"https:\/\/secure.gravatar.com\/avatar\/c7850e06d3ff63cdbaee88b7fc16e2f0?s=96&d=mm&r=g","contentUrl":"https:\/\/secure.gravatar.com\/avatar\/c7850e06d3ff63cdbaee88b7fc16e2f0?s=96&d=mm&r=g","caption":"Damien Dellerba"},"url":"https:\/\/www.ladiagonale.net\/index.php\/author\/damien\/"}]}},"_links":{"self":[{"href":"https:\/\/www.ladiagonale.net\/index.php\/wp-json\/wp\/v2\/posts\/30779"}],"collection":[{"href":"https:\/\/www.ladiagonale.net\/index.php\/wp-json\/wp\/v2\/posts"}],"about":[{"href":"https:\/\/www.ladiagonale.net\/index.php\/wp-json\/wp\/v2\/types\/post"}],"author":[{"embeddable":true,"href":"https:\/\/www.ladiagonale.net\/index.php\/wp-json\/wp\/v2\/users\/2"}],"replies":[{"embeddable":true,"href":"https:\/\/www.ladiagonale.net\/index.php\/wp-json\/wp\/v2\/comments?post=30779"}],"version-history":[{"count":1,"href":"https:\/\/www.ladiagonale.net\/index.php\/wp-json\/wp\/v2\/posts\/30779\/revisions"}],"predecessor-version":[{"id":30780,"href":"https:\/\/www.ladiagonale.net\/index.php\/wp-json\/wp\/v2\/posts\/30779\/revisions\/30780"}],"wp:attachment":[{"href":"https:\/\/www.ladiagonale.net\/index.php\/wp-json\/wp\/v2\/media?parent=30779"}],"wp:term":[{"taxonomy":"category","embeddable":true,"href":"https:\/\/www.ladiagonale.net\/index.php\/wp-json\/wp\/v2\/categories?post=30779"},{"taxonomy":"post_tag","embeddable":true,"href":"https:\/\/www.ladiagonale.net\/index.php\/wp-json\/wp\/v2\/tags?post=30779"}],"curies":[{"name":"wp","href":"https:\/\/api.w.org\/{rel}","templated":true}]}}