{"id":30802,"date":"2025-04-05T17:03:55","date_gmt":"2025-04-05T15:03:55","guid":{"rendered":"https:\/\/www.ladiagonale.net\/?p=30802"},"modified":"2025-04-05T17:10:27","modified_gmt":"2025-04-05T15:10:27","slug":"meneurs-a-suivre","status":"publish","type":"post","link":"https:\/\/www.ladiagonale.net\/index.php\/2025\/04\/05\/meneurs-a-suivre\/","title":{"rendered":"Meneurs \u00e0 suivre"},"content":{"rendered":"\n\n\n<p><strong>Pour ce sprint final, l\u2019AS Monaco dispose de presque tout son effectif au complet. Offensivement, en tout cas, toutes les forces vives de l\u2019ASM seront pr\u00e9sentes pour affronter Brest ce samedi (19h).<\/strong><\/p>\n\n\n\n<p>Adi H\u00fctter va pouvoir faire jouer la concurrence \u00e0 plein sur ce sprint final. L\u2019entra\u00eeneur de l\u2019ASM est richement dot\u00e9 sur le plan offensif dans son effectif et les choix qu\u2019il va devoir faire risquent de lui donner quelques migraines. Il y a bien sur les quatre attaquants dont il dispose, et le retour de Folarin Balogun, longuement absent apr\u00e8s son op\u00e9ration de l\u2019\u00e9paule gauche, mais il y a aussi les quatre meneurs de jeu.<\/p>\n\n\n\n<p>\u00ab&nbsp;<em>Je suis content que tout le monde soit de retour mais d\u2019un autre c\u00f4t\u00e9, il est clair que certains peuvent perdre quelques minutes,<\/em> a pr\u00e9venu le technicien mon\u00e9gasque lors de la conf\u00e9rence de presse avant Brest. <em>Je suis content que Golovin soit l\u00e0, cela fait que nous avons Maghnes (Akliouche), Taki\u2019 (Minamino) et Eliesse (Ben Seghir) \u00e0 ce poste de num\u00e9ro 10, sans oublier les quatre attaquants. J\u2019aimerais que tout le monde joue mais ce n\u2019est pas possible.<\/em>&nbsp;\u00bb<\/p>\n\n\n\n<p>Pour l\u2019instant, Akliouche et Minamino se d\u00e9tachent sur cette fin de saison, align\u00e9s comme milieux offensifs sur les c\u00f4t\u00e9s, ce qui lui permet de faire jouer deux attaquants, et rendre ainsi service \u00e0 Embolo et Biereth, plus \u00e0 l&rsquo;aise pour jouer \u00e0 deux que seuls en pointe. Mais si les options se sont d\u00e9sormais multipli\u00e9es, l&rsquo;Autrichien devra prendre garde \u00e0 ne pas se perdre sur le tableau noir.<\/p>\n\n\n\n<h3>Akliouche, au-dessus du lot<\/h3>\n\n\n\n<p>Sa saison avait d\u00e9marr\u00e9 un peu lentement, le temps pour lui de dig\u00e9rer une absence de pr\u00e9paration et une cadence infernale avec les Jeux Olympiques durant l\u2019\u00e9t\u00e9, l\u2019international Espoirs a largement confirm\u00e9 cette saison, apr\u00e8s avoir explos\u00e9 lors de la pr\u00e9c\u00e9dente. Il a surtout montr\u00e9 qu\u2019il \u00e9tait capable d&rsquo;\u00e9voluer au plus haut niveau europ\u00e9en, comme en t\u00e9moignent ses prestations contre le Bar\u00e7a ou plus r\u00e9cemment contre Benfica, o\u00f9 il avait \u00e9t\u00e9 align\u00e9 au poste de relayeur. <\/p>\n\n\n\n<p>Bien que ce soit Mika Biereth qui affole actuellement les compteurs, c&rsquo;est encore sur une inspiration g\u00e9niale d&rsquo;Akliouche que le destin du derby a bascul\u00e9. Sa deuxi\u00e8me p\u00e9riode face au Gym, o\u00f9 il a sign\u00e9 deux passes d\u00e9cisives, a \u00e9t\u00e9 un condens\u00e9 de tout le bien qu&rsquo;il peut faire au collectif, entre subtilit\u00e9 et douceur technique, et abattage et d\u00e9pouillement total, montrant son altruisme et sa capacit\u00e9 \u00e0 prendre ses responsabilit\u00e9s.<\/p>\n\n\n\n<p>Le m\u00e9daill\u00e9 d&rsquo;argent des JO de Paris, qui devrait d\u00e9fendre les chances fran\u00e7aises lors du prochain Euro Espoirs, avant peut-\u00eatre d&rsquo;aller poursuivre sa carri\u00e8re prometteuse sous d&rsquo;autres cieux, pourrait quitter le Rocher en tentant d&rsquo;aller chercher le titre honorifique de meilleur passeur en Ligue 1 sur cette saison. Actuellement \u00e0 8 (10 toutes comp\u00e9titions confondues), il n&rsquo;est qu&rsquo;\u00e0 une longueur de son co\u00e9quipier chez les Bleuets, Rayan Cherki. Un dernier objectif comme pour montrer la voie \u00e0 suivre aux siens.<\/p>\n\n\n\n<h3>Minamino, fid\u00e8le \u00e0 lui-m\u00eame<\/h3>\n\n\n\n<p>Le Japonais a souvent cristallis\u00e9 les critiques des supporters cette saison. En cause, un manque d\u2019efficacit\u00e9 devant le but et une certaine maladresse ou certains mauvais choix dans les orientations de jeu. Il a travers\u00e9 une p\u00e9riode de mutisme qui a dur\u00e9 plusieurs mois, entre octobre et f\u00e9vrier, mais le carton face \u00e0 Nantes <em>(7-1, le 15 f\u00e9vrier)<\/em> a marqu\u00e9 son retour aux affaires avec un but et deux passes d\u00e9cisives. <\/p>\n\n\n\n<p>Depuis, Minamino reprend vie, avec des buts contre Lille, Benfica et Toulouse. \u00ab&nbsp;<em>\u00c0 l\u2019image de l\u2019\u00e9quipe, il a connu une p\u00e9riode difficile en d\u00e9but d\u2019ann\u00e9e, durant laquelle il s\u2019est procur\u00e9 de nombreuses opportunit\u00e9s mais sans avoir beaucoup de r\u00e9ussite, <\/em>t\u00e9moignait H\u00fctter. <em>Mais d\u00e9sormais, j\u2019ai la sensation qu\u2019il est de retour et qu\u2019il a un gros impact, donc c\u2019est tr\u00e8s encourageant !<\/em>&nbsp;\u00bb<\/p>\n\n\n\n<p>En plus de sa polyvalence, c&rsquo;est surtout pour son apport dans le jeu que l&rsquo;Autrichien lui accorde une aussi grande confiance : \u00ab<em> <em>Il est probablement l\u2019un des meilleurs joueurs entre les lignes, <\/em><\/em>complimentait H\u00fctter au moment de l&rsquo;annonce de la prolongation du Nippon.<em><em> Il a toujours la bonne intuition sur son placement, il sait comment se situer pour utiliser au mieux les espaces avec ses appuis courts<\/em>. <em>Ce ne doit pas \u00eatre facile de d\u00e9fendre face \u00e0 lui, pour \u00eatre honn\u00eat<\/em>e&#8230;<\/em> \u00bb <\/p>\n\n\n\n<h3>Ben Seghir, rebond attendu<\/h3>\n\n\n\n<p>Il a d\u00e9marr\u00e9 tambour battant, bien d\u00e9cid\u00e9 \u00e0 rattraper le temps perdu et une saison pr\u00e9c\u00e9dente quasi blanche (452 minutes), min\u00e9e par les blessures. Mais le rendement de l\u2019international marocain a nettement baiss\u00e9 depuis quelques mois. Ce n\u2019est pas un secret, H\u00fctter appr\u00e9cie beaucoup Ben Seghir, et il l\u2019a prot\u00e9g\u00e9 publiquement \u00e0 plusieurs reprises, encore fin mars dans <em>L\u2019\u00c9quipe<\/em> : \u00ab&nbsp;<em>Les attentes autour de lui sont parfois trop fortes. On doit \u00eatre prudents. C\u2019est sa premi\u00e8re saison sans blessure, et il n\u2019a que 20 ans.<\/em>&nbsp;\u00bb<\/p>\n\n\n\n<p>Il s&rsquo;\u00e9tait fix\u00e9 comme objectif le double-double (10 buts, 10 passes d\u00e9cisives) mais dans sa dynamique actuelle, il sera difficile d&rsquo;aller le chercher, m\u00eame s&rsquo;il peut toujours atteindre les dix buts, puisqu&rsquo;il est actuellement \u00e0 neuf. Pour la premi\u00e8re fois de la saison, contre Nice, il n&rsquo;a pas particip\u00e9 \u00e0 une rencontre. Il faut dire que sur ses derni\u00e8res entr\u00e9es, le jeune milieu offensif n&rsquo;a pas forc\u00e9ment donn\u00e9 de bonnes raisons \u00e0 son entra\u00eeneur de le faire sortir du banc. Ses derni\u00e8res entr\u00e9es n\u2019ont rien apport\u00e9 et l\u2019envie ne semblait pas non plus \u00eatre pr\u00e9sente. <\/p>\n\n\n\n<h3>Golovin, un atout de plus dans la derni\u00e8re ligne droite<\/h3>\n\n\n\n<p>Ce n\u2019est pas son exercice le plus abouti, loin s\u2019en faut. La faute en partie \u00e0 des probl\u00e8mes r\u00e9currents \u00e0 une cheville et des p\u00e9pins musculaires qui lui ont fait rater dix rencontres, soit un quart du nombre total de matches cette saison. Et son influence a aussi \u00e9t\u00e9 largement moins forte au sein du collectif, en \u00e9tant beaucoup moins d\u00e9cisif. <\/p>\n\n\n\n<p>En 28 matches jou\u00e9s, il a inscrit trois buts et d\u00e9livr\u00e9 une passe d\u00e9cisive, bien loin de son rendement des deux derni\u00e8res saisons (8 buts, 7 passes en 2022-2023, 6 buts, 9 passes en 2023-2024), m\u00eame si son temps de jeu total a drastiquement diminu\u00e9 (1792 minutes contre 3256 et 2335 sur les deux derni\u00e8res saisons).<\/p>\n\n\n\n<p>Aussi, le Russe a \u00e9t\u00e9 un peu plus employ\u00e9 dans le c\u0153ur du jeu cette saison, lorsque les carences de l&rsquo;effectif se faisaient sentir dans ce secteur, ce qui ne lui a pas non plus permis de trouver de la continuit\u00e9 dans ses performances. Mais si H\u00fctter persiste avec son 4-4-2, il pourrait alors retrouver le couloir gauche avec deux soutiens : un finisseur en pleine bourre devant et un partenaire derri\u00e8re lui, Caio Henrique, qui retrouve son niveau et avec lequel la complicit\u00e9 technique a d\u00e9j\u00e0 fait merveille.<\/p>\n","protected":false},"excerpt":{"rendered":"<p>Pour ce sprint final, l\u2019AS Monaco dispose de presque tout son effectif au complet. Offensivement, en tout cas, toutes les forces vives de l\u2019ASM seront pr\u00e9sentes pour affronter Brest ce samedi (19h). Adi H\u00fctter va pouvoir faire jouer la concurrence \u00e0 plein sur ce sprint final. L\u2019entra\u00eeneur de l\u2019ASM est richement dot\u00e9 sur le plan [&#8230;]\n","protected":false},"author":2,"featured_media":30803,"comment_status":"open","ping_status":"open","sticky":false,"template":"","format":"standard","meta":[],"categories":[5,6],"tags":[184,86,286,94,190,164],"yoast_head":"<!-- This site is optimized with the Yoast SEO plugin v19.8 - https:\/\/yoast.com\/wordpress\/plugins\/seo\/ -->\n<title>Meneurs \u00e0 suivre - La Diagonale<\/title>\n<meta name=\"robots\" content=\"index, follow, max-snippet:-1, max-image-preview:large, max-video-preview:-1\" \/>\n<link rel=\"canonical\" href=\"https:\/\/www.ladiagonale.net\/index.php\/2025\/04\/05\/meneurs-a-suivre\/\" \/>\n<meta property=\"og:locale\" content=\"fr_FR\" \/>\n<meta property=\"og:type\" content=\"article\" \/>\n<meta property=\"og:title\" content=\"Meneurs \u00e0 suivre - La Diagonale\" \/>\n<meta property=\"og:description\" content=\"Pour ce sprint final, l\u2019AS Monaco dispose de presque tout son effectif au complet. Offensivement, en tout cas, toutes les forces vives de l\u2019ASM seront pr\u00e9sentes pour affronter Brest ce samedi (19h). Adi H\u00fctter va pouvoir faire jouer la concurrence \u00e0 plein sur ce sprint final. L\u2019entra\u00eeneur de l\u2019ASM est richement dot\u00e9 sur le plan [...]\" \/>\n<meta property=\"og:url\" content=\"https:\/\/www.ladiagonale.net\/index.php\/2025\/04\/05\/meneurs-a-suivre\/\" \/>\n<meta property=\"og:site_name\" content=\"La Diagonale\" \/>\n<meta property=\"article:published_time\" content=\"2025-04-05T15:03:55+00:00\" \/>\n<meta property=\"article:modified_time\" content=\"2025-04-05T15:10:27+00:00\" \/>\n<meta property=\"og:image\" content=\"https:\/\/www.ladiagonale.net\/wp-content\/uploads\/2025\/04\/meneurs.png\" \/>\n\t<meta property=\"og:image:width\" content=\"1160\" \/>\n\t<meta property=\"og:image:height\" content=\"650\" \/>\n\t<meta property=\"og:image:type\" content=\"image\/png\" \/>\n<meta name=\"author\" content=\"Damien Dellerba\" \/>\n<meta name=\"twitter:card\" content=\"summary_large_image\" \/>\n<meta name=\"twitter:image\" content=\"https:\/\/www.ladiagonale.net\/wp-content\/uploads\/2025\/04\/meneurs.png\" \/>\n<meta name=\"twitter:label1\" content=\"\u00c9crit par\" \/>\n\t<meta name=\"twitter:data1\" content=\"Damien Dellerba\" \/>\n\t<meta name=\"twitter:label2\" content=\"Dur\u00e9e de lecture estim\u00e9e\" \/>\n\t<meta name=\"twitter:data2\" content=\"6 minutes\" \/>\n<script type=\"application\/ld+json\" class=\"yoast-schema-graph\">{\"@context\":\"https:\/\/schema.org\",\"@graph\":[{\"@type\":\"WebPage\",\"@id\":\"https:\/\/www.ladiagonale.net\/index.php\/2025\/04\/05\/meneurs-a-suivre\/\",\"url\":\"https:\/\/www.ladiagonale.net\/index.php\/2025\/04\/05\/meneurs-a-suivre\/\",\"name\":\"Meneurs \u00e0 suivre - La Diagonale\",\"isPartOf\":{\"@id\":\"https:\/\/www.ladiagonale.net\/#website\"},\"datePublished\":\"2025-04-05T15:03:55+00:00\",\"dateModified\":\"2025-04-05T15:10:27+00:00\",\"author\":{\"@id\":\"https:\/\/www.ladiagonale.net\/#\/schema\/person\/79ff1e7b0853ed01b2aa26e64ad300bf\"},\"breadcrumb\":{\"@id\":\"https:\/\/www.ladiagonale.net\/index.php\/2025\/04\/05\/meneurs-a-suivre\/#breadcrumb\"},\"inLanguage\":\"fr-FR\",\"potentialAction\":[{\"@type\":\"ReadAction\",\"target\":[\"https:\/\/www.ladiagonale.net\/index.php\/2025\/04\/05\/meneurs-a-suivre\/\"]}]},{\"@type\":\"BreadcrumbList\",\"@id\":\"https:\/\/www.ladiagonale.net\/index.php\/2025\/04\/05\/meneurs-a-suivre\/#breadcrumb\",\"itemListElement\":[{\"@type\":\"ListItem\",\"position\":1,\"name\":\"Accueil\",\"item\":\"https:\/\/www.ladiagonale.net\/\"},{\"@type\":\"ListItem\",\"position\":2,\"name\":\"Meneurs \u00e0 suivre\"}]},{\"@type\":\"WebSite\",\"@id\":\"https:\/\/www.ladiagonale.net\/#website\",\"url\":\"https:\/\/www.ladiagonale.net\/\",\"name\":\"La Diagonale\",\"description\":\"Le site des supporters de l&#039;AS Monaco FC\",\"potentialAction\":[{\"@type\":\"SearchAction\",\"target\":{\"@type\":\"EntryPoint\",\"urlTemplate\":\"https:\/\/www.ladiagonale.net\/?s={search_term_string}\"},\"query-input\":\"required name=search_term_string\"}],\"inLanguage\":\"fr-FR\"},{\"@type\":\"Person\",\"@id\":\"https:\/\/www.ladiagonale.net\/#\/schema\/person\/79ff1e7b0853ed01b2aa26e64ad300bf\",\"name\":\"Damien Dellerba\",\"image\":{\"@type\":\"ImageObject\",\"inLanguage\":\"fr-FR\",\"@id\":\"https:\/\/www.ladiagonale.net\/#\/schema\/person\/image\/\",\"url\":\"https:\/\/secure.gravatar.com\/avatar\/c7850e06d3ff63cdbaee88b7fc16e2f0?s=96&d=mm&r=g\",\"contentUrl\":\"https:\/\/secure.gravatar.com\/avatar\/c7850e06d3ff63cdbaee88b7fc16e2f0?s=96&d=mm&r=g\",\"caption\":\"Damien Dellerba\"},\"url\":\"https:\/\/www.ladiagonale.net\/index.php\/author\/damien\/\"}]}<\/script>\n<!-- \/ Yoast SEO plugin. -->","yoast_head_json":{"title":"Meneurs \u00e0 suivre - La Diagonale","robots":{"index":"index","follow":"follow","max-snippet":"max-snippet:-1","max-image-preview":"max-image-preview:large","max-video-preview":"max-video-preview:-1"},"canonical":"https:\/\/www.ladiagonale.net\/index.php\/2025\/04\/05\/meneurs-a-suivre\/","og_locale":"fr_FR","og_type":"article","og_title":"Meneurs \u00e0 suivre - La Diagonale","og_description":"Pour ce sprint final, l\u2019AS Monaco dispose de presque tout son effectif au complet. Offensivement, en tout cas, toutes les forces vives de l\u2019ASM seront pr\u00e9sentes pour affronter Brest ce samedi (19h). Adi H\u00fctter va pouvoir faire jouer la concurrence \u00e0 plein sur ce sprint final. L\u2019entra\u00eeneur de l\u2019ASM est richement dot\u00e9 sur le plan [...]","og_url":"https:\/\/www.ladiagonale.net\/index.php\/2025\/04\/05\/meneurs-a-suivre\/","og_site_name":"La Diagonale","article_published_time":"2025-04-05T15:03:55+00:00","article_modified_time":"2025-04-05T15:10:27+00:00","og_image":[{"width":1160,"height":650,"url":"https:\/\/www.ladiagonale.net\/wp-content\/uploads\/2025\/04\/meneurs.png","type":"image\/png"}],"author":"Damien Dellerba","twitter_card":"summary_large_image","twitter_image":"https:\/\/www.ladiagonale.net\/wp-content\/uploads\/2025\/04\/meneurs.png","twitter_misc":{"\u00c9crit par":"Damien Dellerba","Dur\u00e9e de lecture estim\u00e9e":"6 minutes"},"schema":{"@context":"https:\/\/schema.org","@graph":[{"@type":"WebPage","@id":"https:\/\/www.ladiagonale.net\/index.php\/2025\/04\/05\/meneurs-a-suivre\/","url":"https:\/\/www.ladiagonale.net\/index.php\/2025\/04\/05\/meneurs-a-suivre\/","name":"Meneurs \u00e0 suivre - La Diagonale","isPartOf":{"@id":"https:\/\/www.ladiagonale.net\/#website"},"datePublished":"2025-04-05T15:03:55+00:00","dateModified":"2025-04-05T15:10:27+00:00","author":{"@id":"https:\/\/www.ladiagonale.net\/#\/schema\/person\/79ff1e7b0853ed01b2aa26e64ad300bf"},"breadcrumb":{"@id":"https:\/\/www.ladiagonale.net\/index.php\/2025\/04\/05\/meneurs-a-suivre\/#breadcrumb"},"inLanguage":"fr-FR","potentialAction":[{"@type":"ReadAction","target":["https:\/\/www.ladiagonale.net\/index.php\/2025\/04\/05\/meneurs-a-suivre\/"]}]},{"@type":"BreadcrumbList","@id":"https:\/\/www.ladiagonale.net\/index.php\/2025\/04\/05\/meneurs-a-suivre\/#breadcrumb","itemListElement":[{"@type":"ListItem","position":1,"name":"Accueil","item":"https:\/\/www.ladiagonale.net\/"},{"@type":"ListItem","position":2,"name":"Meneurs \u00e0 suivre"}]},{"@type":"WebSite","@id":"https:\/\/www.ladiagonale.net\/#website","url":"https:\/\/www.ladiagonale.net\/","name":"La Diagonale","description":"Le site des supporters de l&#039;AS Monaco FC","potentialAction":[{"@type":"SearchAction","target":{"@type":"EntryPoint","urlTemplate":"https:\/\/www.ladiagonale.net\/?s={search_term_string}"},"query-input":"required name=search_term_string"}],"inLanguage":"fr-FR"},{"@type":"Person","@id":"https:\/\/www.ladiagonale.net\/#\/schema\/person\/79ff1e7b0853ed01b2aa26e64ad300bf","name":"Damien Dellerba","image":{"@type":"ImageObject","inLanguage":"fr-FR","@id":"https:\/\/www.ladiagonale.net\/#\/schema\/person\/image\/","url":"https:\/\/secure.gravatar.com\/avatar\/c7850e06d3ff63cdbaee88b7fc16e2f0?s=96&d=mm&r=g","contentUrl":"https:\/\/secure.gravatar.com\/avatar\/c7850e06d3ff63cdbaee88b7fc16e2f0?s=96&d=mm&r=g","caption":"Damien Dellerba"},"url":"https:\/\/www.ladiagonale.net\/index.php\/author\/damien\/"}]}},"_links":{"self":[{"href":"https:\/\/www.ladiagonale.net\/index.php\/wp-json\/wp\/v2\/posts\/30802"}],"collection":[{"href":"https:\/\/www.ladiagonale.net\/index.php\/wp-json\/wp\/v2\/posts"}],"about":[{"href":"https:\/\/www.ladiagonale.net\/index.php\/wp-json\/wp\/v2\/types\/post"}],"author":[{"embeddable":true,"href":"https:\/\/www.ladiagonale.net\/index.php\/wp-json\/wp\/v2\/users\/2"}],"replies":[{"embeddable":true,"href":"https:\/\/www.ladiagonale.net\/index.php\/wp-json\/wp\/v2\/comments?post=30802"}],"version-history":[{"count":3,"href":"https:\/\/www.ladiagonale.net\/index.php\/wp-json\/wp\/v2\/posts\/30802\/revisions"}],"predecessor-version":[{"id":30806,"href":"https:\/\/www.ladiagonale.net\/index.php\/wp-json\/wp\/v2\/posts\/30802\/revisions\/30806"}],"wp:featuredmedia":[{"embeddable":true,"href":"https:\/\/www.ladiagonale.net\/index.php\/wp-json\/wp\/v2\/media\/30803"}],"wp:attachment":[{"href":"https:\/\/www.ladiagonale.net\/index.php\/wp-json\/wp\/v2\/media?parent=30802"}],"wp:term":[{"taxonomy":"category","embeddable":true,"href":"https:\/\/www.ladiagonale.net\/index.php\/wp-json\/wp\/v2\/categories?post=30802"},{"taxonomy":"post_tag","embeddable":true,"href":"https:\/\/www.ladiagonale.net\/index.php\/wp-json\/wp\/v2\/tags?post=30802"}],"curies":[{"name":"wp","href":"https:\/\/api.w.org\/{rel}","templated":true}]}}