{"id":30819,"date":"2025-04-05T23:02:33","date_gmt":"2025-04-05T21:02:33","guid":{"rendered":"https:\/\/www.ladiagonale.net\/?p=30819"},"modified":"2025-04-05T23:02:34","modified_gmt":"2025-04-05T21:02:34","slug":"embolo-suspendu-contre-strasbourg","status":"publish","type":"post","link":"https:\/\/www.ladiagonale.net\/index.php\/2025\/04\/05\/embolo-suspendu-contre-strasbourg\/","title":{"rendered":"Embolo suspendu contre Strasbourg"},"content":{"rendered":"\n<p>Une mauvaise nouvelle n\u2019arrive jamais seule. Averti ce samedi contre Brest, Breel Embolo a \u00e9cop\u00e9 de son troisi\u00e8me carton jaune en moins de dix rencontres. L\u2019attaquant suisse sera donc suspendu pour la r\u00e9ception de Strasbourg, pr\u00e9vue le 19 avril, \u00e0 l&rsquo;occasion de la 30<sup>e<\/sup> journ\u00e9e de Ligue 1,. L\u2019attaquant suisse avait d\u00e9j\u00e0 \u00e9t\u00e9 averti contre Toulouse et Nice et \u00e9tait sous la menace jusqu\u2019\u00e0 la derni\u00e8re journ\u00e9e.<\/p>\n\n\n\n<p>La semaine prochaine, contre Marseille, c\u2019est Christian Mawissa qui sera absent pour cause de suspension. Lors de cette rencontre, Takumi Minamino et Maghnes Akliouche devront \u00e9viter les biscottes sous peine d\u2019\u00eatre \u00e9pingl\u00e9s \u00e0 leur tour. Ils seraient alors concern\u00e9s par une in\u00e9ligibilit\u00e9 pour le d\u00e9placement du 26 avril au Havre.<\/p>\n\n\n","protected":false},"excerpt":{"rendered":"<p>Une mauvaise nouvelle n\u2019arrive jamais seule. Averti ce samedi contre Brest, Breel Embolo a \u00e9cop\u00e9 de son troisi\u00e8me carton jaune en moins de dix rencontres. L\u2019attaquant suisse sera donc suspendu pour la r\u00e9ception de Strasbourg, pr\u00e9vue le 19 avril, \u00e0 l&rsquo;occasion de la 30e journ\u00e9e de Ligue 1,. L\u2019attaquant suisse avait d\u00e9j\u00e0 \u00e9t\u00e9 averti contre [&#8230;]\n","protected":false},"author":2,"featured_media":0,"comment_status":"open","ping_status":"open","sticky":false,"template":"","format":"standard","meta":[],"categories":[4,6],"tags":[86,161,257,94],"yoast_head":"<!-- This site is optimized with the Yoast SEO plugin v19.8 - https:\/\/yoast.com\/wordpress\/plugins\/seo\/ -->\n<title>Embolo suspendu contre Strasbourg - La Diagonale<\/title>\n<meta name=\"robots\" content=\"index, follow, max-snippet:-1, max-image-preview:large, max-video-preview:-1\" \/>\n<link rel=\"canonical\" href=\"https:\/\/www.ladiagonale.net\/index.php\/2025\/04\/05\/embolo-suspendu-contre-strasbourg\/\" \/>\n<meta property=\"og:locale\" content=\"fr_FR\" \/>\n<meta property=\"og:type\" content=\"article\" \/>\n<meta property=\"og:title\" content=\"Embolo suspendu contre Strasbourg - La Diagonale\" \/>\n<meta property=\"og:description\" content=\"Une mauvaise nouvelle n\u2019arrive jamais seule. Averti ce samedi contre Brest, Breel Embolo a \u00e9cop\u00e9 de son troisi\u00e8me carton jaune en moins de dix rencontres. L\u2019attaquant suisse sera donc suspendu pour la r\u00e9ception de Strasbourg, pr\u00e9vue le 19 avril, \u00e0 l&rsquo;occasion de la 30e journ\u00e9e de Ligue 1,. L\u2019attaquant suisse avait d\u00e9j\u00e0 \u00e9t\u00e9 averti contre [...]\" \/>\n<meta property=\"og:url\" content=\"https:\/\/www.ladiagonale.net\/index.php\/2025\/04\/05\/embolo-suspendu-contre-strasbourg\/\" \/>\n<meta property=\"og:site_name\" content=\"La Diagonale\" \/>\n<meta property=\"article:published_time\" content=\"2025-04-05T21:02:33+00:00\" \/>\n<meta property=\"article:modified_time\" content=\"2025-04-05T21:02:34+00:00\" \/>\n<meta property=\"og:image\" content=\"https:\/\/www.ladiagonale.net\/wp-content\/uploads\/2024\/09\/Embolo2425.png\" \/>\n\t<meta property=\"og:image:width\" content=\"1160\" \/>\n\t<meta property=\"og:image:height\" content=\"650\" \/>\n\t<meta property=\"og:image:type\" content=\"image\/png\" \/>\n<meta name=\"author\" content=\"Damien Dellerba\" \/>\n<meta name=\"twitter:card\" content=\"summary_large_image\" \/>\n<meta name=\"twitter:image\" content=\"https:\/\/www.ladiagonale.net\/wp-content\/uploads\/2024\/09\/Embolo2425.png\" \/>\n<meta name=\"twitter:label1\" content=\"\u00c9crit par\" \/>\n\t<meta name=\"twitter:data1\" content=\"Damien Dellerba\" \/>\n\t<meta name=\"twitter:label2\" content=\"Dur\u00e9e de lecture estim\u00e9e\" \/>\n\t<meta name=\"twitter:data2\" content=\"1 minute\" \/>\n<script type=\"application\/ld+json\" class=\"yoast-schema-graph\">{\"@context\":\"https:\/\/schema.org\",\"@graph\":[{\"@type\":\"WebPage\",\"@id\":\"https:\/\/www.ladiagonale.net\/index.php\/2025\/04\/05\/embolo-suspendu-contre-strasbourg\/\",\"url\":\"https:\/\/www.ladiagonale.net\/index.php\/2025\/04\/05\/embolo-suspendu-contre-strasbourg\/\",\"name\":\"Embolo suspendu contre Strasbourg - La Diagonale\",\"isPartOf\":{\"@id\":\"https:\/\/www.ladiagonale.net\/#website\"},\"datePublished\":\"2025-04-05T21:02:33+00:00\",\"dateModified\":\"2025-04-05T21:02:34+00:00\",\"author\":{\"@id\":\"https:\/\/www.ladiagonale.net\/#\/schema\/person\/79ff1e7b0853ed01b2aa26e64ad300bf\"},\"breadcrumb\":{\"@id\":\"https:\/\/www.ladiagonale.net\/index.php\/2025\/04\/05\/embolo-suspendu-contre-strasbourg\/#breadcrumb\"},\"inLanguage\":\"fr-FR\",\"potentialAction\":[{\"@type\":\"ReadAction\",\"target\":[\"https:\/\/www.ladiagonale.net\/index.php\/2025\/04\/05\/embolo-suspendu-contre-strasbourg\/\"]}]},{\"@type\":\"BreadcrumbList\",\"@id\":\"https:\/\/www.ladiagonale.net\/index.php\/2025\/04\/05\/embolo-suspendu-contre-strasbourg\/#breadcrumb\",\"itemListElement\":[{\"@type\":\"ListItem\",\"position\":1,\"name\":\"Accueil\",\"item\":\"https:\/\/www.ladiagonale.net\/\"},{\"@type\":\"ListItem\",\"position\":2,\"name\":\"Embolo suspendu contre Strasbourg\"}]},{\"@type\":\"WebSite\",\"@id\":\"https:\/\/www.ladiagonale.net\/#website\",\"url\":\"https:\/\/www.ladiagonale.net\/\",\"name\":\"La Diagonale\",\"description\":\"Le site des supporters de l&#039;AS Monaco FC\",\"potentialAction\":[{\"@type\":\"SearchAction\",\"target\":{\"@type\":\"EntryPoint\",\"urlTemplate\":\"https:\/\/www.ladiagonale.net\/?s={search_term_string}\"},\"query-input\":\"required name=search_term_string\"}],\"inLanguage\":\"fr-FR\"},{\"@type\":\"Person\",\"@id\":\"https:\/\/www.ladiagonale.net\/#\/schema\/person\/79ff1e7b0853ed01b2aa26e64ad300bf\",\"name\":\"Damien Dellerba\",\"image\":{\"@type\":\"ImageObject\",\"inLanguage\":\"fr-FR\",\"@id\":\"https:\/\/www.ladiagonale.net\/#\/schema\/person\/image\/\",\"url\":\"https:\/\/secure.gravatar.com\/avatar\/c7850e06d3ff63cdbaee88b7fc16e2f0?s=96&d=mm&r=g\",\"contentUrl\":\"https:\/\/secure.gravatar.com\/avatar\/c7850e06d3ff63cdbaee88b7fc16e2f0?s=96&d=mm&r=g\",\"caption\":\"Damien Dellerba\"},\"url\":\"https:\/\/www.ladiagonale.net\/index.php\/author\/damien\/\"}]}<\/script>\n<!-- \/ Yoast SEO plugin. -->","yoast_head_json":{"title":"Embolo suspendu contre Strasbourg - La Diagonale","robots":{"index":"index","follow":"follow","max-snippet":"max-snippet:-1","max-image-preview":"max-image-preview:large","max-video-preview":"max-video-preview:-1"},"canonical":"https:\/\/www.ladiagonale.net\/index.php\/2025\/04\/05\/embolo-suspendu-contre-strasbourg\/","og_locale":"fr_FR","og_type":"article","og_title":"Embolo suspendu contre Strasbourg - La Diagonale","og_description":"Une mauvaise nouvelle n\u2019arrive jamais seule. Averti ce samedi contre Brest, Breel Embolo a \u00e9cop\u00e9 de son troisi\u00e8me carton jaune en moins de dix rencontres. L\u2019attaquant suisse sera donc suspendu pour la r\u00e9ception de Strasbourg, pr\u00e9vue le 19 avril, \u00e0 l&rsquo;occasion de la 30e journ\u00e9e de Ligue 1,. L\u2019attaquant suisse avait d\u00e9j\u00e0 \u00e9t\u00e9 averti contre [...]","og_url":"https:\/\/www.ladiagonale.net\/index.php\/2025\/04\/05\/embolo-suspendu-contre-strasbourg\/","og_site_name":"La Diagonale","article_published_time":"2025-04-05T21:02:33+00:00","article_modified_time":"2025-04-05T21:02:34+00:00","og_image":[{"width":1160,"height":650,"url":"https:\/\/www.ladiagonale.net\/wp-content\/uploads\/2024\/09\/Embolo2425.png","type":"image\/png"}],"author":"Damien Dellerba","twitter_card":"summary_large_image","twitter_image":"https:\/\/www.ladiagonale.net\/wp-content\/uploads\/2024\/09\/Embolo2425.png","twitter_misc":{"\u00c9crit par":"Damien Dellerba","Dur\u00e9e de lecture estim\u00e9e":"1 minute"},"schema":{"@context":"https:\/\/schema.org","@graph":[{"@type":"WebPage","@id":"https:\/\/www.ladiagonale.net\/index.php\/2025\/04\/05\/embolo-suspendu-contre-strasbourg\/","url":"https:\/\/www.ladiagonale.net\/index.php\/2025\/04\/05\/embolo-suspendu-contre-strasbourg\/","name":"Embolo suspendu contre Strasbourg - La Diagonale","isPartOf":{"@id":"https:\/\/www.ladiagonale.net\/#website"},"datePublished":"2025-04-05T21:02:33+00:00","dateModified":"2025-04-05T21:02:34+00:00","author":{"@id":"https:\/\/www.ladiagonale.net\/#\/schema\/person\/79ff1e7b0853ed01b2aa26e64ad300bf"},"breadcrumb":{"@id":"https:\/\/www.ladiagonale.net\/index.php\/2025\/04\/05\/embolo-suspendu-contre-strasbourg\/#breadcrumb"},"inLanguage":"fr-FR","potentialAction":[{"@type":"ReadAction","target":["https:\/\/www.ladiagonale.net\/index.php\/2025\/04\/05\/embolo-suspendu-contre-strasbourg\/"]}]},{"@type":"BreadcrumbList","@id":"https:\/\/www.ladiagonale.net\/index.php\/2025\/04\/05\/embolo-suspendu-contre-strasbourg\/#breadcrumb","itemListElement":[{"@type":"ListItem","position":1,"name":"Accueil","item":"https:\/\/www.ladiagonale.net\/"},{"@type":"ListItem","position":2,"name":"Embolo suspendu contre Strasbourg"}]},{"@type":"WebSite","@id":"https:\/\/www.ladiagonale.net\/#website","url":"https:\/\/www.ladiagonale.net\/","name":"La Diagonale","description":"Le site des supporters de l&#039;AS Monaco FC","potentialAction":[{"@type":"SearchAction","target":{"@type":"EntryPoint","urlTemplate":"https:\/\/www.ladiagonale.net\/?s={search_term_string}"},"query-input":"required name=search_term_string"}],"inLanguage":"fr-FR"},{"@type":"Person","@id":"https:\/\/www.ladiagonale.net\/#\/schema\/person\/79ff1e7b0853ed01b2aa26e64ad300bf","name":"Damien Dellerba","image":{"@type":"ImageObject","inLanguage":"fr-FR","@id":"https:\/\/www.ladiagonale.net\/#\/schema\/person\/image\/","url":"https:\/\/secure.gravatar.com\/avatar\/c7850e06d3ff63cdbaee88b7fc16e2f0?s=96&d=mm&r=g","contentUrl":"https:\/\/secure.gravatar.com\/avatar\/c7850e06d3ff63cdbaee88b7fc16e2f0?s=96&d=mm&r=g","caption":"Damien Dellerba"},"url":"https:\/\/www.ladiagonale.net\/index.php\/author\/damien\/"}]}},"_links":{"self":[{"href":"https:\/\/www.ladiagonale.net\/index.php\/wp-json\/wp\/v2\/posts\/30819"}],"collection":[{"href":"https:\/\/www.ladiagonale.net\/index.php\/wp-json\/wp\/v2\/posts"}],"about":[{"href":"https:\/\/www.ladiagonale.net\/index.php\/wp-json\/wp\/v2\/types\/post"}],"author":[{"embeddable":true,"href":"https:\/\/www.ladiagonale.net\/index.php\/wp-json\/wp\/v2\/users\/2"}],"replies":[{"embeddable":true,"href":"https:\/\/www.ladiagonale.net\/index.php\/wp-json\/wp\/v2\/comments?post=30819"}],"version-history":[{"count":1,"href":"https:\/\/www.ladiagonale.net\/index.php\/wp-json\/wp\/v2\/posts\/30819\/revisions"}],"predecessor-version":[{"id":30820,"href":"https:\/\/www.ladiagonale.net\/index.php\/wp-json\/wp\/v2\/posts\/30819\/revisions\/30820"}],"wp:attachment":[{"href":"https:\/\/www.ladiagonale.net\/index.php\/wp-json\/wp\/v2\/media?parent=30819"}],"wp:term":[{"taxonomy":"category","embeddable":true,"href":"https:\/\/www.ladiagonale.net\/index.php\/wp-json\/wp\/v2\/categories?post=30819"},{"taxonomy":"post_tag","embeddable":true,"href":"https:\/\/www.ladiagonale.net\/index.php\/wp-json\/wp\/v2\/tags?post=30819"}],"curies":[{"name":"wp","href":"https:\/\/api.w.org\/{rel}","templated":true}]}}