{"id":30822,"date":"2025-04-06T13:26:04","date_gmt":"2025-04-06T11:26:04","guid":{"rendered":"https:\/\/www.ladiagonale.net\/?p=30822"},"modified":"2025-04-06T13:26:34","modified_gmt":"2025-04-06T11:26:34","slug":"les-notes-kohn-ne-rit-plus","status":"publish","type":"post","link":"https:\/\/www.ladiagonale.net\/index.php\/2025\/04\/06\/les-notes-kohn-ne-rit-plus\/","title":{"rendered":"Les notes : K\u00f6hn ne rit plus"},"content":{"rendered":"\n\n\n<p><strong>S&rsquo;il avait \u00e9chapp\u00e9 jusqu\u2019ici aux boulettes, le portier suisse Philipp K\u00f6hn a encaiss\u00e9 deux buts gags contre Brest et pr\u00e9cipit\u00e9 la chute de l&rsquo;AS Monaco.<\/strong><\/p>\n\n\n\n<h4 class=\"wp-block-heading has-white-color has-text-color has-background\" style=\"background-color:#045000\">TOPS<\/h4>\n\n\n\n<div class=\"wp-block-media-text alignwide is-stacked-on-mobile\" style=\"grid-template-columns:30% auto\"><figure class=\"wp-block-media-text__media\"><img loading=\"lazy\" width=\"400\" height=\"400\" src=\"https:\/\/www.ladiagonale.net\/wp-content\/uploads\/2024\/09\/LCamara6.png\" alt=\"\" class=\"wp-image-26115 size-full\"\/><\/figure><div class=\"wp-block-media-text__content\">\n<p style=\"font-size:16px\"><strong>Lamine Camara<\/strong><\/p>\n\n\n\n<p style=\"font-size:15px\">En premi\u00e8re p\u00e9riode, on a vu quasiment que lui c\u00f4t\u00e9 mon\u00e9gasque, avec de l&rsquo;impact dans le duel (5 sur 7 remport\u00e9s) et pour aller r\u00e9cup\u00e9rer des ballons (10, meilleur total de l&rsquo;\u00e9quipe). Il a certes perdu beaucoup de balles (17) en se montrant parfois maladroit en voulant allonger le jeu, mais il a eu le m\u00e9rite de prendre un peu plus de risques et tent\u00e9 d&rsquo;insuffler des choses. De nombreux centres (6, record de l&rsquo;\u00e9quipe).<\/p>\n<\/div><\/div>\n\n\n\n<div style=\"height:50px\" aria-hidden=\"true\" class=\"wp-block-spacer\"><\/div>\n\n\n\n<div class=\"wp-block-media-text alignwide is-stacked-on-mobile\" style=\"grid-template-columns:30% auto\"><figure class=\"wp-block-media-text__media\"><img loading=\"lazy\" width=\"400\" height=\"400\" src=\"https:\/\/www.ladiagonale.net\/wp-content\/uploads\/2024\/12\/Zakaria6.png\" alt=\"\" class=\"wp-image-27897 size-full\" srcset=\"https:\/\/www.ladiagonale.net\/wp-content\/uploads\/2024\/12\/Zakaria6.png 400w, https:\/\/www.ladiagonale.net\/wp-content\/uploads\/2024\/12\/Zakaria6-300x300.png 300w, https:\/\/www.ladiagonale.net\/wp-content\/uploads\/2024\/12\/Zakaria6-150x150.png 150w, https:\/\/www.ladiagonale.net\/wp-content\/uploads\/2024\/12\/Zakaria6-128x128.png 128w, https:\/\/www.ladiagonale.net\/wp-content\/uploads\/2024\/12\/Zakaria6-32x32.png 32w\" sizes=\"(max-width: 400px) 100vw, 400px\" \/><\/figure><div class=\"wp-block-media-text__content\">\n<p style=\"font-size:16px\"><strong>Denis Zakaria<\/strong><\/p>\n\n\n\n<p style=\"font-size:15px\">Apr\u00e8s l&rsquo;\u00e9chec de Biereth sur le point de p\u00e9nalty contre Nice la semaine pass\u00e9e, le capitaine mon\u00e9gasque a pris ses responsabilit\u00e9s cette fois et comme contre Zagreb en octobre, il n&rsquo;a pas trembl\u00e9, en marquant d&rsquo;un tir puissant. Un but qui aurait pu donner un point \u00e0 l&rsquo;ASM. Dans le jeu, on l&rsquo;a un peu moins vu, en particulier en premi\u00e8re p\u00e9riode, o\u00f9 il a \u00e9t\u00e9 fonci\u00e8rement domin\u00e9 au duel (7 sur 9 perdus). Plus \u00e0 l&rsquo;aise en seconde p\u00e9riode quand Monaco a retrouv\u00e9 la ma\u00eetrise du ballon, m\u00eame s&rsquo;il a subi dans les dix derni\u00e8res minutes.<\/p>\n<\/div><\/div>\n\n\n\n<div style=\"height:50px\" aria-hidden=\"true\" class=\"wp-block-spacer\"><\/div>\n\n\n\n<h4 class=\"wp-block-heading has-white-color has-text-color has-background\" style=\"background-color:#c00501\">FLOPS<\/h4>\n\n\n\n<div class=\"wp-block-media-text alignwide is-stacked-on-mobile\" style=\"grid-template-columns:30% auto\"><figure class=\"wp-block-media-text__media\"><img loading=\"lazy\" width=\"400\" height=\"400\" src=\"https:\/\/www.ladiagonale.net\/wp-content\/uploads\/2024\/12\/Ko\u0308hn3.png\" alt=\"\" class=\"wp-image-28299 size-full\" srcset=\"https:\/\/www.ladiagonale.net\/wp-content\/uploads\/2024\/12\/Ko\u0308hn3.png 400w, https:\/\/www.ladiagonale.net\/wp-content\/uploads\/2024\/12\/Ko\u0308hn3-300x300.png 300w, https:\/\/www.ladiagonale.net\/wp-content\/uploads\/2024\/12\/Ko\u0308hn3-150x150.png 150w, https:\/\/www.ladiagonale.net\/wp-content\/uploads\/2024\/12\/Ko\u0308hn3-128x128.png 128w, https:\/\/www.ladiagonale.net\/wp-content\/uploads\/2024\/12\/Ko\u0308hn3-32x32.png 32w\" sizes=\"(max-width: 400px) 100vw, 400px\" \/><\/figure><div class=\"wp-block-media-text__content\">\n<p style=\"font-size:16px\"><strong>Philipp K\u00f6hn<\/strong><\/p>\n\n\n\n<p style=\"font-size:15px\">Une prestation que l&rsquo;in\u00e9narrable Alexander N\u00fcbel n&rsquo;aurait pas reni\u00e9e. Plut\u00f4t appliqu\u00e9 en premi\u00e8re p\u00e9riode, il a eu une r\u00e9ussite maximale en repoussant du visage le ballon qu&rsquo;Ajorque tente de reprendre du bout du pied. Mais il cafouille ensuite avec Kehrer, qui le g\u00eane sur la reprise de Sima, et conc\u00e8de un premier but gag, qui a \u00e9t\u00e9 cr\u00e9dit\u00e9 contre lui. Le second est quand m\u00eame pire, puisqu&rsquo;il laisse passer le ballon sous son torse, pi\u00e9g\u00e9 par le rebond de la frappe de Camara. <\/p>\n<\/div><\/div>\n\n\n\n<div style=\"height:50px\" aria-hidden=\"true\" class=\"wp-block-spacer\"><\/div>\n\n\n\n<div class=\"wp-block-media-text alignwide is-stacked-on-mobile\" style=\"grid-template-columns:30% auto\"><figure class=\"wp-block-media-text__media\"><img loading=\"lazy\" width=\"400\" height=\"400\" src=\"https:\/\/www.ladiagonale.net\/wp-content\/uploads\/2024\/12\/Kehrer3-1.png\" alt=\"\" class=\"wp-image-28285 size-full\" srcset=\"https:\/\/www.ladiagonale.net\/wp-content\/uploads\/2024\/12\/Kehrer3-1.png 400w, https:\/\/www.ladiagonale.net\/wp-content\/uploads\/2024\/12\/Kehrer3-1-300x300.png 300w, https:\/\/www.ladiagonale.net\/wp-content\/uploads\/2024\/12\/Kehrer3-1-150x150.png 150w, https:\/\/www.ladiagonale.net\/wp-content\/uploads\/2024\/12\/Kehrer3-1-128x128.png 128w, https:\/\/www.ladiagonale.net\/wp-content\/uploads\/2024\/12\/Kehrer3-1-32x32.png 32w\" sizes=\"(max-width: 400px) 100vw, 400px\" \/><\/figure><div class=\"wp-block-media-text__content\">\n<p style=\"font-size:16px\"><strong>Thilo Kehrer<\/strong><\/p>\n\n\n\n<p style=\"font-size:15px\">Face \u00e0 un adversaire qui avait du r\u00e9pondant athl\u00e9tique, Ajorque, il a tr\u00e8s vite cherch\u00e9 \u00e0 montrer les muscles, parfois avec des interventions un peu trop agressives et peu \u00e0 propos. Mais tout \u00e9tait dans l&rsquo;apparence car au final, il n&rsquo;a remport\u00e9 aucun de ses duels en 45 minutes et surtout, il perd celui qui am\u00e8ne l&rsquo;ouverture du score brestoise, malgr\u00e9 une prise \u00e0 deux avec Singo sur le R\u00e9unionnais. Sur la suite de l&rsquo;action, il g\u00eane K\u00f6hn et envoie plus que probablement le ballon dans ses propres buts.<\/p>\n<\/div><\/div>\n\n\n\n<div style=\"height:50px\" aria-hidden=\"true\" class=\"wp-block-spacer\"><\/div>\n\n\n\n<div class=\"wp-block-media-text alignwide is-stacked-on-mobile\" style=\"grid-template-columns:30% auto\"><figure class=\"wp-block-media-text__media\"><img loading=\"lazy\" width=\"400\" height=\"400\" src=\"https:\/\/www.ladiagonale.net\/wp-content\/uploads\/2024\/12\/Singo4-1.png\" alt=\"\" class=\"wp-image-28283 size-full\" srcset=\"https:\/\/www.ladiagonale.net\/wp-content\/uploads\/2024\/12\/Singo4-1.png 400w, https:\/\/www.ladiagonale.net\/wp-content\/uploads\/2024\/12\/Singo4-1-300x300.png 300w, https:\/\/www.ladiagonale.net\/wp-content\/uploads\/2024\/12\/Singo4-1-150x150.png 150w, https:\/\/www.ladiagonale.net\/wp-content\/uploads\/2024\/12\/Singo4-1-128x128.png 128w, https:\/\/www.ladiagonale.net\/wp-content\/uploads\/2024\/12\/Singo4-1-32x32.png 32w\" sizes=\"(max-width: 400px) 100vw, 400px\" \/><\/figure><div class=\"wp-block-media-text__content\">\n<p style=\"font-size:16px\"><strong>Wilfried Singo<\/strong><\/p>\n\n\n\n<p style=\"font-size:15px\">Reconduit au poste de lat\u00e9ral droit, l&rsquo;Ivoirien a \u00e9t\u00e9 pris en flagrant d\u00e9lit de nonchalance et de manque de concentration, lorsqu&rsquo;il s&rsquo;est fait surprendre plusieurs fois par Sima ou par les d\u00e9doublements d&rsquo;Ha\u00efdara dans son dos. Un calvaire d\u00e9fensivement en plus d&rsquo;\u00eatre d&rsquo;une totale impuissance dans le camp adverse. Il r\u00e9alise une intervention tr\u00e8s litigieuse \u00e0 la limite de la surface (38<sup>e<\/sup>) qui montre ses lacunes dans le discernement et il se fait aussi manger par Ajorque sur l&rsquo;ouverture du score. Du mieux apr\u00e8s la pause quand il est repass\u00e9 dans l&rsquo;axe, son vrai poste.<\/p>\n<\/div><\/div>\n\n\n\n<div style=\"height:50px\" aria-hidden=\"true\" class=\"wp-block-spacer\"><\/div>\n\n\n\n<div class=\"wp-block-media-text alignwide is-stacked-on-mobile\" style=\"grid-template-columns:30% auto\"><figure class=\"wp-block-media-text__media\"><img loading=\"lazy\" width=\"400\" height=\"400\" src=\"https:\/\/www.ladiagonale.net\/wp-content\/uploads\/2025\/02\/Biereth4.png\" alt=\"\" class=\"wp-image-29735 size-full\" srcset=\"https:\/\/www.ladiagonale.net\/wp-content\/uploads\/2025\/02\/Biereth4.png 400w, https:\/\/www.ladiagonale.net\/wp-content\/uploads\/2025\/02\/Biereth4-300x300.png 300w, https:\/\/www.ladiagonale.net\/wp-content\/uploads\/2025\/02\/Biereth4-150x150.png 150w, https:\/\/www.ladiagonale.net\/wp-content\/uploads\/2025\/02\/Biereth4-128x128.png 128w, https:\/\/www.ladiagonale.net\/wp-content\/uploads\/2025\/02\/Biereth4-32x32.png 32w\" sizes=\"(max-width: 400px) 100vw, 400px\" \/><\/figure><div class=\"wp-block-media-text__content\">\n<p style=\"font-size:16px\"><strong>Mika Biereth<\/strong><\/p>\n\n\n\n<p style=\"font-size:15px\">L&rsquo;attaquant danois n&rsquo;\u00e9tait pas dans un bon jour. Ses deux frappes (6<sup>e<\/sup>, 80<sup>e<\/sup>) ont \u00e0 chaque fois \u00e9t\u00e9 repouss\u00e9es par la d\u00e9fense brestoise et au-del\u00e0 de \u00e7a, il a eu beaucoup plus de mal \u00e0 se mouvoir et \u00e0 trouver les bons espaces. Malgr\u00e9 une bonne volont\u00e9 \u00e9vidente, sa complicit\u00e9 avec ses partenaires n&rsquo;\u00e9tait pas au rendez-vous.<\/p>\n<\/div><\/div>\n\n\n\n<div style=\"height:50px\" aria-hidden=\"true\" class=\"wp-block-spacer\"><\/div>\n\n\n\n<div class=\"wp-block-media-text alignwide is-stacked-on-mobile\" style=\"grid-template-columns:30% auto\"><figure class=\"wp-block-media-text__media\"><img loading=\"lazy\" width=\"400\" height=\"400\" src=\"https:\/\/www.ladiagonale.net\/wp-content\/uploads\/2023\/11\/Hutter3.png\" alt=\"\" class=\"wp-image-18541 size-full\" srcset=\"https:\/\/www.ladiagonale.net\/wp-content\/uploads\/2023\/11\/Hutter3.png 400w, https:\/\/www.ladiagonale.net\/wp-content\/uploads\/2023\/11\/Hutter3-300x300.png 300w, https:\/\/www.ladiagonale.net\/wp-content\/uploads\/2023\/11\/Hutter3-150x150.png 150w, https:\/\/www.ladiagonale.net\/wp-content\/uploads\/2023\/11\/Hutter3-128x128.png 128w, https:\/\/www.ladiagonale.net\/wp-content\/uploads\/2023\/11\/Hutter3-32x32.png 32w\" sizes=\"(max-width: 400px) 100vw, 400px\" \/><\/figure><div class=\"wp-block-media-text__content\">\n<p style=\"font-size:16px\"><strong>Adi H\u00fctter<\/strong><\/p>\n\n\n\n<p style=\"font-size:15px\">On ne critiquera pas son choix de reconduire le m\u00eame onze que contre Nice, o\u00f9 tout ou presque avait bien fonctionn\u00e9. Mais son \u00e9quipe est rapidement devenue trop lisible pour des Brestois qui ont progressivement invers\u00e9 le rapport de force apr\u00e8s dix minutes. Wilfried Singo, d\u00e9j\u00e0 moyen contre Nice au poste de lat\u00e9ral droit, a cette fois \u00e9t\u00e9 en difficult\u00e9. Ses changements \u00e0 la mi-temps ont apport\u00e9 un peu de mieux, contrairement \u00e0 ceux du second acte qui ont produit l&rsquo;effet inverse. Le coup de poker K\u00f6hn n&rsquo;a pas fonctionn\u00e9 et c&rsquo;\u00e9tait pr\u00e9visible.<\/p>\n<\/div><\/div>\n\n\n\n<div style=\"height:50px\" aria-hidden=\"true\" class=\"wp-block-spacer\"><\/div>\n\n\n\n<h4 class=\"wp-block-heading has-white-color has-text-color has-background\" style=\"background-color:#303030\">Les autres notes<\/h4>\n\n\n<div class=\"wp-block-image\">\n<figure class=\"aligncenter size-large is-resized\"><img loading=\"lazy\" src=\"https:\/\/www.ladiagonale.net\/wp-content\/uploads\/2025\/04\/lineup-builder2-819x1024.png\" alt=\"\" class=\"wp-image-30823\" width=\"614\" height=\"768\" srcset=\"https:\/\/www.ladiagonale.net\/wp-content\/uploads\/2025\/04\/lineup-builder2-819x1024.png 819w, https:\/\/www.ladiagonale.net\/wp-content\/uploads\/2025\/04\/lineup-builder2-240x300.png 240w, https:\/\/www.ladiagonale.net\/wp-content\/uploads\/2025\/04\/lineup-builder2-768x960.png 768w, https:\/\/www.ladiagonale.net\/wp-content\/uploads\/2025\/04\/lineup-builder2-1229x1536.png 1229w, https:\/\/www.ladiagonale.net\/wp-content\/uploads\/2025\/04\/lineup-builder2-102x128.png 102w, https:\/\/www.ladiagonale.net\/wp-content\/uploads\/2025\/04\/lineup-builder2-26x32.png 26w, https:\/\/www.ladiagonale.net\/wp-content\/uploads\/2025\/04\/lineup-builder2.png 1242w\" sizes=\"(max-width: 614px) 100vw, 614px\" \/><figcaption>H\u00fctter : 3<br>Moyenne : 4,5\/10<\/figcaption><\/figure><\/div>","protected":false},"excerpt":{"rendered":"<p>S&rsquo;il avait \u00e9chapp\u00e9 jusqu\u2019ici aux boulettes, le portier suisse Philipp K\u00f6hn a encaiss\u00e9 deux buts gags contre Brest et pr\u00e9cipit\u00e9 la chute de l&rsquo;AS Monaco. TOPS Lamine Camara En premi\u00e8re p\u00e9riode, on a vu quasiment que lui c\u00f4t\u00e9 mon\u00e9gasque, avec de l&rsquo;impact dans le duel (5 sur 7 remport\u00e9s) et pour aller r\u00e9cup\u00e9rer des ballons [&#8230;]\n","protected":false},"author":2,"featured_media":30826,"comment_status":"open","ping_status":"open","sticky":false,"template":"","format":"standard","meta":[],"categories":[5,6],"tags":[86,373,94,248],"yoast_head":"<!-- This site is optimized with the Yoast SEO plugin v19.8 - https:\/\/yoast.com\/wordpress\/plugins\/seo\/ -->\n<title>Les notes : K\u00f6hn ne rit plus - La Diagonale<\/title>\n<meta name=\"robots\" content=\"index, follow, max-snippet:-1, max-image-preview:large, max-video-preview:-1\" \/>\n<link rel=\"canonical\" href=\"https:\/\/www.ladiagonale.net\/index.php\/2025\/04\/06\/les-notes-kohn-ne-rit-plus\/\" \/>\n<meta property=\"og:locale\" content=\"fr_FR\" \/>\n<meta property=\"og:type\" content=\"article\" \/>\n<meta property=\"og:title\" content=\"Les notes : K\u00f6hn ne rit plus - La Diagonale\" \/>\n<meta property=\"og:description\" content=\"S&rsquo;il avait \u00e9chapp\u00e9 jusqu\u2019ici aux boulettes, le portier suisse Philipp K\u00f6hn a encaiss\u00e9 deux buts gags contre Brest et pr\u00e9cipit\u00e9 la chute de l&rsquo;AS Monaco. TOPS Lamine Camara En premi\u00e8re p\u00e9riode, on a vu quasiment que lui c\u00f4t\u00e9 mon\u00e9gasque, avec de l&rsquo;impact dans le duel (5 sur 7 remport\u00e9s) et pour aller r\u00e9cup\u00e9rer des ballons [...]\" \/>\n<meta property=\"og:url\" content=\"https:\/\/www.ladiagonale.net\/index.php\/2025\/04\/06\/les-notes-kohn-ne-rit-plus\/\" \/>\n<meta property=\"og:site_name\" content=\"La Diagonale\" \/>\n<meta property=\"article:published_time\" content=\"2025-04-06T11:26:04+00:00\" \/>\n<meta property=\"article:modified_time\" content=\"2025-04-06T11:26:34+00:00\" \/>\n<meta property=\"og:image\" content=\"https:\/\/www.ladiagonale.net\/wp-content\/uploads\/2025\/04\/kohn-brest-1.png\" \/>\n\t<meta property=\"og:image:width\" content=\"1160\" \/>\n\t<meta property=\"og:image:height\" content=\"650\" \/>\n\t<meta property=\"og:image:type\" content=\"image\/png\" \/>\n<meta name=\"author\" content=\"Damien Dellerba\" \/>\n<meta name=\"twitter:card\" content=\"summary_large_image\" \/>\n<meta name=\"twitter:image\" content=\"https:\/\/www.ladiagonale.net\/wp-content\/uploads\/2025\/04\/kohn-brest-1.png\" \/>\n<meta name=\"twitter:label1\" content=\"\u00c9crit par\" \/>\n\t<meta name=\"twitter:data1\" content=\"Damien Dellerba\" \/>\n\t<meta name=\"twitter:label2\" content=\"Dur\u00e9e de lecture estim\u00e9e\" \/>\n\t<meta name=\"twitter:data2\" content=\"5 minutes\" \/>\n<script type=\"application\/ld+json\" class=\"yoast-schema-graph\">{\"@context\":\"https:\/\/schema.org\",\"@graph\":[{\"@type\":\"WebPage\",\"@id\":\"https:\/\/www.ladiagonale.net\/index.php\/2025\/04\/06\/les-notes-kohn-ne-rit-plus\/\",\"url\":\"https:\/\/www.ladiagonale.net\/index.php\/2025\/04\/06\/les-notes-kohn-ne-rit-plus\/\",\"name\":\"Les notes : K\u00f6hn ne rit plus - La Diagonale\",\"isPartOf\":{\"@id\":\"https:\/\/www.ladiagonale.net\/#website\"},\"datePublished\":\"2025-04-06T11:26:04+00:00\",\"dateModified\":\"2025-04-06T11:26:34+00:00\",\"author\":{\"@id\":\"https:\/\/www.ladiagonale.net\/#\/schema\/person\/79ff1e7b0853ed01b2aa26e64ad300bf\"},\"breadcrumb\":{\"@id\":\"https:\/\/www.ladiagonale.net\/index.php\/2025\/04\/06\/les-notes-kohn-ne-rit-plus\/#breadcrumb\"},\"inLanguage\":\"fr-FR\",\"potentialAction\":[{\"@type\":\"ReadAction\",\"target\":[\"https:\/\/www.ladiagonale.net\/index.php\/2025\/04\/06\/les-notes-kohn-ne-rit-plus\/\"]}]},{\"@type\":\"BreadcrumbList\",\"@id\":\"https:\/\/www.ladiagonale.net\/index.php\/2025\/04\/06\/les-notes-kohn-ne-rit-plus\/#breadcrumb\",\"itemListElement\":[{\"@type\":\"ListItem\",\"position\":1,\"name\":\"Accueil\",\"item\":\"https:\/\/www.ladiagonale.net\/\"},{\"@type\":\"ListItem\",\"position\":2,\"name\":\"Les notes : K\u00f6hn ne rit plus\"}]},{\"@type\":\"WebSite\",\"@id\":\"https:\/\/www.ladiagonale.net\/#website\",\"url\":\"https:\/\/www.ladiagonale.net\/\",\"name\":\"La Diagonale\",\"description\":\"Le site des supporters de l&#039;AS Monaco FC\",\"potentialAction\":[{\"@type\":\"SearchAction\",\"target\":{\"@type\":\"EntryPoint\",\"urlTemplate\":\"https:\/\/www.ladiagonale.net\/?s={search_term_string}\"},\"query-input\":\"required name=search_term_string\"}],\"inLanguage\":\"fr-FR\"},{\"@type\":\"Person\",\"@id\":\"https:\/\/www.ladiagonale.net\/#\/schema\/person\/79ff1e7b0853ed01b2aa26e64ad300bf\",\"name\":\"Damien Dellerba\",\"image\":{\"@type\":\"ImageObject\",\"inLanguage\":\"fr-FR\",\"@id\":\"https:\/\/www.ladiagonale.net\/#\/schema\/person\/image\/\",\"url\":\"https:\/\/secure.gravatar.com\/avatar\/c7850e06d3ff63cdbaee88b7fc16e2f0?s=96&d=mm&r=g\",\"contentUrl\":\"https:\/\/secure.gravatar.com\/avatar\/c7850e06d3ff63cdbaee88b7fc16e2f0?s=96&d=mm&r=g\",\"caption\":\"Damien Dellerba\"},\"url\":\"https:\/\/www.ladiagonale.net\/index.php\/author\/damien\/\"}]}<\/script>\n<!-- \/ Yoast SEO plugin. -->","yoast_head_json":{"title":"Les notes : K\u00f6hn ne rit plus - La Diagonale","robots":{"index":"index","follow":"follow","max-snippet":"max-snippet:-1","max-image-preview":"max-image-preview:large","max-video-preview":"max-video-preview:-1"},"canonical":"https:\/\/www.ladiagonale.net\/index.php\/2025\/04\/06\/les-notes-kohn-ne-rit-plus\/","og_locale":"fr_FR","og_type":"article","og_title":"Les notes : K\u00f6hn ne rit plus - La Diagonale","og_description":"S&rsquo;il avait \u00e9chapp\u00e9 jusqu\u2019ici aux boulettes, le portier suisse Philipp K\u00f6hn a encaiss\u00e9 deux buts gags contre Brest et pr\u00e9cipit\u00e9 la chute de l&rsquo;AS Monaco. TOPS Lamine Camara En premi\u00e8re p\u00e9riode, on a vu quasiment que lui c\u00f4t\u00e9 mon\u00e9gasque, avec de l&rsquo;impact dans le duel (5 sur 7 remport\u00e9s) et pour aller r\u00e9cup\u00e9rer des ballons [...]","og_url":"https:\/\/www.ladiagonale.net\/index.php\/2025\/04\/06\/les-notes-kohn-ne-rit-plus\/","og_site_name":"La Diagonale","article_published_time":"2025-04-06T11:26:04+00:00","article_modified_time":"2025-04-06T11:26:34+00:00","og_image":[{"width":1160,"height":650,"url":"https:\/\/www.ladiagonale.net\/wp-content\/uploads\/2025\/04\/kohn-brest-1.png","type":"image\/png"}],"author":"Damien Dellerba","twitter_card":"summary_large_image","twitter_image":"https:\/\/www.ladiagonale.net\/wp-content\/uploads\/2025\/04\/kohn-brest-1.png","twitter_misc":{"\u00c9crit par":"Damien Dellerba","Dur\u00e9e de lecture estim\u00e9e":"5 minutes"},"schema":{"@context":"https:\/\/schema.org","@graph":[{"@type":"WebPage","@id":"https:\/\/www.ladiagonale.net\/index.php\/2025\/04\/06\/les-notes-kohn-ne-rit-plus\/","url":"https:\/\/www.ladiagonale.net\/index.php\/2025\/04\/06\/les-notes-kohn-ne-rit-plus\/","name":"Les notes : K\u00f6hn ne rit plus - La Diagonale","isPartOf":{"@id":"https:\/\/www.ladiagonale.net\/#website"},"datePublished":"2025-04-06T11:26:04+00:00","dateModified":"2025-04-06T11:26:34+00:00","author":{"@id":"https:\/\/www.ladiagonale.net\/#\/schema\/person\/79ff1e7b0853ed01b2aa26e64ad300bf"},"breadcrumb":{"@id":"https:\/\/www.ladiagonale.net\/index.php\/2025\/04\/06\/les-notes-kohn-ne-rit-plus\/#breadcrumb"},"inLanguage":"fr-FR","potentialAction":[{"@type":"ReadAction","target":["https:\/\/www.ladiagonale.net\/index.php\/2025\/04\/06\/les-notes-kohn-ne-rit-plus\/"]}]},{"@type":"BreadcrumbList","@id":"https:\/\/www.ladiagonale.net\/index.php\/2025\/04\/06\/les-notes-kohn-ne-rit-plus\/#breadcrumb","itemListElement":[{"@type":"ListItem","position":1,"name":"Accueil","item":"https:\/\/www.ladiagonale.net\/"},{"@type":"ListItem","position":2,"name":"Les notes : K\u00f6hn ne rit plus"}]},{"@type":"WebSite","@id":"https:\/\/www.ladiagonale.net\/#website","url":"https:\/\/www.ladiagonale.net\/","name":"La Diagonale","description":"Le site des supporters de l&#039;AS Monaco FC","potentialAction":[{"@type":"SearchAction","target":{"@type":"EntryPoint","urlTemplate":"https:\/\/www.ladiagonale.net\/?s={search_term_string}"},"query-input":"required name=search_term_string"}],"inLanguage":"fr-FR"},{"@type":"Person","@id":"https:\/\/www.ladiagonale.net\/#\/schema\/person\/79ff1e7b0853ed01b2aa26e64ad300bf","name":"Damien Dellerba","image":{"@type":"ImageObject","inLanguage":"fr-FR","@id":"https:\/\/www.ladiagonale.net\/#\/schema\/person\/image\/","url":"https:\/\/secure.gravatar.com\/avatar\/c7850e06d3ff63cdbaee88b7fc16e2f0?s=96&d=mm&r=g","contentUrl":"https:\/\/secure.gravatar.com\/avatar\/c7850e06d3ff63cdbaee88b7fc16e2f0?s=96&d=mm&r=g","caption":"Damien Dellerba"},"url":"https:\/\/www.ladiagonale.net\/index.php\/author\/damien\/"}]}},"_links":{"self":[{"href":"https:\/\/www.ladiagonale.net\/index.php\/wp-json\/wp\/v2\/posts\/30822"}],"collection":[{"href":"https:\/\/www.ladiagonale.net\/index.php\/wp-json\/wp\/v2\/posts"}],"about":[{"href":"https:\/\/www.ladiagonale.net\/index.php\/wp-json\/wp\/v2\/types\/post"}],"author":[{"embeddable":true,"href":"https:\/\/www.ladiagonale.net\/index.php\/wp-json\/wp\/v2\/users\/2"}],"replies":[{"embeddable":true,"href":"https:\/\/www.ladiagonale.net\/index.php\/wp-json\/wp\/v2\/comments?post=30822"}],"version-history":[{"count":5,"href":"https:\/\/www.ladiagonale.net\/index.php\/wp-json\/wp\/v2\/posts\/30822\/revisions"}],"predecessor-version":[{"id":30837,"href":"https:\/\/www.ladiagonale.net\/index.php\/wp-json\/wp\/v2\/posts\/30822\/revisions\/30837"}],"wp:featuredmedia":[{"embeddable":true,"href":"https:\/\/www.ladiagonale.net\/index.php\/wp-json\/wp\/v2\/media\/30826"}],"wp:attachment":[{"href":"https:\/\/www.ladiagonale.net\/index.php\/wp-json\/wp\/v2\/media?parent=30822"}],"wp:term":[{"taxonomy":"category","embeddable":true,"href":"https:\/\/www.ladiagonale.net\/index.php\/wp-json\/wp\/v2\/categories?post=30822"},{"taxonomy":"post_tag","embeddable":true,"href":"https:\/\/www.ladiagonale.net\/index.php\/wp-json\/wp\/v2\/tags?post=30822"}],"curies":[{"name":"wp","href":"https:\/\/api.w.org\/{rel}","templated":true}]}}