{"id":30833,"date":"2025-04-06T12:32:34","date_gmt":"2025-04-06T10:32:34","guid":{"rendered":"https:\/\/www.ladiagonale.net\/?p=30833"},"modified":"2025-04-06T12:32:34","modified_gmt":"2025-04-06T10:32:34","slug":"caio-henrique-vole-au-secours-de-kohn","status":"publish","type":"post","link":"https:\/\/www.ladiagonale.net\/index.php\/2025\/04\/06\/caio-henrique-vole-au-secours-de-kohn\/","title":{"rendered":"Caio Henrique vole au secours de K\u00f6hn"},"content":{"rendered":"\n\n\n<p>Philipp K\u00f6hn s&rsquo;est rat\u00e9 dans les grandes largeurs contre Brest, samedi, alors qu&rsquo;il \u00e9tait redevenu le titulaire au poste de gardien deux rencontres plus t\u00f4t, \u00e0 Angers <em>(2-0, le 15 mars)<\/em>. G\u00ean\u00e9 par Kehrer sur le premier but et totalement coupable sur le second, il a pr\u00e9cipit\u00e9 la d\u00e9faite de l&rsquo;ASM (1-2), la huiti\u00e8me de la saison en championnat. Il a toutefois pu compter sur le soutien de Caio Henrique.<\/p>\n\n\n\n<p>Le lat\u00e9ral br\u00e9silien a essay\u00e9 d&rsquo;expliquer pourquoi les situations \u00e9taient difficiles \u00e0 g\u00e9rer pour un gardien : \u00ab\u00a0<em>J\u2019ai regard\u00e9 les deux buts de Brest, ce sont deux ballons difficiles pour Philipp. Sur chaque situation, un joueur essaye de toucher le ballon devant lui. La confiance, c&rsquo;est match apr\u00e8s match. Les derniers matches de Philipp \u00e9taient tr\u00e8s bons. Mais c&rsquo;est \u00e7a le foot, parfois tu fais des erreurs.<\/em>\u00a0\u00bb<\/p>\n\n\n\n<p>Pour Adi H\u00fctter, la conf\u00e9rence d&rsquo;apr\u00e8s-match n&rsquo;\u00e9tait \u00ab <em>pas le moment <\/em>\u00bb pour \u00e9voquer un possible changement de gardien pour le choc face \u00e0 Marseille. Il n&rsquo;a pas non plus voulu tirer sur l&rsquo;ambulance, alors que la gestion devient encore plus \u00e9pineuse apr\u00e8s son coup de poker rat\u00e9 : \u00ab <em>Parfois, ils nous apportent des doutes, parfois des opportunit\u00e9s. Parfois, ils livrent des matches fantastiques, d&rsquo;autres fois, ils font des erreurs. Le poste de gardien est toujours difficile.<\/em> \u00bb<\/p>\n\n\n\n<p>Source : <em>L&rsquo;\u00c9quipe<\/em><\/p>\n","protected":false},"excerpt":{"rendered":"<p>Philipp K\u00f6hn s&rsquo;est rat\u00e9 dans les grandes largeurs contre Brest, samedi, alors qu&rsquo;il \u00e9tait redevenu le titulaire au poste de gardien deux rencontres plus t\u00f4t, \u00e0 Angers (2-0, le 15 mars). G\u00ean\u00e9 par Kehrer sur le premier but et totalement coupable sur le second, il a pr\u00e9cipit\u00e9 la d\u00e9faite de l&rsquo;ASM (1-2), la huiti\u00e8me de [&#8230;]\n","protected":false},"author":2,"featured_media":0,"comment_status":"open","ping_status":"open","sticky":false,"template":"","format":"standard","meta":[],"categories":[6],"tags":[86,373,137,94,615],"yoast_head":"<!-- This site is optimized with the Yoast SEO plugin v19.8 - https:\/\/yoast.com\/wordpress\/plugins\/seo\/ -->\n<title>Caio Henrique vole au secours de K\u00f6hn - La Diagonale<\/title>\n<meta name=\"robots\" content=\"index, follow, max-snippet:-1, max-image-preview:large, max-video-preview:-1\" \/>\n<link rel=\"canonical\" href=\"https:\/\/www.ladiagonale.net\/index.php\/2025\/04\/06\/caio-henrique-vole-au-secours-de-kohn\/\" \/>\n<meta property=\"og:locale\" content=\"fr_FR\" \/>\n<meta property=\"og:type\" content=\"article\" \/>\n<meta property=\"og:title\" content=\"Caio Henrique vole au secours de K\u00f6hn - La Diagonale\" \/>\n<meta property=\"og:description\" content=\"Philipp K\u00f6hn s&rsquo;est rat\u00e9 dans les grandes largeurs contre Brest, samedi, alors qu&rsquo;il \u00e9tait redevenu le titulaire au poste de gardien deux rencontres plus t\u00f4t, \u00e0 Angers (2-0, le 15 mars). G\u00ean\u00e9 par Kehrer sur le premier but et totalement coupable sur le second, il a pr\u00e9cipit\u00e9 la d\u00e9faite de l&rsquo;ASM (1-2), la huiti\u00e8me de [...]\" \/>\n<meta property=\"og:url\" content=\"https:\/\/www.ladiagonale.net\/index.php\/2025\/04\/06\/caio-henrique-vole-au-secours-de-kohn\/\" \/>\n<meta property=\"og:site_name\" content=\"La Diagonale\" \/>\n<meta property=\"article:published_time\" content=\"2025-04-06T10:32:34+00:00\" \/>\n<meta property=\"og:image\" content=\"https:\/\/www.ladiagonale.net\/wp-content\/uploads\/2024\/09\/caio-verde.png\" \/>\n\t<meta property=\"og:image:width\" content=\"1160\" \/>\n\t<meta property=\"og:image:height\" content=\"650\" \/>\n\t<meta property=\"og:image:type\" content=\"image\/png\" \/>\n<meta name=\"author\" content=\"Damien Dellerba\" \/>\n<meta name=\"twitter:card\" content=\"summary_large_image\" \/>\n<meta name=\"twitter:image\" content=\"https:\/\/www.ladiagonale.net\/wp-content\/uploads\/2024\/09\/caio-verde.png\" \/>\n<meta name=\"twitter:label1\" content=\"\u00c9crit par\" \/>\n\t<meta name=\"twitter:data1\" content=\"Damien Dellerba\" \/>\n\t<meta name=\"twitter:label2\" content=\"Dur\u00e9e de lecture estim\u00e9e\" \/>\n\t<meta name=\"twitter:data2\" content=\"2 minutes\" \/>\n<script type=\"application\/ld+json\" class=\"yoast-schema-graph\">{\"@context\":\"https:\/\/schema.org\",\"@graph\":[{\"@type\":\"WebPage\",\"@id\":\"https:\/\/www.ladiagonale.net\/index.php\/2025\/04\/06\/caio-henrique-vole-au-secours-de-kohn\/\",\"url\":\"https:\/\/www.ladiagonale.net\/index.php\/2025\/04\/06\/caio-henrique-vole-au-secours-de-kohn\/\",\"name\":\"Caio Henrique vole au secours de K\u00f6hn - La Diagonale\",\"isPartOf\":{\"@id\":\"https:\/\/www.ladiagonale.net\/#website\"},\"datePublished\":\"2025-04-06T10:32:34+00:00\",\"dateModified\":\"2025-04-06T10:32:34+00:00\",\"author\":{\"@id\":\"https:\/\/www.ladiagonale.net\/#\/schema\/person\/79ff1e7b0853ed01b2aa26e64ad300bf\"},\"breadcrumb\":{\"@id\":\"https:\/\/www.ladiagonale.net\/index.php\/2025\/04\/06\/caio-henrique-vole-au-secours-de-kohn\/#breadcrumb\"},\"inLanguage\":\"fr-FR\",\"potentialAction\":[{\"@type\":\"ReadAction\",\"target\":[\"https:\/\/www.ladiagonale.net\/index.php\/2025\/04\/06\/caio-henrique-vole-au-secours-de-kohn\/\"]}]},{\"@type\":\"BreadcrumbList\",\"@id\":\"https:\/\/www.ladiagonale.net\/index.php\/2025\/04\/06\/caio-henrique-vole-au-secours-de-kohn\/#breadcrumb\",\"itemListElement\":[{\"@type\":\"ListItem\",\"position\":1,\"name\":\"Accueil\",\"item\":\"https:\/\/www.ladiagonale.net\/\"},{\"@type\":\"ListItem\",\"position\":2,\"name\":\"Caio Henrique vole au secours de K\u00f6hn\"}]},{\"@type\":\"WebSite\",\"@id\":\"https:\/\/www.ladiagonale.net\/#website\",\"url\":\"https:\/\/www.ladiagonale.net\/\",\"name\":\"La Diagonale\",\"description\":\"Le site des supporters de l&#039;AS Monaco FC\",\"potentialAction\":[{\"@type\":\"SearchAction\",\"target\":{\"@type\":\"EntryPoint\",\"urlTemplate\":\"https:\/\/www.ladiagonale.net\/?s={search_term_string}\"},\"query-input\":\"required name=search_term_string\"}],\"inLanguage\":\"fr-FR\"},{\"@type\":\"Person\",\"@id\":\"https:\/\/www.ladiagonale.net\/#\/schema\/person\/79ff1e7b0853ed01b2aa26e64ad300bf\",\"name\":\"Damien Dellerba\",\"image\":{\"@type\":\"ImageObject\",\"inLanguage\":\"fr-FR\",\"@id\":\"https:\/\/www.ladiagonale.net\/#\/schema\/person\/image\/\",\"url\":\"https:\/\/secure.gravatar.com\/avatar\/c7850e06d3ff63cdbaee88b7fc16e2f0?s=96&d=mm&r=g\",\"contentUrl\":\"https:\/\/secure.gravatar.com\/avatar\/c7850e06d3ff63cdbaee88b7fc16e2f0?s=96&d=mm&r=g\",\"caption\":\"Damien Dellerba\"},\"url\":\"https:\/\/www.ladiagonale.net\/index.php\/author\/damien\/\"}]}<\/script>\n<!-- \/ Yoast SEO plugin. -->","yoast_head_json":{"title":"Caio Henrique vole au secours de K\u00f6hn - La Diagonale","robots":{"index":"index","follow":"follow","max-snippet":"max-snippet:-1","max-image-preview":"max-image-preview:large","max-video-preview":"max-video-preview:-1"},"canonical":"https:\/\/www.ladiagonale.net\/index.php\/2025\/04\/06\/caio-henrique-vole-au-secours-de-kohn\/","og_locale":"fr_FR","og_type":"article","og_title":"Caio Henrique vole au secours de K\u00f6hn - La Diagonale","og_description":"Philipp K\u00f6hn s&rsquo;est rat\u00e9 dans les grandes largeurs contre Brest, samedi, alors qu&rsquo;il \u00e9tait redevenu le titulaire au poste de gardien deux rencontres plus t\u00f4t, \u00e0 Angers (2-0, le 15 mars). G\u00ean\u00e9 par Kehrer sur le premier but et totalement coupable sur le second, il a pr\u00e9cipit\u00e9 la d\u00e9faite de l&rsquo;ASM (1-2), la huiti\u00e8me de [...]","og_url":"https:\/\/www.ladiagonale.net\/index.php\/2025\/04\/06\/caio-henrique-vole-au-secours-de-kohn\/","og_site_name":"La Diagonale","article_published_time":"2025-04-06T10:32:34+00:00","og_image":[{"width":1160,"height":650,"url":"https:\/\/www.ladiagonale.net\/wp-content\/uploads\/2024\/09\/caio-verde.png","type":"image\/png"}],"author":"Damien Dellerba","twitter_card":"summary_large_image","twitter_image":"https:\/\/www.ladiagonale.net\/wp-content\/uploads\/2024\/09\/caio-verde.png","twitter_misc":{"\u00c9crit par":"Damien Dellerba","Dur\u00e9e de lecture estim\u00e9e":"2 minutes"},"schema":{"@context":"https:\/\/schema.org","@graph":[{"@type":"WebPage","@id":"https:\/\/www.ladiagonale.net\/index.php\/2025\/04\/06\/caio-henrique-vole-au-secours-de-kohn\/","url":"https:\/\/www.ladiagonale.net\/index.php\/2025\/04\/06\/caio-henrique-vole-au-secours-de-kohn\/","name":"Caio Henrique vole au secours de K\u00f6hn - La Diagonale","isPartOf":{"@id":"https:\/\/www.ladiagonale.net\/#website"},"datePublished":"2025-04-06T10:32:34+00:00","dateModified":"2025-04-06T10:32:34+00:00","author":{"@id":"https:\/\/www.ladiagonale.net\/#\/schema\/person\/79ff1e7b0853ed01b2aa26e64ad300bf"},"breadcrumb":{"@id":"https:\/\/www.ladiagonale.net\/index.php\/2025\/04\/06\/caio-henrique-vole-au-secours-de-kohn\/#breadcrumb"},"inLanguage":"fr-FR","potentialAction":[{"@type":"ReadAction","target":["https:\/\/www.ladiagonale.net\/index.php\/2025\/04\/06\/caio-henrique-vole-au-secours-de-kohn\/"]}]},{"@type":"BreadcrumbList","@id":"https:\/\/www.ladiagonale.net\/index.php\/2025\/04\/06\/caio-henrique-vole-au-secours-de-kohn\/#breadcrumb","itemListElement":[{"@type":"ListItem","position":1,"name":"Accueil","item":"https:\/\/www.ladiagonale.net\/"},{"@type":"ListItem","position":2,"name":"Caio Henrique vole au secours de K\u00f6hn"}]},{"@type":"WebSite","@id":"https:\/\/www.ladiagonale.net\/#website","url":"https:\/\/www.ladiagonale.net\/","name":"La Diagonale","description":"Le site des supporters de l&#039;AS Monaco FC","potentialAction":[{"@type":"SearchAction","target":{"@type":"EntryPoint","urlTemplate":"https:\/\/www.ladiagonale.net\/?s={search_term_string}"},"query-input":"required name=search_term_string"}],"inLanguage":"fr-FR"},{"@type":"Person","@id":"https:\/\/www.ladiagonale.net\/#\/schema\/person\/79ff1e7b0853ed01b2aa26e64ad300bf","name":"Damien Dellerba","image":{"@type":"ImageObject","inLanguage":"fr-FR","@id":"https:\/\/www.ladiagonale.net\/#\/schema\/person\/image\/","url":"https:\/\/secure.gravatar.com\/avatar\/c7850e06d3ff63cdbaee88b7fc16e2f0?s=96&d=mm&r=g","contentUrl":"https:\/\/secure.gravatar.com\/avatar\/c7850e06d3ff63cdbaee88b7fc16e2f0?s=96&d=mm&r=g","caption":"Damien Dellerba"},"url":"https:\/\/www.ladiagonale.net\/index.php\/author\/damien\/"}]}},"_links":{"self":[{"href":"https:\/\/www.ladiagonale.net\/index.php\/wp-json\/wp\/v2\/posts\/30833"}],"collection":[{"href":"https:\/\/www.ladiagonale.net\/index.php\/wp-json\/wp\/v2\/posts"}],"about":[{"href":"https:\/\/www.ladiagonale.net\/index.php\/wp-json\/wp\/v2\/types\/post"}],"author":[{"embeddable":true,"href":"https:\/\/www.ladiagonale.net\/index.php\/wp-json\/wp\/v2\/users\/2"}],"replies":[{"embeddable":true,"href":"https:\/\/www.ladiagonale.net\/index.php\/wp-json\/wp\/v2\/comments?post=30833"}],"version-history":[{"count":2,"href":"https:\/\/www.ladiagonale.net\/index.php\/wp-json\/wp\/v2\/posts\/30833\/revisions"}],"predecessor-version":[{"id":30835,"href":"https:\/\/www.ladiagonale.net\/index.php\/wp-json\/wp\/v2\/posts\/30833\/revisions\/30835"}],"wp:attachment":[{"href":"https:\/\/www.ladiagonale.net\/index.php\/wp-json\/wp\/v2\/media?parent=30833"}],"wp:term":[{"taxonomy":"category","embeddable":true,"href":"https:\/\/www.ladiagonale.net\/index.php\/wp-json\/wp\/v2\/categories?post=30833"},{"taxonomy":"post_tag","embeddable":true,"href":"https:\/\/www.ladiagonale.net\/index.php\/wp-json\/wp\/v2\/tags?post=30833"}],"curies":[{"name":"wp","href":"https:\/\/api.w.org\/{rel}","templated":true}]}}