{"id":30838,"date":"2025-04-06T14:58:10","date_gmt":"2025-04-06T12:58:10","guid":{"rendered":"https:\/\/www.ladiagonale.net\/?p=30838"},"modified":"2025-04-06T14:58:10","modified_gmt":"2025-04-06T12:58:10","slug":"biereth-nomme-pour-le-trophee-unfp-de-mars","status":"publish","type":"post","link":"https:\/\/www.ladiagonale.net\/index.php\/2025\/04\/06\/biereth-nomme-pour-le-trophee-unfp-de-mars\/","title":{"rendered":"Biereth nomm\u00e9 pour le Troph\u00e9e UNFP de mars"},"content":{"rendered":"\n\n\n<p><a href=\"https:\/\/www.ladiagonale.net\/index.php\/2025\/03\/03\/biereth-snobe-pour-le-trophee-unfp-de-fevrier\/\" target=\"_blank\" rel=\"noreferrer noopener\">Snob\u00e9 lors du mois de f\u00e9vrier<\/a> malgr\u00e9 deux tripl\u00e9s, Mika Biereth a cette fois \u00e9t\u00e9 nomm\u00e9 par ses pairs pour pr\u00e9tendre au troph\u00e9e UNFP du joueur du mois de mars. Auteur d&rsquo;un tripl\u00e9 contre Reims le 28 f\u00e9vrier, qui a \u00e9t\u00e9 finalement compt\u00e9 pour mars avec les autres matches de la 24<sup>e<\/sup> journ\u00e9e, et de deux buts contre Angers et Nice, le buteur danois a enfin \u00e9t\u00e9 reconnu \u00e0 sa juste valeur et pourra pr\u00e9tendre \u00e0 la succession de Takumi Minamino, dernier Mon\u00e9gasque r\u00e9compens\u00e9 en ao\u00fbt 2023.<\/p>\n\n\n\n<p>La concurrence sera extr\u00eamement rude puisqu&rsquo;il aura face \u00e0 lui deux Parisiens qui marchent sur l&rsquo;eau, Ousmane Demb\u00e9l\u00e9 et D\u00e9sir\u00e9 Dou\u00e9, m\u00eame si le partage des voix parisiennes pourrait faire ses affaires. Le premier a inscrit quatre buts et d\u00e9livr\u00e9 une passe d\u00e9cisive alors que le second a marqu\u00e9 \u00e0 trois reprises pour deux passes.<\/p>\n\n\n\n<p>Vous pouvez voter pour Biereth en suivant <strong><a href=\"https:\/\/www.tropheesunfp.com\/\">ce lien<\/a><\/strong><\/p>\n","protected":false},"excerpt":{"rendered":"<p>Snob\u00e9 lors du mois de f\u00e9vrier malgr\u00e9 deux tripl\u00e9s, Mika Biereth a cette fois \u00e9t\u00e9 nomm\u00e9 par ses pairs pour pr\u00e9tendre au troph\u00e9e UNFP du joueur du mois de mars. Auteur d&rsquo;un tripl\u00e9 contre Reims le 28 f\u00e9vrier, qui a \u00e9t\u00e9 finalement compt\u00e9 pour mars avec les autres matches de la 24e journ\u00e9e, et de [&#8230;]\n","protected":false},"author":2,"featured_media":0,"comment_status":"open","ping_status":"open","sticky":false,"template":"","format":"standard","meta":[],"categories":[4,6],"tags":[86,94,965,535],"yoast_head":"<!-- This site is optimized with the Yoast SEO plugin v19.8 - https:\/\/yoast.com\/wordpress\/plugins\/seo\/ -->\n<title>Biereth nomm\u00e9 pour le Troph\u00e9e UNFP de mars - La Diagonale<\/title>\n<meta name=\"robots\" content=\"index, follow, max-snippet:-1, max-image-preview:large, max-video-preview:-1\" \/>\n<link rel=\"canonical\" href=\"https:\/\/www.ladiagonale.net\/index.php\/2025\/04\/06\/biereth-nomme-pour-le-trophee-unfp-de-mars\/\" \/>\n<meta property=\"og:locale\" content=\"fr_FR\" \/>\n<meta property=\"og:type\" content=\"article\" \/>\n<meta property=\"og:title\" content=\"Biereth nomm\u00e9 pour le Troph\u00e9e UNFP de mars - La Diagonale\" \/>\n<meta property=\"og:description\" content=\"Snob\u00e9 lors du mois de f\u00e9vrier malgr\u00e9 deux tripl\u00e9s, Mika Biereth a cette fois \u00e9t\u00e9 nomm\u00e9 par ses pairs pour pr\u00e9tendre au troph\u00e9e UNFP du joueur du mois de mars. Auteur d&rsquo;un tripl\u00e9 contre Reims le 28 f\u00e9vrier, qui a \u00e9t\u00e9 finalement compt\u00e9 pour mars avec les autres matches de la 24e journ\u00e9e, et de [...]\" \/>\n<meta property=\"og:url\" content=\"https:\/\/www.ladiagonale.net\/index.php\/2025\/04\/06\/biereth-nomme-pour-le-trophee-unfp-de-mars\/\" \/>\n<meta property=\"og:site_name\" content=\"La Diagonale\" \/>\n<meta property=\"article:published_time\" content=\"2025-04-06T12:58:10+00:00\" \/>\n<meta property=\"og:image\" content=\"https:\/\/www.ladiagonale.net\/wp-content\/uploads\/2025\/02\/Biereth-triple\u0301-.png\" \/>\n\t<meta property=\"og:image:width\" content=\"1160\" \/>\n\t<meta property=\"og:image:height\" content=\"650\" \/>\n\t<meta property=\"og:image:type\" content=\"image\/png\" \/>\n<meta name=\"author\" content=\"Damien Dellerba\" \/>\n<meta name=\"twitter:card\" content=\"summary_large_image\" \/>\n<meta name=\"twitter:image\" content=\"https:\/\/www.ladiagonale.net\/wp-content\/uploads\/2025\/02\/Biereth-triple\u0301-.png\" \/>\n<meta name=\"twitter:label1\" content=\"\u00c9crit par\" \/>\n\t<meta name=\"twitter:data1\" content=\"Damien Dellerba\" \/>\n\t<meta name=\"twitter:label2\" content=\"Dur\u00e9e de lecture estim\u00e9e\" \/>\n\t<meta name=\"twitter:data2\" content=\"1 minute\" \/>\n<script type=\"application\/ld+json\" class=\"yoast-schema-graph\">{\"@context\":\"https:\/\/schema.org\",\"@graph\":[{\"@type\":\"WebPage\",\"@id\":\"https:\/\/www.ladiagonale.net\/index.php\/2025\/04\/06\/biereth-nomme-pour-le-trophee-unfp-de-mars\/\",\"url\":\"https:\/\/www.ladiagonale.net\/index.php\/2025\/04\/06\/biereth-nomme-pour-le-trophee-unfp-de-mars\/\",\"name\":\"Biereth nomm\u00e9 pour le Troph\u00e9e UNFP de mars - La Diagonale\",\"isPartOf\":{\"@id\":\"https:\/\/www.ladiagonale.net\/#website\"},\"datePublished\":\"2025-04-06T12:58:10+00:00\",\"dateModified\":\"2025-04-06T12:58:10+00:00\",\"author\":{\"@id\":\"https:\/\/www.ladiagonale.net\/#\/schema\/person\/79ff1e7b0853ed01b2aa26e64ad300bf\"},\"breadcrumb\":{\"@id\":\"https:\/\/www.ladiagonale.net\/index.php\/2025\/04\/06\/biereth-nomme-pour-le-trophee-unfp-de-mars\/#breadcrumb\"},\"inLanguage\":\"fr-FR\",\"potentialAction\":[{\"@type\":\"ReadAction\",\"target\":[\"https:\/\/www.ladiagonale.net\/index.php\/2025\/04\/06\/biereth-nomme-pour-le-trophee-unfp-de-mars\/\"]}]},{\"@type\":\"BreadcrumbList\",\"@id\":\"https:\/\/www.ladiagonale.net\/index.php\/2025\/04\/06\/biereth-nomme-pour-le-trophee-unfp-de-mars\/#breadcrumb\",\"itemListElement\":[{\"@type\":\"ListItem\",\"position\":1,\"name\":\"Accueil\",\"item\":\"https:\/\/www.ladiagonale.net\/\"},{\"@type\":\"ListItem\",\"position\":2,\"name\":\"Biereth nomm\u00e9 pour le Troph\u00e9e UNFP de mars\"}]},{\"@type\":\"WebSite\",\"@id\":\"https:\/\/www.ladiagonale.net\/#website\",\"url\":\"https:\/\/www.ladiagonale.net\/\",\"name\":\"La Diagonale\",\"description\":\"Le site des supporters de l&#039;AS Monaco FC\",\"potentialAction\":[{\"@type\":\"SearchAction\",\"target\":{\"@type\":\"EntryPoint\",\"urlTemplate\":\"https:\/\/www.ladiagonale.net\/?s={search_term_string}\"},\"query-input\":\"required name=search_term_string\"}],\"inLanguage\":\"fr-FR\"},{\"@type\":\"Person\",\"@id\":\"https:\/\/www.ladiagonale.net\/#\/schema\/person\/79ff1e7b0853ed01b2aa26e64ad300bf\",\"name\":\"Damien Dellerba\",\"image\":{\"@type\":\"ImageObject\",\"inLanguage\":\"fr-FR\",\"@id\":\"https:\/\/www.ladiagonale.net\/#\/schema\/person\/image\/\",\"url\":\"https:\/\/secure.gravatar.com\/avatar\/c7850e06d3ff63cdbaee88b7fc16e2f0?s=96&d=mm&r=g\",\"contentUrl\":\"https:\/\/secure.gravatar.com\/avatar\/c7850e06d3ff63cdbaee88b7fc16e2f0?s=96&d=mm&r=g\",\"caption\":\"Damien Dellerba\"},\"url\":\"https:\/\/www.ladiagonale.net\/index.php\/author\/damien\/\"}]}<\/script>\n<!-- \/ Yoast SEO plugin. -->","yoast_head_json":{"title":"Biereth nomm\u00e9 pour le Troph\u00e9e UNFP de mars - La Diagonale","robots":{"index":"index","follow":"follow","max-snippet":"max-snippet:-1","max-image-preview":"max-image-preview:large","max-video-preview":"max-video-preview:-1"},"canonical":"https:\/\/www.ladiagonale.net\/index.php\/2025\/04\/06\/biereth-nomme-pour-le-trophee-unfp-de-mars\/","og_locale":"fr_FR","og_type":"article","og_title":"Biereth nomm\u00e9 pour le Troph\u00e9e UNFP de mars - La Diagonale","og_description":"Snob\u00e9 lors du mois de f\u00e9vrier malgr\u00e9 deux tripl\u00e9s, Mika Biereth a cette fois \u00e9t\u00e9 nomm\u00e9 par ses pairs pour pr\u00e9tendre au troph\u00e9e UNFP du joueur du mois de mars. Auteur d&rsquo;un tripl\u00e9 contre Reims le 28 f\u00e9vrier, qui a \u00e9t\u00e9 finalement compt\u00e9 pour mars avec les autres matches de la 24e journ\u00e9e, et de [...]","og_url":"https:\/\/www.ladiagonale.net\/index.php\/2025\/04\/06\/biereth-nomme-pour-le-trophee-unfp-de-mars\/","og_site_name":"La Diagonale","article_published_time":"2025-04-06T12:58:10+00:00","og_image":[{"width":1160,"height":650,"url":"https:\/\/www.ladiagonale.net\/wp-content\/uploads\/2025\/02\/Biereth-triple\u0301-.png","type":"image\/png"}],"author":"Damien Dellerba","twitter_card":"summary_large_image","twitter_image":"https:\/\/www.ladiagonale.net\/wp-content\/uploads\/2025\/02\/Biereth-triple\u0301-.png","twitter_misc":{"\u00c9crit par":"Damien Dellerba","Dur\u00e9e de lecture estim\u00e9e":"1 minute"},"schema":{"@context":"https:\/\/schema.org","@graph":[{"@type":"WebPage","@id":"https:\/\/www.ladiagonale.net\/index.php\/2025\/04\/06\/biereth-nomme-pour-le-trophee-unfp-de-mars\/","url":"https:\/\/www.ladiagonale.net\/index.php\/2025\/04\/06\/biereth-nomme-pour-le-trophee-unfp-de-mars\/","name":"Biereth nomm\u00e9 pour le Troph\u00e9e UNFP de mars - La Diagonale","isPartOf":{"@id":"https:\/\/www.ladiagonale.net\/#website"},"datePublished":"2025-04-06T12:58:10+00:00","dateModified":"2025-04-06T12:58:10+00:00","author":{"@id":"https:\/\/www.ladiagonale.net\/#\/schema\/person\/79ff1e7b0853ed01b2aa26e64ad300bf"},"breadcrumb":{"@id":"https:\/\/www.ladiagonale.net\/index.php\/2025\/04\/06\/biereth-nomme-pour-le-trophee-unfp-de-mars\/#breadcrumb"},"inLanguage":"fr-FR","potentialAction":[{"@type":"ReadAction","target":["https:\/\/www.ladiagonale.net\/index.php\/2025\/04\/06\/biereth-nomme-pour-le-trophee-unfp-de-mars\/"]}]},{"@type":"BreadcrumbList","@id":"https:\/\/www.ladiagonale.net\/index.php\/2025\/04\/06\/biereth-nomme-pour-le-trophee-unfp-de-mars\/#breadcrumb","itemListElement":[{"@type":"ListItem","position":1,"name":"Accueil","item":"https:\/\/www.ladiagonale.net\/"},{"@type":"ListItem","position":2,"name":"Biereth nomm\u00e9 pour le Troph\u00e9e UNFP de mars"}]},{"@type":"WebSite","@id":"https:\/\/www.ladiagonale.net\/#website","url":"https:\/\/www.ladiagonale.net\/","name":"La Diagonale","description":"Le site des supporters de l&#039;AS Monaco FC","potentialAction":[{"@type":"SearchAction","target":{"@type":"EntryPoint","urlTemplate":"https:\/\/www.ladiagonale.net\/?s={search_term_string}"},"query-input":"required name=search_term_string"}],"inLanguage":"fr-FR"},{"@type":"Person","@id":"https:\/\/www.ladiagonale.net\/#\/schema\/person\/79ff1e7b0853ed01b2aa26e64ad300bf","name":"Damien Dellerba","image":{"@type":"ImageObject","inLanguage":"fr-FR","@id":"https:\/\/www.ladiagonale.net\/#\/schema\/person\/image\/","url":"https:\/\/secure.gravatar.com\/avatar\/c7850e06d3ff63cdbaee88b7fc16e2f0?s=96&d=mm&r=g","contentUrl":"https:\/\/secure.gravatar.com\/avatar\/c7850e06d3ff63cdbaee88b7fc16e2f0?s=96&d=mm&r=g","caption":"Damien Dellerba"},"url":"https:\/\/www.ladiagonale.net\/index.php\/author\/damien\/"}]}},"_links":{"self":[{"href":"https:\/\/www.ladiagonale.net\/index.php\/wp-json\/wp\/v2\/posts\/30838"}],"collection":[{"href":"https:\/\/www.ladiagonale.net\/index.php\/wp-json\/wp\/v2\/posts"}],"about":[{"href":"https:\/\/www.ladiagonale.net\/index.php\/wp-json\/wp\/v2\/types\/post"}],"author":[{"embeddable":true,"href":"https:\/\/www.ladiagonale.net\/index.php\/wp-json\/wp\/v2\/users\/2"}],"replies":[{"embeddable":true,"href":"https:\/\/www.ladiagonale.net\/index.php\/wp-json\/wp\/v2\/comments?post=30838"}],"version-history":[{"count":1,"href":"https:\/\/www.ladiagonale.net\/index.php\/wp-json\/wp\/v2\/posts\/30838\/revisions"}],"predecessor-version":[{"id":30839,"href":"https:\/\/www.ladiagonale.net\/index.php\/wp-json\/wp\/v2\/posts\/30838\/revisions\/30839"}],"wp:attachment":[{"href":"https:\/\/www.ladiagonale.net\/index.php\/wp-json\/wp\/v2\/media?parent=30838"}],"wp:term":[{"taxonomy":"category","embeddable":true,"href":"https:\/\/www.ladiagonale.net\/index.php\/wp-json\/wp\/v2\/categories?post=30838"},{"taxonomy":"post_tag","embeddable":true,"href":"https:\/\/www.ladiagonale.net\/index.php\/wp-json\/wp\/v2\/tags?post=30838"}],"curies":[{"name":"wp","href":"https:\/\/api.w.org\/{rel}","templated":true}]}}