{"id":30841,"date":"2025-04-07T14:09:31","date_gmt":"2025-04-07T12:09:31","guid":{"rendered":"https:\/\/www.ladiagonale.net\/?p=30841"},"modified":"2025-04-07T14:11:12","modified_gmt":"2025-04-07T12:11:12","slug":"les-u17-repartent-de-lavant","status":"publish","type":"post","link":"https:\/\/www.ladiagonale.net\/index.php\/2025\/04\/07\/les-u17-repartent-de-lavant\/","title":{"rendered":"Les U17 repartent de l\u2019avant"},"content":{"rendered":"\n<p>Apr\u00e8s avoir accumul\u00e9 les d\u00e9convenues il y a deux semaines (<a href=\"https:\/\/www.ladiagonale.net\/index.php\/2025\/03\/24\/les-u17-offrent-leur-premiere-victoire-a-la-lanterne-rouge\/\" target=\"_blank\" rel=\"noreferrer noopener\">match perdu sur tapis vert<\/a> et d\u00e9faite contre la JS Ajaccio), les U17 de l\u2019AS Monaco ont repris des couleurs contre une r\u00e9sistante \u00e9quipe de Lyon-La Duch\u00e8re (2-1), dimanche, \u00e0 l\u2019occasion de la 23<sup>e<\/sup> journ\u00e9e de championnat. Gr\u00e2ce \u00e0 des r\u00e9alisations d\u2019Ackah Tidiane Zoukrou et de Diapson Gomis, dans le temps additionnel, les Rouge et Blanc ont glan\u00e9 trois points suppl\u00e9mentaires.<\/p>\n\n\n\n<p>Huiti\u00e8me avant cette journ\u00e9e, Monaco d\u00e9passe trois concurrents pour se positionner \u00e0 la cinqui\u00e8me place et revenir \u00e0 une longueur de son adversaire du jour, avec 35 points. Les joueurs de Manu Dos Santos pointent \u00e0 cinq unit\u00e9s de Lyon, deuxi\u00e8me, mais leurs chances d\u2019aller en phase finale sont tr\u00e8s minces, avec encore trois matches \u00e0 jouer. Ils affronteront tout de m\u00eame le Cavigal (3<sup>e<\/sup>) lors de la derni\u00e8re journ\u00e9e pour briguer une place sur le podium. Dimanche, l\u2019ASM ira affronter <a href=\"https:\/\/www.ladiagonale.net\/index.php\/2025\/04\/03\/scuro-creer-une-relation-forte-avec-saint-priest\/\" target=\"_blank\" rel=\"noreferrer noopener\">son nouveau club partenaire<\/a>, l\u2019AS Saint-Priest.<\/p>\n\n\n","protected":false},"excerpt":{"rendered":"<p>Apr\u00e8s avoir accumul\u00e9 les d\u00e9convenues il y a deux semaines (match perdu sur tapis vert et d\u00e9faite contre la JS Ajaccio), les U17 de l\u2019AS Monaco ont repris des couleurs contre une r\u00e9sistante \u00e9quipe de Lyon-La Duch\u00e8re (2-1), dimanche, \u00e0 l\u2019occasion de la 23e journ\u00e9e de championnat. Gr\u00e2ce \u00e0 des r\u00e9alisations d\u2019Ackah Tidiane Zoukrou et [&#8230;]\n","protected":false},"author":2,"featured_media":0,"comment_status":"open","ping_status":"open","sticky":false,"template":"","format":"standard","meta":[],"categories":[6],"tags":[76,86,130],"yoast_head":"<!-- This site is optimized with the Yoast SEO plugin v19.8 - https:\/\/yoast.com\/wordpress\/plugins\/seo\/ -->\n<title>Les U17 repartent de l\u2019avant - La Diagonale<\/title>\n<meta name=\"robots\" content=\"index, follow, max-snippet:-1, max-image-preview:large, max-video-preview:-1\" \/>\n<link rel=\"canonical\" href=\"https:\/\/www.ladiagonale.net\/index.php\/2025\/04\/07\/les-u17-repartent-de-lavant\/\" \/>\n<meta property=\"og:locale\" content=\"fr_FR\" \/>\n<meta property=\"og:type\" content=\"article\" \/>\n<meta property=\"og:title\" content=\"Les U17 repartent de l\u2019avant - La Diagonale\" \/>\n<meta property=\"og:description\" content=\"Apr\u00e8s avoir accumul\u00e9 les d\u00e9convenues il y a deux semaines (match perdu sur tapis vert et d\u00e9faite contre la JS Ajaccio), les U17 de l\u2019AS Monaco ont repris des couleurs contre une r\u00e9sistante \u00e9quipe de Lyon-La Duch\u00e8re (2-1), dimanche, \u00e0 l\u2019occasion de la 23e journ\u00e9e de championnat. Gr\u00e2ce \u00e0 des r\u00e9alisations d\u2019Ackah Tidiane Zoukrou et [...]\" \/>\n<meta property=\"og:url\" content=\"https:\/\/www.ladiagonale.net\/index.php\/2025\/04\/07\/les-u17-repartent-de-lavant\/\" \/>\n<meta property=\"og:site_name\" content=\"La Diagonale\" \/>\n<meta property=\"article:published_time\" content=\"2025-04-07T12:09:31+00:00\" \/>\n<meta property=\"article:modified_time\" content=\"2025-04-07T12:11:12+00:00\" \/>\n<meta property=\"og:image\" content=\"https:\/\/www.ladiagonale.net\/wp-content\/uploads\/2025\/04\/U17.png\" \/>\n\t<meta property=\"og:image:width\" content=\"1160\" \/>\n\t<meta property=\"og:image:height\" content=\"650\" \/>\n\t<meta property=\"og:image:type\" content=\"image\/png\" \/>\n<meta name=\"author\" content=\"Damien Dellerba\" \/>\n<meta name=\"twitter:card\" content=\"summary_large_image\" \/>\n<meta name=\"twitter:image\" content=\"https:\/\/www.ladiagonale.net\/wp-content\/uploads\/2025\/04\/U17.png\" \/>\n<meta name=\"twitter:label1\" content=\"\u00c9crit par\" \/>\n\t<meta name=\"twitter:data1\" content=\"Damien Dellerba\" \/>\n\t<meta name=\"twitter:label2\" content=\"Dur\u00e9e de lecture estim\u00e9e\" \/>\n\t<meta name=\"twitter:data2\" content=\"1 minute\" \/>\n<script type=\"application\/ld+json\" class=\"yoast-schema-graph\">{\"@context\":\"https:\/\/schema.org\",\"@graph\":[{\"@type\":\"WebPage\",\"@id\":\"https:\/\/www.ladiagonale.net\/index.php\/2025\/04\/07\/les-u17-repartent-de-lavant\/\",\"url\":\"https:\/\/www.ladiagonale.net\/index.php\/2025\/04\/07\/les-u17-repartent-de-lavant\/\",\"name\":\"Les U17 repartent de l\u2019avant - La Diagonale\",\"isPartOf\":{\"@id\":\"https:\/\/www.ladiagonale.net\/#website\"},\"datePublished\":\"2025-04-07T12:09:31+00:00\",\"dateModified\":\"2025-04-07T12:11:12+00:00\",\"author\":{\"@id\":\"https:\/\/www.ladiagonale.net\/#\/schema\/person\/79ff1e7b0853ed01b2aa26e64ad300bf\"},\"breadcrumb\":{\"@id\":\"https:\/\/www.ladiagonale.net\/index.php\/2025\/04\/07\/les-u17-repartent-de-lavant\/#breadcrumb\"},\"inLanguage\":\"fr-FR\",\"potentialAction\":[{\"@type\":\"ReadAction\",\"target\":[\"https:\/\/www.ladiagonale.net\/index.php\/2025\/04\/07\/les-u17-repartent-de-lavant\/\"]}]},{\"@type\":\"BreadcrumbList\",\"@id\":\"https:\/\/www.ladiagonale.net\/index.php\/2025\/04\/07\/les-u17-repartent-de-lavant\/#breadcrumb\",\"itemListElement\":[{\"@type\":\"ListItem\",\"position\":1,\"name\":\"Accueil\",\"item\":\"https:\/\/www.ladiagonale.net\/\"},{\"@type\":\"ListItem\",\"position\":2,\"name\":\"Les U17 repartent de l\u2019avant\"}]},{\"@type\":\"WebSite\",\"@id\":\"https:\/\/www.ladiagonale.net\/#website\",\"url\":\"https:\/\/www.ladiagonale.net\/\",\"name\":\"La Diagonale\",\"description\":\"Le site des supporters de l&#039;AS Monaco FC\",\"potentialAction\":[{\"@type\":\"SearchAction\",\"target\":{\"@type\":\"EntryPoint\",\"urlTemplate\":\"https:\/\/www.ladiagonale.net\/?s={search_term_string}\"},\"query-input\":\"required name=search_term_string\"}],\"inLanguage\":\"fr-FR\"},{\"@type\":\"Person\",\"@id\":\"https:\/\/www.ladiagonale.net\/#\/schema\/person\/79ff1e7b0853ed01b2aa26e64ad300bf\",\"name\":\"Damien Dellerba\",\"image\":{\"@type\":\"ImageObject\",\"inLanguage\":\"fr-FR\",\"@id\":\"https:\/\/www.ladiagonale.net\/#\/schema\/person\/image\/\",\"url\":\"https:\/\/secure.gravatar.com\/avatar\/c7850e06d3ff63cdbaee88b7fc16e2f0?s=96&d=mm&r=g\",\"contentUrl\":\"https:\/\/secure.gravatar.com\/avatar\/c7850e06d3ff63cdbaee88b7fc16e2f0?s=96&d=mm&r=g\",\"caption\":\"Damien Dellerba\"},\"url\":\"https:\/\/www.ladiagonale.net\/index.php\/author\/damien\/\"}]}<\/script>\n<!-- \/ Yoast SEO plugin. -->","yoast_head_json":{"title":"Les U17 repartent de l\u2019avant - La Diagonale","robots":{"index":"index","follow":"follow","max-snippet":"max-snippet:-1","max-image-preview":"max-image-preview:large","max-video-preview":"max-video-preview:-1"},"canonical":"https:\/\/www.ladiagonale.net\/index.php\/2025\/04\/07\/les-u17-repartent-de-lavant\/","og_locale":"fr_FR","og_type":"article","og_title":"Les U17 repartent de l\u2019avant - La Diagonale","og_description":"Apr\u00e8s avoir accumul\u00e9 les d\u00e9convenues il y a deux semaines (match perdu sur tapis vert et d\u00e9faite contre la JS Ajaccio), les U17 de l\u2019AS Monaco ont repris des couleurs contre une r\u00e9sistante \u00e9quipe de Lyon-La Duch\u00e8re (2-1), dimanche, \u00e0 l\u2019occasion de la 23e journ\u00e9e de championnat. Gr\u00e2ce \u00e0 des r\u00e9alisations d\u2019Ackah Tidiane Zoukrou et [...]","og_url":"https:\/\/www.ladiagonale.net\/index.php\/2025\/04\/07\/les-u17-repartent-de-lavant\/","og_site_name":"La Diagonale","article_published_time":"2025-04-07T12:09:31+00:00","article_modified_time":"2025-04-07T12:11:12+00:00","og_image":[{"width":1160,"height":650,"url":"https:\/\/www.ladiagonale.net\/wp-content\/uploads\/2025\/04\/U17.png","type":"image\/png"}],"author":"Damien Dellerba","twitter_card":"summary_large_image","twitter_image":"https:\/\/www.ladiagonale.net\/wp-content\/uploads\/2025\/04\/U17.png","twitter_misc":{"\u00c9crit par":"Damien Dellerba","Dur\u00e9e de lecture estim\u00e9e":"1 minute"},"schema":{"@context":"https:\/\/schema.org","@graph":[{"@type":"WebPage","@id":"https:\/\/www.ladiagonale.net\/index.php\/2025\/04\/07\/les-u17-repartent-de-lavant\/","url":"https:\/\/www.ladiagonale.net\/index.php\/2025\/04\/07\/les-u17-repartent-de-lavant\/","name":"Les U17 repartent de l\u2019avant - La Diagonale","isPartOf":{"@id":"https:\/\/www.ladiagonale.net\/#website"},"datePublished":"2025-04-07T12:09:31+00:00","dateModified":"2025-04-07T12:11:12+00:00","author":{"@id":"https:\/\/www.ladiagonale.net\/#\/schema\/person\/79ff1e7b0853ed01b2aa26e64ad300bf"},"breadcrumb":{"@id":"https:\/\/www.ladiagonale.net\/index.php\/2025\/04\/07\/les-u17-repartent-de-lavant\/#breadcrumb"},"inLanguage":"fr-FR","potentialAction":[{"@type":"ReadAction","target":["https:\/\/www.ladiagonale.net\/index.php\/2025\/04\/07\/les-u17-repartent-de-lavant\/"]}]},{"@type":"BreadcrumbList","@id":"https:\/\/www.ladiagonale.net\/index.php\/2025\/04\/07\/les-u17-repartent-de-lavant\/#breadcrumb","itemListElement":[{"@type":"ListItem","position":1,"name":"Accueil","item":"https:\/\/www.ladiagonale.net\/"},{"@type":"ListItem","position":2,"name":"Les U17 repartent de l\u2019avant"}]},{"@type":"WebSite","@id":"https:\/\/www.ladiagonale.net\/#website","url":"https:\/\/www.ladiagonale.net\/","name":"La Diagonale","description":"Le site des supporters de l&#039;AS Monaco FC","potentialAction":[{"@type":"SearchAction","target":{"@type":"EntryPoint","urlTemplate":"https:\/\/www.ladiagonale.net\/?s={search_term_string}"},"query-input":"required name=search_term_string"}],"inLanguage":"fr-FR"},{"@type":"Person","@id":"https:\/\/www.ladiagonale.net\/#\/schema\/person\/79ff1e7b0853ed01b2aa26e64ad300bf","name":"Damien Dellerba","image":{"@type":"ImageObject","inLanguage":"fr-FR","@id":"https:\/\/www.ladiagonale.net\/#\/schema\/person\/image\/","url":"https:\/\/secure.gravatar.com\/avatar\/c7850e06d3ff63cdbaee88b7fc16e2f0?s=96&d=mm&r=g","contentUrl":"https:\/\/secure.gravatar.com\/avatar\/c7850e06d3ff63cdbaee88b7fc16e2f0?s=96&d=mm&r=g","caption":"Damien Dellerba"},"url":"https:\/\/www.ladiagonale.net\/index.php\/author\/damien\/"}]}},"_links":{"self":[{"href":"https:\/\/www.ladiagonale.net\/index.php\/wp-json\/wp\/v2\/posts\/30841"}],"collection":[{"href":"https:\/\/www.ladiagonale.net\/index.php\/wp-json\/wp\/v2\/posts"}],"about":[{"href":"https:\/\/www.ladiagonale.net\/index.php\/wp-json\/wp\/v2\/types\/post"}],"author":[{"embeddable":true,"href":"https:\/\/www.ladiagonale.net\/index.php\/wp-json\/wp\/v2\/users\/2"}],"replies":[{"embeddable":true,"href":"https:\/\/www.ladiagonale.net\/index.php\/wp-json\/wp\/v2\/comments?post=30841"}],"version-history":[{"count":3,"href":"https:\/\/www.ladiagonale.net\/index.php\/wp-json\/wp\/v2\/posts\/30841\/revisions"}],"predecessor-version":[{"id":30845,"href":"https:\/\/www.ladiagonale.net\/index.php\/wp-json\/wp\/v2\/posts\/30841\/revisions\/30845"}],"wp:attachment":[{"href":"https:\/\/www.ladiagonale.net\/index.php\/wp-json\/wp\/v2\/media?parent=30841"}],"wp:term":[{"taxonomy":"category","embeddable":true,"href":"https:\/\/www.ladiagonale.net\/index.php\/wp-json\/wp\/v2\/categories?post=30841"},{"taxonomy":"post_tag","embeddable":true,"href":"https:\/\/www.ladiagonale.net\/index.php\/wp-json\/wp\/v2\/tags?post=30841"}],"curies":[{"name":"wp","href":"https:\/\/api.w.org\/{rel}","templated":true}]}}