{"id":30846,"date":"2025-04-07T14:27:55","date_gmt":"2025-04-07T12:27:55","guid":{"rendered":"https:\/\/www.ladiagonale.net\/?p=30846"},"modified":"2025-04-07T14:27:56","modified_gmt":"2025-04-07T12:27:56","slug":"les-u19-battus-par-le-leader","status":"publish","type":"post","link":"https:\/\/www.ladiagonale.net\/index.php\/2025\/04\/07\/les-u19-battus-par-le-leader\/","title":{"rendered":"Les U19 battus par le leader"},"content":{"rendered":"\n\n\n<p>Malgr\u00e9 une forme \u00e9tincelante, les U19 de l&rsquo;AS Monaco ont conc\u00e9d\u00e9 leur premi\u00e8re d\u00e9faite de l&rsquo;ann\u00e9e civile en championnat. Les Rouge et Blanc ont \u00e9t\u00e9 battus sur la pelouse du leader, Toulouse (0-2). Les As\u00e9mistes ont r\u00e9sist\u00e9 jusqu&rsquo;\u00e0 l&rsquo;heure de jeu (61e) avant de c\u00e9der une premi\u00e8re fois mais ce n&rsquo;est qu&rsquo;en fin de rencontre qu&rsquo;ils ont fini par abdiquer en conc\u00e9dant le but du break (84e).<\/p>\n\n\n\n<p>Huiti\u00e8mes de leur poule, Les Mon\u00e9gasques n&rsquo;ont pas encore acquis math\u00e9matiquement leur maintien, avec quatre points d&rsquo;avance sur Air Bel. Mais cela pourrait \u00eatre le cas d\u00e8s ce week-end, puisqu&rsquo;ils recevront la formation phoc\u00e9enne dimanche. Une victoire leur permettrait d&rsquo;\u00eatre hors d&rsquo;atteinte \u00e0 deux lev\u00e9es de la fin et d&rsquo;assurer leur place en championnat national la saison prochaine.<\/p>\n","protected":false},"excerpt":{"rendered":"<p>Malgr\u00e9 une forme \u00e9tincelante, les U19 de l&rsquo;AS Monaco ont conc\u00e9d\u00e9 leur premi\u00e8re d\u00e9faite de l&rsquo;ann\u00e9e civile en championnat. Les Rouge et Blanc ont \u00e9t\u00e9 battus sur la pelouse du leader, Toulouse (0-2). Les As\u00e9mistes ont r\u00e9sist\u00e9 jusqu&rsquo;\u00e0 l&rsquo;heure de jeu (61e) avant de c\u00e9der une premi\u00e8re fois mais ce n&rsquo;est qu&rsquo;en fin de rencontre [&#8230;]\n","protected":false},"author":2,"featured_media":0,"comment_status":"open","ping_status":"open","sticky":false,"template":"","format":"standard","meta":[],"categories":[6],"tags":[76,86,112],"yoast_head":"<!-- This site is optimized with the Yoast SEO plugin v19.8 - https:\/\/yoast.com\/wordpress\/plugins\/seo\/ -->\n<title>Les U19 battus par le leader - La Diagonale<\/title>\n<meta name=\"robots\" content=\"index, follow, max-snippet:-1, max-image-preview:large, max-video-preview:-1\" \/>\n<link rel=\"canonical\" href=\"https:\/\/www.ladiagonale.net\/index.php\/2025\/04\/07\/les-u19-battus-par-le-leader\/\" \/>\n<meta property=\"og:locale\" content=\"fr_FR\" \/>\n<meta property=\"og:type\" content=\"article\" \/>\n<meta property=\"og:title\" content=\"Les U19 battus par le leader - La Diagonale\" \/>\n<meta property=\"og:description\" content=\"Malgr\u00e9 une forme \u00e9tincelante, les U19 de l&rsquo;AS Monaco ont conc\u00e9d\u00e9 leur premi\u00e8re d\u00e9faite de l&rsquo;ann\u00e9e civile en championnat. Les Rouge et Blanc ont \u00e9t\u00e9 battus sur la pelouse du leader, Toulouse (0-2). Les As\u00e9mistes ont r\u00e9sist\u00e9 jusqu&rsquo;\u00e0 l&rsquo;heure de jeu (61e) avant de c\u00e9der une premi\u00e8re fois mais ce n&rsquo;est qu&rsquo;en fin de rencontre [...]\" \/>\n<meta property=\"og:url\" content=\"https:\/\/www.ladiagonale.net\/index.php\/2025\/04\/07\/les-u19-battus-par-le-leader\/\" \/>\n<meta property=\"og:site_name\" content=\"La Diagonale\" \/>\n<meta property=\"article:published_time\" content=\"2025-04-07T12:27:55+00:00\" \/>\n<meta property=\"article:modified_time\" content=\"2025-04-07T12:27:56+00:00\" \/>\n<meta property=\"og:image\" content=\"https:\/\/www.ladiagonale.net\/wp-content\/uploads\/2025\/04\/abamba.png\" \/>\n\t<meta property=\"og:image:width\" content=\"1160\" \/>\n\t<meta property=\"og:image:height\" content=\"650\" \/>\n\t<meta property=\"og:image:type\" content=\"image\/png\" \/>\n<meta name=\"author\" content=\"Damien Dellerba\" \/>\n<meta name=\"twitter:card\" content=\"summary_large_image\" \/>\n<meta name=\"twitter:image\" content=\"https:\/\/www.ladiagonale.net\/wp-content\/uploads\/2025\/04\/abamba.png\" \/>\n<meta name=\"twitter:label1\" content=\"\u00c9crit par\" \/>\n\t<meta name=\"twitter:data1\" content=\"Damien Dellerba\" \/>\n\t<meta name=\"twitter:label2\" content=\"Dur\u00e9e de lecture estim\u00e9e\" \/>\n\t<meta name=\"twitter:data2\" content=\"1 minute\" \/>\n<script type=\"application\/ld+json\" class=\"yoast-schema-graph\">{\"@context\":\"https:\/\/schema.org\",\"@graph\":[{\"@type\":\"WebPage\",\"@id\":\"https:\/\/www.ladiagonale.net\/index.php\/2025\/04\/07\/les-u19-battus-par-le-leader\/\",\"url\":\"https:\/\/www.ladiagonale.net\/index.php\/2025\/04\/07\/les-u19-battus-par-le-leader\/\",\"name\":\"Les U19 battus par le leader - La Diagonale\",\"isPartOf\":{\"@id\":\"https:\/\/www.ladiagonale.net\/#website\"},\"datePublished\":\"2025-04-07T12:27:55+00:00\",\"dateModified\":\"2025-04-07T12:27:56+00:00\",\"author\":{\"@id\":\"https:\/\/www.ladiagonale.net\/#\/schema\/person\/79ff1e7b0853ed01b2aa26e64ad300bf\"},\"breadcrumb\":{\"@id\":\"https:\/\/www.ladiagonale.net\/index.php\/2025\/04\/07\/les-u19-battus-par-le-leader\/#breadcrumb\"},\"inLanguage\":\"fr-FR\",\"potentialAction\":[{\"@type\":\"ReadAction\",\"target\":[\"https:\/\/www.ladiagonale.net\/index.php\/2025\/04\/07\/les-u19-battus-par-le-leader\/\"]}]},{\"@type\":\"BreadcrumbList\",\"@id\":\"https:\/\/www.ladiagonale.net\/index.php\/2025\/04\/07\/les-u19-battus-par-le-leader\/#breadcrumb\",\"itemListElement\":[{\"@type\":\"ListItem\",\"position\":1,\"name\":\"Accueil\",\"item\":\"https:\/\/www.ladiagonale.net\/\"},{\"@type\":\"ListItem\",\"position\":2,\"name\":\"Les U19 battus par le leader\"}]},{\"@type\":\"WebSite\",\"@id\":\"https:\/\/www.ladiagonale.net\/#website\",\"url\":\"https:\/\/www.ladiagonale.net\/\",\"name\":\"La Diagonale\",\"description\":\"Le site des supporters de l&#039;AS Monaco FC\",\"potentialAction\":[{\"@type\":\"SearchAction\",\"target\":{\"@type\":\"EntryPoint\",\"urlTemplate\":\"https:\/\/www.ladiagonale.net\/?s={search_term_string}\"},\"query-input\":\"required name=search_term_string\"}],\"inLanguage\":\"fr-FR\"},{\"@type\":\"Person\",\"@id\":\"https:\/\/www.ladiagonale.net\/#\/schema\/person\/79ff1e7b0853ed01b2aa26e64ad300bf\",\"name\":\"Damien Dellerba\",\"image\":{\"@type\":\"ImageObject\",\"inLanguage\":\"fr-FR\",\"@id\":\"https:\/\/www.ladiagonale.net\/#\/schema\/person\/image\/\",\"url\":\"https:\/\/secure.gravatar.com\/avatar\/c7850e06d3ff63cdbaee88b7fc16e2f0?s=96&d=mm&r=g\",\"contentUrl\":\"https:\/\/secure.gravatar.com\/avatar\/c7850e06d3ff63cdbaee88b7fc16e2f0?s=96&d=mm&r=g\",\"caption\":\"Damien Dellerba\"},\"url\":\"https:\/\/www.ladiagonale.net\/index.php\/author\/damien\/\"}]}<\/script>\n<!-- \/ Yoast SEO plugin. -->","yoast_head_json":{"title":"Les U19 battus par le leader - La Diagonale","robots":{"index":"index","follow":"follow","max-snippet":"max-snippet:-1","max-image-preview":"max-image-preview:large","max-video-preview":"max-video-preview:-1"},"canonical":"https:\/\/www.ladiagonale.net\/index.php\/2025\/04\/07\/les-u19-battus-par-le-leader\/","og_locale":"fr_FR","og_type":"article","og_title":"Les U19 battus par le leader - La Diagonale","og_description":"Malgr\u00e9 une forme \u00e9tincelante, les U19 de l&rsquo;AS Monaco ont conc\u00e9d\u00e9 leur premi\u00e8re d\u00e9faite de l&rsquo;ann\u00e9e civile en championnat. Les Rouge et Blanc ont \u00e9t\u00e9 battus sur la pelouse du leader, Toulouse (0-2). Les As\u00e9mistes ont r\u00e9sist\u00e9 jusqu&rsquo;\u00e0 l&rsquo;heure de jeu (61e) avant de c\u00e9der une premi\u00e8re fois mais ce n&rsquo;est qu&rsquo;en fin de rencontre [...]","og_url":"https:\/\/www.ladiagonale.net\/index.php\/2025\/04\/07\/les-u19-battus-par-le-leader\/","og_site_name":"La Diagonale","article_published_time":"2025-04-07T12:27:55+00:00","article_modified_time":"2025-04-07T12:27:56+00:00","og_image":[{"width":1160,"height":650,"url":"https:\/\/www.ladiagonale.net\/wp-content\/uploads\/2025\/04\/abamba.png","type":"image\/png"}],"author":"Damien Dellerba","twitter_card":"summary_large_image","twitter_image":"https:\/\/www.ladiagonale.net\/wp-content\/uploads\/2025\/04\/abamba.png","twitter_misc":{"\u00c9crit par":"Damien Dellerba","Dur\u00e9e de lecture estim\u00e9e":"1 minute"},"schema":{"@context":"https:\/\/schema.org","@graph":[{"@type":"WebPage","@id":"https:\/\/www.ladiagonale.net\/index.php\/2025\/04\/07\/les-u19-battus-par-le-leader\/","url":"https:\/\/www.ladiagonale.net\/index.php\/2025\/04\/07\/les-u19-battus-par-le-leader\/","name":"Les U19 battus par le leader - La Diagonale","isPartOf":{"@id":"https:\/\/www.ladiagonale.net\/#website"},"datePublished":"2025-04-07T12:27:55+00:00","dateModified":"2025-04-07T12:27:56+00:00","author":{"@id":"https:\/\/www.ladiagonale.net\/#\/schema\/person\/79ff1e7b0853ed01b2aa26e64ad300bf"},"breadcrumb":{"@id":"https:\/\/www.ladiagonale.net\/index.php\/2025\/04\/07\/les-u19-battus-par-le-leader\/#breadcrumb"},"inLanguage":"fr-FR","potentialAction":[{"@type":"ReadAction","target":["https:\/\/www.ladiagonale.net\/index.php\/2025\/04\/07\/les-u19-battus-par-le-leader\/"]}]},{"@type":"BreadcrumbList","@id":"https:\/\/www.ladiagonale.net\/index.php\/2025\/04\/07\/les-u19-battus-par-le-leader\/#breadcrumb","itemListElement":[{"@type":"ListItem","position":1,"name":"Accueil","item":"https:\/\/www.ladiagonale.net\/"},{"@type":"ListItem","position":2,"name":"Les U19 battus par le leader"}]},{"@type":"WebSite","@id":"https:\/\/www.ladiagonale.net\/#website","url":"https:\/\/www.ladiagonale.net\/","name":"La Diagonale","description":"Le site des supporters de l&#039;AS Monaco FC","potentialAction":[{"@type":"SearchAction","target":{"@type":"EntryPoint","urlTemplate":"https:\/\/www.ladiagonale.net\/?s={search_term_string}"},"query-input":"required name=search_term_string"}],"inLanguage":"fr-FR"},{"@type":"Person","@id":"https:\/\/www.ladiagonale.net\/#\/schema\/person\/79ff1e7b0853ed01b2aa26e64ad300bf","name":"Damien Dellerba","image":{"@type":"ImageObject","inLanguage":"fr-FR","@id":"https:\/\/www.ladiagonale.net\/#\/schema\/person\/image\/","url":"https:\/\/secure.gravatar.com\/avatar\/c7850e06d3ff63cdbaee88b7fc16e2f0?s=96&d=mm&r=g","contentUrl":"https:\/\/secure.gravatar.com\/avatar\/c7850e06d3ff63cdbaee88b7fc16e2f0?s=96&d=mm&r=g","caption":"Damien Dellerba"},"url":"https:\/\/www.ladiagonale.net\/index.php\/author\/damien\/"}]}},"_links":{"self":[{"href":"https:\/\/www.ladiagonale.net\/index.php\/wp-json\/wp\/v2\/posts\/30846"}],"collection":[{"href":"https:\/\/www.ladiagonale.net\/index.php\/wp-json\/wp\/v2\/posts"}],"about":[{"href":"https:\/\/www.ladiagonale.net\/index.php\/wp-json\/wp\/v2\/types\/post"}],"author":[{"embeddable":true,"href":"https:\/\/www.ladiagonale.net\/index.php\/wp-json\/wp\/v2\/users\/2"}],"replies":[{"embeddable":true,"href":"https:\/\/www.ladiagonale.net\/index.php\/wp-json\/wp\/v2\/comments?post=30846"}],"version-history":[{"count":1,"href":"https:\/\/www.ladiagonale.net\/index.php\/wp-json\/wp\/v2\/posts\/30846\/revisions"}],"predecessor-version":[{"id":30848,"href":"https:\/\/www.ladiagonale.net\/index.php\/wp-json\/wp\/v2\/posts\/30846\/revisions\/30848"}],"wp:attachment":[{"href":"https:\/\/www.ladiagonale.net\/index.php\/wp-json\/wp\/v2\/media?parent=30846"}],"wp:term":[{"taxonomy":"category","embeddable":true,"href":"https:\/\/www.ladiagonale.net\/index.php\/wp-json\/wp\/v2\/categories?post=30846"},{"taxonomy":"post_tag","embeddable":true,"href":"https:\/\/www.ladiagonale.net\/index.php\/wp-json\/wp\/v2\/tags?post=30846"}],"curies":[{"name":"wp","href":"https:\/\/api.w.org\/{rel}","templated":true}]}}