{"id":30852,"date":"2025-04-07T15:01:52","date_gmt":"2025-04-07T13:01:52","guid":{"rendered":"https:\/\/www.ladiagonale.net\/?p=30852"},"modified":"2025-04-07T15:01:52","modified_gmt":"2025-04-07T13:01:52","slug":"belmokhtar-buteur-en-quarts-de-la-can-u17","status":"publish","type":"post","link":"https:\/\/www.ladiagonale.net\/index.php\/2025\/04\/07\/belmokhtar-buteur-en-quarts-de-la-can-u17\/","title":{"rendered":"Belmokhtar, buteur, en quarts de la CAN U17"},"content":{"rendered":"\n\n\n<p>Apr\u00e8s une premi\u00e8re tr\u00e8s remarqu\u00e9e contre l\u2019Ouganda, <a href=\"https:\/\/www.ladiagonale.net\/index.php\/2025\/03\/31\/belmokhtar-brille-pour-ses-debuts-a-la-can-u17\/\" target=\"_blank\" rel=\"noreferrer noopener\">auteur d\u2019un doubl\u00e9 et \u00e9lu homme du match<\/a>, Ilies Belmokhtar a encore frapp\u00e9 avec le Maroc \u00e0 la CAN U17. Pour le troisi\u00e8me et dernier match de la phase de groupes, l\u2019ailier mon\u00e9gasque a ouvert le score face \u00e0 la Tanzanie en fin de rencontre (78<sup>e<\/sup>), lib\u00e9rant ses partenaires qui ont fini fort pour s\u2019imposer nettement (3-0). Il a \u00e9galement sign\u00e9 une passe d\u00e9cisive sur le deuxi\u00e8me but.<\/p>\n\n\n\n<p>Accroch\u00e9 par la Zambie lors du second match (0-0), que Belmokhtar avait jou\u00e9 en int\u00e9gralit\u00e9, le Maroc a d\u00e9croch\u00e9 son billet pour les quarts de finale de la comp\u00e9tition, avec une premi\u00e8re place du groupe partag\u00e9e avec la Zambie. Les Lionceaux de l\u2019Atlas seront oppos\u00e9s \u00e0 l\u2019Afrique du Sud jeudi (20h).<\/p>\n","protected":false},"excerpt":{"rendered":"<p>Apr\u00e8s une premi\u00e8re tr\u00e8s remarqu\u00e9e contre l\u2019Ouganda, auteur d\u2019un doubl\u00e9 et \u00e9lu homme du match, Ilies Belmokhtar a encore frapp\u00e9 avec le Maroc \u00e0 la CAN U17. Pour le troisi\u00e8me et dernier match de la phase de groupes, l\u2019ailier mon\u00e9gasque a ouvert le score face \u00e0 la Tanzanie en fin de rencontre (78e), lib\u00e9rant ses [&#8230;]\n","protected":false},"author":2,"featured_media":0,"comment_status":"open","ping_status":"open","sticky":false,"template":"","format":"standard","meta":[],"categories":[6],"tags":[76,86,1015,799,914,116],"yoast_head":"<!-- This site is optimized with the Yoast SEO plugin v19.8 - https:\/\/yoast.com\/wordpress\/plugins\/seo\/ -->\n<title>Belmokhtar, buteur, en quarts de la CAN U17 - La Diagonale<\/title>\n<meta name=\"robots\" content=\"index, follow, max-snippet:-1, max-image-preview:large, max-video-preview:-1\" \/>\n<link rel=\"canonical\" href=\"https:\/\/www.ladiagonale.net\/index.php\/2025\/04\/07\/belmokhtar-buteur-en-quarts-de-la-can-u17\/\" \/>\n<meta property=\"og:locale\" content=\"fr_FR\" \/>\n<meta property=\"og:type\" content=\"article\" \/>\n<meta property=\"og:title\" content=\"Belmokhtar, buteur, en quarts de la CAN U17 - La Diagonale\" \/>\n<meta property=\"og:description\" content=\"Apr\u00e8s une premi\u00e8re tr\u00e8s remarqu\u00e9e contre l\u2019Ouganda, auteur d\u2019un doubl\u00e9 et \u00e9lu homme du match, Ilies Belmokhtar a encore frapp\u00e9 avec le Maroc \u00e0 la CAN U17. Pour le troisi\u00e8me et dernier match de la phase de groupes, l\u2019ailier mon\u00e9gasque a ouvert le score face \u00e0 la Tanzanie en fin de rencontre (78e), lib\u00e9rant ses [...]\" \/>\n<meta property=\"og:url\" content=\"https:\/\/www.ladiagonale.net\/index.php\/2025\/04\/07\/belmokhtar-buteur-en-quarts-de-la-can-u17\/\" \/>\n<meta property=\"og:site_name\" content=\"La Diagonale\" \/>\n<meta property=\"article:published_time\" content=\"2025-04-07T13:01:52+00:00\" \/>\n<meta property=\"og:image\" content=\"https:\/\/www.ladiagonale.net\/wp-content\/uploads\/2024\/11\/belmokhtar-maroc.png\" \/>\n\t<meta property=\"og:image:width\" content=\"1160\" \/>\n\t<meta property=\"og:image:height\" content=\"650\" \/>\n\t<meta property=\"og:image:type\" content=\"image\/png\" \/>\n<meta name=\"author\" content=\"Damien Dellerba\" \/>\n<meta name=\"twitter:card\" content=\"summary_large_image\" \/>\n<meta name=\"twitter:image\" content=\"https:\/\/www.ladiagonale.net\/wp-content\/uploads\/2024\/11\/belmokhtar-maroc.png\" \/>\n<meta name=\"twitter:label1\" content=\"\u00c9crit par\" \/>\n\t<meta name=\"twitter:data1\" content=\"Damien Dellerba\" \/>\n\t<meta name=\"twitter:label2\" content=\"Dur\u00e9e de lecture estim\u00e9e\" \/>\n\t<meta name=\"twitter:data2\" content=\"1 minute\" \/>\n<script type=\"application\/ld+json\" class=\"yoast-schema-graph\">{\"@context\":\"https:\/\/schema.org\",\"@graph\":[{\"@type\":\"WebPage\",\"@id\":\"https:\/\/www.ladiagonale.net\/index.php\/2025\/04\/07\/belmokhtar-buteur-en-quarts-de-la-can-u17\/\",\"url\":\"https:\/\/www.ladiagonale.net\/index.php\/2025\/04\/07\/belmokhtar-buteur-en-quarts-de-la-can-u17\/\",\"name\":\"Belmokhtar, buteur, en quarts de la CAN U17 - La Diagonale\",\"isPartOf\":{\"@id\":\"https:\/\/www.ladiagonale.net\/#website\"},\"datePublished\":\"2025-04-07T13:01:52+00:00\",\"dateModified\":\"2025-04-07T13:01:52+00:00\",\"author\":{\"@id\":\"https:\/\/www.ladiagonale.net\/#\/schema\/person\/79ff1e7b0853ed01b2aa26e64ad300bf\"},\"breadcrumb\":{\"@id\":\"https:\/\/www.ladiagonale.net\/index.php\/2025\/04\/07\/belmokhtar-buteur-en-quarts-de-la-can-u17\/#breadcrumb\"},\"inLanguage\":\"fr-FR\",\"potentialAction\":[{\"@type\":\"ReadAction\",\"target\":[\"https:\/\/www.ladiagonale.net\/index.php\/2025\/04\/07\/belmokhtar-buteur-en-quarts-de-la-can-u17\/\"]}]},{\"@type\":\"BreadcrumbList\",\"@id\":\"https:\/\/www.ladiagonale.net\/index.php\/2025\/04\/07\/belmokhtar-buteur-en-quarts-de-la-can-u17\/#breadcrumb\",\"itemListElement\":[{\"@type\":\"ListItem\",\"position\":1,\"name\":\"Accueil\",\"item\":\"https:\/\/www.ladiagonale.net\/\"},{\"@type\":\"ListItem\",\"position\":2,\"name\":\"Belmokhtar, buteur, en quarts de la CAN U17\"}]},{\"@type\":\"WebSite\",\"@id\":\"https:\/\/www.ladiagonale.net\/#website\",\"url\":\"https:\/\/www.ladiagonale.net\/\",\"name\":\"La Diagonale\",\"description\":\"Le site des supporters de l&#039;AS Monaco FC\",\"potentialAction\":[{\"@type\":\"SearchAction\",\"target\":{\"@type\":\"EntryPoint\",\"urlTemplate\":\"https:\/\/www.ladiagonale.net\/?s={search_term_string}\"},\"query-input\":\"required name=search_term_string\"}],\"inLanguage\":\"fr-FR\"},{\"@type\":\"Person\",\"@id\":\"https:\/\/www.ladiagonale.net\/#\/schema\/person\/79ff1e7b0853ed01b2aa26e64ad300bf\",\"name\":\"Damien Dellerba\",\"image\":{\"@type\":\"ImageObject\",\"inLanguage\":\"fr-FR\",\"@id\":\"https:\/\/www.ladiagonale.net\/#\/schema\/person\/image\/\",\"url\":\"https:\/\/secure.gravatar.com\/avatar\/c7850e06d3ff63cdbaee88b7fc16e2f0?s=96&d=mm&r=g\",\"contentUrl\":\"https:\/\/secure.gravatar.com\/avatar\/c7850e06d3ff63cdbaee88b7fc16e2f0?s=96&d=mm&r=g\",\"caption\":\"Damien Dellerba\"},\"url\":\"https:\/\/www.ladiagonale.net\/index.php\/author\/damien\/\"}]}<\/script>\n<!-- \/ Yoast SEO plugin. -->","yoast_head_json":{"title":"Belmokhtar, buteur, en quarts de la CAN U17 - La Diagonale","robots":{"index":"index","follow":"follow","max-snippet":"max-snippet:-1","max-image-preview":"max-image-preview:large","max-video-preview":"max-video-preview:-1"},"canonical":"https:\/\/www.ladiagonale.net\/index.php\/2025\/04\/07\/belmokhtar-buteur-en-quarts-de-la-can-u17\/","og_locale":"fr_FR","og_type":"article","og_title":"Belmokhtar, buteur, en quarts de la CAN U17 - La Diagonale","og_description":"Apr\u00e8s une premi\u00e8re tr\u00e8s remarqu\u00e9e contre l\u2019Ouganda, auteur d\u2019un doubl\u00e9 et \u00e9lu homme du match, Ilies Belmokhtar a encore frapp\u00e9 avec le Maroc \u00e0 la CAN U17. Pour le troisi\u00e8me et dernier match de la phase de groupes, l\u2019ailier mon\u00e9gasque a ouvert le score face \u00e0 la Tanzanie en fin de rencontre (78e), lib\u00e9rant ses [...]","og_url":"https:\/\/www.ladiagonale.net\/index.php\/2025\/04\/07\/belmokhtar-buteur-en-quarts-de-la-can-u17\/","og_site_name":"La Diagonale","article_published_time":"2025-04-07T13:01:52+00:00","og_image":[{"width":1160,"height":650,"url":"https:\/\/www.ladiagonale.net\/wp-content\/uploads\/2024\/11\/belmokhtar-maroc.png","type":"image\/png"}],"author":"Damien Dellerba","twitter_card":"summary_large_image","twitter_image":"https:\/\/www.ladiagonale.net\/wp-content\/uploads\/2024\/11\/belmokhtar-maroc.png","twitter_misc":{"\u00c9crit par":"Damien Dellerba","Dur\u00e9e de lecture estim\u00e9e":"1 minute"},"schema":{"@context":"https:\/\/schema.org","@graph":[{"@type":"WebPage","@id":"https:\/\/www.ladiagonale.net\/index.php\/2025\/04\/07\/belmokhtar-buteur-en-quarts-de-la-can-u17\/","url":"https:\/\/www.ladiagonale.net\/index.php\/2025\/04\/07\/belmokhtar-buteur-en-quarts-de-la-can-u17\/","name":"Belmokhtar, buteur, en quarts de la CAN U17 - La Diagonale","isPartOf":{"@id":"https:\/\/www.ladiagonale.net\/#website"},"datePublished":"2025-04-07T13:01:52+00:00","dateModified":"2025-04-07T13:01:52+00:00","author":{"@id":"https:\/\/www.ladiagonale.net\/#\/schema\/person\/79ff1e7b0853ed01b2aa26e64ad300bf"},"breadcrumb":{"@id":"https:\/\/www.ladiagonale.net\/index.php\/2025\/04\/07\/belmokhtar-buteur-en-quarts-de-la-can-u17\/#breadcrumb"},"inLanguage":"fr-FR","potentialAction":[{"@type":"ReadAction","target":["https:\/\/www.ladiagonale.net\/index.php\/2025\/04\/07\/belmokhtar-buteur-en-quarts-de-la-can-u17\/"]}]},{"@type":"BreadcrumbList","@id":"https:\/\/www.ladiagonale.net\/index.php\/2025\/04\/07\/belmokhtar-buteur-en-quarts-de-la-can-u17\/#breadcrumb","itemListElement":[{"@type":"ListItem","position":1,"name":"Accueil","item":"https:\/\/www.ladiagonale.net\/"},{"@type":"ListItem","position":2,"name":"Belmokhtar, buteur, en quarts de la CAN U17"}]},{"@type":"WebSite","@id":"https:\/\/www.ladiagonale.net\/#website","url":"https:\/\/www.ladiagonale.net\/","name":"La Diagonale","description":"Le site des supporters de l&#039;AS Monaco FC","potentialAction":[{"@type":"SearchAction","target":{"@type":"EntryPoint","urlTemplate":"https:\/\/www.ladiagonale.net\/?s={search_term_string}"},"query-input":"required name=search_term_string"}],"inLanguage":"fr-FR"},{"@type":"Person","@id":"https:\/\/www.ladiagonale.net\/#\/schema\/person\/79ff1e7b0853ed01b2aa26e64ad300bf","name":"Damien Dellerba","image":{"@type":"ImageObject","inLanguage":"fr-FR","@id":"https:\/\/www.ladiagonale.net\/#\/schema\/person\/image\/","url":"https:\/\/secure.gravatar.com\/avatar\/c7850e06d3ff63cdbaee88b7fc16e2f0?s=96&d=mm&r=g","contentUrl":"https:\/\/secure.gravatar.com\/avatar\/c7850e06d3ff63cdbaee88b7fc16e2f0?s=96&d=mm&r=g","caption":"Damien Dellerba"},"url":"https:\/\/www.ladiagonale.net\/index.php\/author\/damien\/"}]}},"_links":{"self":[{"href":"https:\/\/www.ladiagonale.net\/index.php\/wp-json\/wp\/v2\/posts\/30852"}],"collection":[{"href":"https:\/\/www.ladiagonale.net\/index.php\/wp-json\/wp\/v2\/posts"}],"about":[{"href":"https:\/\/www.ladiagonale.net\/index.php\/wp-json\/wp\/v2\/types\/post"}],"author":[{"embeddable":true,"href":"https:\/\/www.ladiagonale.net\/index.php\/wp-json\/wp\/v2\/users\/2"}],"replies":[{"embeddable":true,"href":"https:\/\/www.ladiagonale.net\/index.php\/wp-json\/wp\/v2\/comments?post=30852"}],"version-history":[{"count":1,"href":"https:\/\/www.ladiagonale.net\/index.php\/wp-json\/wp\/v2\/posts\/30852\/revisions"}],"predecessor-version":[{"id":30853,"href":"https:\/\/www.ladiagonale.net\/index.php\/wp-json\/wp\/v2\/posts\/30852\/revisions\/30853"}],"wp:attachment":[{"href":"https:\/\/www.ladiagonale.net\/index.php\/wp-json\/wp\/v2\/media?parent=30852"}],"wp:term":[{"taxonomy":"category","embeddable":true,"href":"https:\/\/www.ladiagonale.net\/index.php\/wp-json\/wp\/v2\/categories?post=30852"},{"taxonomy":"post_tag","embeddable":true,"href":"https:\/\/www.ladiagonale.net\/index.php\/wp-json\/wp\/v2\/tags?post=30852"}],"curies":[{"name":"wp","href":"https:\/\/api.w.org\/{rel}","templated":true}]}}