{"id":30868,"date":"2025-04-09T18:40:39","date_gmt":"2025-04-09T16:40:39","guid":{"rendered":"https:\/\/www.ladiagonale.net\/?p=30868"},"modified":"2025-04-09T18:40:40","modified_gmt":"2025-04-09T16:40:40","slug":"la-direction-de-larbitrage-justifie-le-penalty-contre-brest","status":"publish","type":"post","link":"https:\/\/www.ladiagonale.net\/index.php\/2025\/04\/09\/la-direction-de-larbitrage-justifie-le-penalty-contre-brest\/","title":{"rendered":"La Direction de l\u2019arbitrage justifie le p\u00e9nalty contre Brest"},"content":{"rendered":"\n\n\n<p>Comme c\u2019est devenu une habitude cette saison, la Direction technique de l\u2019arbitrage revient sur plusieurs situations litigieuses qui ont eu lieu durant la derni\u00e8re journ\u00e9e de championnat, ici la 28e. L\u2019AS Monaco s\u2019est inclin\u00e9e contre Brest (1-2) mais n\u2019\u00e9tait pas loin de ramener un point de son d\u00e9placement en terres finist\u00e9riennes, gr\u00e2ce notamment \u00e0 un p\u00e9nalty transform\u00e9 par Denis Zakaria et provoqu\u00e9 \u00e0 la suite d\u2019un contact entre le bras de Kenny Lala, alors engag\u00e9 dans un duel a\u00e9rien avec Breel Embolo sur corner, et le ballon.<\/p>\n\n\n\n<p>Une faute qui a d\u2019abord \u00e9chapp\u00e9 \u00e0 l\u2019arbitre central du match, Thomas L\u00e9onard, qui avait indiqu\u00e9 un corner \u00e0 suivre. Interpell\u00e9 par son assistant \u00e0 la vid\u00e9o, Alexandre Castro, l\u2019homme en noir a finalement visionn\u00e9 des images attestant d\u2019une faute manifeste de la part du lat\u00e9ral droit brestois avant d\u2019accorder un coup de pied de r\u00e9paration en faveur de l\u2019ASM. Une d\u00e9cision qui a forc\u00e9ment d\u00e9plu aux Brestois, et notamment de son entra\u00eeneur \u00c9ric Roy, jugeant \u00ab <em>dure<\/em> \u00bb la d\u00e9cision.<\/p>\n\n\n\n<p>\u00ab\u00a0<em>Au regard de la loi 12, le geste du d\u00e9fenseur est clairement sanctionnable<\/em>, a justifi\u00e9 la DTA. <em>Le mouvement volontaire du bras augmente la surface couverte par son corps dans une position imprudente, qui ne peut \u00eatre consid\u00e9r\u00e9e comme un geste de protection. L\u2019assistance vid\u00e9o \u00e0 l&rsquo;arbitrage a justement permis de corriger l\u2019absence de p\u00e9nalty. Aucune sanction disciplinaire n\u2019\u00e9tait attendue ici.<\/em>\u00a0\u00bb<\/p>\n\n\n\n<figure class=\"wp-block-embed is-type-video is-provider-youtube wp-block-embed-youtube wp-embed-aspect-16-9 wp-has-aspect-ratio\"><div class=\"wp-block-embed__wrapper\">\n<iframe loading=\"lazy\" title=\"J28 Brest v Monaco (59e)\" width=\"1020\" height=\"574\" src=\"https:\/\/www.youtube.com\/embed\/MueILYvaRiU?feature=oembed\" frameborder=\"0\" allow=\"accelerometer; autoplay; clipboard-write; encrypted-media; gyroscope; picture-in-picture; web-share\" referrerpolicy=\"strict-origin-when-cross-origin\" allowfullscreen><\/iframe>\n<\/div><\/figure>\n","protected":false},"excerpt":{"rendered":"<p>Comme c\u2019est devenu une habitude cette saison, la Direction technique de l\u2019arbitrage revient sur plusieurs situations litigieuses qui ont eu lieu durant la derni\u00e8re journ\u00e9e de championnat, ici la 28e. L\u2019AS Monaco s\u2019est inclin\u00e9e contre Brest (1-2) mais n\u2019\u00e9tait pas loin de ramener un point de son d\u00e9placement en terres finist\u00e9riennes, gr\u00e2ce notamment \u00e0 un [&#8230;]\n","protected":false},"author":2,"featured_media":0,"comment_status":"open","ping_status":"open","sticky":false,"template":"","format":"standard","meta":[],"categories":[6],"tags":[86,373,94,157],"yoast_head":"<!-- This site is optimized with the Yoast SEO plugin v19.8 - https:\/\/yoast.com\/wordpress\/plugins\/seo\/ -->\n<title>La Direction de l\u2019arbitrage justifie le p\u00e9nalty contre Brest - La Diagonale<\/title>\n<meta name=\"robots\" content=\"index, follow, max-snippet:-1, max-image-preview:large, max-video-preview:-1\" \/>\n<link rel=\"canonical\" href=\"https:\/\/www.ladiagonale.net\/index.php\/2025\/04\/09\/la-direction-de-larbitrage-justifie-le-penalty-contre-brest\/\" \/>\n<meta property=\"og:locale\" content=\"fr_FR\" \/>\n<meta property=\"og:type\" content=\"article\" \/>\n<meta property=\"og:title\" content=\"La Direction de l\u2019arbitrage justifie le p\u00e9nalty contre Brest - La Diagonale\" \/>\n<meta property=\"og:description\" content=\"Comme c\u2019est devenu une habitude cette saison, la Direction technique de l\u2019arbitrage revient sur plusieurs situations litigieuses qui ont eu lieu durant la derni\u00e8re journ\u00e9e de championnat, ici la 28e. L\u2019AS Monaco s\u2019est inclin\u00e9e contre Brest (1-2) mais n\u2019\u00e9tait pas loin de ramener un point de son d\u00e9placement en terres finist\u00e9riennes, gr\u00e2ce notamment \u00e0 un [...]\" \/>\n<meta property=\"og:url\" content=\"https:\/\/www.ladiagonale.net\/index.php\/2025\/04\/09\/la-direction-de-larbitrage-justifie-le-penalty-contre-brest\/\" \/>\n<meta property=\"og:site_name\" content=\"La Diagonale\" \/>\n<meta property=\"article:published_time\" content=\"2025-04-09T16:40:39+00:00\" \/>\n<meta property=\"article:modified_time\" content=\"2025-04-09T16:40:40+00:00\" \/>\n<meta property=\"og:image\" content=\"https:\/\/www.ladiagonale.net\/wp-content\/uploads\/2025\/04\/zakaria-peno.png\" \/>\n\t<meta property=\"og:image:width\" content=\"1160\" \/>\n\t<meta property=\"og:image:height\" content=\"650\" \/>\n\t<meta property=\"og:image:type\" content=\"image\/png\" \/>\n<meta name=\"author\" content=\"Damien Dellerba\" \/>\n<meta name=\"twitter:card\" content=\"summary_large_image\" \/>\n<meta name=\"twitter:image\" content=\"https:\/\/www.ladiagonale.net\/wp-content\/uploads\/2025\/04\/zakaria-peno.png\" \/>\n<meta name=\"twitter:label1\" content=\"\u00c9crit par\" \/>\n\t<meta name=\"twitter:data1\" content=\"Damien Dellerba\" \/>\n\t<meta name=\"twitter:label2\" content=\"Dur\u00e9e de lecture estim\u00e9e\" \/>\n\t<meta name=\"twitter:data2\" content=\"2 minutes\" \/>\n<script type=\"application\/ld+json\" class=\"yoast-schema-graph\">{\"@context\":\"https:\/\/schema.org\",\"@graph\":[{\"@type\":\"WebPage\",\"@id\":\"https:\/\/www.ladiagonale.net\/index.php\/2025\/04\/09\/la-direction-de-larbitrage-justifie-le-penalty-contre-brest\/\",\"url\":\"https:\/\/www.ladiagonale.net\/index.php\/2025\/04\/09\/la-direction-de-larbitrage-justifie-le-penalty-contre-brest\/\",\"name\":\"La Direction de l\u2019arbitrage justifie le p\u00e9nalty contre Brest - La Diagonale\",\"isPartOf\":{\"@id\":\"https:\/\/www.ladiagonale.net\/#website\"},\"datePublished\":\"2025-04-09T16:40:39+00:00\",\"dateModified\":\"2025-04-09T16:40:40+00:00\",\"author\":{\"@id\":\"https:\/\/www.ladiagonale.net\/#\/schema\/person\/79ff1e7b0853ed01b2aa26e64ad300bf\"},\"breadcrumb\":{\"@id\":\"https:\/\/www.ladiagonale.net\/index.php\/2025\/04\/09\/la-direction-de-larbitrage-justifie-le-penalty-contre-brest\/#breadcrumb\"},\"inLanguage\":\"fr-FR\",\"potentialAction\":[{\"@type\":\"ReadAction\",\"target\":[\"https:\/\/www.ladiagonale.net\/index.php\/2025\/04\/09\/la-direction-de-larbitrage-justifie-le-penalty-contre-brest\/\"]}]},{\"@type\":\"BreadcrumbList\",\"@id\":\"https:\/\/www.ladiagonale.net\/index.php\/2025\/04\/09\/la-direction-de-larbitrage-justifie-le-penalty-contre-brest\/#breadcrumb\",\"itemListElement\":[{\"@type\":\"ListItem\",\"position\":1,\"name\":\"Accueil\",\"item\":\"https:\/\/www.ladiagonale.net\/\"},{\"@type\":\"ListItem\",\"position\":2,\"name\":\"La Direction de l\u2019arbitrage justifie le p\u00e9nalty contre Brest\"}]},{\"@type\":\"WebSite\",\"@id\":\"https:\/\/www.ladiagonale.net\/#website\",\"url\":\"https:\/\/www.ladiagonale.net\/\",\"name\":\"La Diagonale\",\"description\":\"Le site des supporters de l&#039;AS Monaco FC\",\"potentialAction\":[{\"@type\":\"SearchAction\",\"target\":{\"@type\":\"EntryPoint\",\"urlTemplate\":\"https:\/\/www.ladiagonale.net\/?s={search_term_string}\"},\"query-input\":\"required name=search_term_string\"}],\"inLanguage\":\"fr-FR\"},{\"@type\":\"Person\",\"@id\":\"https:\/\/www.ladiagonale.net\/#\/schema\/person\/79ff1e7b0853ed01b2aa26e64ad300bf\",\"name\":\"Damien Dellerba\",\"image\":{\"@type\":\"ImageObject\",\"inLanguage\":\"fr-FR\",\"@id\":\"https:\/\/www.ladiagonale.net\/#\/schema\/person\/image\/\",\"url\":\"https:\/\/secure.gravatar.com\/avatar\/c7850e06d3ff63cdbaee88b7fc16e2f0?s=96&d=mm&r=g\",\"contentUrl\":\"https:\/\/secure.gravatar.com\/avatar\/c7850e06d3ff63cdbaee88b7fc16e2f0?s=96&d=mm&r=g\",\"caption\":\"Damien Dellerba\"},\"url\":\"https:\/\/www.ladiagonale.net\/index.php\/author\/damien\/\"}]}<\/script>\n<!-- \/ Yoast SEO plugin. -->","yoast_head_json":{"title":"La Direction de l\u2019arbitrage justifie le p\u00e9nalty contre Brest - La Diagonale","robots":{"index":"index","follow":"follow","max-snippet":"max-snippet:-1","max-image-preview":"max-image-preview:large","max-video-preview":"max-video-preview:-1"},"canonical":"https:\/\/www.ladiagonale.net\/index.php\/2025\/04\/09\/la-direction-de-larbitrage-justifie-le-penalty-contre-brest\/","og_locale":"fr_FR","og_type":"article","og_title":"La Direction de l\u2019arbitrage justifie le p\u00e9nalty contre Brest - La Diagonale","og_description":"Comme c\u2019est devenu une habitude cette saison, la Direction technique de l\u2019arbitrage revient sur plusieurs situations litigieuses qui ont eu lieu durant la derni\u00e8re journ\u00e9e de championnat, ici la 28e. L\u2019AS Monaco s\u2019est inclin\u00e9e contre Brest (1-2) mais n\u2019\u00e9tait pas loin de ramener un point de son d\u00e9placement en terres finist\u00e9riennes, gr\u00e2ce notamment \u00e0 un [...]","og_url":"https:\/\/www.ladiagonale.net\/index.php\/2025\/04\/09\/la-direction-de-larbitrage-justifie-le-penalty-contre-brest\/","og_site_name":"La Diagonale","article_published_time":"2025-04-09T16:40:39+00:00","article_modified_time":"2025-04-09T16:40:40+00:00","og_image":[{"width":1160,"height":650,"url":"https:\/\/www.ladiagonale.net\/wp-content\/uploads\/2025\/04\/zakaria-peno.png","type":"image\/png"}],"author":"Damien Dellerba","twitter_card":"summary_large_image","twitter_image":"https:\/\/www.ladiagonale.net\/wp-content\/uploads\/2025\/04\/zakaria-peno.png","twitter_misc":{"\u00c9crit par":"Damien Dellerba","Dur\u00e9e de lecture estim\u00e9e":"2 minutes"},"schema":{"@context":"https:\/\/schema.org","@graph":[{"@type":"WebPage","@id":"https:\/\/www.ladiagonale.net\/index.php\/2025\/04\/09\/la-direction-de-larbitrage-justifie-le-penalty-contre-brest\/","url":"https:\/\/www.ladiagonale.net\/index.php\/2025\/04\/09\/la-direction-de-larbitrage-justifie-le-penalty-contre-brest\/","name":"La Direction de l\u2019arbitrage justifie le p\u00e9nalty contre Brest - La Diagonale","isPartOf":{"@id":"https:\/\/www.ladiagonale.net\/#website"},"datePublished":"2025-04-09T16:40:39+00:00","dateModified":"2025-04-09T16:40:40+00:00","author":{"@id":"https:\/\/www.ladiagonale.net\/#\/schema\/person\/79ff1e7b0853ed01b2aa26e64ad300bf"},"breadcrumb":{"@id":"https:\/\/www.ladiagonale.net\/index.php\/2025\/04\/09\/la-direction-de-larbitrage-justifie-le-penalty-contre-brest\/#breadcrumb"},"inLanguage":"fr-FR","potentialAction":[{"@type":"ReadAction","target":["https:\/\/www.ladiagonale.net\/index.php\/2025\/04\/09\/la-direction-de-larbitrage-justifie-le-penalty-contre-brest\/"]}]},{"@type":"BreadcrumbList","@id":"https:\/\/www.ladiagonale.net\/index.php\/2025\/04\/09\/la-direction-de-larbitrage-justifie-le-penalty-contre-brest\/#breadcrumb","itemListElement":[{"@type":"ListItem","position":1,"name":"Accueil","item":"https:\/\/www.ladiagonale.net\/"},{"@type":"ListItem","position":2,"name":"La Direction de l\u2019arbitrage justifie le p\u00e9nalty contre Brest"}]},{"@type":"WebSite","@id":"https:\/\/www.ladiagonale.net\/#website","url":"https:\/\/www.ladiagonale.net\/","name":"La Diagonale","description":"Le site des supporters de l&#039;AS Monaco FC","potentialAction":[{"@type":"SearchAction","target":{"@type":"EntryPoint","urlTemplate":"https:\/\/www.ladiagonale.net\/?s={search_term_string}"},"query-input":"required name=search_term_string"}],"inLanguage":"fr-FR"},{"@type":"Person","@id":"https:\/\/www.ladiagonale.net\/#\/schema\/person\/79ff1e7b0853ed01b2aa26e64ad300bf","name":"Damien Dellerba","image":{"@type":"ImageObject","inLanguage":"fr-FR","@id":"https:\/\/www.ladiagonale.net\/#\/schema\/person\/image\/","url":"https:\/\/secure.gravatar.com\/avatar\/c7850e06d3ff63cdbaee88b7fc16e2f0?s=96&d=mm&r=g","contentUrl":"https:\/\/secure.gravatar.com\/avatar\/c7850e06d3ff63cdbaee88b7fc16e2f0?s=96&d=mm&r=g","caption":"Damien Dellerba"},"url":"https:\/\/www.ladiagonale.net\/index.php\/author\/damien\/"}]}},"_links":{"self":[{"href":"https:\/\/www.ladiagonale.net\/index.php\/wp-json\/wp\/v2\/posts\/30868"}],"collection":[{"href":"https:\/\/www.ladiagonale.net\/index.php\/wp-json\/wp\/v2\/posts"}],"about":[{"href":"https:\/\/www.ladiagonale.net\/index.php\/wp-json\/wp\/v2\/types\/post"}],"author":[{"embeddable":true,"href":"https:\/\/www.ladiagonale.net\/index.php\/wp-json\/wp\/v2\/users\/2"}],"replies":[{"embeddable":true,"href":"https:\/\/www.ladiagonale.net\/index.php\/wp-json\/wp\/v2\/comments?post=30868"}],"version-history":[{"count":1,"href":"https:\/\/www.ladiagonale.net\/index.php\/wp-json\/wp\/v2\/posts\/30868\/revisions"}],"predecessor-version":[{"id":30870,"href":"https:\/\/www.ladiagonale.net\/index.php\/wp-json\/wp\/v2\/posts\/30868\/revisions\/30870"}],"wp:attachment":[{"href":"https:\/\/www.ladiagonale.net\/index.php\/wp-json\/wp\/v2\/media?parent=30868"}],"wp:term":[{"taxonomy":"category","embeddable":true,"href":"https:\/\/www.ladiagonale.net\/index.php\/wp-json\/wp\/v2\/categories?post=30868"},{"taxonomy":"post_tag","embeddable":true,"href":"https:\/\/www.ladiagonale.net\/index.php\/wp-json\/wp\/v2\/tags?post=30868"}],"curies":[{"name":"wp","href":"https:\/\/api.w.org\/{rel}","templated":true}]}}