{"id":30879,"date":"2025-04-10T12:39:01","date_gmt":"2025-04-10T10:39:01","guid":{"rendered":"https:\/\/www.ladiagonale.net\/?p=30879"},"modified":"2025-04-10T12:39:02","modified_gmt":"2025-04-10T10:39:02","slug":"tlili-rejoint-belmokhtar-en-quarts-de-la-can-u17","status":"publish","type":"post","link":"https:\/\/www.ladiagonale.net\/index.php\/2025\/04\/10\/tlili-rejoint-belmokhtar-en-quarts-de-la-can-u17\/","title":{"rendered":"Tlili rejoint Belmokhtar en quarts de la CAN U17"},"content":{"rendered":"\n<p>Mehdi Tlili va lui aussi disputer les quarts de finale de la Coupe d\u2019Afrique des nations U17, \u00e0 l\u2019instar de son co\u00e9quipier de l\u2019Academy, Ilies Belmokhtar. Le jeune Mon\u00e9gasque a jou\u00e9 ses premi\u00e8res minutes lors de la troisi\u00e8me rencontre de la phase de groupes contre la Gambie (2-1), apr\u00e8s avoir d\u00fb ronger son frein pendant deux matches, en raison d\u2019une suspension. Entr\u00e9 \u00e0 la 65<sup>e<\/sup> minute, il a pris place dans le couloir gauche comme milieu offensif, un cran plus haut que son positionnement en club.<\/p>\n\n\n\n<p>La Tunisie a termin\u00e9 en t\u00eate de son groupe, \u00e0 \u00e9galit\u00e9 de points avec le S\u00e9n\u00e9gal mais une meilleure diff\u00e9rence de buts. Pour les quarts de finale, les Aiglons de Carthage seront oppos\u00e9s au Mali vendredi soir (21h). Le Maroc U17 de Belmokhtar remontera quant \u00e0 lui sur sc\u00e8ne ce jeudi (21h), face \u00e0 l\u2019Afrique du Sud, pour tenter d\u2019int\u00e9grer le dernier carr\u00e9. Maroc et Tunisie ne pourront se retrouver qu\u2019en finale.<\/p>\n\n\n","protected":false},"excerpt":{"rendered":"<p>Mehdi Tlili va lui aussi disputer les quarts de finale de la Coupe d\u2019Afrique des nations U17, \u00e0 l\u2019instar de son co\u00e9quipier de l\u2019Academy, Ilies Belmokhtar. Le jeune Mon\u00e9gasque a jou\u00e9 ses premi\u00e8res minutes lors de la troisi\u00e8me rencontre de la phase de groupes contre la Gambie (2-1), apr\u00e8s avoir d\u00fb ronger son frein pendant [&#8230;]\n","protected":false},"author":2,"featured_media":0,"comment_status":"open","ping_status":"open","sticky":false,"template":"","format":"standard","meta":[],"categories":[6],"tags":[86,1015,1013,116],"yoast_head":"<!-- This site is optimized with the Yoast SEO plugin v19.8 - https:\/\/yoast.com\/wordpress\/plugins\/seo\/ -->\n<title>Tlili rejoint Belmokhtar en quarts de la CAN U17 - La Diagonale<\/title>\n<meta name=\"robots\" content=\"index, follow, max-snippet:-1, max-image-preview:large, max-video-preview:-1\" \/>\n<link rel=\"canonical\" href=\"https:\/\/www.ladiagonale.net\/index.php\/2025\/04\/10\/tlili-rejoint-belmokhtar-en-quarts-de-la-can-u17\/\" \/>\n<meta property=\"og:locale\" content=\"fr_FR\" \/>\n<meta property=\"og:type\" content=\"article\" \/>\n<meta property=\"og:title\" content=\"Tlili rejoint Belmokhtar en quarts de la CAN U17 - La Diagonale\" \/>\n<meta property=\"og:description\" content=\"Mehdi Tlili va lui aussi disputer les quarts de finale de la Coupe d\u2019Afrique des nations U17, \u00e0 l\u2019instar de son co\u00e9quipier de l\u2019Academy, Ilies Belmokhtar. Le jeune Mon\u00e9gasque a jou\u00e9 ses premi\u00e8res minutes lors de la troisi\u00e8me rencontre de la phase de groupes contre la Gambie (2-1), apr\u00e8s avoir d\u00fb ronger son frein pendant [...]\" \/>\n<meta property=\"og:url\" content=\"https:\/\/www.ladiagonale.net\/index.php\/2025\/04\/10\/tlili-rejoint-belmokhtar-en-quarts-de-la-can-u17\/\" \/>\n<meta property=\"og:site_name\" content=\"La Diagonale\" \/>\n<meta property=\"article:published_time\" content=\"2025-04-10T10:39:01+00:00\" \/>\n<meta property=\"article:modified_time\" content=\"2025-04-10T10:39:02+00:00\" \/>\n<meta property=\"og:image\" content=\"https:\/\/www.ladiagonale.net\/wp-content\/uploads\/2025\/04\/Tlili.png\" \/>\n\t<meta property=\"og:image:width\" content=\"1160\" \/>\n\t<meta property=\"og:image:height\" content=\"650\" \/>\n\t<meta property=\"og:image:type\" content=\"image\/png\" \/>\n<meta name=\"author\" content=\"Damien Dellerba\" \/>\n<meta name=\"twitter:card\" content=\"summary_large_image\" \/>\n<meta name=\"twitter:image\" content=\"https:\/\/www.ladiagonale.net\/wp-content\/uploads\/2025\/04\/Tlili.png\" \/>\n<meta name=\"twitter:label1\" content=\"\u00c9crit par\" \/>\n\t<meta name=\"twitter:data1\" content=\"Damien Dellerba\" \/>\n\t<meta name=\"twitter:label2\" content=\"Dur\u00e9e de lecture estim\u00e9e\" \/>\n\t<meta name=\"twitter:data2\" content=\"1 minute\" \/>\n<script type=\"application\/ld+json\" class=\"yoast-schema-graph\">{\"@context\":\"https:\/\/schema.org\",\"@graph\":[{\"@type\":\"WebPage\",\"@id\":\"https:\/\/www.ladiagonale.net\/index.php\/2025\/04\/10\/tlili-rejoint-belmokhtar-en-quarts-de-la-can-u17\/\",\"url\":\"https:\/\/www.ladiagonale.net\/index.php\/2025\/04\/10\/tlili-rejoint-belmokhtar-en-quarts-de-la-can-u17\/\",\"name\":\"Tlili rejoint Belmokhtar en quarts de la CAN U17 - La Diagonale\",\"isPartOf\":{\"@id\":\"https:\/\/www.ladiagonale.net\/#website\"},\"datePublished\":\"2025-04-10T10:39:01+00:00\",\"dateModified\":\"2025-04-10T10:39:02+00:00\",\"author\":{\"@id\":\"https:\/\/www.ladiagonale.net\/#\/schema\/person\/79ff1e7b0853ed01b2aa26e64ad300bf\"},\"breadcrumb\":{\"@id\":\"https:\/\/www.ladiagonale.net\/index.php\/2025\/04\/10\/tlili-rejoint-belmokhtar-en-quarts-de-la-can-u17\/#breadcrumb\"},\"inLanguage\":\"fr-FR\",\"potentialAction\":[{\"@type\":\"ReadAction\",\"target\":[\"https:\/\/www.ladiagonale.net\/index.php\/2025\/04\/10\/tlili-rejoint-belmokhtar-en-quarts-de-la-can-u17\/\"]}]},{\"@type\":\"BreadcrumbList\",\"@id\":\"https:\/\/www.ladiagonale.net\/index.php\/2025\/04\/10\/tlili-rejoint-belmokhtar-en-quarts-de-la-can-u17\/#breadcrumb\",\"itemListElement\":[{\"@type\":\"ListItem\",\"position\":1,\"name\":\"Accueil\",\"item\":\"https:\/\/www.ladiagonale.net\/\"},{\"@type\":\"ListItem\",\"position\":2,\"name\":\"Tlili rejoint Belmokhtar en quarts de la CAN U17\"}]},{\"@type\":\"WebSite\",\"@id\":\"https:\/\/www.ladiagonale.net\/#website\",\"url\":\"https:\/\/www.ladiagonale.net\/\",\"name\":\"La Diagonale\",\"description\":\"Le site des supporters de l&#039;AS Monaco FC\",\"potentialAction\":[{\"@type\":\"SearchAction\",\"target\":{\"@type\":\"EntryPoint\",\"urlTemplate\":\"https:\/\/www.ladiagonale.net\/?s={search_term_string}\"},\"query-input\":\"required name=search_term_string\"}],\"inLanguage\":\"fr-FR\"},{\"@type\":\"Person\",\"@id\":\"https:\/\/www.ladiagonale.net\/#\/schema\/person\/79ff1e7b0853ed01b2aa26e64ad300bf\",\"name\":\"Damien Dellerba\",\"image\":{\"@type\":\"ImageObject\",\"inLanguage\":\"fr-FR\",\"@id\":\"https:\/\/www.ladiagonale.net\/#\/schema\/person\/image\/\",\"url\":\"https:\/\/secure.gravatar.com\/avatar\/c7850e06d3ff63cdbaee88b7fc16e2f0?s=96&d=mm&r=g\",\"contentUrl\":\"https:\/\/secure.gravatar.com\/avatar\/c7850e06d3ff63cdbaee88b7fc16e2f0?s=96&d=mm&r=g\",\"caption\":\"Damien Dellerba\"},\"url\":\"https:\/\/www.ladiagonale.net\/index.php\/author\/damien\/\"}]}<\/script>\n<!-- \/ Yoast SEO plugin. -->","yoast_head_json":{"title":"Tlili rejoint Belmokhtar en quarts de la CAN U17 - La Diagonale","robots":{"index":"index","follow":"follow","max-snippet":"max-snippet:-1","max-image-preview":"max-image-preview:large","max-video-preview":"max-video-preview:-1"},"canonical":"https:\/\/www.ladiagonale.net\/index.php\/2025\/04\/10\/tlili-rejoint-belmokhtar-en-quarts-de-la-can-u17\/","og_locale":"fr_FR","og_type":"article","og_title":"Tlili rejoint Belmokhtar en quarts de la CAN U17 - La Diagonale","og_description":"Mehdi Tlili va lui aussi disputer les quarts de finale de la Coupe d\u2019Afrique des nations U17, \u00e0 l\u2019instar de son co\u00e9quipier de l\u2019Academy, Ilies Belmokhtar. Le jeune Mon\u00e9gasque a jou\u00e9 ses premi\u00e8res minutes lors de la troisi\u00e8me rencontre de la phase de groupes contre la Gambie (2-1), apr\u00e8s avoir d\u00fb ronger son frein pendant [...]","og_url":"https:\/\/www.ladiagonale.net\/index.php\/2025\/04\/10\/tlili-rejoint-belmokhtar-en-quarts-de-la-can-u17\/","og_site_name":"La Diagonale","article_published_time":"2025-04-10T10:39:01+00:00","article_modified_time":"2025-04-10T10:39:02+00:00","og_image":[{"width":1160,"height":650,"url":"https:\/\/www.ladiagonale.net\/wp-content\/uploads\/2025\/04\/Tlili.png","type":"image\/png"}],"author":"Damien Dellerba","twitter_card":"summary_large_image","twitter_image":"https:\/\/www.ladiagonale.net\/wp-content\/uploads\/2025\/04\/Tlili.png","twitter_misc":{"\u00c9crit par":"Damien Dellerba","Dur\u00e9e de lecture estim\u00e9e":"1 minute"},"schema":{"@context":"https:\/\/schema.org","@graph":[{"@type":"WebPage","@id":"https:\/\/www.ladiagonale.net\/index.php\/2025\/04\/10\/tlili-rejoint-belmokhtar-en-quarts-de-la-can-u17\/","url":"https:\/\/www.ladiagonale.net\/index.php\/2025\/04\/10\/tlili-rejoint-belmokhtar-en-quarts-de-la-can-u17\/","name":"Tlili rejoint Belmokhtar en quarts de la CAN U17 - La Diagonale","isPartOf":{"@id":"https:\/\/www.ladiagonale.net\/#website"},"datePublished":"2025-04-10T10:39:01+00:00","dateModified":"2025-04-10T10:39:02+00:00","author":{"@id":"https:\/\/www.ladiagonale.net\/#\/schema\/person\/79ff1e7b0853ed01b2aa26e64ad300bf"},"breadcrumb":{"@id":"https:\/\/www.ladiagonale.net\/index.php\/2025\/04\/10\/tlili-rejoint-belmokhtar-en-quarts-de-la-can-u17\/#breadcrumb"},"inLanguage":"fr-FR","potentialAction":[{"@type":"ReadAction","target":["https:\/\/www.ladiagonale.net\/index.php\/2025\/04\/10\/tlili-rejoint-belmokhtar-en-quarts-de-la-can-u17\/"]}]},{"@type":"BreadcrumbList","@id":"https:\/\/www.ladiagonale.net\/index.php\/2025\/04\/10\/tlili-rejoint-belmokhtar-en-quarts-de-la-can-u17\/#breadcrumb","itemListElement":[{"@type":"ListItem","position":1,"name":"Accueil","item":"https:\/\/www.ladiagonale.net\/"},{"@type":"ListItem","position":2,"name":"Tlili rejoint Belmokhtar en quarts de la CAN U17"}]},{"@type":"WebSite","@id":"https:\/\/www.ladiagonale.net\/#website","url":"https:\/\/www.ladiagonale.net\/","name":"La Diagonale","description":"Le site des supporters de l&#039;AS Monaco FC","potentialAction":[{"@type":"SearchAction","target":{"@type":"EntryPoint","urlTemplate":"https:\/\/www.ladiagonale.net\/?s={search_term_string}"},"query-input":"required name=search_term_string"}],"inLanguage":"fr-FR"},{"@type":"Person","@id":"https:\/\/www.ladiagonale.net\/#\/schema\/person\/79ff1e7b0853ed01b2aa26e64ad300bf","name":"Damien Dellerba","image":{"@type":"ImageObject","inLanguage":"fr-FR","@id":"https:\/\/www.ladiagonale.net\/#\/schema\/person\/image\/","url":"https:\/\/secure.gravatar.com\/avatar\/c7850e06d3ff63cdbaee88b7fc16e2f0?s=96&d=mm&r=g","contentUrl":"https:\/\/secure.gravatar.com\/avatar\/c7850e06d3ff63cdbaee88b7fc16e2f0?s=96&d=mm&r=g","caption":"Damien Dellerba"},"url":"https:\/\/www.ladiagonale.net\/index.php\/author\/damien\/"}]}},"_links":{"self":[{"href":"https:\/\/www.ladiagonale.net\/index.php\/wp-json\/wp\/v2\/posts\/30879"}],"collection":[{"href":"https:\/\/www.ladiagonale.net\/index.php\/wp-json\/wp\/v2\/posts"}],"about":[{"href":"https:\/\/www.ladiagonale.net\/index.php\/wp-json\/wp\/v2\/types\/post"}],"author":[{"embeddable":true,"href":"https:\/\/www.ladiagonale.net\/index.php\/wp-json\/wp\/v2\/users\/2"}],"replies":[{"embeddable":true,"href":"https:\/\/www.ladiagonale.net\/index.php\/wp-json\/wp\/v2\/comments?post=30879"}],"version-history":[{"count":1,"href":"https:\/\/www.ladiagonale.net\/index.php\/wp-json\/wp\/v2\/posts\/30879\/revisions"}],"predecessor-version":[{"id":30881,"href":"https:\/\/www.ladiagonale.net\/index.php\/wp-json\/wp\/v2\/posts\/30879\/revisions\/30881"}],"wp:attachment":[{"href":"https:\/\/www.ladiagonale.net\/index.php\/wp-json\/wp\/v2\/media?parent=30879"}],"wp:term":[{"taxonomy":"category","embeddable":true,"href":"https:\/\/www.ladiagonale.net\/index.php\/wp-json\/wp\/v2\/categories?post=30879"},{"taxonomy":"post_tag","embeddable":true,"href":"https:\/\/www.ladiagonale.net\/index.php\/wp-json\/wp\/v2\/tags?post=30879"}],"curies":[{"name":"wp","href":"https:\/\/api.w.org\/{rel}","templated":true}]}}