{"id":30884,"date":"2025-04-10T13:37:16","date_gmt":"2025-04-10T11:37:16","guid":{"rendered":"https:\/\/www.ladiagonale.net\/?p=30884"},"modified":"2025-04-10T14:55:52","modified_gmt":"2025-04-10T12:55:52","slug":"hutter-confirme-kohn-ca-na-aucun-sens-de-changer-tous-les-deux-matches","status":"publish","type":"post","link":"https:\/\/www.ladiagonale.net\/index.php\/2025\/04\/10\/hutter-confirme-kohn-ca-na-aucun-sens-de-changer-tous-les-deux-matches\/","title":{"rendered":"H\u00fctter confirme K\u00f6hn : \u00ab&nbsp;\u00c7a n\u2019a aucun sens de changer tous les deux matches&nbsp;\u00bb"},"content":{"rendered":"\n<p>Malgr\u00e9 <a href=\"https:\/\/www.ladiagonale.net\/index.php\/2025\/04\/06\/les-notes-kohn-ne-rit-plus\/\" target=\"_blank\" rel=\"noreferrer noopener\">une erreur lourde de cons\u00e9quence<\/a> contre Brest (1-2) samedi dernier, Adi H\u00fctter a confirm\u00e9 Philipp K\u00f6hn dans le but mon\u00e9gasque pour le choc face \u00e0 Marseille. \u00ab <em>Nous avons confiance en Philipp<\/em>, a expliqu\u00e9 l&rsquo;Autrichien en conf\u00e9rence de presse.<em> Nous avons eu une conversation tous les deux. Il en a \u00e9galement eu une bonne avec Fred <\/em>(De Boever, le coach des gardiens, NDLR)<em>. Je ne peux juger que ce que je vois \u00e0 l\u2019entra\u00eenement pendant la semaine et ce que je vois, c\u2019est qu\u2019il est pr\u00eat \u00e0 jouer. Je pense qu\u2019il a sorti cette erreur de sa t\u00eate.<\/em> \u00bb<\/p>\n\n\n\n<p>Lors du d\u00e9placement \u00e0 Angers <em>(2-0, le 15 mars)<\/em>, Adi H\u00fctter avait tent\u00e9 un pari en \u00e9cartant Radoslaw Majecki pour installer K\u00f6hn, mais celui-ci n\u2019est pour l\u2019instant pas payant. Avant Nice, le technicien mon\u00e9gasque <a href=\"https:\/\/www.ladiagonale.net\/index.php\/2025\/03\/27\/kohn-devrait-finir-la-saison-dans-le-but\/\" target=\"_blank\" rel=\"noreferrer noopener\">s\u2019\u00e9tait montr\u00e9 \u00e9vasif<\/a> au moment de confirmer le Suisse jusqu\u2019\u00e0 la fin de la saison : \u00ab\u00a0<em>Nous verrons si Philipp reste en place jusqu\u2019\u00e0 la fin de la saison. Il peut aussi se blesser, donc on ne sait pas.<\/em>\u00a0\u00bb La boulette de K\u00f6hn n\u2019a donc finalement pas remis la nouvelle hi\u00e9rarchie en question.<\/p>\n\n\n\n<p class=\"has-text-align-right has-small-font-size\">Source : <em>Nice-Matin<\/em><\/p>\n\n\n","protected":false},"excerpt":{"rendered":"<p>Malgr\u00e9 une erreur lourde de cons\u00e9quence contre Brest (1-2) samedi dernier, Adi H\u00fctter a confirm\u00e9 Philipp K\u00f6hn dans le but mon\u00e9gasque pour le choc face \u00e0 Marseille. \u00ab Nous avons confiance en Philipp, a expliqu\u00e9 l&rsquo;Autrichien en conf\u00e9rence de presse. Nous avons eu une conversation tous les deux. Il en a \u00e9galement eu une bonne [&#8230;]\n","protected":false},"author":2,"featured_media":0,"comment_status":"open","ping_status":"open","sticky":false,"template":"","format":"standard","meta":[],"categories":[6],"tags":[576,86,94,374,615],"yoast_head":"<!-- This site is optimized with the Yoast SEO plugin v19.8 - https:\/\/yoast.com\/wordpress\/plugins\/seo\/ -->\n<title>H\u00fctter confirme K\u00f6hn : \u00ab&nbsp;\u00c7a n\u2019a aucun sens de changer tous les deux matches&nbsp;\u00bb - La Diagonale<\/title>\n<meta name=\"robots\" content=\"index, follow, max-snippet:-1, max-image-preview:large, max-video-preview:-1\" \/>\n<link rel=\"canonical\" href=\"https:\/\/www.ladiagonale.net\/index.php\/2025\/04\/10\/hutter-confirme-kohn-ca-na-aucun-sens-de-changer-tous-les-deux-matches\/\" \/>\n<meta property=\"og:locale\" content=\"fr_FR\" \/>\n<meta property=\"og:type\" content=\"article\" \/>\n<meta property=\"og:title\" content=\"H\u00fctter confirme K\u00f6hn : \u00ab&nbsp;\u00c7a n\u2019a aucun sens de changer tous les deux matches&nbsp;\u00bb - La Diagonale\" \/>\n<meta property=\"og:description\" content=\"Malgr\u00e9 une erreur lourde de cons\u00e9quence contre Brest (1-2) samedi dernier, Adi H\u00fctter a confirm\u00e9 Philipp K\u00f6hn dans le but mon\u00e9gasque pour le choc face \u00e0 Marseille. \u00ab Nous avons confiance en Philipp, a expliqu\u00e9 l&rsquo;Autrichien en conf\u00e9rence de presse. Nous avons eu une conversation tous les deux. Il en a \u00e9galement eu une bonne [...]\" \/>\n<meta property=\"og:url\" content=\"https:\/\/www.ladiagonale.net\/index.php\/2025\/04\/10\/hutter-confirme-kohn-ca-na-aucun-sens-de-changer-tous-les-deux-matches\/\" \/>\n<meta property=\"og:site_name\" content=\"La Diagonale\" \/>\n<meta property=\"article:published_time\" content=\"2025-04-10T11:37:16+00:00\" \/>\n<meta property=\"article:modified_time\" content=\"2025-04-10T12:55:52+00:00\" \/>\n<meta property=\"og:image\" content=\"https:\/\/www.ladiagonale.net\/wp-content\/uploads\/2025\/03\/kohnldc.png\" \/>\n\t<meta property=\"og:image:width\" content=\"1160\" \/>\n\t<meta property=\"og:image:height\" content=\"650\" \/>\n\t<meta property=\"og:image:type\" content=\"image\/png\" \/>\n<meta name=\"author\" content=\"Damien Dellerba\" \/>\n<meta name=\"twitter:card\" content=\"summary_large_image\" \/>\n<meta name=\"twitter:image\" content=\"https:\/\/www.ladiagonale.net\/wp-content\/uploads\/2025\/03\/kohnldc.png\" \/>\n<meta name=\"twitter:label1\" content=\"\u00c9crit par\" \/>\n\t<meta name=\"twitter:data1\" content=\"Damien Dellerba\" \/>\n\t<meta name=\"twitter:label2\" content=\"Dur\u00e9e de lecture estim\u00e9e\" \/>\n\t<meta name=\"twitter:data2\" content=\"2 minutes\" \/>\n<script type=\"application\/ld+json\" class=\"yoast-schema-graph\">{\"@context\":\"https:\/\/schema.org\",\"@graph\":[{\"@type\":\"WebPage\",\"@id\":\"https:\/\/www.ladiagonale.net\/index.php\/2025\/04\/10\/hutter-confirme-kohn-ca-na-aucun-sens-de-changer-tous-les-deux-matches\/\",\"url\":\"https:\/\/www.ladiagonale.net\/index.php\/2025\/04\/10\/hutter-confirme-kohn-ca-na-aucun-sens-de-changer-tous-les-deux-matches\/\",\"name\":\"H\u00fctter confirme K\u00f6hn : \u00ab&nbsp;\u00c7a n\u2019a aucun sens de changer tous les deux matches&nbsp;\u00bb - La Diagonale\",\"isPartOf\":{\"@id\":\"https:\/\/www.ladiagonale.net\/#website\"},\"datePublished\":\"2025-04-10T11:37:16+00:00\",\"dateModified\":\"2025-04-10T12:55:52+00:00\",\"author\":{\"@id\":\"https:\/\/www.ladiagonale.net\/#\/schema\/person\/79ff1e7b0853ed01b2aa26e64ad300bf\"},\"breadcrumb\":{\"@id\":\"https:\/\/www.ladiagonale.net\/index.php\/2025\/04\/10\/hutter-confirme-kohn-ca-na-aucun-sens-de-changer-tous-les-deux-matches\/#breadcrumb\"},\"inLanguage\":\"fr-FR\",\"potentialAction\":[{\"@type\":\"ReadAction\",\"target\":[\"https:\/\/www.ladiagonale.net\/index.php\/2025\/04\/10\/hutter-confirme-kohn-ca-na-aucun-sens-de-changer-tous-les-deux-matches\/\"]}]},{\"@type\":\"BreadcrumbList\",\"@id\":\"https:\/\/www.ladiagonale.net\/index.php\/2025\/04\/10\/hutter-confirme-kohn-ca-na-aucun-sens-de-changer-tous-les-deux-matches\/#breadcrumb\",\"itemListElement\":[{\"@type\":\"ListItem\",\"position\":1,\"name\":\"Accueil\",\"item\":\"https:\/\/www.ladiagonale.net\/\"},{\"@type\":\"ListItem\",\"position\":2,\"name\":\"H\u00fctter confirme K\u00f6hn : \u00ab&nbsp;\u00c7a n\u2019a aucun sens de changer tous les deux matches&nbsp;\u00bb\"}]},{\"@type\":\"WebSite\",\"@id\":\"https:\/\/www.ladiagonale.net\/#website\",\"url\":\"https:\/\/www.ladiagonale.net\/\",\"name\":\"La Diagonale\",\"description\":\"Le site des supporters de l&#039;AS Monaco FC\",\"potentialAction\":[{\"@type\":\"SearchAction\",\"target\":{\"@type\":\"EntryPoint\",\"urlTemplate\":\"https:\/\/www.ladiagonale.net\/?s={search_term_string}\"},\"query-input\":\"required name=search_term_string\"}],\"inLanguage\":\"fr-FR\"},{\"@type\":\"Person\",\"@id\":\"https:\/\/www.ladiagonale.net\/#\/schema\/person\/79ff1e7b0853ed01b2aa26e64ad300bf\",\"name\":\"Damien Dellerba\",\"image\":{\"@type\":\"ImageObject\",\"inLanguage\":\"fr-FR\",\"@id\":\"https:\/\/www.ladiagonale.net\/#\/schema\/person\/image\/\",\"url\":\"https:\/\/secure.gravatar.com\/avatar\/c7850e06d3ff63cdbaee88b7fc16e2f0?s=96&d=mm&r=g\",\"contentUrl\":\"https:\/\/secure.gravatar.com\/avatar\/c7850e06d3ff63cdbaee88b7fc16e2f0?s=96&d=mm&r=g\",\"caption\":\"Damien Dellerba\"},\"url\":\"https:\/\/www.ladiagonale.net\/index.php\/author\/damien\/\"}]}<\/script>\n<!-- \/ Yoast SEO plugin. -->","yoast_head_json":{"title":"H\u00fctter confirme K\u00f6hn : \u00ab&nbsp;\u00c7a n\u2019a aucun sens de changer tous les deux matches&nbsp;\u00bb - La Diagonale","robots":{"index":"index","follow":"follow","max-snippet":"max-snippet:-1","max-image-preview":"max-image-preview:large","max-video-preview":"max-video-preview:-1"},"canonical":"https:\/\/www.ladiagonale.net\/index.php\/2025\/04\/10\/hutter-confirme-kohn-ca-na-aucun-sens-de-changer-tous-les-deux-matches\/","og_locale":"fr_FR","og_type":"article","og_title":"H\u00fctter confirme K\u00f6hn : \u00ab&nbsp;\u00c7a n\u2019a aucun sens de changer tous les deux matches&nbsp;\u00bb - La Diagonale","og_description":"Malgr\u00e9 une erreur lourde de cons\u00e9quence contre Brest (1-2) samedi dernier, Adi H\u00fctter a confirm\u00e9 Philipp K\u00f6hn dans le but mon\u00e9gasque pour le choc face \u00e0 Marseille. \u00ab Nous avons confiance en Philipp, a expliqu\u00e9 l&rsquo;Autrichien en conf\u00e9rence de presse. Nous avons eu une conversation tous les deux. Il en a \u00e9galement eu une bonne [...]","og_url":"https:\/\/www.ladiagonale.net\/index.php\/2025\/04\/10\/hutter-confirme-kohn-ca-na-aucun-sens-de-changer-tous-les-deux-matches\/","og_site_name":"La Diagonale","article_published_time":"2025-04-10T11:37:16+00:00","article_modified_time":"2025-04-10T12:55:52+00:00","og_image":[{"width":1160,"height":650,"url":"https:\/\/www.ladiagonale.net\/wp-content\/uploads\/2025\/03\/kohnldc.png","type":"image\/png"}],"author":"Damien Dellerba","twitter_card":"summary_large_image","twitter_image":"https:\/\/www.ladiagonale.net\/wp-content\/uploads\/2025\/03\/kohnldc.png","twitter_misc":{"\u00c9crit par":"Damien Dellerba","Dur\u00e9e de lecture estim\u00e9e":"2 minutes"},"schema":{"@context":"https:\/\/schema.org","@graph":[{"@type":"WebPage","@id":"https:\/\/www.ladiagonale.net\/index.php\/2025\/04\/10\/hutter-confirme-kohn-ca-na-aucun-sens-de-changer-tous-les-deux-matches\/","url":"https:\/\/www.ladiagonale.net\/index.php\/2025\/04\/10\/hutter-confirme-kohn-ca-na-aucun-sens-de-changer-tous-les-deux-matches\/","name":"H\u00fctter confirme K\u00f6hn : \u00ab&nbsp;\u00c7a n\u2019a aucun sens de changer tous les deux matches&nbsp;\u00bb - La Diagonale","isPartOf":{"@id":"https:\/\/www.ladiagonale.net\/#website"},"datePublished":"2025-04-10T11:37:16+00:00","dateModified":"2025-04-10T12:55:52+00:00","author":{"@id":"https:\/\/www.ladiagonale.net\/#\/schema\/person\/79ff1e7b0853ed01b2aa26e64ad300bf"},"breadcrumb":{"@id":"https:\/\/www.ladiagonale.net\/index.php\/2025\/04\/10\/hutter-confirme-kohn-ca-na-aucun-sens-de-changer-tous-les-deux-matches\/#breadcrumb"},"inLanguage":"fr-FR","potentialAction":[{"@type":"ReadAction","target":["https:\/\/www.ladiagonale.net\/index.php\/2025\/04\/10\/hutter-confirme-kohn-ca-na-aucun-sens-de-changer-tous-les-deux-matches\/"]}]},{"@type":"BreadcrumbList","@id":"https:\/\/www.ladiagonale.net\/index.php\/2025\/04\/10\/hutter-confirme-kohn-ca-na-aucun-sens-de-changer-tous-les-deux-matches\/#breadcrumb","itemListElement":[{"@type":"ListItem","position":1,"name":"Accueil","item":"https:\/\/www.ladiagonale.net\/"},{"@type":"ListItem","position":2,"name":"H\u00fctter confirme K\u00f6hn : \u00ab&nbsp;\u00c7a n\u2019a aucun sens de changer tous les deux matches&nbsp;\u00bb"}]},{"@type":"WebSite","@id":"https:\/\/www.ladiagonale.net\/#website","url":"https:\/\/www.ladiagonale.net\/","name":"La Diagonale","description":"Le site des supporters de l&#039;AS Monaco FC","potentialAction":[{"@type":"SearchAction","target":{"@type":"EntryPoint","urlTemplate":"https:\/\/www.ladiagonale.net\/?s={search_term_string}"},"query-input":"required name=search_term_string"}],"inLanguage":"fr-FR"},{"@type":"Person","@id":"https:\/\/www.ladiagonale.net\/#\/schema\/person\/79ff1e7b0853ed01b2aa26e64ad300bf","name":"Damien Dellerba","image":{"@type":"ImageObject","inLanguage":"fr-FR","@id":"https:\/\/www.ladiagonale.net\/#\/schema\/person\/image\/","url":"https:\/\/secure.gravatar.com\/avatar\/c7850e06d3ff63cdbaee88b7fc16e2f0?s=96&d=mm&r=g","contentUrl":"https:\/\/secure.gravatar.com\/avatar\/c7850e06d3ff63cdbaee88b7fc16e2f0?s=96&d=mm&r=g","caption":"Damien Dellerba"},"url":"https:\/\/www.ladiagonale.net\/index.php\/author\/damien\/"}]}},"_links":{"self":[{"href":"https:\/\/www.ladiagonale.net\/index.php\/wp-json\/wp\/v2\/posts\/30884"}],"collection":[{"href":"https:\/\/www.ladiagonale.net\/index.php\/wp-json\/wp\/v2\/posts"}],"about":[{"href":"https:\/\/www.ladiagonale.net\/index.php\/wp-json\/wp\/v2\/types\/post"}],"author":[{"embeddable":true,"href":"https:\/\/www.ladiagonale.net\/index.php\/wp-json\/wp\/v2\/users\/2"}],"replies":[{"embeddable":true,"href":"https:\/\/www.ladiagonale.net\/index.php\/wp-json\/wp\/v2\/comments?post=30884"}],"version-history":[{"count":2,"href":"https:\/\/www.ladiagonale.net\/index.php\/wp-json\/wp\/v2\/posts\/30884\/revisions"}],"predecessor-version":[{"id":30887,"href":"https:\/\/www.ladiagonale.net\/index.php\/wp-json\/wp\/v2\/posts\/30884\/revisions\/30887"}],"wp:attachment":[{"href":"https:\/\/www.ladiagonale.net\/index.php\/wp-json\/wp\/v2\/media?parent=30884"}],"wp:term":[{"taxonomy":"category","embeddable":true,"href":"https:\/\/www.ladiagonale.net\/index.php\/wp-json\/wp\/v2\/categories?post=30884"},{"taxonomy":"post_tag","embeddable":true,"href":"https:\/\/www.ladiagonale.net\/index.php\/wp-json\/wp\/v2\/tags?post=30884"}],"curies":[{"name":"wp","href":"https:\/\/api.w.org\/{rel}","templated":true}]}}