{"id":30888,"date":"2025-04-10T15:47:26","date_gmt":"2025-04-10T13:47:26","guid":{"rendered":"https:\/\/www.ladiagonale.net\/?p=30888"},"modified":"2025-04-18T02:43:06","modified_gmt":"2025-04-18T00:43:06","slug":"akliouche-elude-la-question-de-son-avenir","status":"publish","type":"post","link":"https:\/\/www.ladiagonale.net\/index.php\/2025\/04\/10\/akliouche-elude-la-question-de-son-avenir\/","title":{"rendered":"Akliouche \u00e9lude la question de son avenir"},"content":{"rendered":"\n\n\n<p>Maghnes Akliouche dispose d\u2019un solide contrat en Principaut\u00e9, jusqu\u2019en 2028 et <a href=\"https:\/\/www.ladiagonale.net\/index.php\/2025\/03\/02\/scuro-sur-une-vente-dakliouche-ce-ne-sera-pas-facile-de-le-faire-partir-dici\/\" target=\"_blank\" rel=\"noreferrer noopener\">Thiago Scuro avait pr\u00e9venu<\/a> d\u00e9but mars qu\u2019il ne serait \u00ab\u00a0<em>pas facile de le faire partir d\u2019ici\u00a0<\/em>\u00bb. Pourtant la tendance est \u00e0 un d\u00e9part du milieu offensif de l\u2019AS Monaco, qui disposerait d&rsquo;un <a href=\"https:\/\/www.ladiagonale.net\/index.php\/2025\/02\/20\/un-bon-de-sortie-pour-akliouche-cet-ete\/\" target=\"_blank\" rel=\"noreferrer noopener\">bon de sortie<\/a> pour le prochain mercato estival et serait courtis\u00e9 par le PSG. Le joueur de 23 ans \u00e9volue \u00e0 un haut niveau depuis deux saisons et la logique voudrait qu\u2019il continue son aventure loin du Rocher.<\/p>\n\n\n\n<p>Pass\u00e9 devant la presse avant le match contre Marseille, l\u2019international Espoirs a \u00e9vacu\u00e9 les questions relatives \u00e0 son avenir, alors qu\u2019il ne reste que six matches jusqu\u2019\u00e0 la fin de la saison, qui pourraient \u00eatre les derniers pour lui avec le maillot \u00e0 la diagonale : \u00ab&nbsp;<em>Je n\u2019y pense pas. Je me focalise sur les six prochains matches. C\u2019est peut-\u00eatre \u00e0 la fin de la saison que la question se posera.<\/em>&nbsp;\u00bb<\/p>\n\n\n\n<p>Mercredi, Maghnes Akliouche a officialis\u00e9 un changement important dans son entourage et de nouveaux repr\u00e9sentants. Le meilleur passeur de l\u2019ASM est d\u00e9sormais dans l\u2019\u00e9curie de HCM Sports Management, structure qui s&rsquo;occupe notamment des carri\u00e8res de Denis Zakaria et Jordan Teze. De l\u00e0 \u00e0 penser qu\u2019un futur transfert se pr\u00e9pare, il n\u2019y a qu\u2019un pas.<\/p>\n","protected":false},"excerpt":{"rendered":"<p>Maghnes Akliouche dispose d\u2019un solide contrat en Principaut\u00e9, jusqu\u2019en 2028 et Thiago Scuro avait pr\u00e9venu d\u00e9but mars qu\u2019il ne serait \u00ab\u00a0pas facile de le faire partir d\u2019ici\u00a0\u00bb. Pourtant la tendance est \u00e0 un d\u00e9part du milieu offensif de l\u2019AS Monaco, qui disposerait d&rsquo;un bon de sortie pour le prochain mercato estival et serait courtis\u00e9 par [&#8230;]\n","protected":false},"author":2,"featured_media":0,"comment_status":"open","ping_status":"open","sticky":false,"template":"","format":"standard","meta":[],"categories":[6],"tags":[86,190,111,110],"yoast_head":"<!-- This site is optimized with the Yoast SEO plugin v19.8 - https:\/\/yoast.com\/wordpress\/plugins\/seo\/ -->\n<title>Akliouche \u00e9lude la question de son avenir - La Diagonale<\/title>\n<meta name=\"robots\" content=\"index, follow, max-snippet:-1, max-image-preview:large, max-video-preview:-1\" \/>\n<link rel=\"canonical\" href=\"https:\/\/www.ladiagonale.net\/index.php\/2025\/04\/10\/akliouche-elude-la-question-de-son-avenir\/\" \/>\n<meta property=\"og:locale\" content=\"fr_FR\" \/>\n<meta property=\"og:type\" content=\"article\" \/>\n<meta property=\"og:title\" content=\"Akliouche \u00e9lude la question de son avenir - La Diagonale\" \/>\n<meta property=\"og:description\" content=\"Maghnes Akliouche dispose d\u2019un solide contrat en Principaut\u00e9, jusqu\u2019en 2028 et Thiago Scuro avait pr\u00e9venu d\u00e9but mars qu\u2019il ne serait \u00ab\u00a0pas facile de le faire partir d\u2019ici\u00a0\u00bb. Pourtant la tendance est \u00e0 un d\u00e9part du milieu offensif de l\u2019AS Monaco, qui disposerait d&rsquo;un bon de sortie pour le prochain mercato estival et serait courtis\u00e9 par [...]\" \/>\n<meta property=\"og:url\" content=\"https:\/\/www.ladiagonale.net\/index.php\/2025\/04\/10\/akliouche-elude-la-question-de-son-avenir\/\" \/>\n<meta property=\"og:site_name\" content=\"La Diagonale\" \/>\n<meta property=\"article:published_time\" content=\"2025-04-10T13:47:26+00:00\" \/>\n<meta property=\"article:modified_time\" content=\"2025-04-18T00:43:06+00:00\" \/>\n<meta property=\"og:image\" content=\"https:\/\/www.ladiagonale.net\/wp-content\/uploads\/2025\/01\/Akliouche.png\" \/>\n\t<meta property=\"og:image:width\" content=\"1160\" \/>\n\t<meta property=\"og:image:height\" content=\"650\" \/>\n\t<meta property=\"og:image:type\" content=\"image\/png\" \/>\n<meta name=\"author\" content=\"Damien Dellerba\" \/>\n<meta name=\"twitter:card\" content=\"summary_large_image\" \/>\n<meta name=\"twitter:image\" content=\"https:\/\/www.ladiagonale.net\/wp-content\/uploads\/2025\/01\/Akliouche.png\" \/>\n<meta name=\"twitter:label1\" content=\"\u00c9crit par\" \/>\n\t<meta name=\"twitter:data1\" content=\"Damien Dellerba\" \/>\n\t<meta name=\"twitter:label2\" content=\"Dur\u00e9e de lecture estim\u00e9e\" \/>\n\t<meta name=\"twitter:data2\" content=\"2 minutes\" \/>\n<script type=\"application\/ld+json\" class=\"yoast-schema-graph\">{\"@context\":\"https:\/\/schema.org\",\"@graph\":[{\"@type\":\"WebPage\",\"@id\":\"https:\/\/www.ladiagonale.net\/index.php\/2025\/04\/10\/akliouche-elude-la-question-de-son-avenir\/\",\"url\":\"https:\/\/www.ladiagonale.net\/index.php\/2025\/04\/10\/akliouche-elude-la-question-de-son-avenir\/\",\"name\":\"Akliouche \u00e9lude la question de son avenir - La Diagonale\",\"isPartOf\":{\"@id\":\"https:\/\/www.ladiagonale.net\/#website\"},\"datePublished\":\"2025-04-10T13:47:26+00:00\",\"dateModified\":\"2025-04-18T00:43:06+00:00\",\"author\":{\"@id\":\"https:\/\/www.ladiagonale.net\/#\/schema\/person\/79ff1e7b0853ed01b2aa26e64ad300bf\"},\"breadcrumb\":{\"@id\":\"https:\/\/www.ladiagonale.net\/index.php\/2025\/04\/10\/akliouche-elude-la-question-de-son-avenir\/#breadcrumb\"},\"inLanguage\":\"fr-FR\",\"potentialAction\":[{\"@type\":\"ReadAction\",\"target\":[\"https:\/\/www.ladiagonale.net\/index.php\/2025\/04\/10\/akliouche-elude-la-question-de-son-avenir\/\"]}]},{\"@type\":\"BreadcrumbList\",\"@id\":\"https:\/\/www.ladiagonale.net\/index.php\/2025\/04\/10\/akliouche-elude-la-question-de-son-avenir\/#breadcrumb\",\"itemListElement\":[{\"@type\":\"ListItem\",\"position\":1,\"name\":\"Accueil\",\"item\":\"https:\/\/www.ladiagonale.net\/\"},{\"@type\":\"ListItem\",\"position\":2,\"name\":\"Akliouche \u00e9lude la question de son avenir\"}]},{\"@type\":\"WebSite\",\"@id\":\"https:\/\/www.ladiagonale.net\/#website\",\"url\":\"https:\/\/www.ladiagonale.net\/\",\"name\":\"La Diagonale\",\"description\":\"Le site des supporters de l&#039;AS Monaco FC\",\"potentialAction\":[{\"@type\":\"SearchAction\",\"target\":{\"@type\":\"EntryPoint\",\"urlTemplate\":\"https:\/\/www.ladiagonale.net\/?s={search_term_string}\"},\"query-input\":\"required name=search_term_string\"}],\"inLanguage\":\"fr-FR\"},{\"@type\":\"Person\",\"@id\":\"https:\/\/www.ladiagonale.net\/#\/schema\/person\/79ff1e7b0853ed01b2aa26e64ad300bf\",\"name\":\"Damien Dellerba\",\"image\":{\"@type\":\"ImageObject\",\"inLanguage\":\"fr-FR\",\"@id\":\"https:\/\/www.ladiagonale.net\/#\/schema\/person\/image\/\",\"url\":\"https:\/\/secure.gravatar.com\/avatar\/c7850e06d3ff63cdbaee88b7fc16e2f0?s=96&d=mm&r=g\",\"contentUrl\":\"https:\/\/secure.gravatar.com\/avatar\/c7850e06d3ff63cdbaee88b7fc16e2f0?s=96&d=mm&r=g\",\"caption\":\"Damien Dellerba\"},\"url\":\"https:\/\/www.ladiagonale.net\/index.php\/author\/damien\/\"}]}<\/script>\n<!-- \/ Yoast SEO plugin. -->","yoast_head_json":{"title":"Akliouche \u00e9lude la question de son avenir - La Diagonale","robots":{"index":"index","follow":"follow","max-snippet":"max-snippet:-1","max-image-preview":"max-image-preview:large","max-video-preview":"max-video-preview:-1"},"canonical":"https:\/\/www.ladiagonale.net\/index.php\/2025\/04\/10\/akliouche-elude-la-question-de-son-avenir\/","og_locale":"fr_FR","og_type":"article","og_title":"Akliouche \u00e9lude la question de son avenir - La Diagonale","og_description":"Maghnes Akliouche dispose d\u2019un solide contrat en Principaut\u00e9, jusqu\u2019en 2028 et Thiago Scuro avait pr\u00e9venu d\u00e9but mars qu\u2019il ne serait \u00ab\u00a0pas facile de le faire partir d\u2019ici\u00a0\u00bb. Pourtant la tendance est \u00e0 un d\u00e9part du milieu offensif de l\u2019AS Monaco, qui disposerait d&rsquo;un bon de sortie pour le prochain mercato estival et serait courtis\u00e9 par [...]","og_url":"https:\/\/www.ladiagonale.net\/index.php\/2025\/04\/10\/akliouche-elude-la-question-de-son-avenir\/","og_site_name":"La Diagonale","article_published_time":"2025-04-10T13:47:26+00:00","article_modified_time":"2025-04-18T00:43:06+00:00","og_image":[{"width":1160,"height":650,"url":"https:\/\/www.ladiagonale.net\/wp-content\/uploads\/2025\/01\/Akliouche.png","type":"image\/png"}],"author":"Damien Dellerba","twitter_card":"summary_large_image","twitter_image":"https:\/\/www.ladiagonale.net\/wp-content\/uploads\/2025\/01\/Akliouche.png","twitter_misc":{"\u00c9crit par":"Damien Dellerba","Dur\u00e9e de lecture estim\u00e9e":"2 minutes"},"schema":{"@context":"https:\/\/schema.org","@graph":[{"@type":"WebPage","@id":"https:\/\/www.ladiagonale.net\/index.php\/2025\/04\/10\/akliouche-elude-la-question-de-son-avenir\/","url":"https:\/\/www.ladiagonale.net\/index.php\/2025\/04\/10\/akliouche-elude-la-question-de-son-avenir\/","name":"Akliouche \u00e9lude la question de son avenir - La Diagonale","isPartOf":{"@id":"https:\/\/www.ladiagonale.net\/#website"},"datePublished":"2025-04-10T13:47:26+00:00","dateModified":"2025-04-18T00:43:06+00:00","author":{"@id":"https:\/\/www.ladiagonale.net\/#\/schema\/person\/79ff1e7b0853ed01b2aa26e64ad300bf"},"breadcrumb":{"@id":"https:\/\/www.ladiagonale.net\/index.php\/2025\/04\/10\/akliouche-elude-la-question-de-son-avenir\/#breadcrumb"},"inLanguage":"fr-FR","potentialAction":[{"@type":"ReadAction","target":["https:\/\/www.ladiagonale.net\/index.php\/2025\/04\/10\/akliouche-elude-la-question-de-son-avenir\/"]}]},{"@type":"BreadcrumbList","@id":"https:\/\/www.ladiagonale.net\/index.php\/2025\/04\/10\/akliouche-elude-la-question-de-son-avenir\/#breadcrumb","itemListElement":[{"@type":"ListItem","position":1,"name":"Accueil","item":"https:\/\/www.ladiagonale.net\/"},{"@type":"ListItem","position":2,"name":"Akliouche \u00e9lude la question de son avenir"}]},{"@type":"WebSite","@id":"https:\/\/www.ladiagonale.net\/#website","url":"https:\/\/www.ladiagonale.net\/","name":"La Diagonale","description":"Le site des supporters de l&#039;AS Monaco FC","potentialAction":[{"@type":"SearchAction","target":{"@type":"EntryPoint","urlTemplate":"https:\/\/www.ladiagonale.net\/?s={search_term_string}"},"query-input":"required name=search_term_string"}],"inLanguage":"fr-FR"},{"@type":"Person","@id":"https:\/\/www.ladiagonale.net\/#\/schema\/person\/79ff1e7b0853ed01b2aa26e64ad300bf","name":"Damien Dellerba","image":{"@type":"ImageObject","inLanguage":"fr-FR","@id":"https:\/\/www.ladiagonale.net\/#\/schema\/person\/image\/","url":"https:\/\/secure.gravatar.com\/avatar\/c7850e06d3ff63cdbaee88b7fc16e2f0?s=96&d=mm&r=g","contentUrl":"https:\/\/secure.gravatar.com\/avatar\/c7850e06d3ff63cdbaee88b7fc16e2f0?s=96&d=mm&r=g","caption":"Damien Dellerba"},"url":"https:\/\/www.ladiagonale.net\/index.php\/author\/damien\/"}]}},"_links":{"self":[{"href":"https:\/\/www.ladiagonale.net\/index.php\/wp-json\/wp\/v2\/posts\/30888"}],"collection":[{"href":"https:\/\/www.ladiagonale.net\/index.php\/wp-json\/wp\/v2\/posts"}],"about":[{"href":"https:\/\/www.ladiagonale.net\/index.php\/wp-json\/wp\/v2\/types\/post"}],"author":[{"embeddable":true,"href":"https:\/\/www.ladiagonale.net\/index.php\/wp-json\/wp\/v2\/users\/2"}],"replies":[{"embeddable":true,"href":"https:\/\/www.ladiagonale.net\/index.php\/wp-json\/wp\/v2\/comments?post=30888"}],"version-history":[{"count":3,"href":"https:\/\/www.ladiagonale.net\/index.php\/wp-json\/wp\/v2\/posts\/30888\/revisions"}],"predecessor-version":[{"id":31018,"href":"https:\/\/www.ladiagonale.net\/index.php\/wp-json\/wp\/v2\/posts\/30888\/revisions\/31018"}],"wp:attachment":[{"href":"https:\/\/www.ladiagonale.net\/index.php\/wp-json\/wp\/v2\/media?parent=30888"}],"wp:term":[{"taxonomy":"category","embeddable":true,"href":"https:\/\/www.ladiagonale.net\/index.php\/wp-json\/wp\/v2\/categories?post=30888"},{"taxonomy":"post_tag","embeddable":true,"href":"https:\/\/www.ladiagonale.net\/index.php\/wp-json\/wp\/v2\/tags?post=30888"}],"curies":[{"name":"wp","href":"https:\/\/api.w.org\/{rel}","templated":true}]}}