{"id":30890,"date":"2025-04-10T16:40:48","date_gmt":"2025-04-10T14:40:48","guid":{"rendered":"https:\/\/www.ladiagonale.net\/?p=30890"},"modified":"2025-04-10T16:40:48","modified_gmt":"2025-04-10T14:40:48","slug":"hutter-etre-plus-proches-les-uns-des-autres","status":"publish","type":"post","link":"https:\/\/www.ladiagonale.net\/index.php\/2025\/04\/10\/hutter-etre-plus-proches-les-uns-des-autres\/","title":{"rendered":"H\u00fctter : \u00ab\u00a0\u00catre plus proches les uns des autres\u00a0\u00bb"},"content":{"rendered":"\n\n\n<p>Avant d\u2019affronter l\u2019OM en Ligue 1, samedi, Adi H\u00fctter a voulu pr\u00f4ner des valeurs de solidarit\u00e9 collective pour bien finir la saison, alors que sont souvent point\u00e9es les erreurs individuelles : \u00ab\u00a0<em>Dans ce sprint final, nous devons au contraire \u00eatre proches les uns des autres, solidaires, et pr\u00e9par\u00e9s pour les d\u00e9fis qui nous attendent, notamment pour ce duel historique du sud de la France. Mon coeur ? C\u2019est parfois difficile j\u2019avoue (sourire) ! Mais le plus important est que nous ayons toutes les cartes en main pour d\u00e9cider de notre avenir. \u00c0 nous de saisir cette opportunit\u00e9 de remonter \u00e0 la deuxi\u00e8me place.<\/em>\u00a0\u00bb<\/p>\n\n\n\n<p>Les Mon\u00e9gasques n\u2019auront pas le droit \u00e0 l\u2019erreur face \u00e0 un concurrent direct pour le podium : \u00ab\u00a0<em>Huit d\u00e9faites dans la saison, c\u2019est \u00e9videmment trop ! Mais \u00e0 c\u00f4t\u00e9 de \u00e7a nous sommes troisi\u00e8mes, \u00e0 deux petits points derri\u00e8re l\u2019Olympique de Marseille, contre qui nous allons disputer \u00ab\u00a0un match de Ligue des Champions\u00a0\u00bb. (\u2026) C\u2019est un match tr\u00e8s important, je ne veux pas dire d\u00e9cisif, mais celui qui gagnera ce duel, s\u2019il y en a un, aura \u00e9videmment un avantage pour la fin de saison avant les cinq autres journ\u00e9es qu\u2019il nous reste \u00e0 disputer derri\u00e8re. M\u00eame si chaque rencontre sera une grosse bataille, quand vous voyez la liste de nos adversaires.<\/em>\u00a0\u00bb<\/p>\n\n\n\n<p>L\u2019Autrichien a analys\u00e9 la formation marseillaise, deuxi\u00e8me du championnat : \u00ab\u00a0<em>Ils ont une id\u00e9e et une structure claires. Je sais qu\u2019ils n\u2019ont qu\u2019un vrai d\u00e9fenseur \u00e0 disposition dans cette charni\u00e8re \u00e0 trois dans l\u2019axe, et parfois ils ont des difficult\u00e9s dans ce domaine, comme nous en avons. Donc nous devrons trouver la bonne solution pour cette confrontation, mais je suis persuad\u00e9 que nous pouvons \u00eatre une menace pour eux. Ils aiment construire les actions de derri\u00e8re, avec Rulli notamment qui est tr\u00e8s disponible \u00e0 la relance. (\u2026) Leur style peut \u00eatre une menace pour nous, en tout cas nous connaissons leurs qualit\u00e9s.\u00a0Ils sont vraiment bons, mais nous le sommes aussi.<\/em> \u00bb<\/p>\n\n\n\n<p>L\u2019enjeu de cette rencontre pourrait se trouver au milieu de terrain : \u00ab\u00a0<em>Cela sera peut-\u00eatre une des cl\u00e9s pour l\u2019emporter, mais \u00e0 la fin c\u2019est surtout la mani\u00e8re dont nous jouons notre football sur le terrain qui importe. Ils aiment contr\u00f4ler le jeu en ayant la possession, donc nous devons tout faire pour mettre \u00e0 mal cela. (\u2026) Nous avons une id\u00e9e claire de la fa\u00e7on dont nous voulons jouer contre cette \u00e9quipe de Marseille. Il faudra \u00eatre attentifs \u00e0 ne pas trop leur laisser la ma\u00eetrise du jeu et de la construction et ne pas trop ouvrir l\u2019axe car ils aiment attaquer ce secteur. Si nous mettons l\u2019intensit\u00e9 qu\u2019il faut, nous pouvons esp\u00e9rer l\u2019emporter, et nous pourrons \u00e9galement \u00eatre une menace pour eux.<\/em>\u00a0\u00bb<\/p>\n","protected":false},"excerpt":{"rendered":"<p>Avant d\u2019affronter l\u2019OM en Ligue 1, samedi, Adi H\u00fctter a voulu pr\u00f4ner des valeurs de solidarit\u00e9 collective pour bien finir la saison, alors que sont souvent point\u00e9es les erreurs individuelles : \u00ab\u00a0Dans ce sprint final, nous devons au contraire \u00eatre proches les uns des autres, solidaires, et pr\u00e9par\u00e9s pour les d\u00e9fis qui nous attendent, notamment [&#8230;]\n","protected":false},"author":2,"featured_media":0,"comment_status":"open","ping_status":"open","sticky":false,"template":"","format":"standard","meta":[],"categories":[6],"tags":[576,86,94,245],"yoast_head":"<!-- This site is optimized with the Yoast SEO plugin v19.8 - https:\/\/yoast.com\/wordpress\/plugins\/seo\/ -->\n<title>H\u00fctter : \u00ab\u00a0\u00catre plus proches les uns des autres\u00a0\u00bb - La Diagonale<\/title>\n<meta name=\"robots\" content=\"index, follow, max-snippet:-1, max-image-preview:large, max-video-preview:-1\" \/>\n<link rel=\"canonical\" href=\"https:\/\/www.ladiagonale.net\/index.php\/2025\/04\/10\/hutter-etre-plus-proches-les-uns-des-autres\/\" \/>\n<meta property=\"og:locale\" content=\"fr_FR\" \/>\n<meta property=\"og:type\" content=\"article\" \/>\n<meta property=\"og:title\" content=\"H\u00fctter : \u00ab\u00a0\u00catre plus proches les uns des autres\u00a0\u00bb - La Diagonale\" \/>\n<meta property=\"og:description\" content=\"Avant d\u2019affronter l\u2019OM en Ligue 1, samedi, Adi H\u00fctter a voulu pr\u00f4ner des valeurs de solidarit\u00e9 collective pour bien finir la saison, alors que sont souvent point\u00e9es les erreurs individuelles : \u00ab\u00a0Dans ce sprint final, nous devons au contraire \u00eatre proches les uns des autres, solidaires, et pr\u00e9par\u00e9s pour les d\u00e9fis qui nous attendent, notamment [...]\" \/>\n<meta property=\"og:url\" content=\"https:\/\/www.ladiagonale.net\/index.php\/2025\/04\/10\/hutter-etre-plus-proches-les-uns-des-autres\/\" \/>\n<meta property=\"og:site_name\" content=\"La Diagonale\" \/>\n<meta property=\"article:published_time\" content=\"2025-04-10T14:40:48+00:00\" \/>\n<meta property=\"og:image\" content=\"https:\/\/www.ladiagonale.net\/wp-content\/uploads\/2024\/07\/Hu\u0308tter-training.png\" \/>\n\t<meta property=\"og:image:width\" content=\"1160\" \/>\n\t<meta property=\"og:image:height\" content=\"650\" \/>\n\t<meta property=\"og:image:type\" content=\"image\/png\" \/>\n<meta name=\"author\" content=\"Damien Dellerba\" \/>\n<meta name=\"twitter:card\" content=\"summary_large_image\" \/>\n<meta name=\"twitter:image\" content=\"https:\/\/www.ladiagonale.net\/wp-content\/uploads\/2024\/07\/Hu\u0308tter-training.png\" \/>\n<meta name=\"twitter:label1\" content=\"\u00c9crit par\" \/>\n\t<meta name=\"twitter:data1\" content=\"Damien Dellerba\" \/>\n\t<meta name=\"twitter:label2\" content=\"Dur\u00e9e de lecture estim\u00e9e\" \/>\n\t<meta name=\"twitter:data2\" content=\"3 minutes\" \/>\n<script type=\"application\/ld+json\" class=\"yoast-schema-graph\">{\"@context\":\"https:\/\/schema.org\",\"@graph\":[{\"@type\":\"WebPage\",\"@id\":\"https:\/\/www.ladiagonale.net\/index.php\/2025\/04\/10\/hutter-etre-plus-proches-les-uns-des-autres\/\",\"url\":\"https:\/\/www.ladiagonale.net\/index.php\/2025\/04\/10\/hutter-etre-plus-proches-les-uns-des-autres\/\",\"name\":\"H\u00fctter : \u00ab\u00a0\u00catre plus proches les uns des autres\u00a0\u00bb - La Diagonale\",\"isPartOf\":{\"@id\":\"https:\/\/www.ladiagonale.net\/#website\"},\"datePublished\":\"2025-04-10T14:40:48+00:00\",\"dateModified\":\"2025-04-10T14:40:48+00:00\",\"author\":{\"@id\":\"https:\/\/www.ladiagonale.net\/#\/schema\/person\/79ff1e7b0853ed01b2aa26e64ad300bf\"},\"breadcrumb\":{\"@id\":\"https:\/\/www.ladiagonale.net\/index.php\/2025\/04\/10\/hutter-etre-plus-proches-les-uns-des-autres\/#breadcrumb\"},\"inLanguage\":\"fr-FR\",\"potentialAction\":[{\"@type\":\"ReadAction\",\"target\":[\"https:\/\/www.ladiagonale.net\/index.php\/2025\/04\/10\/hutter-etre-plus-proches-les-uns-des-autres\/\"]}]},{\"@type\":\"BreadcrumbList\",\"@id\":\"https:\/\/www.ladiagonale.net\/index.php\/2025\/04\/10\/hutter-etre-plus-proches-les-uns-des-autres\/#breadcrumb\",\"itemListElement\":[{\"@type\":\"ListItem\",\"position\":1,\"name\":\"Accueil\",\"item\":\"https:\/\/www.ladiagonale.net\/\"},{\"@type\":\"ListItem\",\"position\":2,\"name\":\"H\u00fctter : \u00ab\u00a0\u00catre plus proches les uns des autres\u00a0\u00bb\"}]},{\"@type\":\"WebSite\",\"@id\":\"https:\/\/www.ladiagonale.net\/#website\",\"url\":\"https:\/\/www.ladiagonale.net\/\",\"name\":\"La Diagonale\",\"description\":\"Le site des supporters de l&#039;AS Monaco FC\",\"potentialAction\":[{\"@type\":\"SearchAction\",\"target\":{\"@type\":\"EntryPoint\",\"urlTemplate\":\"https:\/\/www.ladiagonale.net\/?s={search_term_string}\"},\"query-input\":\"required name=search_term_string\"}],\"inLanguage\":\"fr-FR\"},{\"@type\":\"Person\",\"@id\":\"https:\/\/www.ladiagonale.net\/#\/schema\/person\/79ff1e7b0853ed01b2aa26e64ad300bf\",\"name\":\"Damien Dellerba\",\"image\":{\"@type\":\"ImageObject\",\"inLanguage\":\"fr-FR\",\"@id\":\"https:\/\/www.ladiagonale.net\/#\/schema\/person\/image\/\",\"url\":\"https:\/\/secure.gravatar.com\/avatar\/c7850e06d3ff63cdbaee88b7fc16e2f0?s=96&d=mm&r=g\",\"contentUrl\":\"https:\/\/secure.gravatar.com\/avatar\/c7850e06d3ff63cdbaee88b7fc16e2f0?s=96&d=mm&r=g\",\"caption\":\"Damien Dellerba\"},\"url\":\"https:\/\/www.ladiagonale.net\/index.php\/author\/damien\/\"}]}<\/script>\n<!-- \/ Yoast SEO plugin. -->","yoast_head_json":{"title":"H\u00fctter : \u00ab\u00a0\u00catre plus proches les uns des autres\u00a0\u00bb - La Diagonale","robots":{"index":"index","follow":"follow","max-snippet":"max-snippet:-1","max-image-preview":"max-image-preview:large","max-video-preview":"max-video-preview:-1"},"canonical":"https:\/\/www.ladiagonale.net\/index.php\/2025\/04\/10\/hutter-etre-plus-proches-les-uns-des-autres\/","og_locale":"fr_FR","og_type":"article","og_title":"H\u00fctter : \u00ab\u00a0\u00catre plus proches les uns des autres\u00a0\u00bb - La Diagonale","og_description":"Avant d\u2019affronter l\u2019OM en Ligue 1, samedi, Adi H\u00fctter a voulu pr\u00f4ner des valeurs de solidarit\u00e9 collective pour bien finir la saison, alors que sont souvent point\u00e9es les erreurs individuelles : \u00ab\u00a0Dans ce sprint final, nous devons au contraire \u00eatre proches les uns des autres, solidaires, et pr\u00e9par\u00e9s pour les d\u00e9fis qui nous attendent, notamment [...]","og_url":"https:\/\/www.ladiagonale.net\/index.php\/2025\/04\/10\/hutter-etre-plus-proches-les-uns-des-autres\/","og_site_name":"La Diagonale","article_published_time":"2025-04-10T14:40:48+00:00","og_image":[{"width":1160,"height":650,"url":"https:\/\/www.ladiagonale.net\/wp-content\/uploads\/2024\/07\/Hu\u0308tter-training.png","type":"image\/png"}],"author":"Damien Dellerba","twitter_card":"summary_large_image","twitter_image":"https:\/\/www.ladiagonale.net\/wp-content\/uploads\/2024\/07\/Hu\u0308tter-training.png","twitter_misc":{"\u00c9crit par":"Damien Dellerba","Dur\u00e9e de lecture estim\u00e9e":"3 minutes"},"schema":{"@context":"https:\/\/schema.org","@graph":[{"@type":"WebPage","@id":"https:\/\/www.ladiagonale.net\/index.php\/2025\/04\/10\/hutter-etre-plus-proches-les-uns-des-autres\/","url":"https:\/\/www.ladiagonale.net\/index.php\/2025\/04\/10\/hutter-etre-plus-proches-les-uns-des-autres\/","name":"H\u00fctter : \u00ab\u00a0\u00catre plus proches les uns des autres\u00a0\u00bb - La Diagonale","isPartOf":{"@id":"https:\/\/www.ladiagonale.net\/#website"},"datePublished":"2025-04-10T14:40:48+00:00","dateModified":"2025-04-10T14:40:48+00:00","author":{"@id":"https:\/\/www.ladiagonale.net\/#\/schema\/person\/79ff1e7b0853ed01b2aa26e64ad300bf"},"breadcrumb":{"@id":"https:\/\/www.ladiagonale.net\/index.php\/2025\/04\/10\/hutter-etre-plus-proches-les-uns-des-autres\/#breadcrumb"},"inLanguage":"fr-FR","potentialAction":[{"@type":"ReadAction","target":["https:\/\/www.ladiagonale.net\/index.php\/2025\/04\/10\/hutter-etre-plus-proches-les-uns-des-autres\/"]}]},{"@type":"BreadcrumbList","@id":"https:\/\/www.ladiagonale.net\/index.php\/2025\/04\/10\/hutter-etre-plus-proches-les-uns-des-autres\/#breadcrumb","itemListElement":[{"@type":"ListItem","position":1,"name":"Accueil","item":"https:\/\/www.ladiagonale.net\/"},{"@type":"ListItem","position":2,"name":"H\u00fctter : \u00ab\u00a0\u00catre plus proches les uns des autres\u00a0\u00bb"}]},{"@type":"WebSite","@id":"https:\/\/www.ladiagonale.net\/#website","url":"https:\/\/www.ladiagonale.net\/","name":"La Diagonale","description":"Le site des supporters de l&#039;AS Monaco FC","potentialAction":[{"@type":"SearchAction","target":{"@type":"EntryPoint","urlTemplate":"https:\/\/www.ladiagonale.net\/?s={search_term_string}"},"query-input":"required name=search_term_string"}],"inLanguage":"fr-FR"},{"@type":"Person","@id":"https:\/\/www.ladiagonale.net\/#\/schema\/person\/79ff1e7b0853ed01b2aa26e64ad300bf","name":"Damien Dellerba","image":{"@type":"ImageObject","inLanguage":"fr-FR","@id":"https:\/\/www.ladiagonale.net\/#\/schema\/person\/image\/","url":"https:\/\/secure.gravatar.com\/avatar\/c7850e06d3ff63cdbaee88b7fc16e2f0?s=96&d=mm&r=g","contentUrl":"https:\/\/secure.gravatar.com\/avatar\/c7850e06d3ff63cdbaee88b7fc16e2f0?s=96&d=mm&r=g","caption":"Damien Dellerba"},"url":"https:\/\/www.ladiagonale.net\/index.php\/author\/damien\/"}]}},"_links":{"self":[{"href":"https:\/\/www.ladiagonale.net\/index.php\/wp-json\/wp\/v2\/posts\/30890"}],"collection":[{"href":"https:\/\/www.ladiagonale.net\/index.php\/wp-json\/wp\/v2\/posts"}],"about":[{"href":"https:\/\/www.ladiagonale.net\/index.php\/wp-json\/wp\/v2\/types\/post"}],"author":[{"embeddable":true,"href":"https:\/\/www.ladiagonale.net\/index.php\/wp-json\/wp\/v2\/users\/2"}],"replies":[{"embeddable":true,"href":"https:\/\/www.ladiagonale.net\/index.php\/wp-json\/wp\/v2\/comments?post=30890"}],"version-history":[{"count":1,"href":"https:\/\/www.ladiagonale.net\/index.php\/wp-json\/wp\/v2\/posts\/30890\/revisions"}],"predecessor-version":[{"id":30891,"href":"https:\/\/www.ladiagonale.net\/index.php\/wp-json\/wp\/v2\/posts\/30890\/revisions\/30891"}],"wp:attachment":[{"href":"https:\/\/www.ladiagonale.net\/index.php\/wp-json\/wp\/v2\/media?parent=30890"}],"wp:term":[{"taxonomy":"category","embeddable":true,"href":"https:\/\/www.ladiagonale.net\/index.php\/wp-json\/wp\/v2\/categories?post=30890"},{"taxonomy":"post_tag","embeddable":true,"href":"https:\/\/www.ladiagonale.net\/index.php\/wp-json\/wp\/v2\/tags?post=30890"}],"curies":[{"name":"wp","href":"https:\/\/api.w.org\/{rel}","templated":true}]}}