{"id":30892,"date":"2025-04-10T17:56:04","date_gmt":"2025-04-10T15:56:04","guid":{"rendered":"https:\/\/www.ladiagonale.net\/?p=30892"},"modified":"2025-04-11T13:35:05","modified_gmt":"2025-04-11T11:35:05","slug":"ca-pourrait-etre-un-objectif-akliouche-evoque-le-titre-de-meilleur-passeur","status":"publish","type":"post","link":"https:\/\/www.ladiagonale.net\/index.php\/2025\/04\/10\/ca-pourrait-etre-un-objectif-akliouche-evoque-le-titre-de-meilleur-passeur\/","title":{"rendered":"\u00ab\u00a0\u00c7a pourrait \u00eatre un objectif\u00a0\u00bb : Akliouche \u00e9voque le titre de meilleur passeur"},"content":{"rendered":"\n\n\n<p>Maghnes Akliouche a confirm\u00e9 tout le bien qu\u2019on pensait de lui cette saison. Le milieu offensif de l\u2019AS Monaco peut encore briguer le titre de meilleur passeur du championnat mais la concurrence est tr\u00e8s relev\u00e9e, car pr\u00e8s d&rsquo;une dizaine de joueurs peuvent encore y pr\u00e9tendre. Le Mon\u00e9gasque comptabilise huit passes d\u00e9cisives, ce qui lui vaut d\u2019\u00eatre au milieu du paquet, cinqui\u00e8me, m\u00eame s\u2019il ne compte qu&rsquo;une longueur de retard sur Barcola, Cherki, Bakwa ou encore Simon. De quoi rendre l\u2019\u00e9pilogue bien incertain.<\/p>\n\n\n\n<p>L\u2019international Espoirs ne semble pas obs\u00e9d\u00e9 par ce titre honorifique mais il n\u2019est pas contre en faire un objectif pour cette fin de saison : \u00ab&nbsp;<em>J\u2019ai toujours dit que je pr\u00e9f\u00e9rais faire une passe d\u00e9cisive que de marquer. C\u2019est toujours un plaisir d\u2019en offrir \u00e0 mes partenaires, surtout quand \u00e7a aide l\u2019\u00e9quipe. Cela pourrait pourquoi pas \u00eatre un objectif d\u2019\u00eatre le meilleur passeur si j\u2019ai l\u2019occasion d\u2019en donner encore lors des six matchs restants. Dans tous les cas, je le ferai avec plaisir.<\/em>&nbsp;\u00bb<\/p>\n\n\n\n<p>Il a par la suite livr\u00e9 son analyse de sa saison :  \u00ab&nbsp;<em>Je suis content, j\u2019\u00e9volue bien. Je me sens \u00e0 l\u2019aise dans cette \u00e9quipe, je joue beaucoup, j\u2019ai la confiance du coach et du staff qui m\u2019aident au quotidien, ainsi que de mes co\u00e9quipiers. Le plus important pour moi est de bien finir cette saison, je suis heureux de sa globalit\u00e9. Il y a beaucoup d\u2019aspects dans mon jeu o\u00f9 je peux encore \u00e9voluer, la r\u00e9gularit\u00e9 en fait partie. Je sais que j\u2019ai une marge de progression, je travaille dessus pour toujours mieux faire.<\/em>&nbsp;\u00bb<\/p>\n","protected":false},"excerpt":{"rendered":"<p>Maghnes Akliouche a confirm\u00e9 tout le bien qu\u2019on pensait de lui cette saison. Le milieu offensif de l\u2019AS Monaco peut encore briguer le titre de meilleur passeur du championnat mais la concurrence est tr\u00e8s relev\u00e9e, car pr\u00e8s d&rsquo;une dizaine de joueurs peuvent encore y pr\u00e9tendre. Le Mon\u00e9gasque comptabilise huit passes d\u00e9cisives, ce qui lui vaut [&#8230;]\n","protected":false},"author":2,"featured_media":0,"comment_status":"open","ping_status":"open","sticky":false,"template":"","format":"standard","meta":[],"categories":[6],"tags":[86,94,190],"yoast_head":"<!-- This site is optimized with the Yoast SEO plugin v19.8 - https:\/\/yoast.com\/wordpress\/plugins\/seo\/ -->\n<title>\u00ab\u00a0\u00c7a pourrait \u00eatre un objectif\u00a0\u00bb : Akliouche \u00e9voque le titre de meilleur passeur - La Diagonale<\/title>\n<meta name=\"robots\" content=\"index, follow, max-snippet:-1, max-image-preview:large, max-video-preview:-1\" \/>\n<link rel=\"canonical\" href=\"https:\/\/www.ladiagonale.net\/index.php\/2025\/04\/10\/ca-pourrait-etre-un-objectif-akliouche-evoque-le-titre-de-meilleur-passeur\/\" \/>\n<meta property=\"og:locale\" content=\"fr_FR\" \/>\n<meta property=\"og:type\" content=\"article\" \/>\n<meta property=\"og:title\" content=\"\u00ab\u00a0\u00c7a pourrait \u00eatre un objectif\u00a0\u00bb : Akliouche \u00e9voque le titre de meilleur passeur - La Diagonale\" \/>\n<meta property=\"og:description\" content=\"Maghnes Akliouche a confirm\u00e9 tout le bien qu\u2019on pensait de lui cette saison. Le milieu offensif de l\u2019AS Monaco peut encore briguer le titre de meilleur passeur du championnat mais la concurrence est tr\u00e8s relev\u00e9e, car pr\u00e8s d&rsquo;une dizaine de joueurs peuvent encore y pr\u00e9tendre. Le Mon\u00e9gasque comptabilise huit passes d\u00e9cisives, ce qui lui vaut [...]\" \/>\n<meta property=\"og:url\" content=\"https:\/\/www.ladiagonale.net\/index.php\/2025\/04\/10\/ca-pourrait-etre-un-objectif-akliouche-evoque-le-titre-de-meilleur-passeur\/\" \/>\n<meta property=\"og:site_name\" content=\"La Diagonale\" \/>\n<meta property=\"article:published_time\" content=\"2025-04-10T15:56:04+00:00\" \/>\n<meta property=\"article:modified_time\" content=\"2025-04-11T11:35:05+00:00\" \/>\n<meta property=\"og:image\" content=\"https:\/\/www.ladiagonale.net\/wp-content\/uploads\/2025\/01\/Akliouche-Rennes.png\" \/>\n\t<meta property=\"og:image:width\" content=\"1160\" \/>\n\t<meta property=\"og:image:height\" content=\"650\" \/>\n\t<meta property=\"og:image:type\" content=\"image\/png\" \/>\n<meta name=\"author\" content=\"Damien Dellerba\" \/>\n<meta name=\"twitter:card\" content=\"summary_large_image\" \/>\n<meta name=\"twitter:image\" content=\"https:\/\/www.ladiagonale.net\/wp-content\/uploads\/2025\/01\/Akliouche-Rennes.png\" \/>\n<meta name=\"twitter:label1\" content=\"\u00c9crit par\" \/>\n\t<meta name=\"twitter:data1\" content=\"Damien Dellerba\" \/>\n\t<meta name=\"twitter:label2\" content=\"Dur\u00e9e de lecture estim\u00e9e\" \/>\n\t<meta name=\"twitter:data2\" content=\"2 minutes\" \/>\n<script type=\"application\/ld+json\" class=\"yoast-schema-graph\">{\"@context\":\"https:\/\/schema.org\",\"@graph\":[{\"@type\":\"WebPage\",\"@id\":\"https:\/\/www.ladiagonale.net\/index.php\/2025\/04\/10\/ca-pourrait-etre-un-objectif-akliouche-evoque-le-titre-de-meilleur-passeur\/\",\"url\":\"https:\/\/www.ladiagonale.net\/index.php\/2025\/04\/10\/ca-pourrait-etre-un-objectif-akliouche-evoque-le-titre-de-meilleur-passeur\/\",\"name\":\"\u00ab\u00a0\u00c7a pourrait \u00eatre un objectif\u00a0\u00bb : Akliouche \u00e9voque le titre de meilleur passeur - La Diagonale\",\"isPartOf\":{\"@id\":\"https:\/\/www.ladiagonale.net\/#website\"},\"datePublished\":\"2025-04-10T15:56:04+00:00\",\"dateModified\":\"2025-04-11T11:35:05+00:00\",\"author\":{\"@id\":\"https:\/\/www.ladiagonale.net\/#\/schema\/person\/79ff1e7b0853ed01b2aa26e64ad300bf\"},\"breadcrumb\":{\"@id\":\"https:\/\/www.ladiagonale.net\/index.php\/2025\/04\/10\/ca-pourrait-etre-un-objectif-akliouche-evoque-le-titre-de-meilleur-passeur\/#breadcrumb\"},\"inLanguage\":\"fr-FR\",\"potentialAction\":[{\"@type\":\"ReadAction\",\"target\":[\"https:\/\/www.ladiagonale.net\/index.php\/2025\/04\/10\/ca-pourrait-etre-un-objectif-akliouche-evoque-le-titre-de-meilleur-passeur\/\"]}]},{\"@type\":\"BreadcrumbList\",\"@id\":\"https:\/\/www.ladiagonale.net\/index.php\/2025\/04\/10\/ca-pourrait-etre-un-objectif-akliouche-evoque-le-titre-de-meilleur-passeur\/#breadcrumb\",\"itemListElement\":[{\"@type\":\"ListItem\",\"position\":1,\"name\":\"Accueil\",\"item\":\"https:\/\/www.ladiagonale.net\/\"},{\"@type\":\"ListItem\",\"position\":2,\"name\":\"\u00ab\u00a0\u00c7a pourrait \u00eatre un objectif\u00a0\u00bb : Akliouche \u00e9voque le titre de meilleur passeur\"}]},{\"@type\":\"WebSite\",\"@id\":\"https:\/\/www.ladiagonale.net\/#website\",\"url\":\"https:\/\/www.ladiagonale.net\/\",\"name\":\"La Diagonale\",\"description\":\"Le site des supporters de l&#039;AS Monaco FC\",\"potentialAction\":[{\"@type\":\"SearchAction\",\"target\":{\"@type\":\"EntryPoint\",\"urlTemplate\":\"https:\/\/www.ladiagonale.net\/?s={search_term_string}\"},\"query-input\":\"required name=search_term_string\"}],\"inLanguage\":\"fr-FR\"},{\"@type\":\"Person\",\"@id\":\"https:\/\/www.ladiagonale.net\/#\/schema\/person\/79ff1e7b0853ed01b2aa26e64ad300bf\",\"name\":\"Damien Dellerba\",\"image\":{\"@type\":\"ImageObject\",\"inLanguage\":\"fr-FR\",\"@id\":\"https:\/\/www.ladiagonale.net\/#\/schema\/person\/image\/\",\"url\":\"https:\/\/secure.gravatar.com\/avatar\/c7850e06d3ff63cdbaee88b7fc16e2f0?s=96&d=mm&r=g\",\"contentUrl\":\"https:\/\/secure.gravatar.com\/avatar\/c7850e06d3ff63cdbaee88b7fc16e2f0?s=96&d=mm&r=g\",\"caption\":\"Damien Dellerba\"},\"url\":\"https:\/\/www.ladiagonale.net\/index.php\/author\/damien\/\"}]}<\/script>\n<!-- \/ Yoast SEO plugin. -->","yoast_head_json":{"title":"\u00ab\u00a0\u00c7a pourrait \u00eatre un objectif\u00a0\u00bb : Akliouche \u00e9voque le titre de meilleur passeur - La Diagonale","robots":{"index":"index","follow":"follow","max-snippet":"max-snippet:-1","max-image-preview":"max-image-preview:large","max-video-preview":"max-video-preview:-1"},"canonical":"https:\/\/www.ladiagonale.net\/index.php\/2025\/04\/10\/ca-pourrait-etre-un-objectif-akliouche-evoque-le-titre-de-meilleur-passeur\/","og_locale":"fr_FR","og_type":"article","og_title":"\u00ab\u00a0\u00c7a pourrait \u00eatre un objectif\u00a0\u00bb : Akliouche \u00e9voque le titre de meilleur passeur - La Diagonale","og_description":"Maghnes Akliouche a confirm\u00e9 tout le bien qu\u2019on pensait de lui cette saison. Le milieu offensif de l\u2019AS Monaco peut encore briguer le titre de meilleur passeur du championnat mais la concurrence est tr\u00e8s relev\u00e9e, car pr\u00e8s d&rsquo;une dizaine de joueurs peuvent encore y pr\u00e9tendre. Le Mon\u00e9gasque comptabilise huit passes d\u00e9cisives, ce qui lui vaut [...]","og_url":"https:\/\/www.ladiagonale.net\/index.php\/2025\/04\/10\/ca-pourrait-etre-un-objectif-akliouche-evoque-le-titre-de-meilleur-passeur\/","og_site_name":"La Diagonale","article_published_time":"2025-04-10T15:56:04+00:00","article_modified_time":"2025-04-11T11:35:05+00:00","og_image":[{"width":1160,"height":650,"url":"https:\/\/www.ladiagonale.net\/wp-content\/uploads\/2025\/01\/Akliouche-Rennes.png","type":"image\/png"}],"author":"Damien Dellerba","twitter_card":"summary_large_image","twitter_image":"https:\/\/www.ladiagonale.net\/wp-content\/uploads\/2025\/01\/Akliouche-Rennes.png","twitter_misc":{"\u00c9crit par":"Damien Dellerba","Dur\u00e9e de lecture estim\u00e9e":"2 minutes"},"schema":{"@context":"https:\/\/schema.org","@graph":[{"@type":"WebPage","@id":"https:\/\/www.ladiagonale.net\/index.php\/2025\/04\/10\/ca-pourrait-etre-un-objectif-akliouche-evoque-le-titre-de-meilleur-passeur\/","url":"https:\/\/www.ladiagonale.net\/index.php\/2025\/04\/10\/ca-pourrait-etre-un-objectif-akliouche-evoque-le-titre-de-meilleur-passeur\/","name":"\u00ab\u00a0\u00c7a pourrait \u00eatre un objectif\u00a0\u00bb : Akliouche \u00e9voque le titre de meilleur passeur - La Diagonale","isPartOf":{"@id":"https:\/\/www.ladiagonale.net\/#website"},"datePublished":"2025-04-10T15:56:04+00:00","dateModified":"2025-04-11T11:35:05+00:00","author":{"@id":"https:\/\/www.ladiagonale.net\/#\/schema\/person\/79ff1e7b0853ed01b2aa26e64ad300bf"},"breadcrumb":{"@id":"https:\/\/www.ladiagonale.net\/index.php\/2025\/04\/10\/ca-pourrait-etre-un-objectif-akliouche-evoque-le-titre-de-meilleur-passeur\/#breadcrumb"},"inLanguage":"fr-FR","potentialAction":[{"@type":"ReadAction","target":["https:\/\/www.ladiagonale.net\/index.php\/2025\/04\/10\/ca-pourrait-etre-un-objectif-akliouche-evoque-le-titre-de-meilleur-passeur\/"]}]},{"@type":"BreadcrumbList","@id":"https:\/\/www.ladiagonale.net\/index.php\/2025\/04\/10\/ca-pourrait-etre-un-objectif-akliouche-evoque-le-titre-de-meilleur-passeur\/#breadcrumb","itemListElement":[{"@type":"ListItem","position":1,"name":"Accueil","item":"https:\/\/www.ladiagonale.net\/"},{"@type":"ListItem","position":2,"name":"\u00ab\u00a0\u00c7a pourrait \u00eatre un objectif\u00a0\u00bb : Akliouche \u00e9voque le titre de meilleur passeur"}]},{"@type":"WebSite","@id":"https:\/\/www.ladiagonale.net\/#website","url":"https:\/\/www.ladiagonale.net\/","name":"La Diagonale","description":"Le site des supporters de l&#039;AS Monaco FC","potentialAction":[{"@type":"SearchAction","target":{"@type":"EntryPoint","urlTemplate":"https:\/\/www.ladiagonale.net\/?s={search_term_string}"},"query-input":"required name=search_term_string"}],"inLanguage":"fr-FR"},{"@type":"Person","@id":"https:\/\/www.ladiagonale.net\/#\/schema\/person\/79ff1e7b0853ed01b2aa26e64ad300bf","name":"Damien Dellerba","image":{"@type":"ImageObject","inLanguage":"fr-FR","@id":"https:\/\/www.ladiagonale.net\/#\/schema\/person\/image\/","url":"https:\/\/secure.gravatar.com\/avatar\/c7850e06d3ff63cdbaee88b7fc16e2f0?s=96&d=mm&r=g","contentUrl":"https:\/\/secure.gravatar.com\/avatar\/c7850e06d3ff63cdbaee88b7fc16e2f0?s=96&d=mm&r=g","caption":"Damien Dellerba"},"url":"https:\/\/www.ladiagonale.net\/index.php\/author\/damien\/"}]}},"_links":{"self":[{"href":"https:\/\/www.ladiagonale.net\/index.php\/wp-json\/wp\/v2\/posts\/30892"}],"collection":[{"href":"https:\/\/www.ladiagonale.net\/index.php\/wp-json\/wp\/v2\/posts"}],"about":[{"href":"https:\/\/www.ladiagonale.net\/index.php\/wp-json\/wp\/v2\/types\/post"}],"author":[{"embeddable":true,"href":"https:\/\/www.ladiagonale.net\/index.php\/wp-json\/wp\/v2\/users\/2"}],"replies":[{"embeddable":true,"href":"https:\/\/www.ladiagonale.net\/index.php\/wp-json\/wp\/v2\/comments?post=30892"}],"version-history":[{"count":4,"href":"https:\/\/www.ladiagonale.net\/index.php\/wp-json\/wp\/v2\/posts\/30892\/revisions"}],"predecessor-version":[{"id":30903,"href":"https:\/\/www.ladiagonale.net\/index.php\/wp-json\/wp\/v2\/posts\/30892\/revisions\/30903"}],"wp:attachment":[{"href":"https:\/\/www.ladiagonale.net\/index.php\/wp-json\/wp\/v2\/media?parent=30892"}],"wp:term":[{"taxonomy":"category","embeddable":true,"href":"https:\/\/www.ladiagonale.net\/index.php\/wp-json\/wp\/v2\/categories?post=30892"},{"taxonomy":"post_tag","embeddable":true,"href":"https:\/\/www.ladiagonale.net\/index.php\/wp-json\/wp\/v2\/tags?post=30892"}],"curies":[{"name":"wp","href":"https:\/\/api.w.org\/{rel}","templated":true}]}}