{"id":30897,"date":"2025-04-11T10:46:35","date_gmt":"2025-04-11T08:46:35","guid":{"rendered":"https:\/\/www.ladiagonale.net\/?p=30897"},"modified":"2025-04-11T10:51:22","modified_gmt":"2025-04-11T08:51:22","slug":"embolo-je-nexclus-pas-de-prolonger-ou-de-partir-si-on-me-le-demande","status":"publish","type":"post","link":"https:\/\/www.ladiagonale.net\/index.php\/2025\/04\/11\/embolo-je-nexclus-pas-de-prolonger-ou-de-partir-si-on-me-le-demande\/","title":{"rendered":"Embolo : \u00ab\u00a0Je n&rsquo;exclus pas de prolonger ou de partir si on me le demande\u00a0\u00bb"},"content":{"rendered":"\n\n\n<p>Il y a quelques mois, <em>L\u2019\u00c9quipe<\/em> indiquait que les n\u00e9gociations entre Breel Embolo et l\u2019AS Monaco au sujet d\u2019une prolongation de contrat n\u2019avait pas commenc\u00e9. La semaine derni\u00e8re, <a href=\"https:\/\/www.ladiagonale.net\/index.php\/2025\/04\/03\/embolo-reste-flou-sur-son-futur\/\" target=\"_blank\" rel=\"noreferrer noopener\">le Suisse s\u2019\u00e9tait montr\u00e9 flou sur son avenir<\/a> et il est revenu sur le sujet dans un entretien accord\u00e9 \u00e0 <em>Nice-Matin<\/em> :\u00ab&nbsp;<em>J&rsquo;ai un contrat (jusqu\u2019en 2026) et je me sens toujours aussi bien ici. J&rsquo;adore le club, mes co\u00e9quipiers et les gens qui travaillent ici. Les objectifs de l&rsquo;ASM r\u00e9pondent toujours aux miens : gagner des titres, jouer la Ligue des champions. Je peux comprendre aussi que le club r\u00e9fl\u00e9chisse.<\/em>&nbsp;\u00bb<\/p>\n\n\n\n<p>Embolo explique avoir eu des doutes avec notamment l\u2019arriv\u00e9e de plusieurs concurrents en attaque et toutes les options sont sur la table : \u00ab&nbsp;<em>La r\u00e9flexion vient des deux c\u00f4t\u00e9s. Il y a quatre-cinq mois, j&rsquo;allais vous dire que je voulais absolument rester ici. Puis quand c&rsquo;est devenu difficile, je me suis dit que trois jeunes attaquants \u00e9taient arriv\u00e9s en deux ans et que c\u2019\u00e9tait peut-\u00eatre \u00e0 moi d&rsquo;\u00eatre le prochain partant. Mais on joue aujourd&rsquo;hui avec deux attaquants alors il y a plein de questions. Avec le club, c&rsquo;est comme si on en \u00e9tait \u00e0 0-0. Je n&rsquo;exclus pas de prolonger ou de partir si on me le demande. Si le club trouve attractif de me vendre, je le comprendrai.<\/em>&nbsp;\u00bb<\/p>\n\n\n\n<p>Mais le plus important pour l\u2019attaquant de 28 ans, c\u2019est d\u2019avoir un dialogue franc et ouvert avec les dirigeants : \u00ab&nbsp;<em>Et il y a aussi beaucoup de points positifs pour une prolongation. Il faut qu&rsquo;on trouve un arrangement financier, \u00e7a compte aujourd&rsquo;hui dans le foot. Ce sera aussi une d\u00e9cision familiale, mes deux enfants sont scolaris\u00e9s \u00e0 Monaco. Je ne me mets pas de pression. Le club sait ce qu&rsquo;il a avec moi et vice-versa. C&rsquo;est une bonne base. La discussion avec le club est ouverte. Elle est positive et honn\u00eate. L\u2019honn\u00eatet\u00e9, c&rsquo;est ce que je demande au club et je me l&rsquo;impose aussi.<\/em>&nbsp;\u00bb<\/p>\n","protected":false},"excerpt":{"rendered":"<p>Il y a quelques mois, L\u2019\u00c9quipe indiquait que les n\u00e9gociations entre Breel Embolo et l\u2019AS Monaco au sujet d\u2019une prolongation de contrat n\u2019avait pas commenc\u00e9. La semaine derni\u00e8re, le Suisse s\u2019\u00e9tait montr\u00e9 flou sur son avenir et il est revenu sur le sujet dans un entretien accord\u00e9 \u00e0 Nice-Matin :\u00ab&nbsp;J&rsquo;ai un contrat (jusqu\u2019en 2026) et [&#8230;]\n","protected":false},"author":2,"featured_media":0,"comment_status":"open","ping_status":"open","sticky":false,"template":"","format":"standard","meta":[],"categories":[6],"tags":[86,161],"yoast_head":"<!-- This site is optimized with the Yoast SEO plugin v19.8 - https:\/\/yoast.com\/wordpress\/plugins\/seo\/ -->\n<title>Embolo : \u00ab\u00a0Je n&#039;exclus pas de prolonger ou de partir si on me le demande\u00a0\u00bb - La Diagonale<\/title>\n<meta name=\"robots\" content=\"index, follow, max-snippet:-1, max-image-preview:large, max-video-preview:-1\" \/>\n<link rel=\"canonical\" href=\"https:\/\/www.ladiagonale.net\/index.php\/2025\/04\/11\/embolo-je-nexclus-pas-de-prolonger-ou-de-partir-si-on-me-le-demande\/\" \/>\n<meta property=\"og:locale\" content=\"fr_FR\" \/>\n<meta property=\"og:type\" content=\"article\" \/>\n<meta property=\"og:title\" content=\"Embolo : \u00ab\u00a0Je n&#039;exclus pas de prolonger ou de partir si on me le demande\u00a0\u00bb - La Diagonale\" \/>\n<meta property=\"og:description\" content=\"Il y a quelques mois, L\u2019\u00c9quipe indiquait que les n\u00e9gociations entre Breel Embolo et l\u2019AS Monaco au sujet d\u2019une prolongation de contrat n\u2019avait pas commenc\u00e9. La semaine derni\u00e8re, le Suisse s\u2019\u00e9tait montr\u00e9 flou sur son avenir et il est revenu sur le sujet dans un entretien accord\u00e9 \u00e0 Nice-Matin :\u00ab&nbsp;J&rsquo;ai un contrat (jusqu\u2019en 2026) et [...]\" \/>\n<meta property=\"og:url\" content=\"https:\/\/www.ladiagonale.net\/index.php\/2025\/04\/11\/embolo-je-nexclus-pas-de-prolonger-ou-de-partir-si-on-me-le-demande\/\" \/>\n<meta property=\"og:site_name\" content=\"La Diagonale\" \/>\n<meta property=\"article:published_time\" content=\"2025-04-11T08:46:35+00:00\" \/>\n<meta property=\"article:modified_time\" content=\"2025-04-11T08:51:22+00:00\" \/>\n<meta property=\"og:image\" content=\"https:\/\/www.ladiagonale.net\/wp-content\/uploads\/2024\/09\/Embolo2425.png\" \/>\n\t<meta property=\"og:image:width\" content=\"1160\" \/>\n\t<meta property=\"og:image:height\" content=\"650\" \/>\n\t<meta property=\"og:image:type\" content=\"image\/png\" \/>\n<meta name=\"author\" content=\"Damien Dellerba\" \/>\n<meta name=\"twitter:card\" content=\"summary_large_image\" \/>\n<meta name=\"twitter:image\" content=\"https:\/\/www.ladiagonale.net\/wp-content\/uploads\/2024\/09\/Embolo2425.png\" \/>\n<meta name=\"twitter:label1\" content=\"\u00c9crit par\" \/>\n\t<meta name=\"twitter:data1\" content=\"Damien Dellerba\" \/>\n\t<meta name=\"twitter:label2\" content=\"Dur\u00e9e de lecture estim\u00e9e\" \/>\n\t<meta name=\"twitter:data2\" content=\"2 minutes\" \/>\n<script type=\"application\/ld+json\" class=\"yoast-schema-graph\">{\"@context\":\"https:\/\/schema.org\",\"@graph\":[{\"@type\":\"WebPage\",\"@id\":\"https:\/\/www.ladiagonale.net\/index.php\/2025\/04\/11\/embolo-je-nexclus-pas-de-prolonger-ou-de-partir-si-on-me-le-demande\/\",\"url\":\"https:\/\/www.ladiagonale.net\/index.php\/2025\/04\/11\/embolo-je-nexclus-pas-de-prolonger-ou-de-partir-si-on-me-le-demande\/\",\"name\":\"Embolo : \u00ab\u00a0Je n'exclus pas de prolonger ou de partir si on me le demande\u00a0\u00bb - La Diagonale\",\"isPartOf\":{\"@id\":\"https:\/\/www.ladiagonale.net\/#website\"},\"datePublished\":\"2025-04-11T08:46:35+00:00\",\"dateModified\":\"2025-04-11T08:51:22+00:00\",\"author\":{\"@id\":\"https:\/\/www.ladiagonale.net\/#\/schema\/person\/79ff1e7b0853ed01b2aa26e64ad300bf\"},\"breadcrumb\":{\"@id\":\"https:\/\/www.ladiagonale.net\/index.php\/2025\/04\/11\/embolo-je-nexclus-pas-de-prolonger-ou-de-partir-si-on-me-le-demande\/#breadcrumb\"},\"inLanguage\":\"fr-FR\",\"potentialAction\":[{\"@type\":\"ReadAction\",\"target\":[\"https:\/\/www.ladiagonale.net\/index.php\/2025\/04\/11\/embolo-je-nexclus-pas-de-prolonger-ou-de-partir-si-on-me-le-demande\/\"]}]},{\"@type\":\"BreadcrumbList\",\"@id\":\"https:\/\/www.ladiagonale.net\/index.php\/2025\/04\/11\/embolo-je-nexclus-pas-de-prolonger-ou-de-partir-si-on-me-le-demande\/#breadcrumb\",\"itemListElement\":[{\"@type\":\"ListItem\",\"position\":1,\"name\":\"Accueil\",\"item\":\"https:\/\/www.ladiagonale.net\/\"},{\"@type\":\"ListItem\",\"position\":2,\"name\":\"Embolo : \u00ab\u00a0Je n&rsquo;exclus pas de prolonger ou de partir si on me le demande\u00a0\u00bb\"}]},{\"@type\":\"WebSite\",\"@id\":\"https:\/\/www.ladiagonale.net\/#website\",\"url\":\"https:\/\/www.ladiagonale.net\/\",\"name\":\"La Diagonale\",\"description\":\"Le site des supporters de l&#039;AS Monaco FC\",\"potentialAction\":[{\"@type\":\"SearchAction\",\"target\":{\"@type\":\"EntryPoint\",\"urlTemplate\":\"https:\/\/www.ladiagonale.net\/?s={search_term_string}\"},\"query-input\":\"required name=search_term_string\"}],\"inLanguage\":\"fr-FR\"},{\"@type\":\"Person\",\"@id\":\"https:\/\/www.ladiagonale.net\/#\/schema\/person\/79ff1e7b0853ed01b2aa26e64ad300bf\",\"name\":\"Damien Dellerba\",\"image\":{\"@type\":\"ImageObject\",\"inLanguage\":\"fr-FR\",\"@id\":\"https:\/\/www.ladiagonale.net\/#\/schema\/person\/image\/\",\"url\":\"https:\/\/secure.gravatar.com\/avatar\/c7850e06d3ff63cdbaee88b7fc16e2f0?s=96&d=mm&r=g\",\"contentUrl\":\"https:\/\/secure.gravatar.com\/avatar\/c7850e06d3ff63cdbaee88b7fc16e2f0?s=96&d=mm&r=g\",\"caption\":\"Damien Dellerba\"},\"url\":\"https:\/\/www.ladiagonale.net\/index.php\/author\/damien\/\"}]}<\/script>\n<!-- \/ Yoast SEO plugin. -->","yoast_head_json":{"title":"Embolo : \u00ab\u00a0Je n'exclus pas de prolonger ou de partir si on me le demande\u00a0\u00bb - La Diagonale","robots":{"index":"index","follow":"follow","max-snippet":"max-snippet:-1","max-image-preview":"max-image-preview:large","max-video-preview":"max-video-preview:-1"},"canonical":"https:\/\/www.ladiagonale.net\/index.php\/2025\/04\/11\/embolo-je-nexclus-pas-de-prolonger-ou-de-partir-si-on-me-le-demande\/","og_locale":"fr_FR","og_type":"article","og_title":"Embolo : \u00ab\u00a0Je n'exclus pas de prolonger ou de partir si on me le demande\u00a0\u00bb - La Diagonale","og_description":"Il y a quelques mois, L\u2019\u00c9quipe indiquait que les n\u00e9gociations entre Breel Embolo et l\u2019AS Monaco au sujet d\u2019une prolongation de contrat n\u2019avait pas commenc\u00e9. La semaine derni\u00e8re, le Suisse s\u2019\u00e9tait montr\u00e9 flou sur son avenir et il est revenu sur le sujet dans un entretien accord\u00e9 \u00e0 Nice-Matin :\u00ab&nbsp;J&rsquo;ai un contrat (jusqu\u2019en 2026) et [...]","og_url":"https:\/\/www.ladiagonale.net\/index.php\/2025\/04\/11\/embolo-je-nexclus-pas-de-prolonger-ou-de-partir-si-on-me-le-demande\/","og_site_name":"La Diagonale","article_published_time":"2025-04-11T08:46:35+00:00","article_modified_time":"2025-04-11T08:51:22+00:00","og_image":[{"width":1160,"height":650,"url":"https:\/\/www.ladiagonale.net\/wp-content\/uploads\/2024\/09\/Embolo2425.png","type":"image\/png"}],"author":"Damien Dellerba","twitter_card":"summary_large_image","twitter_image":"https:\/\/www.ladiagonale.net\/wp-content\/uploads\/2024\/09\/Embolo2425.png","twitter_misc":{"\u00c9crit par":"Damien Dellerba","Dur\u00e9e de lecture estim\u00e9e":"2 minutes"},"schema":{"@context":"https:\/\/schema.org","@graph":[{"@type":"WebPage","@id":"https:\/\/www.ladiagonale.net\/index.php\/2025\/04\/11\/embolo-je-nexclus-pas-de-prolonger-ou-de-partir-si-on-me-le-demande\/","url":"https:\/\/www.ladiagonale.net\/index.php\/2025\/04\/11\/embolo-je-nexclus-pas-de-prolonger-ou-de-partir-si-on-me-le-demande\/","name":"Embolo : \u00ab\u00a0Je n'exclus pas de prolonger ou de partir si on me le demande\u00a0\u00bb - La Diagonale","isPartOf":{"@id":"https:\/\/www.ladiagonale.net\/#website"},"datePublished":"2025-04-11T08:46:35+00:00","dateModified":"2025-04-11T08:51:22+00:00","author":{"@id":"https:\/\/www.ladiagonale.net\/#\/schema\/person\/79ff1e7b0853ed01b2aa26e64ad300bf"},"breadcrumb":{"@id":"https:\/\/www.ladiagonale.net\/index.php\/2025\/04\/11\/embolo-je-nexclus-pas-de-prolonger-ou-de-partir-si-on-me-le-demande\/#breadcrumb"},"inLanguage":"fr-FR","potentialAction":[{"@type":"ReadAction","target":["https:\/\/www.ladiagonale.net\/index.php\/2025\/04\/11\/embolo-je-nexclus-pas-de-prolonger-ou-de-partir-si-on-me-le-demande\/"]}]},{"@type":"BreadcrumbList","@id":"https:\/\/www.ladiagonale.net\/index.php\/2025\/04\/11\/embolo-je-nexclus-pas-de-prolonger-ou-de-partir-si-on-me-le-demande\/#breadcrumb","itemListElement":[{"@type":"ListItem","position":1,"name":"Accueil","item":"https:\/\/www.ladiagonale.net\/"},{"@type":"ListItem","position":2,"name":"Embolo : \u00ab\u00a0Je n&rsquo;exclus pas de prolonger ou de partir si on me le demande\u00a0\u00bb"}]},{"@type":"WebSite","@id":"https:\/\/www.ladiagonale.net\/#website","url":"https:\/\/www.ladiagonale.net\/","name":"La Diagonale","description":"Le site des supporters de l&#039;AS Monaco FC","potentialAction":[{"@type":"SearchAction","target":{"@type":"EntryPoint","urlTemplate":"https:\/\/www.ladiagonale.net\/?s={search_term_string}"},"query-input":"required name=search_term_string"}],"inLanguage":"fr-FR"},{"@type":"Person","@id":"https:\/\/www.ladiagonale.net\/#\/schema\/person\/79ff1e7b0853ed01b2aa26e64ad300bf","name":"Damien Dellerba","image":{"@type":"ImageObject","inLanguage":"fr-FR","@id":"https:\/\/www.ladiagonale.net\/#\/schema\/person\/image\/","url":"https:\/\/secure.gravatar.com\/avatar\/c7850e06d3ff63cdbaee88b7fc16e2f0?s=96&d=mm&r=g","contentUrl":"https:\/\/secure.gravatar.com\/avatar\/c7850e06d3ff63cdbaee88b7fc16e2f0?s=96&d=mm&r=g","caption":"Damien Dellerba"},"url":"https:\/\/www.ladiagonale.net\/index.php\/author\/damien\/"}]}},"_links":{"self":[{"href":"https:\/\/www.ladiagonale.net\/index.php\/wp-json\/wp\/v2\/posts\/30897"}],"collection":[{"href":"https:\/\/www.ladiagonale.net\/index.php\/wp-json\/wp\/v2\/posts"}],"about":[{"href":"https:\/\/www.ladiagonale.net\/index.php\/wp-json\/wp\/v2\/types\/post"}],"author":[{"embeddable":true,"href":"https:\/\/www.ladiagonale.net\/index.php\/wp-json\/wp\/v2\/users\/2"}],"replies":[{"embeddable":true,"href":"https:\/\/www.ladiagonale.net\/index.php\/wp-json\/wp\/v2\/comments?post=30897"}],"version-history":[{"count":2,"href":"https:\/\/www.ladiagonale.net\/index.php\/wp-json\/wp\/v2\/posts\/30897\/revisions"}],"predecessor-version":[{"id":30899,"href":"https:\/\/www.ladiagonale.net\/index.php\/wp-json\/wp\/v2\/posts\/30897\/revisions\/30899"}],"wp:attachment":[{"href":"https:\/\/www.ladiagonale.net\/index.php\/wp-json\/wp\/v2\/media?parent=30897"}],"wp:term":[{"taxonomy":"category","embeddable":true,"href":"https:\/\/www.ladiagonale.net\/index.php\/wp-json\/wp\/v2\/categories?post=30897"},{"taxonomy":"post_tag","embeddable":true,"href":"https:\/\/www.ladiagonale.net\/index.php\/wp-json\/wp\/v2\/tags?post=30897"}],"curies":[{"name":"wp","href":"https:\/\/api.w.org\/{rel}","templated":true}]}}