{"id":30900,"date":"2025-04-11T13:48:26","date_gmt":"2025-04-11T11:48:26","guid":{"rendered":"https:\/\/www.ladiagonale.net\/?p=30900"},"modified":"2025-04-11T13:59:17","modified_gmt":"2025-04-11T11:59:17","slug":"stawiecki-devrait-prolonger","status":"publish","type":"post","link":"https:\/\/www.ladiagonale.net\/index.php\/2025\/04\/11\/stawiecki-devrait-prolonger\/","title":{"rendered":"Stawiecki devrait prolonger"},"content":{"rendered":"\n<p>C\u2019est un beau cadeau d\u2019anniversaire que devrait recevoir Jules Stawiecki. Le portier dijonnais, qui a f\u00eat\u00e9 ses 18 ans mercredi, devrait \u00eatre prolong\u00e9 par l&rsquo;AS Monaco, selon <em>Le Bien Public<\/em> et confirm\u00e9 par <em>L&rsquo;\u00c9quipe<\/em>. Son bail actuel court jusqu&rsquo;en 2026.<\/p>\n\n\n\n<p>Form\u00e9 au DFCO, Stawiecki \u00e9tait arriv\u00e9 en Principaut\u00e9 en janvier 2024 contre 1,5 million d\u2019euros et repr\u00e9sente l&rsquo;un des grands espoirs \u00e0 ce poste aussi bien pour l&rsquo;ASM que pour l&rsquo;\u00e9quipe de France, o\u00f9 il est r\u00e9guli\u00e8rement appel\u00e9 des U16 (6 s\u00e9lections) jusqu&rsquo;aux U18 (4 s\u00e9lections) en passant par les U17 (8 s\u00e9lections).<\/p>\n\n\n\n<p>Cette saison, Stawiecki a particip\u00e9 \u00e0 14 rencontres cette saison, r\u00e9parties entre les U18 pour la Coupe Gambardella (2 apparitions), les U19 pour la <em>Youth League<\/em> (7 matches) ou encore le Groupe \u00c9lite et notamment le Challenge Espoirs (1 rencontre). En d\u00e9but de saison, il avait \u00e9t\u00e9 r\u00e9guli\u00e8rement appel\u00e9 pour faire le troisi\u00e8me gardien en raison de la blessure de Majecki. Il avait fait sa premi\u00e8re sur le banc en Ligue 1 contre Toulouse (2-0, le 7 d\u00e9cembre).<\/p>\n","protected":false},"excerpt":{"rendered":"<p>C\u2019est un beau cadeau d\u2019anniversaire que devrait recevoir Jules Stawiecki. Le portier dijonnais, qui a f\u00eat\u00e9 ses 18 ans mercredi, devrait \u00eatre prolong\u00e9 par l&rsquo;AS Monaco, selon Le Bien Public et confirm\u00e9 par L&rsquo;\u00c9quipe. Son bail actuel court jusqu&rsquo;en 2026. Form\u00e9 au DFCO, Stawiecki \u00e9tait arriv\u00e9 en Principaut\u00e9 en janvier 2024 contre 1,5 million d\u2019euros [&#8230;]\n","protected":false},"author":2,"featured_media":0,"comment_status":"closed","ping_status":"open","sticky":false,"template":"","format":"standard","meta":[],"categories":[6],"tags":[76,86,493,762,186],"yoast_head":"<!-- This site is optimized with the Yoast SEO plugin v19.8 - https:\/\/yoast.com\/wordpress\/plugins\/seo\/ -->\n<title>Stawiecki devrait prolonger - La Diagonale<\/title>\n<meta name=\"robots\" content=\"index, follow, max-snippet:-1, max-image-preview:large, max-video-preview:-1\" \/>\n<link rel=\"canonical\" href=\"https:\/\/www.ladiagonale.net\/index.php\/2025\/04\/11\/stawiecki-devrait-prolonger\/\" \/>\n<meta property=\"og:locale\" content=\"fr_FR\" \/>\n<meta property=\"og:type\" content=\"article\" \/>\n<meta property=\"og:title\" content=\"Stawiecki devrait prolonger - La Diagonale\" \/>\n<meta property=\"og:description\" content=\"C\u2019est un beau cadeau d\u2019anniversaire que devrait recevoir Jules Stawiecki. Le portier dijonnais, qui a f\u00eat\u00e9 ses 18 ans mercredi, devrait \u00eatre prolong\u00e9 par l&rsquo;AS Monaco, selon Le Bien Public et confirm\u00e9 par L&rsquo;\u00c9quipe. Son bail actuel court jusqu&rsquo;en 2026. Form\u00e9 au DFCO, Stawiecki \u00e9tait arriv\u00e9 en Principaut\u00e9 en janvier 2024 contre 1,5 million d\u2019euros [...]\" \/>\n<meta property=\"og:url\" content=\"https:\/\/www.ladiagonale.net\/index.php\/2025\/04\/11\/stawiecki-devrait-prolonger\/\" \/>\n<meta property=\"og:site_name\" content=\"La Diagonale\" \/>\n<meta property=\"article:published_time\" content=\"2025-04-11T11:48:26+00:00\" \/>\n<meta property=\"article:modified_time\" content=\"2025-04-11T11:59:17+00:00\" \/>\n<meta property=\"og:image\" content=\"https:\/\/www.ladiagonale.net\/wp-content\/uploads\/2025\/02\/stawiecki.png\" \/>\n\t<meta property=\"og:image:width\" content=\"1160\" \/>\n\t<meta property=\"og:image:height\" content=\"650\" \/>\n\t<meta property=\"og:image:type\" content=\"image\/png\" \/>\n<meta name=\"author\" content=\"Damien Dellerba\" \/>\n<meta name=\"twitter:card\" content=\"summary_large_image\" \/>\n<meta name=\"twitter:image\" content=\"https:\/\/www.ladiagonale.net\/wp-content\/uploads\/2025\/02\/stawiecki.png\" \/>\n<meta name=\"twitter:label1\" content=\"\u00c9crit par\" \/>\n\t<meta name=\"twitter:data1\" content=\"Damien Dellerba\" \/>\n\t<meta name=\"twitter:label2\" content=\"Dur\u00e9e de lecture estim\u00e9e\" \/>\n\t<meta name=\"twitter:data2\" content=\"1 minute\" \/>\n<script type=\"application\/ld+json\" class=\"yoast-schema-graph\">{\"@context\":\"https:\/\/schema.org\",\"@graph\":[{\"@type\":\"WebPage\",\"@id\":\"https:\/\/www.ladiagonale.net\/index.php\/2025\/04\/11\/stawiecki-devrait-prolonger\/\",\"url\":\"https:\/\/www.ladiagonale.net\/index.php\/2025\/04\/11\/stawiecki-devrait-prolonger\/\",\"name\":\"Stawiecki devrait prolonger - La Diagonale\",\"isPartOf\":{\"@id\":\"https:\/\/www.ladiagonale.net\/#website\"},\"datePublished\":\"2025-04-11T11:48:26+00:00\",\"dateModified\":\"2025-04-11T11:59:17+00:00\",\"author\":{\"@id\":\"https:\/\/www.ladiagonale.net\/#\/schema\/person\/79ff1e7b0853ed01b2aa26e64ad300bf\"},\"breadcrumb\":{\"@id\":\"https:\/\/www.ladiagonale.net\/index.php\/2025\/04\/11\/stawiecki-devrait-prolonger\/#breadcrumb\"},\"inLanguage\":\"fr-FR\",\"potentialAction\":[{\"@type\":\"ReadAction\",\"target\":[\"https:\/\/www.ladiagonale.net\/index.php\/2025\/04\/11\/stawiecki-devrait-prolonger\/\"]}]},{\"@type\":\"BreadcrumbList\",\"@id\":\"https:\/\/www.ladiagonale.net\/index.php\/2025\/04\/11\/stawiecki-devrait-prolonger\/#breadcrumb\",\"itemListElement\":[{\"@type\":\"ListItem\",\"position\":1,\"name\":\"Accueil\",\"item\":\"https:\/\/www.ladiagonale.net\/\"},{\"@type\":\"ListItem\",\"position\":2,\"name\":\"Stawiecki devrait prolonger\"}]},{\"@type\":\"WebSite\",\"@id\":\"https:\/\/www.ladiagonale.net\/#website\",\"url\":\"https:\/\/www.ladiagonale.net\/\",\"name\":\"La Diagonale\",\"description\":\"Le site des supporters de l&#039;AS Monaco FC\",\"potentialAction\":[{\"@type\":\"SearchAction\",\"target\":{\"@type\":\"EntryPoint\",\"urlTemplate\":\"https:\/\/www.ladiagonale.net\/?s={search_term_string}\"},\"query-input\":\"required name=search_term_string\"}],\"inLanguage\":\"fr-FR\"},{\"@type\":\"Person\",\"@id\":\"https:\/\/www.ladiagonale.net\/#\/schema\/person\/79ff1e7b0853ed01b2aa26e64ad300bf\",\"name\":\"Damien Dellerba\",\"image\":{\"@type\":\"ImageObject\",\"inLanguage\":\"fr-FR\",\"@id\":\"https:\/\/www.ladiagonale.net\/#\/schema\/person\/image\/\",\"url\":\"https:\/\/secure.gravatar.com\/avatar\/c7850e06d3ff63cdbaee88b7fc16e2f0?s=96&d=mm&r=g\",\"contentUrl\":\"https:\/\/secure.gravatar.com\/avatar\/c7850e06d3ff63cdbaee88b7fc16e2f0?s=96&d=mm&r=g\",\"caption\":\"Damien Dellerba\"},\"url\":\"https:\/\/www.ladiagonale.net\/index.php\/author\/damien\/\"}]}<\/script>\n<!-- \/ Yoast SEO plugin. -->","yoast_head_json":{"title":"Stawiecki devrait prolonger - La Diagonale","robots":{"index":"index","follow":"follow","max-snippet":"max-snippet:-1","max-image-preview":"max-image-preview:large","max-video-preview":"max-video-preview:-1"},"canonical":"https:\/\/www.ladiagonale.net\/index.php\/2025\/04\/11\/stawiecki-devrait-prolonger\/","og_locale":"fr_FR","og_type":"article","og_title":"Stawiecki devrait prolonger - La Diagonale","og_description":"C\u2019est un beau cadeau d\u2019anniversaire que devrait recevoir Jules Stawiecki. Le portier dijonnais, qui a f\u00eat\u00e9 ses 18 ans mercredi, devrait \u00eatre prolong\u00e9 par l&rsquo;AS Monaco, selon Le Bien Public et confirm\u00e9 par L&rsquo;\u00c9quipe. Son bail actuel court jusqu&rsquo;en 2026. Form\u00e9 au DFCO, Stawiecki \u00e9tait arriv\u00e9 en Principaut\u00e9 en janvier 2024 contre 1,5 million d\u2019euros [...]","og_url":"https:\/\/www.ladiagonale.net\/index.php\/2025\/04\/11\/stawiecki-devrait-prolonger\/","og_site_name":"La Diagonale","article_published_time":"2025-04-11T11:48:26+00:00","article_modified_time":"2025-04-11T11:59:17+00:00","og_image":[{"width":1160,"height":650,"url":"https:\/\/www.ladiagonale.net\/wp-content\/uploads\/2025\/02\/stawiecki.png","type":"image\/png"}],"author":"Damien Dellerba","twitter_card":"summary_large_image","twitter_image":"https:\/\/www.ladiagonale.net\/wp-content\/uploads\/2025\/02\/stawiecki.png","twitter_misc":{"\u00c9crit par":"Damien Dellerba","Dur\u00e9e de lecture estim\u00e9e":"1 minute"},"schema":{"@context":"https:\/\/schema.org","@graph":[{"@type":"WebPage","@id":"https:\/\/www.ladiagonale.net\/index.php\/2025\/04\/11\/stawiecki-devrait-prolonger\/","url":"https:\/\/www.ladiagonale.net\/index.php\/2025\/04\/11\/stawiecki-devrait-prolonger\/","name":"Stawiecki devrait prolonger - La Diagonale","isPartOf":{"@id":"https:\/\/www.ladiagonale.net\/#website"},"datePublished":"2025-04-11T11:48:26+00:00","dateModified":"2025-04-11T11:59:17+00:00","author":{"@id":"https:\/\/www.ladiagonale.net\/#\/schema\/person\/79ff1e7b0853ed01b2aa26e64ad300bf"},"breadcrumb":{"@id":"https:\/\/www.ladiagonale.net\/index.php\/2025\/04\/11\/stawiecki-devrait-prolonger\/#breadcrumb"},"inLanguage":"fr-FR","potentialAction":[{"@type":"ReadAction","target":["https:\/\/www.ladiagonale.net\/index.php\/2025\/04\/11\/stawiecki-devrait-prolonger\/"]}]},{"@type":"BreadcrumbList","@id":"https:\/\/www.ladiagonale.net\/index.php\/2025\/04\/11\/stawiecki-devrait-prolonger\/#breadcrumb","itemListElement":[{"@type":"ListItem","position":1,"name":"Accueil","item":"https:\/\/www.ladiagonale.net\/"},{"@type":"ListItem","position":2,"name":"Stawiecki devrait prolonger"}]},{"@type":"WebSite","@id":"https:\/\/www.ladiagonale.net\/#website","url":"https:\/\/www.ladiagonale.net\/","name":"La Diagonale","description":"Le site des supporters de l&#039;AS Monaco FC","potentialAction":[{"@type":"SearchAction","target":{"@type":"EntryPoint","urlTemplate":"https:\/\/www.ladiagonale.net\/?s={search_term_string}"},"query-input":"required name=search_term_string"}],"inLanguage":"fr-FR"},{"@type":"Person","@id":"https:\/\/www.ladiagonale.net\/#\/schema\/person\/79ff1e7b0853ed01b2aa26e64ad300bf","name":"Damien Dellerba","image":{"@type":"ImageObject","inLanguage":"fr-FR","@id":"https:\/\/www.ladiagonale.net\/#\/schema\/person\/image\/","url":"https:\/\/secure.gravatar.com\/avatar\/c7850e06d3ff63cdbaee88b7fc16e2f0?s=96&d=mm&r=g","contentUrl":"https:\/\/secure.gravatar.com\/avatar\/c7850e06d3ff63cdbaee88b7fc16e2f0?s=96&d=mm&r=g","caption":"Damien Dellerba"},"url":"https:\/\/www.ladiagonale.net\/index.php\/author\/damien\/"}]}},"_links":{"self":[{"href":"https:\/\/www.ladiagonale.net\/index.php\/wp-json\/wp\/v2\/posts\/30900"}],"collection":[{"href":"https:\/\/www.ladiagonale.net\/index.php\/wp-json\/wp\/v2\/posts"}],"about":[{"href":"https:\/\/www.ladiagonale.net\/index.php\/wp-json\/wp\/v2\/types\/post"}],"author":[{"embeddable":true,"href":"https:\/\/www.ladiagonale.net\/index.php\/wp-json\/wp\/v2\/users\/2"}],"replies":[{"embeddable":true,"href":"https:\/\/www.ladiagonale.net\/index.php\/wp-json\/wp\/v2\/comments?post=30900"}],"version-history":[{"count":8,"href":"https:\/\/www.ladiagonale.net\/index.php\/wp-json\/wp\/v2\/posts\/30900\/revisions"}],"predecessor-version":[{"id":30910,"href":"https:\/\/www.ladiagonale.net\/index.php\/wp-json\/wp\/v2\/posts\/30900\/revisions\/30910"}],"wp:attachment":[{"href":"https:\/\/www.ladiagonale.net\/index.php\/wp-json\/wp\/v2\/media?parent=30900"}],"wp:term":[{"taxonomy":"category","embeddable":true,"href":"https:\/\/www.ladiagonale.net\/index.php\/wp-json\/wp\/v2\/categories?post=30900"},{"taxonomy":"post_tag","embeddable":true,"href":"https:\/\/www.ladiagonale.net\/index.php\/wp-json\/wp\/v2\/tags?post=30900"}],"curies":[{"name":"wp","href":"https:\/\/api.w.org\/{rel}","templated":true}]}}