{"id":30911,"date":"2025-04-11T14:40:46","date_gmt":"2025-04-11T12:40:46","guid":{"rendered":"https:\/\/www.ladiagonale.net\/?p=30911"},"modified":"2025-04-11T14:40:47","modified_gmt":"2025-04-11T12:40:47","slug":"belmokhtar-en-demi-finales-de-la-can-u17","status":"publish","type":"post","link":"https:\/\/www.ladiagonale.net\/index.php\/2025\/04\/11\/belmokhtar-en-demi-finales-de-la-can-u17\/","title":{"rendered":"Belmokhtar en demi-finales de la CAN U17"},"content":{"rendered":"\n<p>Tout se passe tr\u00e8s bien pour l\u2019instant pour Ilies Belmokhtar. L\u2019ailier mon\u00e9gasque s\u2019est qualifi\u00e9 en demi-finales de la CAN U17 avec le Maroc jeudi soir. Les Lionceaux de l\u2019Atlas ont \u00e9cart\u00e9 l\u2019Afrique du Sud (3-1) et s\u2019il n\u2019a pas \u00e9t\u00e9 directement d\u00e9cisif, son long centre dans la surface a amen\u00e9 le second but marocain \u00e0 l\u2019heure de jeu.<\/p>\n\n\n\n<p>Le Maroc sera oppos\u00e9 au vainqueur du quart de finale opposant la C\u00f4te d\u2019Ivoire et le S\u00e9n\u00e9gal, ce qui promet une opposition tr\u00e8s relev\u00e9e. La rencontre se jouera le 15 avril (21h). Ce vendredi soir (21h), l\u2019autre Mon\u00e9gasque engag\u00e9 dans la comp\u00e9tition, Mehdi Tlili, tentera \u00e9galement d\u2019atteindre le dernier carr\u00e9 avec la Tunisie contre le Mali.<\/p>\n\n\n","protected":false},"excerpt":{"rendered":"<p>Tout se passe tr\u00e8s bien pour l\u2019instant pour Ilies Belmokhtar. L\u2019ailier mon\u00e9gasque s\u2019est qualifi\u00e9 en demi-finales de la CAN U17 avec le Maroc jeudi soir. Les Lionceaux de l\u2019Atlas ont \u00e9cart\u00e9 l\u2019Afrique du Sud (3-1) et s\u2019il n\u2019a pas \u00e9t\u00e9 directement d\u00e9cisif, son long centre dans la surface a amen\u00e9 le second but marocain \u00e0 [&#8230;]\n","protected":false},"author":2,"featured_media":0,"comment_status":"open","ping_status":"open","sticky":false,"template":"","format":"standard","meta":[],"categories":[6],"tags":[76,86,1015,799,914,116],"yoast_head":"<!-- This site is optimized with the Yoast SEO plugin v19.8 - https:\/\/yoast.com\/wordpress\/plugins\/seo\/ -->\n<title>Belmokhtar en demi-finales de la CAN U17 - La Diagonale<\/title>\n<meta name=\"robots\" content=\"index, follow, max-snippet:-1, max-image-preview:large, max-video-preview:-1\" \/>\n<link rel=\"canonical\" href=\"https:\/\/www.ladiagonale.net\/index.php\/2025\/04\/11\/belmokhtar-en-demi-finales-de-la-can-u17\/\" \/>\n<meta property=\"og:locale\" content=\"fr_FR\" \/>\n<meta property=\"og:type\" content=\"article\" \/>\n<meta property=\"og:title\" content=\"Belmokhtar en demi-finales de la CAN U17 - La Diagonale\" \/>\n<meta property=\"og:description\" content=\"Tout se passe tr\u00e8s bien pour l\u2019instant pour Ilies Belmokhtar. L\u2019ailier mon\u00e9gasque s\u2019est qualifi\u00e9 en demi-finales de la CAN U17 avec le Maroc jeudi soir. Les Lionceaux de l\u2019Atlas ont \u00e9cart\u00e9 l\u2019Afrique du Sud (3-1) et s\u2019il n\u2019a pas \u00e9t\u00e9 directement d\u00e9cisif, son long centre dans la surface a amen\u00e9 le second but marocain \u00e0 [...]\" \/>\n<meta property=\"og:url\" content=\"https:\/\/www.ladiagonale.net\/index.php\/2025\/04\/11\/belmokhtar-en-demi-finales-de-la-can-u17\/\" \/>\n<meta property=\"og:site_name\" content=\"La Diagonale\" \/>\n<meta property=\"article:published_time\" content=\"2025-04-11T12:40:46+00:00\" \/>\n<meta property=\"article:modified_time\" content=\"2025-04-11T12:40:47+00:00\" \/>\n<meta property=\"og:image\" content=\"https:\/\/www.ladiagonale.net\/wp-content\/uploads\/2024\/11\/belmokhtar-maroc.png\" \/>\n\t<meta property=\"og:image:width\" content=\"1160\" \/>\n\t<meta property=\"og:image:height\" content=\"650\" \/>\n\t<meta property=\"og:image:type\" content=\"image\/png\" \/>\n<meta name=\"author\" content=\"Damien Dellerba\" \/>\n<meta name=\"twitter:card\" content=\"summary_large_image\" \/>\n<meta name=\"twitter:image\" content=\"https:\/\/www.ladiagonale.net\/wp-content\/uploads\/2024\/11\/belmokhtar-maroc.png\" \/>\n<meta name=\"twitter:label1\" content=\"\u00c9crit par\" \/>\n\t<meta name=\"twitter:data1\" content=\"Damien Dellerba\" \/>\n\t<meta name=\"twitter:label2\" content=\"Dur\u00e9e de lecture estim\u00e9e\" \/>\n\t<meta name=\"twitter:data2\" content=\"1 minute\" \/>\n<script type=\"application\/ld+json\" class=\"yoast-schema-graph\">{\"@context\":\"https:\/\/schema.org\",\"@graph\":[{\"@type\":\"WebPage\",\"@id\":\"https:\/\/www.ladiagonale.net\/index.php\/2025\/04\/11\/belmokhtar-en-demi-finales-de-la-can-u17\/\",\"url\":\"https:\/\/www.ladiagonale.net\/index.php\/2025\/04\/11\/belmokhtar-en-demi-finales-de-la-can-u17\/\",\"name\":\"Belmokhtar en demi-finales de la CAN U17 - La Diagonale\",\"isPartOf\":{\"@id\":\"https:\/\/www.ladiagonale.net\/#website\"},\"datePublished\":\"2025-04-11T12:40:46+00:00\",\"dateModified\":\"2025-04-11T12:40:47+00:00\",\"author\":{\"@id\":\"https:\/\/www.ladiagonale.net\/#\/schema\/person\/79ff1e7b0853ed01b2aa26e64ad300bf\"},\"breadcrumb\":{\"@id\":\"https:\/\/www.ladiagonale.net\/index.php\/2025\/04\/11\/belmokhtar-en-demi-finales-de-la-can-u17\/#breadcrumb\"},\"inLanguage\":\"fr-FR\",\"potentialAction\":[{\"@type\":\"ReadAction\",\"target\":[\"https:\/\/www.ladiagonale.net\/index.php\/2025\/04\/11\/belmokhtar-en-demi-finales-de-la-can-u17\/\"]}]},{\"@type\":\"BreadcrumbList\",\"@id\":\"https:\/\/www.ladiagonale.net\/index.php\/2025\/04\/11\/belmokhtar-en-demi-finales-de-la-can-u17\/#breadcrumb\",\"itemListElement\":[{\"@type\":\"ListItem\",\"position\":1,\"name\":\"Accueil\",\"item\":\"https:\/\/www.ladiagonale.net\/\"},{\"@type\":\"ListItem\",\"position\":2,\"name\":\"Belmokhtar en demi-finales de la CAN U17\"}]},{\"@type\":\"WebSite\",\"@id\":\"https:\/\/www.ladiagonale.net\/#website\",\"url\":\"https:\/\/www.ladiagonale.net\/\",\"name\":\"La Diagonale\",\"description\":\"Le site des supporters de l&#039;AS Monaco FC\",\"potentialAction\":[{\"@type\":\"SearchAction\",\"target\":{\"@type\":\"EntryPoint\",\"urlTemplate\":\"https:\/\/www.ladiagonale.net\/?s={search_term_string}\"},\"query-input\":\"required name=search_term_string\"}],\"inLanguage\":\"fr-FR\"},{\"@type\":\"Person\",\"@id\":\"https:\/\/www.ladiagonale.net\/#\/schema\/person\/79ff1e7b0853ed01b2aa26e64ad300bf\",\"name\":\"Damien Dellerba\",\"image\":{\"@type\":\"ImageObject\",\"inLanguage\":\"fr-FR\",\"@id\":\"https:\/\/www.ladiagonale.net\/#\/schema\/person\/image\/\",\"url\":\"https:\/\/secure.gravatar.com\/avatar\/c7850e06d3ff63cdbaee88b7fc16e2f0?s=96&d=mm&r=g\",\"contentUrl\":\"https:\/\/secure.gravatar.com\/avatar\/c7850e06d3ff63cdbaee88b7fc16e2f0?s=96&d=mm&r=g\",\"caption\":\"Damien Dellerba\"},\"url\":\"https:\/\/www.ladiagonale.net\/index.php\/author\/damien\/\"}]}<\/script>\n<!-- \/ Yoast SEO plugin. -->","yoast_head_json":{"title":"Belmokhtar en demi-finales de la CAN U17 - La Diagonale","robots":{"index":"index","follow":"follow","max-snippet":"max-snippet:-1","max-image-preview":"max-image-preview:large","max-video-preview":"max-video-preview:-1"},"canonical":"https:\/\/www.ladiagonale.net\/index.php\/2025\/04\/11\/belmokhtar-en-demi-finales-de-la-can-u17\/","og_locale":"fr_FR","og_type":"article","og_title":"Belmokhtar en demi-finales de la CAN U17 - La Diagonale","og_description":"Tout se passe tr\u00e8s bien pour l\u2019instant pour Ilies Belmokhtar. L\u2019ailier mon\u00e9gasque s\u2019est qualifi\u00e9 en demi-finales de la CAN U17 avec le Maroc jeudi soir. Les Lionceaux de l\u2019Atlas ont \u00e9cart\u00e9 l\u2019Afrique du Sud (3-1) et s\u2019il n\u2019a pas \u00e9t\u00e9 directement d\u00e9cisif, son long centre dans la surface a amen\u00e9 le second but marocain \u00e0 [...]","og_url":"https:\/\/www.ladiagonale.net\/index.php\/2025\/04\/11\/belmokhtar-en-demi-finales-de-la-can-u17\/","og_site_name":"La Diagonale","article_published_time":"2025-04-11T12:40:46+00:00","article_modified_time":"2025-04-11T12:40:47+00:00","og_image":[{"width":1160,"height":650,"url":"https:\/\/www.ladiagonale.net\/wp-content\/uploads\/2024\/11\/belmokhtar-maroc.png","type":"image\/png"}],"author":"Damien Dellerba","twitter_card":"summary_large_image","twitter_image":"https:\/\/www.ladiagonale.net\/wp-content\/uploads\/2024\/11\/belmokhtar-maroc.png","twitter_misc":{"\u00c9crit par":"Damien Dellerba","Dur\u00e9e de lecture estim\u00e9e":"1 minute"},"schema":{"@context":"https:\/\/schema.org","@graph":[{"@type":"WebPage","@id":"https:\/\/www.ladiagonale.net\/index.php\/2025\/04\/11\/belmokhtar-en-demi-finales-de-la-can-u17\/","url":"https:\/\/www.ladiagonale.net\/index.php\/2025\/04\/11\/belmokhtar-en-demi-finales-de-la-can-u17\/","name":"Belmokhtar en demi-finales de la CAN U17 - La Diagonale","isPartOf":{"@id":"https:\/\/www.ladiagonale.net\/#website"},"datePublished":"2025-04-11T12:40:46+00:00","dateModified":"2025-04-11T12:40:47+00:00","author":{"@id":"https:\/\/www.ladiagonale.net\/#\/schema\/person\/79ff1e7b0853ed01b2aa26e64ad300bf"},"breadcrumb":{"@id":"https:\/\/www.ladiagonale.net\/index.php\/2025\/04\/11\/belmokhtar-en-demi-finales-de-la-can-u17\/#breadcrumb"},"inLanguage":"fr-FR","potentialAction":[{"@type":"ReadAction","target":["https:\/\/www.ladiagonale.net\/index.php\/2025\/04\/11\/belmokhtar-en-demi-finales-de-la-can-u17\/"]}]},{"@type":"BreadcrumbList","@id":"https:\/\/www.ladiagonale.net\/index.php\/2025\/04\/11\/belmokhtar-en-demi-finales-de-la-can-u17\/#breadcrumb","itemListElement":[{"@type":"ListItem","position":1,"name":"Accueil","item":"https:\/\/www.ladiagonale.net\/"},{"@type":"ListItem","position":2,"name":"Belmokhtar en demi-finales de la CAN U17"}]},{"@type":"WebSite","@id":"https:\/\/www.ladiagonale.net\/#website","url":"https:\/\/www.ladiagonale.net\/","name":"La Diagonale","description":"Le site des supporters de l&#039;AS Monaco FC","potentialAction":[{"@type":"SearchAction","target":{"@type":"EntryPoint","urlTemplate":"https:\/\/www.ladiagonale.net\/?s={search_term_string}"},"query-input":"required name=search_term_string"}],"inLanguage":"fr-FR"},{"@type":"Person","@id":"https:\/\/www.ladiagonale.net\/#\/schema\/person\/79ff1e7b0853ed01b2aa26e64ad300bf","name":"Damien Dellerba","image":{"@type":"ImageObject","inLanguage":"fr-FR","@id":"https:\/\/www.ladiagonale.net\/#\/schema\/person\/image\/","url":"https:\/\/secure.gravatar.com\/avatar\/c7850e06d3ff63cdbaee88b7fc16e2f0?s=96&d=mm&r=g","contentUrl":"https:\/\/secure.gravatar.com\/avatar\/c7850e06d3ff63cdbaee88b7fc16e2f0?s=96&d=mm&r=g","caption":"Damien Dellerba"},"url":"https:\/\/www.ladiagonale.net\/index.php\/author\/damien\/"}]}},"_links":{"self":[{"href":"https:\/\/www.ladiagonale.net\/index.php\/wp-json\/wp\/v2\/posts\/30911"}],"collection":[{"href":"https:\/\/www.ladiagonale.net\/index.php\/wp-json\/wp\/v2\/posts"}],"about":[{"href":"https:\/\/www.ladiagonale.net\/index.php\/wp-json\/wp\/v2\/types\/post"}],"author":[{"embeddable":true,"href":"https:\/\/www.ladiagonale.net\/index.php\/wp-json\/wp\/v2\/users\/2"}],"replies":[{"embeddable":true,"href":"https:\/\/www.ladiagonale.net\/index.php\/wp-json\/wp\/v2\/comments?post=30911"}],"version-history":[{"count":1,"href":"https:\/\/www.ladiagonale.net\/index.php\/wp-json\/wp\/v2\/posts\/30911\/revisions"}],"predecessor-version":[{"id":30912,"href":"https:\/\/www.ladiagonale.net\/index.php\/wp-json\/wp\/v2\/posts\/30911\/revisions\/30912"}],"wp:attachment":[{"href":"https:\/\/www.ladiagonale.net\/index.php\/wp-json\/wp\/v2\/media?parent=30911"}],"wp:term":[{"taxonomy":"category","embeddable":true,"href":"https:\/\/www.ladiagonale.net\/index.php\/wp-json\/wp\/v2\/categories?post=30911"},{"taxonomy":"post_tag","embeddable":true,"href":"https:\/\/www.ladiagonale.net\/index.php\/wp-json\/wp\/v2\/tags?post=30911"}],"curies":[{"name":"wp","href":"https:\/\/api.w.org\/{rel}","templated":true}]}}