{"id":30920,"date":"2025-04-12T08:19:00","date_gmt":"2025-04-12T06:19:00","guid":{"rendered":"https:\/\/www.ladiagonale.net\/?p=30920"},"modified":"2025-05-11T14:55:00","modified_gmt":"2025-05-11T12:55:00","slug":"une-lutte-entre-le-psg-et-city-pour-akliouche","status":"publish","type":"post","link":"https:\/\/www.ladiagonale.net\/index.php\/2025\/04\/12\/une-lutte-entre-le-psg-et-city-pour-akliouche\/","title":{"rendered":"Une lutte entre le PSG et City pour Akliouche ?"},"content":{"rendered":"\n\n\n<p>La machine m\u00e9diatique semble s\u2019emballer autour de Maghnes Akliouche depuis son changement d\u2019agent en d\u00e9but de semaine. Selon <em>L\u2019\u00c9quipe<\/em>, le milieu offensif de 23 ans a de grandes chances de quitter l\u2019AS Monaco lors du prochain mercato estival, ce qui confirme que l\u2019international Espoirs disposerait bien d\u2019un bon de sortie \u00e0 l\u2019issue de cette saison, comme cela avait \u00e9t\u00e9 <a href=\"https:\/\/www.ladiagonale.net\/index.php\/2025\/02\/20\/un-bon-de-sortie-pour-akliouche-cet-ete\/\" target=\"_blank\" rel=\"noreferrer noopener\">annonc\u00e9 en f\u00e9vrier<\/a>. Paris se serait clairement positionn\u00e9 dans ce dossier et cela ne laisserait pas insensible le natif de Tremblay-en-France mais il y aurait \u00e9galement la concurrence de Manchester City.<\/p>\n\n\n\n<p>D\u00e9but mars, sur <em>T\u00e9l\u00e9foot<\/em>, on avait d\u00e9j\u00e0 pu se rendre compte qu\u2019Akliouche tenait le champion de France en haute estime : \u00ab&nbsp;<em>Le PSG, c\u2019est toujours flatteur<\/em>, avait-il r\u00e9pondu, alors que les rumeurs le liant \u00e0 Paris \u00e9taient d\u00e9j\u00e0 insistantes.<em> C\u2019est l\u2019un, voire le meilleur, club de France.<\/em>&nbsp;\u00bb Jeudi, en conf\u00e9rence de presse, il avait en revanche refus\u00e9 d\u2019\u00e9voquer la question de son avenir : \u00ab&nbsp;<em>Je n\u2019y pense pas. Je me focalise sur les six prochains matches. C\u2019est peut-\u00eatre \u00e0 la fin de la saison que la question se posera.<\/em>&nbsp;\u00bb<\/p>\n\n\n\n<p>Ces derniers jours, D\u00e9sir\u00e9 Dou\u00e9, en pleine bourre avec le club de la capitale, avait \u00e9t\u00e9 invit\u00e9 \u00e0 commenter les possibles arriv\u00e9es d\u2019Akliouche et du Lyonnais Rayan Cherki, et les raisons pour lesquelles il avait choisi le projet parisien : \u00ab <em>Ce choix viendra d\u2019eux, du club. Moi, j\u2019ai fait le choix du PSG et j\u2019en suis tr\u00e8s content. C\u2019est un club qui fait r\u00eaver beaucoup de jeunes et de joueurs, c\u2019est un super projet. Si c\u2019est gr\u00e2ce \u00e0 Luis Enrique ? Pour moi, oui.<\/em> \u00bb<\/p>\n","protected":false},"excerpt":{"rendered":"<p>La machine m\u00e9diatique semble s\u2019emballer autour de Maghnes Akliouche depuis son changement d\u2019agent en d\u00e9but de semaine. Selon L\u2019\u00c9quipe, le milieu offensif de 23 ans a de grandes chances de quitter l\u2019AS Monaco lors du prochain mercato estival, ce qui confirme que l\u2019international Espoirs disposerait bien d\u2019un bon de sortie \u00e0 l\u2019issue de cette saison, [&#8230;]\n","protected":false},"author":2,"featured_media":0,"comment_status":"open","ping_status":"open","sticky":false,"template":"","format":"standard","meta":[],"categories":[6],"tags":[86,190,111,110],"yoast_head":"<!-- This site is optimized with the Yoast SEO plugin v19.8 - https:\/\/yoast.com\/wordpress\/plugins\/seo\/ -->\n<title>Une lutte entre le PSG et City pour Akliouche ? - La Diagonale<\/title>\n<meta name=\"robots\" content=\"index, follow, max-snippet:-1, max-image-preview:large, max-video-preview:-1\" \/>\n<link rel=\"canonical\" href=\"https:\/\/www.ladiagonale.net\/index.php\/2025\/04\/12\/une-lutte-entre-le-psg-et-city-pour-akliouche\/\" \/>\n<meta property=\"og:locale\" content=\"fr_FR\" \/>\n<meta property=\"og:type\" content=\"article\" \/>\n<meta property=\"og:title\" content=\"Une lutte entre le PSG et City pour Akliouche ? - La Diagonale\" \/>\n<meta property=\"og:description\" content=\"La machine m\u00e9diatique semble s\u2019emballer autour de Maghnes Akliouche depuis son changement d\u2019agent en d\u00e9but de semaine. Selon L\u2019\u00c9quipe, le milieu offensif de 23 ans a de grandes chances de quitter l\u2019AS Monaco lors du prochain mercato estival, ce qui confirme que l\u2019international Espoirs disposerait bien d\u2019un bon de sortie \u00e0 l\u2019issue de cette saison, [...]\" \/>\n<meta property=\"og:url\" content=\"https:\/\/www.ladiagonale.net\/index.php\/2025\/04\/12\/une-lutte-entre-le-psg-et-city-pour-akliouche\/\" \/>\n<meta property=\"og:site_name\" content=\"La Diagonale\" \/>\n<meta property=\"article:published_time\" content=\"2025-04-12T06:19:00+00:00\" \/>\n<meta property=\"article:modified_time\" content=\"2025-05-11T12:55:00+00:00\" \/>\n<meta property=\"og:image\" content=\"https:\/\/www.ladiagonale.net\/wp-content\/uploads\/2025\/02\/akliouche-psg.png\" \/>\n\t<meta property=\"og:image:width\" content=\"1160\" \/>\n\t<meta property=\"og:image:height\" content=\"650\" \/>\n\t<meta property=\"og:image:type\" content=\"image\/png\" \/>\n<meta name=\"author\" content=\"Damien Dellerba\" \/>\n<meta name=\"twitter:card\" content=\"summary_large_image\" \/>\n<meta name=\"twitter:image\" content=\"https:\/\/www.ladiagonale.net\/wp-content\/uploads\/2025\/02\/akliouche-psg.png\" \/>\n<meta name=\"twitter:label1\" content=\"\u00c9crit par\" \/>\n\t<meta name=\"twitter:data1\" content=\"Damien Dellerba\" \/>\n<script type=\"application\/ld+json\" class=\"yoast-schema-graph\">{\"@context\":\"https:\/\/schema.org\",\"@graph\":[{\"@type\":\"WebPage\",\"@id\":\"https:\/\/www.ladiagonale.net\/index.php\/2025\/04\/12\/une-lutte-entre-le-psg-et-city-pour-akliouche\/\",\"url\":\"https:\/\/www.ladiagonale.net\/index.php\/2025\/04\/12\/une-lutte-entre-le-psg-et-city-pour-akliouche\/\",\"name\":\"Une lutte entre le PSG et City pour Akliouche ? - La Diagonale\",\"isPartOf\":{\"@id\":\"https:\/\/www.ladiagonale.net\/#website\"},\"datePublished\":\"2025-04-12T06:19:00+00:00\",\"dateModified\":\"2025-05-11T12:55:00+00:00\",\"author\":{\"@id\":\"https:\/\/www.ladiagonale.net\/#\/schema\/person\/79ff1e7b0853ed01b2aa26e64ad300bf\"},\"breadcrumb\":{\"@id\":\"https:\/\/www.ladiagonale.net\/index.php\/2025\/04\/12\/une-lutte-entre-le-psg-et-city-pour-akliouche\/#breadcrumb\"},\"inLanguage\":\"fr-FR\",\"potentialAction\":[{\"@type\":\"ReadAction\",\"target\":[\"https:\/\/www.ladiagonale.net\/index.php\/2025\/04\/12\/une-lutte-entre-le-psg-et-city-pour-akliouche\/\"]}]},{\"@type\":\"BreadcrumbList\",\"@id\":\"https:\/\/www.ladiagonale.net\/index.php\/2025\/04\/12\/une-lutte-entre-le-psg-et-city-pour-akliouche\/#breadcrumb\",\"itemListElement\":[{\"@type\":\"ListItem\",\"position\":1,\"name\":\"Accueil\",\"item\":\"https:\/\/www.ladiagonale.net\/\"},{\"@type\":\"ListItem\",\"position\":2,\"name\":\"Une lutte entre le PSG et City pour Akliouche ?\"}]},{\"@type\":\"WebSite\",\"@id\":\"https:\/\/www.ladiagonale.net\/#website\",\"url\":\"https:\/\/www.ladiagonale.net\/\",\"name\":\"La Diagonale\",\"description\":\"Le site des supporters de l&#039;AS Monaco FC\",\"potentialAction\":[{\"@type\":\"SearchAction\",\"target\":{\"@type\":\"EntryPoint\",\"urlTemplate\":\"https:\/\/www.ladiagonale.net\/?s={search_term_string}\"},\"query-input\":\"required name=search_term_string\"}],\"inLanguage\":\"fr-FR\"},{\"@type\":\"Person\",\"@id\":\"https:\/\/www.ladiagonale.net\/#\/schema\/person\/79ff1e7b0853ed01b2aa26e64ad300bf\",\"name\":\"Damien Dellerba\",\"image\":{\"@type\":\"ImageObject\",\"inLanguage\":\"fr-FR\",\"@id\":\"https:\/\/www.ladiagonale.net\/#\/schema\/person\/image\/\",\"url\":\"https:\/\/secure.gravatar.com\/avatar\/c7850e06d3ff63cdbaee88b7fc16e2f0?s=96&d=mm&r=g\",\"contentUrl\":\"https:\/\/secure.gravatar.com\/avatar\/c7850e06d3ff63cdbaee88b7fc16e2f0?s=96&d=mm&r=g\",\"caption\":\"Damien Dellerba\"},\"url\":\"https:\/\/www.ladiagonale.net\/index.php\/author\/damien\/\"}]}<\/script>\n<!-- \/ Yoast SEO plugin. -->","yoast_head_json":{"title":"Une lutte entre le PSG et City pour Akliouche ? - La Diagonale","robots":{"index":"index","follow":"follow","max-snippet":"max-snippet:-1","max-image-preview":"max-image-preview:large","max-video-preview":"max-video-preview:-1"},"canonical":"https:\/\/www.ladiagonale.net\/index.php\/2025\/04\/12\/une-lutte-entre-le-psg-et-city-pour-akliouche\/","og_locale":"fr_FR","og_type":"article","og_title":"Une lutte entre le PSG et City pour Akliouche ? - La Diagonale","og_description":"La machine m\u00e9diatique semble s\u2019emballer autour de Maghnes Akliouche depuis son changement d\u2019agent en d\u00e9but de semaine. Selon L\u2019\u00c9quipe, le milieu offensif de 23 ans a de grandes chances de quitter l\u2019AS Monaco lors du prochain mercato estival, ce qui confirme que l\u2019international Espoirs disposerait bien d\u2019un bon de sortie \u00e0 l\u2019issue de cette saison, [...]","og_url":"https:\/\/www.ladiagonale.net\/index.php\/2025\/04\/12\/une-lutte-entre-le-psg-et-city-pour-akliouche\/","og_site_name":"La Diagonale","article_published_time":"2025-04-12T06:19:00+00:00","article_modified_time":"2025-05-11T12:55:00+00:00","og_image":[{"width":1160,"height":650,"url":"https:\/\/www.ladiagonale.net\/wp-content\/uploads\/2025\/02\/akliouche-psg.png","type":"image\/png"}],"author":"Damien Dellerba","twitter_card":"summary_large_image","twitter_image":"https:\/\/www.ladiagonale.net\/wp-content\/uploads\/2025\/02\/akliouche-psg.png","twitter_misc":{"\u00c9crit par":"Damien Dellerba"},"schema":{"@context":"https:\/\/schema.org","@graph":[{"@type":"WebPage","@id":"https:\/\/www.ladiagonale.net\/index.php\/2025\/04\/12\/une-lutte-entre-le-psg-et-city-pour-akliouche\/","url":"https:\/\/www.ladiagonale.net\/index.php\/2025\/04\/12\/une-lutte-entre-le-psg-et-city-pour-akliouche\/","name":"Une lutte entre le PSG et City pour Akliouche ? - La Diagonale","isPartOf":{"@id":"https:\/\/www.ladiagonale.net\/#website"},"datePublished":"2025-04-12T06:19:00+00:00","dateModified":"2025-05-11T12:55:00+00:00","author":{"@id":"https:\/\/www.ladiagonale.net\/#\/schema\/person\/79ff1e7b0853ed01b2aa26e64ad300bf"},"breadcrumb":{"@id":"https:\/\/www.ladiagonale.net\/index.php\/2025\/04\/12\/une-lutte-entre-le-psg-et-city-pour-akliouche\/#breadcrumb"},"inLanguage":"fr-FR","potentialAction":[{"@type":"ReadAction","target":["https:\/\/www.ladiagonale.net\/index.php\/2025\/04\/12\/une-lutte-entre-le-psg-et-city-pour-akliouche\/"]}]},{"@type":"BreadcrumbList","@id":"https:\/\/www.ladiagonale.net\/index.php\/2025\/04\/12\/une-lutte-entre-le-psg-et-city-pour-akliouche\/#breadcrumb","itemListElement":[{"@type":"ListItem","position":1,"name":"Accueil","item":"https:\/\/www.ladiagonale.net\/"},{"@type":"ListItem","position":2,"name":"Une lutte entre le PSG et City pour Akliouche ?"}]},{"@type":"WebSite","@id":"https:\/\/www.ladiagonale.net\/#website","url":"https:\/\/www.ladiagonale.net\/","name":"La Diagonale","description":"Le site des supporters de l&#039;AS Monaco FC","potentialAction":[{"@type":"SearchAction","target":{"@type":"EntryPoint","urlTemplate":"https:\/\/www.ladiagonale.net\/?s={search_term_string}"},"query-input":"required name=search_term_string"}],"inLanguage":"fr-FR"},{"@type":"Person","@id":"https:\/\/www.ladiagonale.net\/#\/schema\/person\/79ff1e7b0853ed01b2aa26e64ad300bf","name":"Damien Dellerba","image":{"@type":"ImageObject","inLanguage":"fr-FR","@id":"https:\/\/www.ladiagonale.net\/#\/schema\/person\/image\/","url":"https:\/\/secure.gravatar.com\/avatar\/c7850e06d3ff63cdbaee88b7fc16e2f0?s=96&d=mm&r=g","contentUrl":"https:\/\/secure.gravatar.com\/avatar\/c7850e06d3ff63cdbaee88b7fc16e2f0?s=96&d=mm&r=g","caption":"Damien Dellerba"},"url":"https:\/\/www.ladiagonale.net\/index.php\/author\/damien\/"}]}},"_links":{"self":[{"href":"https:\/\/www.ladiagonale.net\/index.php\/wp-json\/wp\/v2\/posts\/30920"}],"collection":[{"href":"https:\/\/www.ladiagonale.net\/index.php\/wp-json\/wp\/v2\/posts"}],"about":[{"href":"https:\/\/www.ladiagonale.net\/index.php\/wp-json\/wp\/v2\/types\/post"}],"author":[{"embeddable":true,"href":"https:\/\/www.ladiagonale.net\/index.php\/wp-json\/wp\/v2\/users\/2"}],"replies":[{"embeddable":true,"href":"https:\/\/www.ladiagonale.net\/index.php\/wp-json\/wp\/v2\/comments?post=30920"}],"version-history":[{"count":2,"href":"https:\/\/www.ladiagonale.net\/index.php\/wp-json\/wp\/v2\/posts\/30920\/revisions"}],"predecessor-version":[{"id":31409,"href":"https:\/\/www.ladiagonale.net\/index.php\/wp-json\/wp\/v2\/posts\/30920\/revisions\/31409"}],"wp:attachment":[{"href":"https:\/\/www.ladiagonale.net\/index.php\/wp-json\/wp\/v2\/media?parent=30920"}],"wp:term":[{"taxonomy":"category","embeddable":true,"href":"https:\/\/www.ladiagonale.net\/index.php\/wp-json\/wp\/v2\/categories?post=30920"},{"taxonomy":"post_tag","embeddable":true,"href":"https:\/\/www.ladiagonale.net\/index.php\/wp-json\/wp\/v2\/tags?post=30920"}],"curies":[{"name":"wp","href":"https:\/\/api.w.org\/{rel}","templated":true}]}}