{"id":30924,"date":"2025-04-12T08:47:00","date_gmt":"2025-04-12T06:47:00","guid":{"rendered":"https:\/\/www.ladiagonale.net\/?p=30924"},"modified":"2025-12-28T01:13:08","modified_gmt":"2025-12-28T00:13:08","slug":"embolo-le-meilleur-exemple-pour-moi-cest-dembele","status":"publish","type":"post","link":"https:\/\/www.ladiagonale.net\/index.php\/2025\/04\/12\/embolo-le-meilleur-exemple-pour-moi-cest-dembele\/","title":{"rendered":"Embolo : \u00ab\u00a0Le meilleur exemple pour moi, c\u2019est Demb\u00e9l\u00e9\u00a0\u00bb"},"content":{"rendered":"\n\n\n<p>C\u2019est peu de dire que Breel Embolo n\u2019a pas brill\u00e9 cette saison par son efficacit\u00e9 face au but. L\u2019attaquant de l\u2019AS Monaco a m\u00eame \u00e9t\u00e9 sous le feu des critiques pour avoir trop souvent \u00e9tal\u00e9 sa maladresse en diff\u00e9rentes occasions. Mais le Suisse n\u2019a jamais voulu se d\u00e9finir par ses seules qualit\u00e9s de buteur, comme il l\u2019a rappel\u00e9 dans un entretien donn\u00e9 conjointement \u00e0 <em>L\u2019\u00c9quipe<\/em> et <em>Nice-Matin<\/em> : \u00ab&nbsp;<em>J&rsquo;ai toujours entendu&nbsp;: \u00ab\u00a0<\/em>Pourquoi tu fais la passe&nbsp;?<em>\u00a0\u00bb alors que j&rsquo;\u00e9tais en situation de frapper. Mais pour moi, une passe, \u00e7a a la m\u00eame valeur qu&rsquo;un but. M\u00eame l&rsquo;avant-derni\u00e8re passe peut d\u00e9bloquer une action. On juge les attaquants sur les buts et c&rsquo;est normal, mais quand on parle d&rsquo;aider l&rsquo;\u00e9quipe, je mets aussi \u00e7a tr\u00e8s haut dans ma liste.<\/em>&nbsp;\u00bb<\/p>\n\n\n\n<p>Form\u00e9 comme milieu de terrain, il reconna\u00eet qu\u2019il n\u2019a pas forc\u00e9ment l\u2019\u00e9tat d\u2019esprit d\u2019un attaquant obs\u00e9d\u00e9 par le fait de faire trembler les filets adverses et qu\u2019il est bien plus altruiste qu\u2019\u00e9go\u00efste : \u00ab&nbsp;<em>J&rsquo;aime l&rsquo;axe, \u00eatre dans le c\u0153ur du jeu. (\u2026) Ce qui n&rsquo;a jamais chang\u00e9, c&rsquo;est mon \u00e9tat d&rsquo;esprit, vouloir aider l&rsquo;\u00e9quipe. Le but \u00e9tait toujours la r\u00e9compense, jamais l&rsquo;inverse. C&rsquo;est un peu \u00e7a mon probl\u00e8me, pour \u00eatre l&rsquo;attaquant que les gens souhaitent, il faudrait que je sois plus \u00e9go\u00efste.&nbsp;(\u2026) J\u2019essaie de travailler sur \u00e7a&nbsp;: entrer sur le terrain et \u00eatre le mec d\u00e9cisif. Marquer et gagner, faire les deux, c&rsquo;est possible. C&rsquo;est aussi une question d\u2019ego.<\/em>&nbsp;\u00bb<\/p>\n\n\n\n<blockquote class=\"wp-block-quote\"><p>\u00ab&nbsp;Ce que je me reproche, c\u2019est d\u2019avoir eu deux id\u00e9es au m\u00eame moment&nbsp;\u00bb<\/p><cite>Breel Embolo, sur son rat\u00e9 devant le but contre Benfica (le 18 f\u00e9vrier)<\/cite><\/blockquote>\n\n\n\n<p>Embolo reconna\u00eet qu\u2019un bon exemple \u00e0 suivre, c\u2019est Ousmane Demb\u00e9l\u00e9. Le Parisien, souvent d\u00e9cri\u00e9 pour son manque de r\u00e9alisme, affole les compteurs et a inscrit la bagatelle de 25 buts en 2025 : \u00ab&nbsp;<em>J&rsquo;ai un vid\u00e9o analyste qui travaille avec moi. On fait des retours de match souvent intenses. Le meilleur exemple pour moi, c&rsquo;est Ousmane Demb\u00e9l\u00e9. En d\u00e9but de saison, personne ne croyait en lui en termes de statistiques. Et ce qu&rsquo;il r\u00e9alise, \u00e7a montre que \u00e7a se travaille. Quand tu as le d\u00e9clic, que tu entres dans un flow\u2026 Je l&rsquo;ai eu ma premi\u00e8re ann\u00e9e ici (2022, 12&nbsp;buts en L1). Avant ma blessure (en ao\u00fbt 2023), mes statistiques n&rsquo;\u00e9taient pas mal.<\/em>&nbsp;\u00bb<\/p>\n\n\n\n<p>Si l\u2019attaquant de 28 ans accorde une aussi grande importance au fait de faire des passes, ses \u00e9checs devant le but peuvent aussi lui peser :&nbsp;\u00ab&nbsp;<em>Un bon exemple, c&rsquo;est mon occasion rat\u00e9e \u00e0 Benfica&nbsp;(en play-offs retour de la Ligue des champions). Ce que je me reproche, c&rsquo;est d&rsquo;avoir eu deux id\u00e9es au m\u00eame moment, et la deuxi\u00e8me, c&rsquo;\u00e9tait de la redonner \u00e0 Maghnes (Akliouche). Je le guette lui plut\u00f4t que l&rsquo;occasion de but. \u00c0 la fin, \u00e7a donne une frappe qui n&rsquo;en est m\u00eame pas une, entre la frappe et un lob. Je me souviens qu&rsquo;\u00e0 la mi-temps, je me parlais tout seul, j&rsquo;\u00e9tais f\u00e2ch\u00e9. C&rsquo;est fou quand m\u00eame d&rsquo;avoir deux id\u00e9es \u00e0 ce moment-l\u00e0 alors que tu ne dois en avoir qu&rsquo;une&nbsp;: prendre la balle, dribbler le gardien ou frapper. Si tu as cet instinct de killer, tu ne r\u00e9fl\u00e9chis m\u00eame pas.<\/em>&nbsp;\u00bb<\/p>\n\n\n\n<blockquote class=\"wp-block-quote\"><p>\u00ab&nbsp;Il faut te r\u00e9compenser toi-m\u00eame pour que les autres te r\u00e9compensent aussi.&nbsp;\u00bb<\/p><cite>Breel Embolo<\/cite><\/blockquote>\n\n\n\n<p>Forc\u00e9ment, ces occasions g\u00e2ch\u00e9es ont un impact sur sa perception par les supporters, qui ne l&rsquo;ont pas \u00e9pargn\u00e9 depuis le d\u00e9but de la saison. \u00ab&nbsp;<em>Je n\u2019ai pas besoin des critiques pour \u00eatre plus motiv\u00e9 et me pousser. Quand je rentre sur le terrain, c\u2019est pour faire gagner mon \u00e9quipe.<\/em> <em>(&#8230;) Honn\u00eatement, je ne trouve pas que ma saison est catastrophique. Ce que je peux me reprocher, c\u2019est de ne pas me r\u00e9compenser moi-m\u00eame. Je comprends qu\u2019on me juge : des fois, on voit mon apport mais on peut \u00eatre d\u00e9\u00e7u que \u00e7a ne soit pas abouti avec un but. Je vois les critiques comme positives, \u00e7a montre la qualit\u00e9 et les attentes. S\u2019il n\u2019y a aucune attente, il n\u2019y a pas de critique.<\/em>&nbsp;\u00bb<\/p>\n\n\n\n<p>Et le Suisse de se montrer philosophe : \u00ab&nbsp;<em>Il faut te r\u00e9compenser toi-m\u00eame pour que les autres te r\u00e9compensent aussi. Il y a beaucoup de matchs o\u00f9 je n\u2019ai pas eu cette r\u00e9compense, contrairement \u00e0 ma premi\u00e8re saison. Quand tu d\u00e9bloques les choses, que tu es l\u00e9ger et que tu ne r\u00e9fl\u00e9chis pas trop, tout rentre comme tu veux. Cette saison, j\u2019ai rat\u00e9 l\u2019occasion de d\u00e9bloquer ce truc qui fait que si un ballon me tape sur la t\u00eate, il ira dans le but. Mais c\u2019est toujours possible. J\u2019essaie de ne jamais mettre mes int\u00e9r\u00eats personnels avant l\u2019\u00e9quipe, m\u00eame si c\u2019est s\u00fbr que c\u2019est important de marquer. Mais je ne serai jamais content si je reste 90 minutes sans rien faire, sans gagner de duels, m\u00eame si je marque un but \u00e0 la 70<sup>e<\/sup>.<\/em>&nbsp;\u00bb<\/p>\n\n\n\n<p class=\"has-text-align-right has-small-font-size\">Sources :<em> <a href=\"https:\/\/www.lequipe.fr\/Football\/Article\/Breel-embolo-monaco-sur-le-role-d-attaquant-le-meilleur-exemple-c-est-dembele\/1553288\" target=\"_blank\" rel=\"noreferrer noopener\">L&rsquo;\u00c9quipe<\/a><\/em> et <em><a href=\"https:\/\/www.nicematin.com\/football\/-j-ai-accompagne-mika-biereth-acheter-une-trottinette-avant-le-match-face-a-marseille-breel-embolo-se-confie-sur-sa-relation-avec-le-danois-et-la-saison-de-l-as-monaco-981698\" target=\"_blank\" rel=\"noreferrer noopener\">Nice-Matin<\/a><\/em><\/p>\n","protected":false},"excerpt":{"rendered":"<p>C\u2019est peu de dire que Breel Embolo n\u2019a pas brill\u00e9 cette saison par son efficacit\u00e9 face au but. L\u2019attaquant de l\u2019AS Monaco a m\u00eame \u00e9t\u00e9 sous le feu des critiques pour avoir trop souvent \u00e9tal\u00e9 sa maladresse en diff\u00e9rentes occasions. Mais le Suisse n\u2019a jamais voulu se d\u00e9finir par ses seules qualit\u00e9s de buteur, comme [&#8230;]\n","protected":false},"author":2,"featured_media":0,"comment_status":"open","ping_status":"open","sticky":false,"template":"","format":"standard","meta":[],"categories":[6],"tags":[86,161],"yoast_head":"<!-- This site is optimized with the Yoast SEO plugin v19.8 - https:\/\/yoast.com\/wordpress\/plugins\/seo\/ -->\n<title>Embolo : \u00ab\u00a0Le meilleur exemple pour moi, c\u2019est Demb\u00e9l\u00e9\u00a0\u00bb - La Diagonale<\/title>\n<meta name=\"robots\" content=\"index, follow, max-snippet:-1, max-image-preview:large, max-video-preview:-1\" \/>\n<link rel=\"canonical\" href=\"https:\/\/www.ladiagonale.net\/index.php\/2025\/04\/12\/embolo-le-meilleur-exemple-pour-moi-cest-dembele\/\" \/>\n<meta property=\"og:locale\" content=\"fr_FR\" \/>\n<meta property=\"og:type\" content=\"article\" \/>\n<meta property=\"og:title\" content=\"Embolo : \u00ab\u00a0Le meilleur exemple pour moi, c\u2019est Demb\u00e9l\u00e9\u00a0\u00bb - La Diagonale\" \/>\n<meta property=\"og:description\" content=\"C\u2019est peu de dire que Breel Embolo n\u2019a pas brill\u00e9 cette saison par son efficacit\u00e9 face au but. L\u2019attaquant de l\u2019AS Monaco a m\u00eame \u00e9t\u00e9 sous le feu des critiques pour avoir trop souvent \u00e9tal\u00e9 sa maladresse en diff\u00e9rentes occasions. Mais le Suisse n\u2019a jamais voulu se d\u00e9finir par ses seules qualit\u00e9s de buteur, comme [...]\" \/>\n<meta property=\"og:url\" content=\"https:\/\/www.ladiagonale.net\/index.php\/2025\/04\/12\/embolo-le-meilleur-exemple-pour-moi-cest-dembele\/\" \/>\n<meta property=\"og:site_name\" content=\"La Diagonale\" \/>\n<meta property=\"article:published_time\" content=\"2025-04-12T06:47:00+00:00\" \/>\n<meta property=\"article:modified_time\" content=\"2025-12-28T00:13:08+00:00\" \/>\n<meta property=\"og:image\" content=\"https:\/\/www.ladiagonale.net\/wp-content\/uploads\/2024\/08\/embolo-barca.png\" \/>\n\t<meta property=\"og:image:width\" content=\"1160\" \/>\n\t<meta property=\"og:image:height\" content=\"650\" \/>\n\t<meta property=\"og:image:type\" content=\"image\/png\" \/>\n<meta name=\"author\" content=\"Damien Dellerba\" \/>\n<meta name=\"twitter:card\" content=\"summary_large_image\" \/>\n<meta name=\"twitter:image\" content=\"https:\/\/www.ladiagonale.net\/wp-content\/uploads\/2024\/08\/embolo-barca.png\" \/>\n<meta name=\"twitter:label1\" content=\"\u00c9crit par\" \/>\n\t<meta name=\"twitter:data1\" content=\"Damien Dellerba\" \/>\n\t<meta name=\"twitter:label2\" content=\"Dur\u00e9e de lecture estim\u00e9e\" \/>\n\t<meta name=\"twitter:data2\" content=\"5 minutes\" \/>\n<script type=\"application\/ld+json\" class=\"yoast-schema-graph\">{\"@context\":\"https:\/\/schema.org\",\"@graph\":[{\"@type\":\"WebPage\",\"@id\":\"https:\/\/www.ladiagonale.net\/index.php\/2025\/04\/12\/embolo-le-meilleur-exemple-pour-moi-cest-dembele\/\",\"url\":\"https:\/\/www.ladiagonale.net\/index.php\/2025\/04\/12\/embolo-le-meilleur-exemple-pour-moi-cest-dembele\/\",\"name\":\"Embolo : \u00ab\u00a0Le meilleur exemple pour moi, c\u2019est Demb\u00e9l\u00e9\u00a0\u00bb - La Diagonale\",\"isPartOf\":{\"@id\":\"https:\/\/www.ladiagonale.net\/#website\"},\"datePublished\":\"2025-04-12T06:47:00+00:00\",\"dateModified\":\"2025-12-28T00:13:08+00:00\",\"author\":{\"@id\":\"https:\/\/www.ladiagonale.net\/#\/schema\/person\/79ff1e7b0853ed01b2aa26e64ad300bf\"},\"breadcrumb\":{\"@id\":\"https:\/\/www.ladiagonale.net\/index.php\/2025\/04\/12\/embolo-le-meilleur-exemple-pour-moi-cest-dembele\/#breadcrumb\"},\"inLanguage\":\"fr-FR\",\"potentialAction\":[{\"@type\":\"ReadAction\",\"target\":[\"https:\/\/www.ladiagonale.net\/index.php\/2025\/04\/12\/embolo-le-meilleur-exemple-pour-moi-cest-dembele\/\"]}]},{\"@type\":\"BreadcrumbList\",\"@id\":\"https:\/\/www.ladiagonale.net\/index.php\/2025\/04\/12\/embolo-le-meilleur-exemple-pour-moi-cest-dembele\/#breadcrumb\",\"itemListElement\":[{\"@type\":\"ListItem\",\"position\":1,\"name\":\"Accueil\",\"item\":\"https:\/\/www.ladiagonale.net\/\"},{\"@type\":\"ListItem\",\"position\":2,\"name\":\"Embolo : \u00ab\u00a0Le meilleur exemple pour moi, c\u2019est Demb\u00e9l\u00e9\u00a0\u00bb\"}]},{\"@type\":\"WebSite\",\"@id\":\"https:\/\/www.ladiagonale.net\/#website\",\"url\":\"https:\/\/www.ladiagonale.net\/\",\"name\":\"La Diagonale\",\"description\":\"Le site des supporters de l&#039;AS Monaco FC\",\"potentialAction\":[{\"@type\":\"SearchAction\",\"target\":{\"@type\":\"EntryPoint\",\"urlTemplate\":\"https:\/\/www.ladiagonale.net\/?s={search_term_string}\"},\"query-input\":\"required name=search_term_string\"}],\"inLanguage\":\"fr-FR\"},{\"@type\":\"Person\",\"@id\":\"https:\/\/www.ladiagonale.net\/#\/schema\/person\/79ff1e7b0853ed01b2aa26e64ad300bf\",\"name\":\"Damien Dellerba\",\"image\":{\"@type\":\"ImageObject\",\"inLanguage\":\"fr-FR\",\"@id\":\"https:\/\/www.ladiagonale.net\/#\/schema\/person\/image\/\",\"url\":\"https:\/\/secure.gravatar.com\/avatar\/c7850e06d3ff63cdbaee88b7fc16e2f0?s=96&d=mm&r=g\",\"contentUrl\":\"https:\/\/secure.gravatar.com\/avatar\/c7850e06d3ff63cdbaee88b7fc16e2f0?s=96&d=mm&r=g\",\"caption\":\"Damien Dellerba\"},\"url\":\"https:\/\/www.ladiagonale.net\/index.php\/author\/damien\/\"}]}<\/script>\n<!-- \/ Yoast SEO plugin. -->","yoast_head_json":{"title":"Embolo : \u00ab\u00a0Le meilleur exemple pour moi, c\u2019est Demb\u00e9l\u00e9\u00a0\u00bb - La Diagonale","robots":{"index":"index","follow":"follow","max-snippet":"max-snippet:-1","max-image-preview":"max-image-preview:large","max-video-preview":"max-video-preview:-1"},"canonical":"https:\/\/www.ladiagonale.net\/index.php\/2025\/04\/12\/embolo-le-meilleur-exemple-pour-moi-cest-dembele\/","og_locale":"fr_FR","og_type":"article","og_title":"Embolo : \u00ab\u00a0Le meilleur exemple pour moi, c\u2019est Demb\u00e9l\u00e9\u00a0\u00bb - La Diagonale","og_description":"C\u2019est peu de dire que Breel Embolo n\u2019a pas brill\u00e9 cette saison par son efficacit\u00e9 face au but. L\u2019attaquant de l\u2019AS Monaco a m\u00eame \u00e9t\u00e9 sous le feu des critiques pour avoir trop souvent \u00e9tal\u00e9 sa maladresse en diff\u00e9rentes occasions. Mais le Suisse n\u2019a jamais voulu se d\u00e9finir par ses seules qualit\u00e9s de buteur, comme [...]","og_url":"https:\/\/www.ladiagonale.net\/index.php\/2025\/04\/12\/embolo-le-meilleur-exemple-pour-moi-cest-dembele\/","og_site_name":"La Diagonale","article_published_time":"2025-04-12T06:47:00+00:00","article_modified_time":"2025-12-28T00:13:08+00:00","og_image":[{"width":1160,"height":650,"url":"https:\/\/www.ladiagonale.net\/wp-content\/uploads\/2024\/08\/embolo-barca.png","type":"image\/png"}],"author":"Damien Dellerba","twitter_card":"summary_large_image","twitter_image":"https:\/\/www.ladiagonale.net\/wp-content\/uploads\/2024\/08\/embolo-barca.png","twitter_misc":{"\u00c9crit par":"Damien Dellerba","Dur\u00e9e de lecture estim\u00e9e":"5 minutes"},"schema":{"@context":"https:\/\/schema.org","@graph":[{"@type":"WebPage","@id":"https:\/\/www.ladiagonale.net\/index.php\/2025\/04\/12\/embolo-le-meilleur-exemple-pour-moi-cest-dembele\/","url":"https:\/\/www.ladiagonale.net\/index.php\/2025\/04\/12\/embolo-le-meilleur-exemple-pour-moi-cest-dembele\/","name":"Embolo : \u00ab\u00a0Le meilleur exemple pour moi, c\u2019est Demb\u00e9l\u00e9\u00a0\u00bb - La Diagonale","isPartOf":{"@id":"https:\/\/www.ladiagonale.net\/#website"},"datePublished":"2025-04-12T06:47:00+00:00","dateModified":"2025-12-28T00:13:08+00:00","author":{"@id":"https:\/\/www.ladiagonale.net\/#\/schema\/person\/79ff1e7b0853ed01b2aa26e64ad300bf"},"breadcrumb":{"@id":"https:\/\/www.ladiagonale.net\/index.php\/2025\/04\/12\/embolo-le-meilleur-exemple-pour-moi-cest-dembele\/#breadcrumb"},"inLanguage":"fr-FR","potentialAction":[{"@type":"ReadAction","target":["https:\/\/www.ladiagonale.net\/index.php\/2025\/04\/12\/embolo-le-meilleur-exemple-pour-moi-cest-dembele\/"]}]},{"@type":"BreadcrumbList","@id":"https:\/\/www.ladiagonale.net\/index.php\/2025\/04\/12\/embolo-le-meilleur-exemple-pour-moi-cest-dembele\/#breadcrumb","itemListElement":[{"@type":"ListItem","position":1,"name":"Accueil","item":"https:\/\/www.ladiagonale.net\/"},{"@type":"ListItem","position":2,"name":"Embolo : \u00ab\u00a0Le meilleur exemple pour moi, c\u2019est Demb\u00e9l\u00e9\u00a0\u00bb"}]},{"@type":"WebSite","@id":"https:\/\/www.ladiagonale.net\/#website","url":"https:\/\/www.ladiagonale.net\/","name":"La Diagonale","description":"Le site des supporters de l&#039;AS Monaco FC","potentialAction":[{"@type":"SearchAction","target":{"@type":"EntryPoint","urlTemplate":"https:\/\/www.ladiagonale.net\/?s={search_term_string}"},"query-input":"required name=search_term_string"}],"inLanguage":"fr-FR"},{"@type":"Person","@id":"https:\/\/www.ladiagonale.net\/#\/schema\/person\/79ff1e7b0853ed01b2aa26e64ad300bf","name":"Damien Dellerba","image":{"@type":"ImageObject","inLanguage":"fr-FR","@id":"https:\/\/www.ladiagonale.net\/#\/schema\/person\/image\/","url":"https:\/\/secure.gravatar.com\/avatar\/c7850e06d3ff63cdbaee88b7fc16e2f0?s=96&d=mm&r=g","contentUrl":"https:\/\/secure.gravatar.com\/avatar\/c7850e06d3ff63cdbaee88b7fc16e2f0?s=96&d=mm&r=g","caption":"Damien Dellerba"},"url":"https:\/\/www.ladiagonale.net\/index.php\/author\/damien\/"}]}},"_links":{"self":[{"href":"https:\/\/www.ladiagonale.net\/index.php\/wp-json\/wp\/v2\/posts\/30924"}],"collection":[{"href":"https:\/\/www.ladiagonale.net\/index.php\/wp-json\/wp\/v2\/posts"}],"about":[{"href":"https:\/\/www.ladiagonale.net\/index.php\/wp-json\/wp\/v2\/types\/post"}],"author":[{"embeddable":true,"href":"https:\/\/www.ladiagonale.net\/index.php\/wp-json\/wp\/v2\/users\/2"}],"replies":[{"embeddable":true,"href":"https:\/\/www.ladiagonale.net\/index.php\/wp-json\/wp\/v2\/comments?post=30924"}],"version-history":[{"count":2,"href":"https:\/\/www.ladiagonale.net\/index.php\/wp-json\/wp\/v2\/posts\/30924\/revisions"}],"predecessor-version":[{"id":30929,"href":"https:\/\/www.ladiagonale.net\/index.php\/wp-json\/wp\/v2\/posts\/30924\/revisions\/30929"}],"wp:attachment":[{"href":"https:\/\/www.ladiagonale.net\/index.php\/wp-json\/wp\/v2\/media?parent=30924"}],"wp:term":[{"taxonomy":"category","embeddable":true,"href":"https:\/\/www.ladiagonale.net\/index.php\/wp-json\/wp\/v2\/categories?post=30924"},{"taxonomy":"post_tag","embeddable":true,"href":"https:\/\/www.ladiagonale.net\/index.php\/wp-json\/wp\/v2\/tags?post=30924"}],"curies":[{"name":"wp","href":"https:\/\/api.w.org\/{rel}","templated":true}]}}