{"id":30952,"date":"2025-04-13T14:33:42","date_gmt":"2025-04-13T12:33:42","guid":{"rendered":"https:\/\/www.ladiagonale.net\/?p=30952"},"modified":"2025-04-13T14:33:44","modified_gmt":"2025-04-13T12:33:44","slug":"les-notes-embolo-porte-monaco","status":"publish","type":"post","link":"https:\/\/www.ladiagonale.net\/index.php\/2025\/04\/13\/les-notes-embolo-porte-monaco\/","title":{"rendered":"Les notes : Embolo porte Monaco"},"content":{"rendered":"\n\n\n<p><strong>Tr\u00e8s pr\u00e9cieux, l\u2019attaquant de l\u2019AS Monaco Breel Embolo a \u00e9t\u00e9 impliqu\u00e9 sur les trois buts face \u00e0 l\u2019Olympique de Marseille.<\/strong><\/p>\n\n\n\n<h4 class=\"wp-block-heading has-white-color has-text-color has-background\" style=\"background-color:#045000\">TOPS<\/h4>\n\n\n\n<div class=\"wp-block-media-text alignwide is-stacked-on-mobile\" style=\"grid-template-columns:30% auto\"><figure class=\"wp-block-media-text__media\"><img loading=\"lazy\" width=\"400\" height=\"400\" src=\"https:\/\/www.ladiagonale.net\/wp-content\/uploads\/2024\/12\/Embolo8.png\" alt=\"\" class=\"wp-image-28297 size-full\" srcset=\"https:\/\/www.ladiagonale.net\/wp-content\/uploads\/2024\/12\/Embolo8.png 400w, https:\/\/www.ladiagonale.net\/wp-content\/uploads\/2024\/12\/Embolo8-300x300.png 300w, https:\/\/www.ladiagonale.net\/wp-content\/uploads\/2024\/12\/Embolo8-150x150.png 150w, https:\/\/www.ladiagonale.net\/wp-content\/uploads\/2024\/12\/Embolo8-128x128.png 128w, https:\/\/www.ladiagonale.net\/wp-content\/uploads\/2024\/12\/Embolo8-32x32.png 32w\" sizes=\"(max-width: 400px) 100vw, 400px\" \/><\/figure><div class=\"wp-block-media-text__content\">\n<p style=\"font-size:16px\"><strong>Breel Embolo<\/strong><\/p>\n\n\n\n<p style=\"font-size:15px\">L\u2019attaquant suisse n\u2019a aucune garantie de rester la saison prochaine mais la prestation r\u00e9alis\u00e9e ce samedi face \u00e0 l\u2019OM peut largement plaider en sa faveur. Dans un r\u00f4le d\u2019attaquant de soutien, il a jou\u00e9 tr\u00e8s proche des autres milieux, parfois comme un num\u00e9ro 10, et sans jamais rechigner au duel. C\u2019est de tr\u00e8s bas sur le terrain qu\u2019il a lanc\u00e9 l\u2019action du premier but, avec une ouverture pour Biereth et une r\u00e9ussite maximale car le ballon a \u00e9t\u00e9 d\u00e9vi\u00e9 par Rabiot. Il inscrit le second but en finesse en flirtant avec la limite du hors-jeu (59<sup>e<\/sup>) et obtient le p\u00e9nalty qui corse l\u2019addition (82<sup>e<\/sup>). Il aurait pu aussi marquer de la t\u00eate mais Rulli s\u2019est interpos\u00e9 (49<sup>e<\/sup>). Tr\u00e8s pr\u00e9sent aussi dans sa surface pour d\u00e9gager les corners marseillais.<\/p>\n<\/div><\/div>\n\n\n\n<div style=\"height:50px\" aria-hidden=\"true\" class=\"wp-block-spacer\"><\/div>\n\n\n\n<div class=\"wp-block-media-text alignwide is-stacked-on-mobile\" style=\"grid-template-columns:30% auto\"><figure class=\"wp-block-media-text__media\"><img loading=\"lazy\" width=\"400\" height=\"400\" src=\"https:\/\/www.ladiagonale.net\/wp-content\/uploads\/2025\/04\/Zakaria8.png\" alt=\"\" class=\"wp-image-30953 size-full\" srcset=\"https:\/\/www.ladiagonale.net\/wp-content\/uploads\/2025\/04\/Zakaria8.png 400w, https:\/\/www.ladiagonale.net\/wp-content\/uploads\/2025\/04\/Zakaria8-300x300.png 300w, https:\/\/www.ladiagonale.net\/wp-content\/uploads\/2025\/04\/Zakaria8-150x150.png 150w, https:\/\/www.ladiagonale.net\/wp-content\/uploads\/2025\/04\/Zakaria8-128x128.png 128w, https:\/\/www.ladiagonale.net\/wp-content\/uploads\/2025\/04\/Zakaria8-32x32.png 32w\" sizes=\"(max-width: 400px) 100vw, 400px\" \/><\/figure><div class=\"wp-block-media-text__content\">\n<p style=\"font-size:16px\"><strong>Denis Zakaria<\/strong><\/p>\n\n\n\n<p style=\"font-size:15px\">Le capitaine aime d\u00e9cid\u00e9ment les gros matches. C\u2019en \u00e9tait un et il a donc r\u00e9pondu pr\u00e9sent. Outre sa passe d\u00e9cisive d\u2019un tacle rageur pour Minamino et son p\u00e9nalty transform\u00e9 de fa\u00e7on tr\u00e8s autoritaire apr\u00e8s celui face \u00e0 Brest la semaine pass\u00e9e, il a \u00e9t\u00e9 imp\u00e9rial dans l\u2019entrejeu, d\u00e9passant nettement Rongier et H\u00f6jbjerg en termes d\u2019activit\u00e9 et de vitesse d\u2019ex\u00e9cution. Une grosse intervention (27<sup>e<\/sup>), un retour sur Murillo (50<sup>e<\/sup>), des duels remport\u00e9s en majorit\u00e9 (7\/10), beaucoup de ballons r\u00e9cup\u00e9r\u00e9s (10) et un relais essentiel dans le jeu de transition.<\/p>\n<\/div><\/div>\n\n\n\n<div style=\"height:50px\" aria-hidden=\"true\" class=\"wp-block-spacer\"><\/div>\n\n\n\n<div class=\"wp-block-media-text alignwide is-stacked-on-mobile\" style=\"grid-template-columns:30% auto\"><figure class=\"wp-block-media-text__media\"><img loading=\"lazy\" width=\"400\" height=\"400\" src=\"https:\/\/www.ladiagonale.net\/wp-content\/uploads\/2025\/04\/Camara8.png\" alt=\"\" class=\"wp-image-30954 size-full\" srcset=\"https:\/\/www.ladiagonale.net\/wp-content\/uploads\/2025\/04\/Camara8.png 400w, https:\/\/www.ladiagonale.net\/wp-content\/uploads\/2025\/04\/Camara8-300x300.png 300w, https:\/\/www.ladiagonale.net\/wp-content\/uploads\/2025\/04\/Camara8-150x150.png 150w, https:\/\/www.ladiagonale.net\/wp-content\/uploads\/2025\/04\/Camara8-128x128.png 128w, https:\/\/www.ladiagonale.net\/wp-content\/uploads\/2025\/04\/Camara8-32x32.png 32w\" sizes=\"(max-width: 400px) 100vw, 400px\" \/><\/figure><div class=\"wp-block-media-text__content\">\n<p style=\"font-size:16px\"><strong>Lamine Camara<\/strong><\/p>\n\n\n\n<p style=\"font-size:15px\">Un superbe match de la part du milieu s\u00e9n\u00e9galais. Il a mis \u00e9norm\u00e9ment de c\u0153ur, en allant notamment presser partout sur le terrain en premi\u00e8re p\u00e9riode et en r\u00e9alisant plusieurs r\u00e9cup\u00e9rations fort \u00e0 propos. Il a remport\u00e9 la plupart de ses duels (4\/6) et n\u2019a pas rat\u00e9 grand-chose. Ses corners ont \u00e9t\u00e9 bons et ont donn\u00e9 des occasions pour les Mon\u00e9gasques. Il a aussi r\u00e9alis\u00e9 un centre superbe de l\u2019ext\u00e9rieur du pied pour Akliouche (57<sup>e<\/sup>) et sa frappe de loin aurait m\u00e9rit\u00e9 un meilleur sort, sortie du bout des doigts par Rulli (77<sup>e<\/sup>). Avec Zakaria, ils ont mang\u00e9 le milieu marseillais.<\/p>\n<\/div><\/div>\n\n\n\n<div style=\"height:50px\" aria-hidden=\"true\" class=\"wp-block-spacer\"><\/div>\n\n\n\n<div class=\"wp-block-media-text alignwide is-stacked-on-mobile\" style=\"grid-template-columns:30% auto\"><figure class=\"wp-block-media-text__media\"><img loading=\"lazy\" width=\"400\" height=\"400\" src=\"https:\/\/www.ladiagonale.net\/wp-content\/uploads\/2024\/12\/Ko\u0308hn7.png\" alt=\"\" class=\"wp-image-28302 size-full\" srcset=\"https:\/\/www.ladiagonale.net\/wp-content\/uploads\/2024\/12\/Ko\u0308hn7.png 400w, https:\/\/www.ladiagonale.net\/wp-content\/uploads\/2024\/12\/Ko\u0308hn7-300x300.png 300w, https:\/\/www.ladiagonale.net\/wp-content\/uploads\/2024\/12\/Ko\u0308hn7-150x150.png 150w, https:\/\/www.ladiagonale.net\/wp-content\/uploads\/2024\/12\/Ko\u0308hn7-128x128.png 128w, https:\/\/www.ladiagonale.net\/wp-content\/uploads\/2024\/12\/Ko\u0308hn7-32x32.png 32w\" sizes=\"(max-width: 400px) 100vw, 400px\" \/><\/figure><div class=\"wp-block-media-text__content\">\n<p style=\"font-size:16px\"><strong>Philipp K\u00f6hn<\/strong><\/p>\n\n\n\n<p style=\"font-size:15px\">H\u00e9sitant dans l\u2019appr\u00e9ciation de plusieurs centres et dans ses sorties (38<sup>e<\/sup>, 39<sup>e<\/sup>), il a une r\u00e9ussite maximale sur l\u2019\u00e9norme rat\u00e9 de Luis Henrique (42<sup>e<\/sup>), o\u00f9 il juge encore mal le centre, en touchant juste ce qu\u2019il faut le cuire pour le d\u00e9tourner sans le faire rentrer dans son propre but. Mais cette action lui a donn\u00e9 plus de confiance et il a pu faire plusieurs parades d\u00e9cisives par la suite, notamment une parfaite devant Gouiri (67<sup>e<\/sup>). Des arr\u00eats pas toujours acad\u00e9miques (52<sup>e<\/sup>) mais essentiels pour ne pas encaisser de but. Son jeu au pied a \u00e9t\u00e9 plut\u00f4t m\u00e9diocre mais c\u2019est sa longue relance qui am\u00e8ne le p\u00e9nalty.<\/p>\n<\/div><\/div>\n\n\n\n<div style=\"height:50px\" aria-hidden=\"true\" class=\"wp-block-spacer\"><\/div>\n\n\n\n<div class=\"wp-block-media-text alignwide is-stacked-on-mobile\" style=\"grid-template-columns:30% auto\"><figure class=\"wp-block-media-text__media\"><img loading=\"lazy\" width=\"400\" height=\"400\" src=\"https:\/\/www.ladiagonale.net\/wp-content\/uploads\/2024\/10\/Singo6.png\" alt=\"\" class=\"wp-image-26788 size-full\"\/><\/figure><div class=\"wp-block-media-text__content\">\n<p style=\"font-size:16px\"><strong>Wilfried Singo<\/strong><\/p>\n\n\n\n<p style=\"font-size:15px\">Il a v\u00e9cu dix premi\u00e8res minutes compliqu\u00e9es : il a d\u2019abord gliss\u00e9 et failli offrir une premi\u00e8re situation \u00e0 Marseille, il a ensuite \u00e9t\u00e9 pris de vitesse par Rowe avant d\u2019\u00eatre averti pour une faute sur l\u2019attaquant olympien (9<sup>e<\/sup>). Mais pass\u00e9 cette entame d\u00e9licate, l\u2019Ivoirien a repris le dessus assez nettement sur son vis-\u00e0-vis, avec quelques interventions acrobatiques. Il n\u2019a plus \u00e9t\u00e9 pris en d\u00e9faut et a \u00e9teint Rowe, que ce soit par sa vitesse ou sa densit\u00e9 athl\u00e9tique. Il a en revanche eu chaud sur un potentiel second jaune, ce qui montre encore le travail \u00e0 accomplir dans la ma\u00eetrise de son engagement. Une \u00e9norme occasion de la t\u00eate sur corner repouss\u00e9e par Rulli (48<sup>e<\/sup>).<\/p>\n<\/div><\/div>\n\n\n\n<div style=\"height:50px\" aria-hidden=\"true\" class=\"wp-block-spacer\"><\/div>\n\n\n\n<div class=\"wp-block-media-text alignwide is-stacked-on-mobile\" style=\"grid-template-columns:30% auto\"><figure class=\"wp-block-media-text__media\"><img loading=\"lazy\" width=\"400\" height=\"400\" src=\"https:\/\/www.ladiagonale.net\/wp-content\/uploads\/2025\/01\/Vanderson6.png\" alt=\"\" class=\"wp-image-28729 size-full\" srcset=\"https:\/\/www.ladiagonale.net\/wp-content\/uploads\/2025\/01\/Vanderson6.png 400w, https:\/\/www.ladiagonale.net\/wp-content\/uploads\/2025\/01\/Vanderson6-300x300.png 300w, https:\/\/www.ladiagonale.net\/wp-content\/uploads\/2025\/01\/Vanderson6-150x150.png 150w, https:\/\/www.ladiagonale.net\/wp-content\/uploads\/2025\/01\/Vanderson6-128x128.png 128w, https:\/\/www.ladiagonale.net\/wp-content\/uploads\/2025\/01\/Vanderson6-32x32.png 32w\" sizes=\"(max-width: 400px) 100vw, 400px\" \/><\/figure><div class=\"wp-block-media-text__content\">\n<p style=\"font-size:16px\"><strong>Vanderson<\/strong><\/p>\n\n\n\n<p style=\"font-size:15px\">Le Br\u00e9silien a eu du monde \u00e0 g\u00e9rer dans son couloir et cela ne lui a pas facilit\u00e9 la t\u00e2che. Parfois en difficult\u00e9 d\u00e9fensivement, il a fait preuve de r\u00e9silience et n\u2019a pas circonscrit son activit\u00e9 \u00e0 la seule moiti\u00e9 de terrain mon\u00e9gasque. Il s\u2019est montr\u00e9 entreprenant sur le plan offensif avec des mont\u00e9es tranchantes quand il a pu. Il n\u2019a pas toujours fait preuve d&rsquo;adresse dans son jeu long mais il a r\u00e9ussi une superbe diagonale pour Biereth (52<sup>e<\/sup>). Son bilan s\u2019est \u00e9toff\u00e9 avec cette passe parfaite dans l\u2019intervalle pour le but d\u2019Embolo.<\/p>\n<\/div><\/div>\n\n\n\n<div style=\"height:50px\" aria-hidden=\"true\" class=\"wp-block-spacer\"><\/div>\n\n\n\n<h4 class=\"wp-block-heading has-white-color has-text-color has-background\" style=\"background-color:#303030\">Les autres notes<\/h4>\n\n\n<div class=\"wp-block-image\">\n<figure class=\"aligncenter size-large is-resized\"><img loading=\"lazy\" src=\"https:\/\/www.ladiagonale.net\/wp-content\/uploads\/2025\/04\/lineup-builder3-819x1024.png\" alt=\"\" class=\"wp-image-30956\" width=\"614\" height=\"768\" srcset=\"https:\/\/www.ladiagonale.net\/wp-content\/uploads\/2025\/04\/lineup-builder3-819x1024.png 819w, https:\/\/www.ladiagonale.net\/wp-content\/uploads\/2025\/04\/lineup-builder3-240x300.png 240w, https:\/\/www.ladiagonale.net\/wp-content\/uploads\/2025\/04\/lineup-builder3-768x960.png 768w, https:\/\/www.ladiagonale.net\/wp-content\/uploads\/2025\/04\/lineup-builder3-1229x1536.png 1229w, https:\/\/www.ladiagonale.net\/wp-content\/uploads\/2025\/04\/lineup-builder3-102x128.png 102w, https:\/\/www.ladiagonale.net\/wp-content\/uploads\/2025\/04\/lineup-builder3-26x32.png 26w, https:\/\/www.ladiagonale.net\/wp-content\/uploads\/2025\/04\/lineup-builder3.png 1242w\" sizes=\"(max-width: 614px) 100vw, 614px\" \/><figcaption>H\u00fctter : 7<br>Moyenne : 6,3\/10<\/figcaption><\/figure><\/div>","protected":false},"excerpt":{"rendered":"<p>Tr\u00e8s pr\u00e9cieux, l\u2019attaquant de l\u2019AS Monaco Breel Embolo a \u00e9t\u00e9 impliqu\u00e9 sur les trois buts face \u00e0 l\u2019Olympique de Marseille. TOPS Breel Embolo L\u2019attaquant suisse n\u2019a aucune garantie de rester la saison prochaine mais la prestation r\u00e9alis\u00e9e ce samedi face \u00e0 l\u2019OM peut largement plaider en sa faveur. Dans un r\u00f4le d\u2019attaquant de soutien, il [&#8230;]\n","protected":false},"author":2,"featured_media":30955,"comment_status":"open","ping_status":"open","sticky":false,"template":"","format":"standard","meta":[],"categories":[5,6],"tags":[86,94,245,248],"yoast_head":"<!-- This site is optimized with the Yoast SEO plugin v19.8 - https:\/\/yoast.com\/wordpress\/plugins\/seo\/ -->\n<title>Les notes : Embolo porte Monaco - La Diagonale<\/title>\n<meta name=\"robots\" content=\"index, follow, max-snippet:-1, max-image-preview:large, max-video-preview:-1\" \/>\n<link rel=\"canonical\" href=\"https:\/\/www.ladiagonale.net\/index.php\/2025\/04\/13\/les-notes-embolo-porte-monaco\/\" \/>\n<meta property=\"og:locale\" content=\"fr_FR\" \/>\n<meta property=\"og:type\" content=\"article\" \/>\n<meta property=\"og:title\" content=\"Les notes : Embolo porte Monaco - La Diagonale\" \/>\n<meta property=\"og:description\" content=\"Tr\u00e8s pr\u00e9cieux, l\u2019attaquant de l\u2019AS Monaco Breel Embolo a \u00e9t\u00e9 impliqu\u00e9 sur les trois buts face \u00e0 l\u2019Olympique de Marseille. TOPS Breel Embolo L\u2019attaquant suisse n\u2019a aucune garantie de rester la saison prochaine mais la prestation r\u00e9alis\u00e9e ce samedi face \u00e0 l\u2019OM peut largement plaider en sa faveur. Dans un r\u00f4le d\u2019attaquant de soutien, il [...]\" \/>\n<meta property=\"og:url\" content=\"https:\/\/www.ladiagonale.net\/index.php\/2025\/04\/13\/les-notes-embolo-porte-monaco\/\" \/>\n<meta property=\"og:site_name\" content=\"La Diagonale\" \/>\n<meta property=\"article:published_time\" content=\"2025-04-13T12:33:42+00:00\" \/>\n<meta property=\"article:modified_time\" content=\"2025-04-13T12:33:44+00:00\" \/>\n<meta property=\"og:image\" content=\"https:\/\/www.ladiagonale.net\/wp-content\/uploads\/2025\/04\/Embolo-OM.png\" \/>\n\t<meta property=\"og:image:width\" content=\"1160\" \/>\n\t<meta property=\"og:image:height\" content=\"650\" \/>\n\t<meta property=\"og:image:type\" content=\"image\/png\" \/>\n<meta name=\"author\" content=\"Damien Dellerba\" \/>\n<meta name=\"twitter:card\" content=\"summary_large_image\" \/>\n<meta name=\"twitter:image\" content=\"https:\/\/www.ladiagonale.net\/wp-content\/uploads\/2025\/04\/Embolo-OM.png\" \/>\n<meta name=\"twitter:label1\" content=\"\u00c9crit par\" \/>\n\t<meta name=\"twitter:data1\" content=\"Damien Dellerba\" \/>\n\t<meta name=\"twitter:label2\" content=\"Dur\u00e9e de lecture estim\u00e9e\" \/>\n\t<meta name=\"twitter:data2\" content=\"5 minutes\" \/>\n<script type=\"application\/ld+json\" class=\"yoast-schema-graph\">{\"@context\":\"https:\/\/schema.org\",\"@graph\":[{\"@type\":\"WebPage\",\"@id\":\"https:\/\/www.ladiagonale.net\/index.php\/2025\/04\/13\/les-notes-embolo-porte-monaco\/\",\"url\":\"https:\/\/www.ladiagonale.net\/index.php\/2025\/04\/13\/les-notes-embolo-porte-monaco\/\",\"name\":\"Les notes : Embolo porte Monaco - La Diagonale\",\"isPartOf\":{\"@id\":\"https:\/\/www.ladiagonale.net\/#website\"},\"datePublished\":\"2025-04-13T12:33:42+00:00\",\"dateModified\":\"2025-04-13T12:33:44+00:00\",\"author\":{\"@id\":\"https:\/\/www.ladiagonale.net\/#\/schema\/person\/79ff1e7b0853ed01b2aa26e64ad300bf\"},\"breadcrumb\":{\"@id\":\"https:\/\/www.ladiagonale.net\/index.php\/2025\/04\/13\/les-notes-embolo-porte-monaco\/#breadcrumb\"},\"inLanguage\":\"fr-FR\",\"potentialAction\":[{\"@type\":\"ReadAction\",\"target\":[\"https:\/\/www.ladiagonale.net\/index.php\/2025\/04\/13\/les-notes-embolo-porte-monaco\/\"]}]},{\"@type\":\"BreadcrumbList\",\"@id\":\"https:\/\/www.ladiagonale.net\/index.php\/2025\/04\/13\/les-notes-embolo-porte-monaco\/#breadcrumb\",\"itemListElement\":[{\"@type\":\"ListItem\",\"position\":1,\"name\":\"Accueil\",\"item\":\"https:\/\/www.ladiagonale.net\/\"},{\"@type\":\"ListItem\",\"position\":2,\"name\":\"Les notes : Embolo porte Monaco\"}]},{\"@type\":\"WebSite\",\"@id\":\"https:\/\/www.ladiagonale.net\/#website\",\"url\":\"https:\/\/www.ladiagonale.net\/\",\"name\":\"La Diagonale\",\"description\":\"Le site des supporters de l&#039;AS Monaco FC\",\"potentialAction\":[{\"@type\":\"SearchAction\",\"target\":{\"@type\":\"EntryPoint\",\"urlTemplate\":\"https:\/\/www.ladiagonale.net\/?s={search_term_string}\"},\"query-input\":\"required name=search_term_string\"}],\"inLanguage\":\"fr-FR\"},{\"@type\":\"Person\",\"@id\":\"https:\/\/www.ladiagonale.net\/#\/schema\/person\/79ff1e7b0853ed01b2aa26e64ad300bf\",\"name\":\"Damien Dellerba\",\"image\":{\"@type\":\"ImageObject\",\"inLanguage\":\"fr-FR\",\"@id\":\"https:\/\/www.ladiagonale.net\/#\/schema\/person\/image\/\",\"url\":\"https:\/\/secure.gravatar.com\/avatar\/c7850e06d3ff63cdbaee88b7fc16e2f0?s=96&d=mm&r=g\",\"contentUrl\":\"https:\/\/secure.gravatar.com\/avatar\/c7850e06d3ff63cdbaee88b7fc16e2f0?s=96&d=mm&r=g\",\"caption\":\"Damien Dellerba\"},\"url\":\"https:\/\/www.ladiagonale.net\/index.php\/author\/damien\/\"}]}<\/script>\n<!-- \/ Yoast SEO plugin. -->","yoast_head_json":{"title":"Les notes : Embolo porte Monaco - La Diagonale","robots":{"index":"index","follow":"follow","max-snippet":"max-snippet:-1","max-image-preview":"max-image-preview:large","max-video-preview":"max-video-preview:-1"},"canonical":"https:\/\/www.ladiagonale.net\/index.php\/2025\/04\/13\/les-notes-embolo-porte-monaco\/","og_locale":"fr_FR","og_type":"article","og_title":"Les notes : Embolo porte Monaco - La Diagonale","og_description":"Tr\u00e8s pr\u00e9cieux, l\u2019attaquant de l\u2019AS Monaco Breel Embolo a \u00e9t\u00e9 impliqu\u00e9 sur les trois buts face \u00e0 l\u2019Olympique de Marseille. TOPS Breel Embolo L\u2019attaquant suisse n\u2019a aucune garantie de rester la saison prochaine mais la prestation r\u00e9alis\u00e9e ce samedi face \u00e0 l\u2019OM peut largement plaider en sa faveur. Dans un r\u00f4le d\u2019attaquant de soutien, il [...]","og_url":"https:\/\/www.ladiagonale.net\/index.php\/2025\/04\/13\/les-notes-embolo-porte-monaco\/","og_site_name":"La Diagonale","article_published_time":"2025-04-13T12:33:42+00:00","article_modified_time":"2025-04-13T12:33:44+00:00","og_image":[{"width":1160,"height":650,"url":"https:\/\/www.ladiagonale.net\/wp-content\/uploads\/2025\/04\/Embolo-OM.png","type":"image\/png"}],"author":"Damien Dellerba","twitter_card":"summary_large_image","twitter_image":"https:\/\/www.ladiagonale.net\/wp-content\/uploads\/2025\/04\/Embolo-OM.png","twitter_misc":{"\u00c9crit par":"Damien Dellerba","Dur\u00e9e de lecture estim\u00e9e":"5 minutes"},"schema":{"@context":"https:\/\/schema.org","@graph":[{"@type":"WebPage","@id":"https:\/\/www.ladiagonale.net\/index.php\/2025\/04\/13\/les-notes-embolo-porte-monaco\/","url":"https:\/\/www.ladiagonale.net\/index.php\/2025\/04\/13\/les-notes-embolo-porte-monaco\/","name":"Les notes : Embolo porte Monaco - La Diagonale","isPartOf":{"@id":"https:\/\/www.ladiagonale.net\/#website"},"datePublished":"2025-04-13T12:33:42+00:00","dateModified":"2025-04-13T12:33:44+00:00","author":{"@id":"https:\/\/www.ladiagonale.net\/#\/schema\/person\/79ff1e7b0853ed01b2aa26e64ad300bf"},"breadcrumb":{"@id":"https:\/\/www.ladiagonale.net\/index.php\/2025\/04\/13\/les-notes-embolo-porte-monaco\/#breadcrumb"},"inLanguage":"fr-FR","potentialAction":[{"@type":"ReadAction","target":["https:\/\/www.ladiagonale.net\/index.php\/2025\/04\/13\/les-notes-embolo-porte-monaco\/"]}]},{"@type":"BreadcrumbList","@id":"https:\/\/www.ladiagonale.net\/index.php\/2025\/04\/13\/les-notes-embolo-porte-monaco\/#breadcrumb","itemListElement":[{"@type":"ListItem","position":1,"name":"Accueil","item":"https:\/\/www.ladiagonale.net\/"},{"@type":"ListItem","position":2,"name":"Les notes : Embolo porte Monaco"}]},{"@type":"WebSite","@id":"https:\/\/www.ladiagonale.net\/#website","url":"https:\/\/www.ladiagonale.net\/","name":"La Diagonale","description":"Le site des supporters de l&#039;AS Monaco FC","potentialAction":[{"@type":"SearchAction","target":{"@type":"EntryPoint","urlTemplate":"https:\/\/www.ladiagonale.net\/?s={search_term_string}"},"query-input":"required name=search_term_string"}],"inLanguage":"fr-FR"},{"@type":"Person","@id":"https:\/\/www.ladiagonale.net\/#\/schema\/person\/79ff1e7b0853ed01b2aa26e64ad300bf","name":"Damien Dellerba","image":{"@type":"ImageObject","inLanguage":"fr-FR","@id":"https:\/\/www.ladiagonale.net\/#\/schema\/person\/image\/","url":"https:\/\/secure.gravatar.com\/avatar\/c7850e06d3ff63cdbaee88b7fc16e2f0?s=96&d=mm&r=g","contentUrl":"https:\/\/secure.gravatar.com\/avatar\/c7850e06d3ff63cdbaee88b7fc16e2f0?s=96&d=mm&r=g","caption":"Damien Dellerba"},"url":"https:\/\/www.ladiagonale.net\/index.php\/author\/damien\/"}]}},"_links":{"self":[{"href":"https:\/\/www.ladiagonale.net\/index.php\/wp-json\/wp\/v2\/posts\/30952"}],"collection":[{"href":"https:\/\/www.ladiagonale.net\/index.php\/wp-json\/wp\/v2\/posts"}],"about":[{"href":"https:\/\/www.ladiagonale.net\/index.php\/wp-json\/wp\/v2\/types\/post"}],"author":[{"embeddable":true,"href":"https:\/\/www.ladiagonale.net\/index.php\/wp-json\/wp\/v2\/users\/2"}],"replies":[{"embeddable":true,"href":"https:\/\/www.ladiagonale.net\/index.php\/wp-json\/wp\/v2\/comments?post=30952"}],"version-history":[{"count":1,"href":"https:\/\/www.ladiagonale.net\/index.php\/wp-json\/wp\/v2\/posts\/30952\/revisions"}],"predecessor-version":[{"id":30957,"href":"https:\/\/www.ladiagonale.net\/index.php\/wp-json\/wp\/v2\/posts\/30952\/revisions\/30957"}],"wp:featuredmedia":[{"embeddable":true,"href":"https:\/\/www.ladiagonale.net\/index.php\/wp-json\/wp\/v2\/media\/30955"}],"wp:attachment":[{"href":"https:\/\/www.ladiagonale.net\/index.php\/wp-json\/wp\/v2\/media?parent=30952"}],"wp:term":[{"taxonomy":"category","embeddable":true,"href":"https:\/\/www.ladiagonale.net\/index.php\/wp-json\/wp\/v2\/categories?post=30952"},{"taxonomy":"post_tag","embeddable":true,"href":"https:\/\/www.ladiagonale.net\/index.php\/wp-json\/wp\/v2\/tags?post=30952"}],"curies":[{"name":"wp","href":"https:\/\/api.w.org\/{rel}","templated":true}]}}