{"id":30999,"date":"2025-04-16T15:58:53","date_gmt":"2025-04-16T13:58:53","guid":{"rendered":"https:\/\/www.ladiagonale.net\/?p=30999"},"modified":"2025-04-16T15:58:53","modified_gmt":"2025-04-16T13:58:53","slug":"biereth-ce-que-jadore-cest-marquer-des-buts","status":"publish","type":"post","link":"https:\/\/www.ladiagonale.net\/index.php\/2025\/04\/16\/biereth-ce-que-jadore-cest-marquer-des-buts\/","title":{"rendered":"Biereth : \u00ab\u00a0Ce que j&rsquo;adore, c&rsquo;est marquer des buts \u00bb"},"content":{"rendered":"\n<p>Mika Biereth a donn\u00e9 un entretien \u00e0 <em>beIN Sports<\/em>. L&rsquo;attaquant de l&rsquo;AS Monaco a r\u00e9alis\u00e9 un superbe d\u00e9but d&rsquo;aventure en Principaut\u00e9, avec d\u00e9j\u00e0 12 buts inscrits, ce qui a surpris tout le monde, lui inclus : \u00ab\u00a0<em>Bien s\u00fbr, j\u2019\u00e9tais s\u00fbr de moi. Pour \u00eatre un bon attaquant, il faut \u00eatre confiant. Mais de l\u00e0 \u00e0 imaginer marquer autant de buts aussi rapidement, je ne vais pas mentir en disant que je m\u2019y attendais. J\u2019ai \u00e9t\u00e9 surpris que \u00e7a se passe aussi bien aussi vite, mais tout \u00e7a, c\u2019est gr\u00e2ce \u00e0 l\u2019\u00e9quipe, mes co\u00e9quipiers et le staff qui ont facilit\u00e9 mon int\u00e9gration et m\u2019ont mis dans de bonnes conditions sur le terrain pour marquer des buts.<\/em>\u00a0\u00bb<\/p>\n\n\n\n<p>Obs\u00e9d\u00e9 par le but, le Danois est <a href=\"https:\/\/www.ladiagonale.net\/index.php\/2025\/04\/12\/embolo-le-meilleur-exemple-pour-moi-cest-dembele\/\" target=\"_blank\" rel=\"noreferrer noopener\">\u00e0 l&rsquo;oppos\u00e9 d&rsquo;un Breel Embolo<\/a>, plus altruiste, et se diff\u00e9rencie de la plupart des attaquants actuels : \u00ab\u00a0<em>Quand on regarde les autres attaquants, leur fa\u00e7on de jouer, ils participent \u00e0 la construction, ils viennent chercher le ballon, aider leurs co\u00e9quipiers. Quand je repense aux joueurs que je regardais enfant, les attaquants avaient beaucoup plus faim de buts. Tout ce qui les int\u00e9ressait, c\u2019\u00e9tait de marquer. Je comprends que ce soit important de venir demander le ballon, participer au jeu et aider l\u2019\u00e9quipe, c\u2019est vraiment utile de temps en temps, mais moi, ce que j\u2019adore, c\u2019est marquer des buts et peu importe la fa\u00e7on dont tu joues tant que tu marques.<\/em>\u00a0\u00bb<\/p>\n\n\n\n<blockquote class=\"twitter-tweet\"><p lang=\"fr\" dir=\"ltr\">\ud83e\udd29 Mika Biereth, entretien avec le num\u00e9ro 9 &quot;old school&quot; de Monaco par Bel-Abb\u00e8s Bouaissi !<br>\ud83c\udf99\ufe0f Son amiti\u00e9 avec Musiala, son 9 favori, ses d\u00e9buts incroyables avec le Club du Rocher&#8230; La nouvelle sensation de <a href=\"https:\/\/twitter.com\/hashtag\/Ligue1?src=hash&amp;ref_src=twsrc%5Etfw\">#Ligue1<\/a> nous dit tout !<a href=\"https:\/\/twitter.com\/hashtag\/beINSPORTS?src=hash&amp;ref_src=twsrc%5Etfw\">#beINSPORTS<\/a> <a href=\"https:\/\/twitter.com\/hashtag\/Interview?src=hash&amp;ref_src=twsrc%5Etfw\">#Interview<\/a> <a href=\"https:\/\/t.co\/IGo6HFMirM\">pic.twitter.com\/IGo6HFMirM<\/a><\/p>&mdash; beIN SPORTS (@beinsports_FR) <a href=\"https:\/\/twitter.com\/beinsports_FR\/status\/1912161540242911536?ref_src=twsrc%5Etfw\">April 15, 2025<\/a><\/blockquote> <script async src=\"https:\/\/platform.twitter.com\/widgets.js\" charset=\"utf-8\"><\/script> \n\n\n\n<p>Il est aussi revenu sur cette comparaison avec Erling Haaland et Harry Kane qu&rsquo;il avait faite avec humour au moment de son arriv\u00e9e : \u00ab\u00a0<em>Oui, je suis un peu un Haaland ou un Kane en moins bon. Ils sont au top niveau mondial depuis plusieurs ann\u00e9es. J\u2019ai marqu\u00e9 des buts auparavant dans des plus petits clubs et je commence tout juste \u00e0 marquer dans un des meilleurs championnats. Donc je ne vais pas m\u2019emballer. On pourra en reparler dans quelques ann\u00e9es, mais pour l\u2019instant, je suis une moins bonne version d\u2019eux (rires). Je progresse petit \u00e0 petit, mais il reste un long chemin \u00e0 parcourir.<\/em>\u00a0\u00bb<\/p>\n\n\n\n<p>Si Biereth a d\u00e9j\u00e0 inscrit 12 buts avec Monaco, il sait d\u00e9j\u00e0 lequel est son pr\u00e9f\u00e9r\u00e9 : \u00ab\u00a0<em>Je dirais que celui contre Nice est mon favori pour le moment. C\u2019est toujours agr\u00e9able de marquer dans un derby et en plus, j\u2019avais rat\u00e9 un p\u00e9nalty un peu plus t\u00f4t dans le match, donc c\u2019\u00e9tait une bonne fa\u00e7on de me rattraper. La finition \u00e9tait bonne en plus. Pour ces deux raisons, c\u2019est mon pr\u00e9f\u00e9r\u00e9.<\/em>\u00a0\u00bb<br><\/p>\n","protected":false},"excerpt":{"rendered":"<p>Mika Biereth a donn\u00e9 un entretien \u00e0 beIN Sports. L&rsquo;attaquant de l&rsquo;AS Monaco a r\u00e9alis\u00e9 un superbe d\u00e9but d&rsquo;aventure en Principaut\u00e9, avec d\u00e9j\u00e0 12 buts inscrits, ce qui a surpris tout le monde, lui inclus : \u00ab\u00a0Bien s\u00fbr, j\u2019\u00e9tais s\u00fbr de moi. Pour \u00eatre un bon attaquant, il faut \u00eatre confiant. Mais de l\u00e0 \u00e0 [&#8230;]\n","protected":false},"author":2,"featured_media":0,"comment_status":"open","ping_status":"open","sticky":false,"template":"","format":"standard","meta":[],"categories":[6],"tags":[86,965],"yoast_head":"<!-- This site is optimized with the Yoast SEO plugin v19.8 - https:\/\/yoast.com\/wordpress\/plugins\/seo\/ -->\n<title>Biereth : \u00ab\u00a0Ce que j&#039;adore, c&#039;est marquer des buts \u00bb - La Diagonale<\/title>\n<meta name=\"robots\" content=\"index, follow, max-snippet:-1, max-image-preview:large, max-video-preview:-1\" \/>\n<link rel=\"canonical\" href=\"https:\/\/www.ladiagonale.net\/index.php\/2025\/04\/16\/biereth-ce-que-jadore-cest-marquer-des-buts\/\" \/>\n<meta property=\"og:locale\" content=\"fr_FR\" \/>\n<meta property=\"og:type\" content=\"article\" \/>\n<meta property=\"og:title\" content=\"Biereth : \u00ab\u00a0Ce que j&#039;adore, c&#039;est marquer des buts \u00bb - La Diagonale\" \/>\n<meta property=\"og:description\" content=\"Mika Biereth a donn\u00e9 un entretien \u00e0 beIN Sports. L&rsquo;attaquant de l&rsquo;AS Monaco a r\u00e9alis\u00e9 un superbe d\u00e9but d&rsquo;aventure en Principaut\u00e9, avec d\u00e9j\u00e0 12 buts inscrits, ce qui a surpris tout le monde, lui inclus : \u00ab\u00a0Bien s\u00fbr, j\u2019\u00e9tais s\u00fbr de moi. Pour \u00eatre un bon attaquant, il faut \u00eatre confiant. Mais de l\u00e0 \u00e0 [...]\" \/>\n<meta property=\"og:url\" content=\"https:\/\/www.ladiagonale.net\/index.php\/2025\/04\/16\/biereth-ce-que-jadore-cest-marquer-des-buts\/\" \/>\n<meta property=\"og:site_name\" content=\"La Diagonale\" \/>\n<meta property=\"article:published_time\" content=\"2025-04-16T13:58:53+00:00\" \/>\n<meta property=\"og:image\" content=\"https:\/\/www.ladiagonale.net\/wp-content\/uploads\/2025\/02\/Biereth-triple\u0301-.png\" \/>\n\t<meta property=\"og:image:width\" content=\"1160\" \/>\n\t<meta property=\"og:image:height\" content=\"650\" \/>\n\t<meta property=\"og:image:type\" content=\"image\/png\" \/>\n<meta name=\"author\" content=\"Damien Dellerba\" \/>\n<meta name=\"twitter:card\" content=\"summary_large_image\" \/>\n<meta name=\"twitter:image\" content=\"https:\/\/www.ladiagonale.net\/wp-content\/uploads\/2025\/02\/Biereth-triple\u0301-.png\" \/>\n<meta name=\"twitter:label1\" content=\"\u00c9crit par\" \/>\n\t<meta name=\"twitter:data1\" content=\"Damien Dellerba\" \/>\n\t<meta name=\"twitter:label2\" content=\"Dur\u00e9e de lecture estim\u00e9e\" \/>\n\t<meta name=\"twitter:data2\" content=\"3 minutes\" \/>\n<script type=\"application\/ld+json\" class=\"yoast-schema-graph\">{\"@context\":\"https:\/\/schema.org\",\"@graph\":[{\"@type\":\"WebPage\",\"@id\":\"https:\/\/www.ladiagonale.net\/index.php\/2025\/04\/16\/biereth-ce-que-jadore-cest-marquer-des-buts\/\",\"url\":\"https:\/\/www.ladiagonale.net\/index.php\/2025\/04\/16\/biereth-ce-que-jadore-cest-marquer-des-buts\/\",\"name\":\"Biereth : \u00ab\u00a0Ce que j'adore, c'est marquer des buts \u00bb - La Diagonale\",\"isPartOf\":{\"@id\":\"https:\/\/www.ladiagonale.net\/#website\"},\"datePublished\":\"2025-04-16T13:58:53+00:00\",\"dateModified\":\"2025-04-16T13:58:53+00:00\",\"author\":{\"@id\":\"https:\/\/www.ladiagonale.net\/#\/schema\/person\/79ff1e7b0853ed01b2aa26e64ad300bf\"},\"breadcrumb\":{\"@id\":\"https:\/\/www.ladiagonale.net\/index.php\/2025\/04\/16\/biereth-ce-que-jadore-cest-marquer-des-buts\/#breadcrumb\"},\"inLanguage\":\"fr-FR\",\"potentialAction\":[{\"@type\":\"ReadAction\",\"target\":[\"https:\/\/www.ladiagonale.net\/index.php\/2025\/04\/16\/biereth-ce-que-jadore-cest-marquer-des-buts\/\"]}]},{\"@type\":\"BreadcrumbList\",\"@id\":\"https:\/\/www.ladiagonale.net\/index.php\/2025\/04\/16\/biereth-ce-que-jadore-cest-marquer-des-buts\/#breadcrumb\",\"itemListElement\":[{\"@type\":\"ListItem\",\"position\":1,\"name\":\"Accueil\",\"item\":\"https:\/\/www.ladiagonale.net\/\"},{\"@type\":\"ListItem\",\"position\":2,\"name\":\"Biereth : \u00ab\u00a0Ce que j&rsquo;adore, c&rsquo;est marquer des buts \u00bb\"}]},{\"@type\":\"WebSite\",\"@id\":\"https:\/\/www.ladiagonale.net\/#website\",\"url\":\"https:\/\/www.ladiagonale.net\/\",\"name\":\"La Diagonale\",\"description\":\"Le site des supporters de l&#039;AS Monaco FC\",\"potentialAction\":[{\"@type\":\"SearchAction\",\"target\":{\"@type\":\"EntryPoint\",\"urlTemplate\":\"https:\/\/www.ladiagonale.net\/?s={search_term_string}\"},\"query-input\":\"required name=search_term_string\"}],\"inLanguage\":\"fr-FR\"},{\"@type\":\"Person\",\"@id\":\"https:\/\/www.ladiagonale.net\/#\/schema\/person\/79ff1e7b0853ed01b2aa26e64ad300bf\",\"name\":\"Damien Dellerba\",\"image\":{\"@type\":\"ImageObject\",\"inLanguage\":\"fr-FR\",\"@id\":\"https:\/\/www.ladiagonale.net\/#\/schema\/person\/image\/\",\"url\":\"https:\/\/secure.gravatar.com\/avatar\/c7850e06d3ff63cdbaee88b7fc16e2f0?s=96&d=mm&r=g\",\"contentUrl\":\"https:\/\/secure.gravatar.com\/avatar\/c7850e06d3ff63cdbaee88b7fc16e2f0?s=96&d=mm&r=g\",\"caption\":\"Damien Dellerba\"},\"url\":\"https:\/\/www.ladiagonale.net\/index.php\/author\/damien\/\"}]}<\/script>\n<!-- \/ Yoast SEO plugin. -->","yoast_head_json":{"title":"Biereth : \u00ab\u00a0Ce que j'adore, c'est marquer des buts \u00bb - La Diagonale","robots":{"index":"index","follow":"follow","max-snippet":"max-snippet:-1","max-image-preview":"max-image-preview:large","max-video-preview":"max-video-preview:-1"},"canonical":"https:\/\/www.ladiagonale.net\/index.php\/2025\/04\/16\/biereth-ce-que-jadore-cest-marquer-des-buts\/","og_locale":"fr_FR","og_type":"article","og_title":"Biereth : \u00ab\u00a0Ce que j'adore, c'est marquer des buts \u00bb - La Diagonale","og_description":"Mika Biereth a donn\u00e9 un entretien \u00e0 beIN Sports. L&rsquo;attaquant de l&rsquo;AS Monaco a r\u00e9alis\u00e9 un superbe d\u00e9but d&rsquo;aventure en Principaut\u00e9, avec d\u00e9j\u00e0 12 buts inscrits, ce qui a surpris tout le monde, lui inclus : \u00ab\u00a0Bien s\u00fbr, j\u2019\u00e9tais s\u00fbr de moi. Pour \u00eatre un bon attaquant, il faut \u00eatre confiant. Mais de l\u00e0 \u00e0 [...]","og_url":"https:\/\/www.ladiagonale.net\/index.php\/2025\/04\/16\/biereth-ce-que-jadore-cest-marquer-des-buts\/","og_site_name":"La Diagonale","article_published_time":"2025-04-16T13:58:53+00:00","og_image":[{"width":1160,"height":650,"url":"https:\/\/www.ladiagonale.net\/wp-content\/uploads\/2025\/02\/Biereth-triple\u0301-.png","type":"image\/png"}],"author":"Damien Dellerba","twitter_card":"summary_large_image","twitter_image":"https:\/\/www.ladiagonale.net\/wp-content\/uploads\/2025\/02\/Biereth-triple\u0301-.png","twitter_misc":{"\u00c9crit par":"Damien Dellerba","Dur\u00e9e de lecture estim\u00e9e":"3 minutes"},"schema":{"@context":"https:\/\/schema.org","@graph":[{"@type":"WebPage","@id":"https:\/\/www.ladiagonale.net\/index.php\/2025\/04\/16\/biereth-ce-que-jadore-cest-marquer-des-buts\/","url":"https:\/\/www.ladiagonale.net\/index.php\/2025\/04\/16\/biereth-ce-que-jadore-cest-marquer-des-buts\/","name":"Biereth : \u00ab\u00a0Ce que j'adore, c'est marquer des buts \u00bb - La Diagonale","isPartOf":{"@id":"https:\/\/www.ladiagonale.net\/#website"},"datePublished":"2025-04-16T13:58:53+00:00","dateModified":"2025-04-16T13:58:53+00:00","author":{"@id":"https:\/\/www.ladiagonale.net\/#\/schema\/person\/79ff1e7b0853ed01b2aa26e64ad300bf"},"breadcrumb":{"@id":"https:\/\/www.ladiagonale.net\/index.php\/2025\/04\/16\/biereth-ce-que-jadore-cest-marquer-des-buts\/#breadcrumb"},"inLanguage":"fr-FR","potentialAction":[{"@type":"ReadAction","target":["https:\/\/www.ladiagonale.net\/index.php\/2025\/04\/16\/biereth-ce-que-jadore-cest-marquer-des-buts\/"]}]},{"@type":"BreadcrumbList","@id":"https:\/\/www.ladiagonale.net\/index.php\/2025\/04\/16\/biereth-ce-que-jadore-cest-marquer-des-buts\/#breadcrumb","itemListElement":[{"@type":"ListItem","position":1,"name":"Accueil","item":"https:\/\/www.ladiagonale.net\/"},{"@type":"ListItem","position":2,"name":"Biereth : \u00ab\u00a0Ce que j&rsquo;adore, c&rsquo;est marquer des buts \u00bb"}]},{"@type":"WebSite","@id":"https:\/\/www.ladiagonale.net\/#website","url":"https:\/\/www.ladiagonale.net\/","name":"La Diagonale","description":"Le site des supporters de l&#039;AS Monaco FC","potentialAction":[{"@type":"SearchAction","target":{"@type":"EntryPoint","urlTemplate":"https:\/\/www.ladiagonale.net\/?s={search_term_string}"},"query-input":"required name=search_term_string"}],"inLanguage":"fr-FR"},{"@type":"Person","@id":"https:\/\/www.ladiagonale.net\/#\/schema\/person\/79ff1e7b0853ed01b2aa26e64ad300bf","name":"Damien Dellerba","image":{"@type":"ImageObject","inLanguage":"fr-FR","@id":"https:\/\/www.ladiagonale.net\/#\/schema\/person\/image\/","url":"https:\/\/secure.gravatar.com\/avatar\/c7850e06d3ff63cdbaee88b7fc16e2f0?s=96&d=mm&r=g","contentUrl":"https:\/\/secure.gravatar.com\/avatar\/c7850e06d3ff63cdbaee88b7fc16e2f0?s=96&d=mm&r=g","caption":"Damien Dellerba"},"url":"https:\/\/www.ladiagonale.net\/index.php\/author\/damien\/"}]}},"_links":{"self":[{"href":"https:\/\/www.ladiagonale.net\/index.php\/wp-json\/wp\/v2\/posts\/30999"}],"collection":[{"href":"https:\/\/www.ladiagonale.net\/index.php\/wp-json\/wp\/v2\/posts"}],"about":[{"href":"https:\/\/www.ladiagonale.net\/index.php\/wp-json\/wp\/v2\/types\/post"}],"author":[{"embeddable":true,"href":"https:\/\/www.ladiagonale.net\/index.php\/wp-json\/wp\/v2\/users\/2"}],"replies":[{"embeddable":true,"href":"https:\/\/www.ladiagonale.net\/index.php\/wp-json\/wp\/v2\/comments?post=30999"}],"version-history":[{"count":1,"href":"https:\/\/www.ladiagonale.net\/index.php\/wp-json\/wp\/v2\/posts\/30999\/revisions"}],"predecessor-version":[{"id":31000,"href":"https:\/\/www.ladiagonale.net\/index.php\/wp-json\/wp\/v2\/posts\/30999\/revisions\/31000"}],"wp:attachment":[{"href":"https:\/\/www.ladiagonale.net\/index.php\/wp-json\/wp\/v2\/media?parent=30999"}],"wp:term":[{"taxonomy":"category","embeddable":true,"href":"https:\/\/www.ladiagonale.net\/index.php\/wp-json\/wp\/v2\/categories?post=30999"},{"taxonomy":"post_tag","embeddable":true,"href":"https:\/\/www.ladiagonale.net\/index.php\/wp-json\/wp\/v2\/tags?post=30999"}],"curies":[{"name":"wp","href":"https:\/\/api.w.org\/{rel}","templated":true}]}}