{"id":31001,"date":"2025-04-16T17:02:53","date_gmt":"2025-04-16T15:02:53","guid":{"rendered":"https:\/\/www.ladiagonale.net\/?p=31001"},"modified":"2025-04-16T17:02:54","modified_gmt":"2025-04-16T15:02:54","slug":"monaco-strasbourg-arbitre-par-wattellier","status":"publish","type":"post","link":"https:\/\/www.ladiagonale.net\/index.php\/2025\/04\/16\/monaco-strasbourg-arbitre-par-wattellier\/","title":{"rendered":"Monaco-Strasbourg arbitr\u00e9 par Wattellier"},"content":{"rendered":"\n\n\n<p>La LFP a d\u00e9sign\u00e9 \u00c9ric Wattellier pour arbitrer la rencontre de la 30e journ\u00e9e entre Monaco et Strasbourg, qui se tiendra ce samedi (19h). Il sera assist\u00e9 par Erwan Finjean et Thomas Luczynski sur la touche, et par Bastien Dechepy et Pascal Poupeau, qui seront les pr\u00e9pos\u00e9s \u00e0 la vid\u00e9o.<\/p>\n\n\n\n<div class=\"wp-block-media-text alignwide is-stacked-on-mobile\" style=\"grid-template-columns:35% auto\"><figure class=\"wp-block-media-text__media\"><img loading=\"lazy\" width=\"540\" height=\"626\" src=\"https:\/\/www.ladiagonale.net\/wp-content\/uploads\/2025\/04\/MR8Va-.png\" alt=\"\" class=\"wp-image-31002 size-full\" srcset=\"https:\/\/www.ladiagonale.net\/wp-content\/uploads\/2025\/04\/MR8Va-.png 540w, https:\/\/www.ladiagonale.net\/wp-content\/uploads\/2025\/04\/MR8Va--259x300.png 259w, https:\/\/www.ladiagonale.net\/wp-content\/uploads\/2025\/04\/MR8Va--110x128.png 110w, https:\/\/www.ladiagonale.net\/wp-content\/uploads\/2025\/04\/MR8Va--28x32.png 28w\" sizes=\"(max-width: 540px) 100vw, 540px\" \/><\/figure><div class=\"wp-block-media-text__content\">\n<p style=\"font-size:16px\">Avec Wattellier, Monaco a remport\u00e9 six succ\u00e8s depuis la saison 2018-2019. Ce sera la troisi\u00e8me fois de la saison que les Mon\u00e9gasques seront arbitr\u00e9s par lui, apr\u00e8s Lille (0-0) et Reims (3-0), lors de la 24<sup>e<\/sup> journ\u00e9e. <\/p>\n<\/div><\/div>\n\n\n\n<div class=\"wp-block-media-text alignwide is-stacked-on-mobile\"><figure class=\"wp-block-media-text__media\"><img loading=\"lazy\" width=\"1024\" height=\"578\" src=\"https:\/\/www.ladiagonale.net\/wp-content\/uploads\/2025\/02\/d3RnE-11-1-1024x578.png\" alt=\"\" class=\"wp-image-30092 size-full\" srcset=\"https:\/\/www.ladiagonale.net\/wp-content\/uploads\/2025\/02\/d3RnE-11-1-1024x578.png 1024w, https:\/\/www.ladiagonale.net\/wp-content\/uploads\/2025\/02\/d3RnE-11-1-300x169.png 300w, https:\/\/www.ladiagonale.net\/wp-content\/uploads\/2025\/02\/d3RnE-11-1-768x434.png 768w, https:\/\/www.ladiagonale.net\/wp-content\/uploads\/2025\/02\/d3RnE-11-1-128x72.png 128w, https:\/\/www.ladiagonale.net\/wp-content\/uploads\/2025\/02\/d3RnE-11-1-32x18.png 32w, https:\/\/www.ladiagonale.net\/wp-content\/uploads\/2025\/02\/d3RnE-11-1.png 1240w\" sizes=\"(max-width: 1024px) 100vw, 1024px\" \/><\/figure><div class=\"wp-block-media-text__content\">\n<p style=\"font-size:16px\">Les statistiques de cartons et de p\u00e9naltys sont les m\u00eames qu&rsquo;avant la rencontre disput\u00e9e contre Reims. L&rsquo;arbitre de 37 ans n&rsquo;avait d\u00e9gain\u00e9 aucune biscotte lors de cette rencontre \u00e0 sens unique et sans fait de jeu majeur.<\/p>\n<\/div><\/div>\n","protected":false},"excerpt":{"rendered":"<p>La LFP a d\u00e9sign\u00e9 \u00c9ric Wattellier pour arbitrer la rencontre de la 30e journ\u00e9e entre Monaco et Strasbourg, qui se tiendra ce samedi (19h). Il sera assist\u00e9 par Erwan Finjean et Thomas Luczynski sur la touche, et par Bastien Dechepy et Pascal Poupeau, qui seront les pr\u00e9pos\u00e9s \u00e0 la vid\u00e9o. Avec Wattellier, Monaco a remport\u00e9 [&#8230;]\n","protected":false},"author":2,"featured_media":0,"comment_status":"open","ping_status":"open","sticky":false,"template":"","format":"standard","meta":[],"categories":[6],"tags":[156,86,391,94,432],"yoast_head":"<!-- This site is optimized with the Yoast SEO plugin v19.8 - https:\/\/yoast.com\/wordpress\/plugins\/seo\/ -->\n<title>Monaco-Strasbourg arbitr\u00e9 par Wattellier - La Diagonale<\/title>\n<meta name=\"robots\" content=\"index, follow, max-snippet:-1, max-image-preview:large, max-video-preview:-1\" \/>\n<link rel=\"canonical\" href=\"https:\/\/www.ladiagonale.net\/index.php\/2025\/04\/16\/monaco-strasbourg-arbitre-par-wattellier\/\" \/>\n<meta property=\"og:locale\" content=\"fr_FR\" \/>\n<meta property=\"og:type\" content=\"article\" \/>\n<meta property=\"og:title\" content=\"Monaco-Strasbourg arbitr\u00e9 par Wattellier - La Diagonale\" \/>\n<meta property=\"og:description\" content=\"La LFP a d\u00e9sign\u00e9 \u00c9ric Wattellier pour arbitrer la rencontre de la 30e journ\u00e9e entre Monaco et Strasbourg, qui se tiendra ce samedi (19h). Il sera assist\u00e9 par Erwan Finjean et Thomas Luczynski sur la touche, et par Bastien Dechepy et Pascal Poupeau, qui seront les pr\u00e9pos\u00e9s \u00e0 la vid\u00e9o. Avec Wattellier, Monaco a remport\u00e9 [...]\" \/>\n<meta property=\"og:url\" content=\"https:\/\/www.ladiagonale.net\/index.php\/2025\/04\/16\/monaco-strasbourg-arbitre-par-wattellier\/\" \/>\n<meta property=\"og:site_name\" content=\"La Diagonale\" \/>\n<meta property=\"article:published_time\" content=\"2025-04-16T15:02:53+00:00\" \/>\n<meta property=\"article:modified_time\" content=\"2025-04-16T15:02:54+00:00\" \/>\n<meta property=\"og:image\" content=\"https:\/\/www.ladiagonale.net\/wp-content\/uploads\/2023\/01\/wattelier.png\" \/>\n\t<meta property=\"og:image:width\" content=\"1160\" \/>\n\t<meta property=\"og:image:height\" content=\"650\" \/>\n\t<meta property=\"og:image:type\" content=\"image\/png\" \/>\n<meta name=\"author\" content=\"Damien Dellerba\" \/>\n<meta name=\"twitter:card\" content=\"summary_large_image\" \/>\n<meta name=\"twitter:image\" content=\"https:\/\/www.ladiagonale.net\/wp-content\/uploads\/2023\/01\/wattelier.png\" \/>\n<meta name=\"twitter:label1\" content=\"\u00c9crit par\" \/>\n\t<meta name=\"twitter:data1\" content=\"Damien Dellerba\" \/>\n\t<meta name=\"twitter:label2\" content=\"Dur\u00e9e de lecture estim\u00e9e\" \/>\n\t<meta name=\"twitter:data2\" content=\"2 minutes\" \/>\n<script type=\"application\/ld+json\" class=\"yoast-schema-graph\">{\"@context\":\"https:\/\/schema.org\",\"@graph\":[{\"@type\":\"WebPage\",\"@id\":\"https:\/\/www.ladiagonale.net\/index.php\/2025\/04\/16\/monaco-strasbourg-arbitre-par-wattellier\/\",\"url\":\"https:\/\/www.ladiagonale.net\/index.php\/2025\/04\/16\/monaco-strasbourg-arbitre-par-wattellier\/\",\"name\":\"Monaco-Strasbourg arbitr\u00e9 par Wattellier - La Diagonale\",\"isPartOf\":{\"@id\":\"https:\/\/www.ladiagonale.net\/#website\"},\"datePublished\":\"2025-04-16T15:02:53+00:00\",\"dateModified\":\"2025-04-16T15:02:54+00:00\",\"author\":{\"@id\":\"https:\/\/www.ladiagonale.net\/#\/schema\/person\/79ff1e7b0853ed01b2aa26e64ad300bf\"},\"breadcrumb\":{\"@id\":\"https:\/\/www.ladiagonale.net\/index.php\/2025\/04\/16\/monaco-strasbourg-arbitre-par-wattellier\/#breadcrumb\"},\"inLanguage\":\"fr-FR\",\"potentialAction\":[{\"@type\":\"ReadAction\",\"target\":[\"https:\/\/www.ladiagonale.net\/index.php\/2025\/04\/16\/monaco-strasbourg-arbitre-par-wattellier\/\"]}]},{\"@type\":\"BreadcrumbList\",\"@id\":\"https:\/\/www.ladiagonale.net\/index.php\/2025\/04\/16\/monaco-strasbourg-arbitre-par-wattellier\/#breadcrumb\",\"itemListElement\":[{\"@type\":\"ListItem\",\"position\":1,\"name\":\"Accueil\",\"item\":\"https:\/\/www.ladiagonale.net\/\"},{\"@type\":\"ListItem\",\"position\":2,\"name\":\"Monaco-Strasbourg arbitr\u00e9 par Wattellier\"}]},{\"@type\":\"WebSite\",\"@id\":\"https:\/\/www.ladiagonale.net\/#website\",\"url\":\"https:\/\/www.ladiagonale.net\/\",\"name\":\"La Diagonale\",\"description\":\"Le site des supporters de l&#039;AS Monaco FC\",\"potentialAction\":[{\"@type\":\"SearchAction\",\"target\":{\"@type\":\"EntryPoint\",\"urlTemplate\":\"https:\/\/www.ladiagonale.net\/?s={search_term_string}\"},\"query-input\":\"required name=search_term_string\"}],\"inLanguage\":\"fr-FR\"},{\"@type\":\"Person\",\"@id\":\"https:\/\/www.ladiagonale.net\/#\/schema\/person\/79ff1e7b0853ed01b2aa26e64ad300bf\",\"name\":\"Damien Dellerba\",\"image\":{\"@type\":\"ImageObject\",\"inLanguage\":\"fr-FR\",\"@id\":\"https:\/\/www.ladiagonale.net\/#\/schema\/person\/image\/\",\"url\":\"https:\/\/secure.gravatar.com\/avatar\/c7850e06d3ff63cdbaee88b7fc16e2f0?s=96&d=mm&r=g\",\"contentUrl\":\"https:\/\/secure.gravatar.com\/avatar\/c7850e06d3ff63cdbaee88b7fc16e2f0?s=96&d=mm&r=g\",\"caption\":\"Damien Dellerba\"},\"url\":\"https:\/\/www.ladiagonale.net\/index.php\/author\/damien\/\"}]}<\/script>\n<!-- \/ Yoast SEO plugin. -->","yoast_head_json":{"title":"Monaco-Strasbourg arbitr\u00e9 par Wattellier - La Diagonale","robots":{"index":"index","follow":"follow","max-snippet":"max-snippet:-1","max-image-preview":"max-image-preview:large","max-video-preview":"max-video-preview:-1"},"canonical":"https:\/\/www.ladiagonale.net\/index.php\/2025\/04\/16\/monaco-strasbourg-arbitre-par-wattellier\/","og_locale":"fr_FR","og_type":"article","og_title":"Monaco-Strasbourg arbitr\u00e9 par Wattellier - La Diagonale","og_description":"La LFP a d\u00e9sign\u00e9 \u00c9ric Wattellier pour arbitrer la rencontre de la 30e journ\u00e9e entre Monaco et Strasbourg, qui se tiendra ce samedi (19h). Il sera assist\u00e9 par Erwan Finjean et Thomas Luczynski sur la touche, et par Bastien Dechepy et Pascal Poupeau, qui seront les pr\u00e9pos\u00e9s \u00e0 la vid\u00e9o. Avec Wattellier, Monaco a remport\u00e9 [...]","og_url":"https:\/\/www.ladiagonale.net\/index.php\/2025\/04\/16\/monaco-strasbourg-arbitre-par-wattellier\/","og_site_name":"La Diagonale","article_published_time":"2025-04-16T15:02:53+00:00","article_modified_time":"2025-04-16T15:02:54+00:00","og_image":[{"width":1160,"height":650,"url":"https:\/\/www.ladiagonale.net\/wp-content\/uploads\/2023\/01\/wattelier.png","type":"image\/png"}],"author":"Damien Dellerba","twitter_card":"summary_large_image","twitter_image":"https:\/\/www.ladiagonale.net\/wp-content\/uploads\/2023\/01\/wattelier.png","twitter_misc":{"\u00c9crit par":"Damien Dellerba","Dur\u00e9e de lecture estim\u00e9e":"2 minutes"},"schema":{"@context":"https:\/\/schema.org","@graph":[{"@type":"WebPage","@id":"https:\/\/www.ladiagonale.net\/index.php\/2025\/04\/16\/monaco-strasbourg-arbitre-par-wattellier\/","url":"https:\/\/www.ladiagonale.net\/index.php\/2025\/04\/16\/monaco-strasbourg-arbitre-par-wattellier\/","name":"Monaco-Strasbourg arbitr\u00e9 par Wattellier - La Diagonale","isPartOf":{"@id":"https:\/\/www.ladiagonale.net\/#website"},"datePublished":"2025-04-16T15:02:53+00:00","dateModified":"2025-04-16T15:02:54+00:00","author":{"@id":"https:\/\/www.ladiagonale.net\/#\/schema\/person\/79ff1e7b0853ed01b2aa26e64ad300bf"},"breadcrumb":{"@id":"https:\/\/www.ladiagonale.net\/index.php\/2025\/04\/16\/monaco-strasbourg-arbitre-par-wattellier\/#breadcrumb"},"inLanguage":"fr-FR","potentialAction":[{"@type":"ReadAction","target":["https:\/\/www.ladiagonale.net\/index.php\/2025\/04\/16\/monaco-strasbourg-arbitre-par-wattellier\/"]}]},{"@type":"BreadcrumbList","@id":"https:\/\/www.ladiagonale.net\/index.php\/2025\/04\/16\/monaco-strasbourg-arbitre-par-wattellier\/#breadcrumb","itemListElement":[{"@type":"ListItem","position":1,"name":"Accueil","item":"https:\/\/www.ladiagonale.net\/"},{"@type":"ListItem","position":2,"name":"Monaco-Strasbourg arbitr\u00e9 par Wattellier"}]},{"@type":"WebSite","@id":"https:\/\/www.ladiagonale.net\/#website","url":"https:\/\/www.ladiagonale.net\/","name":"La Diagonale","description":"Le site des supporters de l&#039;AS Monaco FC","potentialAction":[{"@type":"SearchAction","target":{"@type":"EntryPoint","urlTemplate":"https:\/\/www.ladiagonale.net\/?s={search_term_string}"},"query-input":"required name=search_term_string"}],"inLanguage":"fr-FR"},{"@type":"Person","@id":"https:\/\/www.ladiagonale.net\/#\/schema\/person\/79ff1e7b0853ed01b2aa26e64ad300bf","name":"Damien Dellerba","image":{"@type":"ImageObject","inLanguage":"fr-FR","@id":"https:\/\/www.ladiagonale.net\/#\/schema\/person\/image\/","url":"https:\/\/secure.gravatar.com\/avatar\/c7850e06d3ff63cdbaee88b7fc16e2f0?s=96&d=mm&r=g","contentUrl":"https:\/\/secure.gravatar.com\/avatar\/c7850e06d3ff63cdbaee88b7fc16e2f0?s=96&d=mm&r=g","caption":"Damien Dellerba"},"url":"https:\/\/www.ladiagonale.net\/index.php\/author\/damien\/"}]}},"_links":{"self":[{"href":"https:\/\/www.ladiagonale.net\/index.php\/wp-json\/wp\/v2\/posts\/31001"}],"collection":[{"href":"https:\/\/www.ladiagonale.net\/index.php\/wp-json\/wp\/v2\/posts"}],"about":[{"href":"https:\/\/www.ladiagonale.net\/index.php\/wp-json\/wp\/v2\/types\/post"}],"author":[{"embeddable":true,"href":"https:\/\/www.ladiagonale.net\/index.php\/wp-json\/wp\/v2\/users\/2"}],"replies":[{"embeddable":true,"href":"https:\/\/www.ladiagonale.net\/index.php\/wp-json\/wp\/v2\/comments?post=31001"}],"version-history":[{"count":1,"href":"https:\/\/www.ladiagonale.net\/index.php\/wp-json\/wp\/v2\/posts\/31001\/revisions"}],"predecessor-version":[{"id":31003,"href":"https:\/\/www.ladiagonale.net\/index.php\/wp-json\/wp\/v2\/posts\/31001\/revisions\/31003"}],"wp:attachment":[{"href":"https:\/\/www.ladiagonale.net\/index.php\/wp-json\/wp\/v2\/media?parent=31001"}],"wp:term":[{"taxonomy":"category","embeddable":true,"href":"https:\/\/www.ladiagonale.net\/index.php\/wp-json\/wp\/v2\/categories?post=31001"},{"taxonomy":"post_tag","embeddable":true,"href":"https:\/\/www.ladiagonale.net\/index.php\/wp-json\/wp\/v2\/tags?post=31001"}],"curies":[{"name":"wp","href":"https:\/\/api.w.org\/{rel}","templated":true}]}}