{"id":31004,"date":"2025-04-17T12:48:28","date_gmt":"2025-04-17T10:48:28","guid":{"rendered":"https:\/\/www.ladiagonale.net\/?p=31004"},"modified":"2025-04-17T12:48:29","modified_gmt":"2025-04-17T10:48:29","slug":"lanalyse-de-la-dta-sur-le-penalty-obtenu-par-embolo-contre-lom","status":"publish","type":"post","link":"https:\/\/www.ladiagonale.net\/index.php\/2025\/04\/17\/lanalyse-de-la-dta-sur-le-penalty-obtenu-par-embolo-contre-lom\/","title":{"rendered":"L\u2019analyse de la DTA sur le p\u00e9nalty obtenu par Embolo contre l\u2019OM"},"content":{"rendered":"\n<p>Apr\u00e8s avoir obtenu un p\u00e9nalty contre Brest, qui avait d\u00e9j\u00e0 fait l\u2019objet d\u2019une <a href=\"https:\/\/www.ladiagonale.net\/index.php\/2025\/04\/09\/la-direction-de-larbitrage-justifie-le-penalty-contre-brest\/\" target=\"_blank\" rel=\"noreferrer noopener\">explication de la part de la Direction technique de l\u2019arbitrage<\/a>, Breel Embolo a r\u00e9cidiv\u00e9 contre Marseille, for\u00e7ant le portier phoc\u00e9en Geronimo Rulli \u00e0 commettre une faute sur lui. Dans son d\u00e9brief de la 29<sup>e<\/sup> journ\u00e9e de Ligue 1, la DTA est revenue sur cette action et l&rsquo;a analys\u00e9e. Sans surprise, l&rsquo;instance a valid\u00e9 la d\u00e9cision prise par l&rsquo;arbitre de la rencontre, Beno\u00eet Bastien.<\/p>\n\n\n\n<p>\u00ab <em>L\u2019attaquant mon\u00e9gasque Breel Embolo cherche clairement \u00e0 jouer le ballon pendant toute la s\u00e9quence, avec en particulier un regard essentiellement concentr\u00e9 sur celui-ci. Le gardien de but marseillais ne r\u00e9ussit pas \u00e0 d\u00e9vier le ballon et la faute qu&rsquo;il commet est av\u00e9r\u00e9e, avec son bras gauche sur l&rsquo;\u00e9paule gauche de l&rsquo;attaquant mon\u00e9gasque qui am\u00e8ne ce dernier au sol. L&rsquo;arbitre a analys\u00e9 avec clairvoyance la situation, identifiant la faute et l&rsquo;absence d&rsquo;occasion de but \u00ab manifeste \u00bb, au sens des Lois du jeu. Le p\u00e9nalty \u00e9tait bien attendu, sans sanction disciplinaire.<\/em> \u00bb<\/p>\n\n\n\n<p>La vid\u00e9o de la v\u00e9rification au VAR a aussi \u00e9t\u00e9 rendue public. Elle permet d&rsquo;entendre les explications donn\u00e9es par l&rsquo;arbitre central aux joueurs sur le terrain, mais aussi de voir le d\u00e9corticage de la s\u00e9quence effectu\u00e9 par l&rsquo;assistant \u00e0 la vid\u00e9o, Hamid Guenaoui. Celui-ci va m\u00eame jusqu&rsquo;\u00e0 v\u00e9rifier un possible contact entre Folarin Balogun et Rulli, qui aurait pu pousser le second \u00e0 faire faute sur Embolo. <\/p>\n\n\n\n<figure class=\"wp-block-embed is-type-video is-provider-youtube wp-block-embed-youtube wp-embed-aspect-16-9 wp-has-aspect-ratio\"><div class=\"wp-block-embed__wrapper\">\n<iframe loading=\"lazy\" title=\"J29 Monaco v Marseille (80e)\" width=\"1020\" height=\"574\" src=\"https:\/\/www.youtube.com\/embed\/URYVeXU82-0?feature=oembed\" frameborder=\"0\" allow=\"accelerometer; autoplay; clipboard-write; encrypted-media; gyroscope; picture-in-picture; web-share\" referrerpolicy=\"strict-origin-when-cross-origin\" allowfullscreen><\/iframe>\n<\/div><\/figure>\n\n\n","protected":false},"excerpt":{"rendered":"<p>Apr\u00e8s avoir obtenu un p\u00e9nalty contre Brest, qui avait d\u00e9j\u00e0 fait l\u2019objet d\u2019une explication de la part de la Direction technique de l\u2019arbitrage, Breel Embolo a r\u00e9cidiv\u00e9 contre Marseille, for\u00e7ant le portier phoc\u00e9en Geronimo Rulli \u00e0 commettre une faute sur lui. Dans son d\u00e9brief de la 29e journ\u00e9e de Ligue 1, la DTA est revenue [&#8230;]\n","protected":false},"author":2,"featured_media":0,"comment_status":"open","ping_status":"open","sticky":false,"template":"","format":"standard","meta":[],"categories":[6],"tags":[1020,86,302,161,1021,94,245],"yoast_head":"<!-- This site is optimized with the Yoast SEO plugin v19.8 - https:\/\/yoast.com\/wordpress\/plugins\/seo\/ -->\n<title>L\u2019analyse de la DTA sur le p\u00e9nalty obtenu par Embolo contre l\u2019OM - La Diagonale<\/title>\n<meta name=\"robots\" content=\"index, follow, max-snippet:-1, max-image-preview:large, max-video-preview:-1\" \/>\n<link rel=\"canonical\" href=\"https:\/\/www.ladiagonale.net\/index.php\/2025\/04\/17\/lanalyse-de-la-dta-sur-le-penalty-obtenu-par-embolo-contre-lom\/\" \/>\n<meta property=\"og:locale\" content=\"fr_FR\" \/>\n<meta property=\"og:type\" content=\"article\" \/>\n<meta property=\"og:title\" content=\"L\u2019analyse de la DTA sur le p\u00e9nalty obtenu par Embolo contre l\u2019OM - La Diagonale\" \/>\n<meta property=\"og:description\" content=\"Apr\u00e8s avoir obtenu un p\u00e9nalty contre Brest, qui avait d\u00e9j\u00e0 fait l\u2019objet d\u2019une explication de la part de la Direction technique de l\u2019arbitrage, Breel Embolo a r\u00e9cidiv\u00e9 contre Marseille, for\u00e7ant le portier phoc\u00e9en Geronimo Rulli \u00e0 commettre une faute sur lui. Dans son d\u00e9brief de la 29e journ\u00e9e de Ligue 1, la DTA est revenue [...]\" \/>\n<meta property=\"og:url\" content=\"https:\/\/www.ladiagonale.net\/index.php\/2025\/04\/17\/lanalyse-de-la-dta-sur-le-penalty-obtenu-par-embolo-contre-lom\/\" \/>\n<meta property=\"og:site_name\" content=\"La Diagonale\" \/>\n<meta property=\"article:published_time\" content=\"2025-04-17T10:48:28+00:00\" \/>\n<meta property=\"article:modified_time\" content=\"2025-04-17T10:48:29+00:00\" \/>\n<meta property=\"og:image\" content=\"https:\/\/www.ladiagonale.net\/wp-content\/uploads\/2025\/04\/rulli-embolo.png\" \/>\n\t<meta property=\"og:image:width\" content=\"1160\" \/>\n\t<meta property=\"og:image:height\" content=\"650\" \/>\n\t<meta property=\"og:image:type\" content=\"image\/png\" \/>\n<meta name=\"author\" content=\"Damien Dellerba\" \/>\n<meta name=\"twitter:card\" content=\"summary_large_image\" \/>\n<meta name=\"twitter:image\" content=\"https:\/\/www.ladiagonale.net\/wp-content\/uploads\/2025\/04\/rulli-embolo.png\" \/>\n<meta name=\"twitter:label1\" content=\"\u00c9crit par\" \/>\n\t<meta name=\"twitter:data1\" content=\"Damien Dellerba\" \/>\n\t<meta name=\"twitter:label2\" content=\"Dur\u00e9e de lecture estim\u00e9e\" \/>\n\t<meta name=\"twitter:data2\" content=\"2 minutes\" \/>\n<script type=\"application\/ld+json\" class=\"yoast-schema-graph\">{\"@context\":\"https:\/\/schema.org\",\"@graph\":[{\"@type\":\"WebPage\",\"@id\":\"https:\/\/www.ladiagonale.net\/index.php\/2025\/04\/17\/lanalyse-de-la-dta-sur-le-penalty-obtenu-par-embolo-contre-lom\/\",\"url\":\"https:\/\/www.ladiagonale.net\/index.php\/2025\/04\/17\/lanalyse-de-la-dta-sur-le-penalty-obtenu-par-embolo-contre-lom\/\",\"name\":\"L\u2019analyse de la DTA sur le p\u00e9nalty obtenu par Embolo contre l\u2019OM - La Diagonale\",\"isPartOf\":{\"@id\":\"https:\/\/www.ladiagonale.net\/#website\"},\"datePublished\":\"2025-04-17T10:48:28+00:00\",\"dateModified\":\"2025-04-17T10:48:29+00:00\",\"author\":{\"@id\":\"https:\/\/www.ladiagonale.net\/#\/schema\/person\/79ff1e7b0853ed01b2aa26e64ad300bf\"},\"breadcrumb\":{\"@id\":\"https:\/\/www.ladiagonale.net\/index.php\/2025\/04\/17\/lanalyse-de-la-dta-sur-le-penalty-obtenu-par-embolo-contre-lom\/#breadcrumb\"},\"inLanguage\":\"fr-FR\",\"potentialAction\":[{\"@type\":\"ReadAction\",\"target\":[\"https:\/\/www.ladiagonale.net\/index.php\/2025\/04\/17\/lanalyse-de-la-dta-sur-le-penalty-obtenu-par-embolo-contre-lom\/\"]}]},{\"@type\":\"BreadcrumbList\",\"@id\":\"https:\/\/www.ladiagonale.net\/index.php\/2025\/04\/17\/lanalyse-de-la-dta-sur-le-penalty-obtenu-par-embolo-contre-lom\/#breadcrumb\",\"itemListElement\":[{\"@type\":\"ListItem\",\"position\":1,\"name\":\"Accueil\",\"item\":\"https:\/\/www.ladiagonale.net\/\"},{\"@type\":\"ListItem\",\"position\":2,\"name\":\"L\u2019analyse de la DTA sur le p\u00e9nalty obtenu par Embolo contre l\u2019OM\"}]},{\"@type\":\"WebSite\",\"@id\":\"https:\/\/www.ladiagonale.net\/#website\",\"url\":\"https:\/\/www.ladiagonale.net\/\",\"name\":\"La Diagonale\",\"description\":\"Le site des supporters de l&#039;AS Monaco FC\",\"potentialAction\":[{\"@type\":\"SearchAction\",\"target\":{\"@type\":\"EntryPoint\",\"urlTemplate\":\"https:\/\/www.ladiagonale.net\/?s={search_term_string}\"},\"query-input\":\"required name=search_term_string\"}],\"inLanguage\":\"fr-FR\"},{\"@type\":\"Person\",\"@id\":\"https:\/\/www.ladiagonale.net\/#\/schema\/person\/79ff1e7b0853ed01b2aa26e64ad300bf\",\"name\":\"Damien Dellerba\",\"image\":{\"@type\":\"ImageObject\",\"inLanguage\":\"fr-FR\",\"@id\":\"https:\/\/www.ladiagonale.net\/#\/schema\/person\/image\/\",\"url\":\"https:\/\/secure.gravatar.com\/avatar\/c7850e06d3ff63cdbaee88b7fc16e2f0?s=96&d=mm&r=g\",\"contentUrl\":\"https:\/\/secure.gravatar.com\/avatar\/c7850e06d3ff63cdbaee88b7fc16e2f0?s=96&d=mm&r=g\",\"caption\":\"Damien Dellerba\"},\"url\":\"https:\/\/www.ladiagonale.net\/index.php\/author\/damien\/\"}]}<\/script>\n<!-- \/ Yoast SEO plugin. -->","yoast_head_json":{"title":"L\u2019analyse de la DTA sur le p\u00e9nalty obtenu par Embolo contre l\u2019OM - La Diagonale","robots":{"index":"index","follow":"follow","max-snippet":"max-snippet:-1","max-image-preview":"max-image-preview:large","max-video-preview":"max-video-preview:-1"},"canonical":"https:\/\/www.ladiagonale.net\/index.php\/2025\/04\/17\/lanalyse-de-la-dta-sur-le-penalty-obtenu-par-embolo-contre-lom\/","og_locale":"fr_FR","og_type":"article","og_title":"L\u2019analyse de la DTA sur le p\u00e9nalty obtenu par Embolo contre l\u2019OM - La Diagonale","og_description":"Apr\u00e8s avoir obtenu un p\u00e9nalty contre Brest, qui avait d\u00e9j\u00e0 fait l\u2019objet d\u2019une explication de la part de la Direction technique de l\u2019arbitrage, Breel Embolo a r\u00e9cidiv\u00e9 contre Marseille, for\u00e7ant le portier phoc\u00e9en Geronimo Rulli \u00e0 commettre une faute sur lui. Dans son d\u00e9brief de la 29e journ\u00e9e de Ligue 1, la DTA est revenue [...]","og_url":"https:\/\/www.ladiagonale.net\/index.php\/2025\/04\/17\/lanalyse-de-la-dta-sur-le-penalty-obtenu-par-embolo-contre-lom\/","og_site_name":"La Diagonale","article_published_time":"2025-04-17T10:48:28+00:00","article_modified_time":"2025-04-17T10:48:29+00:00","og_image":[{"width":1160,"height":650,"url":"https:\/\/www.ladiagonale.net\/wp-content\/uploads\/2025\/04\/rulli-embolo.png","type":"image\/png"}],"author":"Damien Dellerba","twitter_card":"summary_large_image","twitter_image":"https:\/\/www.ladiagonale.net\/wp-content\/uploads\/2025\/04\/rulli-embolo.png","twitter_misc":{"\u00c9crit par":"Damien Dellerba","Dur\u00e9e de lecture estim\u00e9e":"2 minutes"},"schema":{"@context":"https:\/\/schema.org","@graph":[{"@type":"WebPage","@id":"https:\/\/www.ladiagonale.net\/index.php\/2025\/04\/17\/lanalyse-de-la-dta-sur-le-penalty-obtenu-par-embolo-contre-lom\/","url":"https:\/\/www.ladiagonale.net\/index.php\/2025\/04\/17\/lanalyse-de-la-dta-sur-le-penalty-obtenu-par-embolo-contre-lom\/","name":"L\u2019analyse de la DTA sur le p\u00e9nalty obtenu par Embolo contre l\u2019OM - La Diagonale","isPartOf":{"@id":"https:\/\/www.ladiagonale.net\/#website"},"datePublished":"2025-04-17T10:48:28+00:00","dateModified":"2025-04-17T10:48:29+00:00","author":{"@id":"https:\/\/www.ladiagonale.net\/#\/schema\/person\/79ff1e7b0853ed01b2aa26e64ad300bf"},"breadcrumb":{"@id":"https:\/\/www.ladiagonale.net\/index.php\/2025\/04\/17\/lanalyse-de-la-dta-sur-le-penalty-obtenu-par-embolo-contre-lom\/#breadcrumb"},"inLanguage":"fr-FR","potentialAction":[{"@type":"ReadAction","target":["https:\/\/www.ladiagonale.net\/index.php\/2025\/04\/17\/lanalyse-de-la-dta-sur-le-penalty-obtenu-par-embolo-contre-lom\/"]}]},{"@type":"BreadcrumbList","@id":"https:\/\/www.ladiagonale.net\/index.php\/2025\/04\/17\/lanalyse-de-la-dta-sur-le-penalty-obtenu-par-embolo-contre-lom\/#breadcrumb","itemListElement":[{"@type":"ListItem","position":1,"name":"Accueil","item":"https:\/\/www.ladiagonale.net\/"},{"@type":"ListItem","position":2,"name":"L\u2019analyse de la DTA sur le p\u00e9nalty obtenu par Embolo contre l\u2019OM"}]},{"@type":"WebSite","@id":"https:\/\/www.ladiagonale.net\/#website","url":"https:\/\/www.ladiagonale.net\/","name":"La Diagonale","description":"Le site des supporters de l&#039;AS Monaco FC","potentialAction":[{"@type":"SearchAction","target":{"@type":"EntryPoint","urlTemplate":"https:\/\/www.ladiagonale.net\/?s={search_term_string}"},"query-input":"required name=search_term_string"}],"inLanguage":"fr-FR"},{"@type":"Person","@id":"https:\/\/www.ladiagonale.net\/#\/schema\/person\/79ff1e7b0853ed01b2aa26e64ad300bf","name":"Damien Dellerba","image":{"@type":"ImageObject","inLanguage":"fr-FR","@id":"https:\/\/www.ladiagonale.net\/#\/schema\/person\/image\/","url":"https:\/\/secure.gravatar.com\/avatar\/c7850e06d3ff63cdbaee88b7fc16e2f0?s=96&d=mm&r=g","contentUrl":"https:\/\/secure.gravatar.com\/avatar\/c7850e06d3ff63cdbaee88b7fc16e2f0?s=96&d=mm&r=g","caption":"Damien Dellerba"},"url":"https:\/\/www.ladiagonale.net\/index.php\/author\/damien\/"}]}},"_links":{"self":[{"href":"https:\/\/www.ladiagonale.net\/index.php\/wp-json\/wp\/v2\/posts\/31004"}],"collection":[{"href":"https:\/\/www.ladiagonale.net\/index.php\/wp-json\/wp\/v2\/posts"}],"about":[{"href":"https:\/\/www.ladiagonale.net\/index.php\/wp-json\/wp\/v2\/types\/post"}],"author":[{"embeddable":true,"href":"https:\/\/www.ladiagonale.net\/index.php\/wp-json\/wp\/v2\/users\/2"}],"replies":[{"embeddable":true,"href":"https:\/\/www.ladiagonale.net\/index.php\/wp-json\/wp\/v2\/comments?post=31004"}],"version-history":[{"count":1,"href":"https:\/\/www.ladiagonale.net\/index.php\/wp-json\/wp\/v2\/posts\/31004\/revisions"}],"predecessor-version":[{"id":31006,"href":"https:\/\/www.ladiagonale.net\/index.php\/wp-json\/wp\/v2\/posts\/31004\/revisions\/31006"}],"wp:attachment":[{"href":"https:\/\/www.ladiagonale.net\/index.php\/wp-json\/wp\/v2\/media?parent=31004"}],"wp:term":[{"taxonomy":"category","embeddable":true,"href":"https:\/\/www.ladiagonale.net\/index.php\/wp-json\/wp\/v2\/categories?post=31004"},{"taxonomy":"post_tag","embeddable":true,"href":"https:\/\/www.ladiagonale.net\/index.php\/wp-json\/wp\/v2\/tags?post=31004"}],"curies":[{"name":"wp","href":"https:\/\/api.w.org\/{rel}","templated":true}]}}