{"id":31007,"date":"2025-04-17T13:15:24","date_gmt":"2025-04-17T11:15:24","guid":{"rendered":"https:\/\/www.ladiagonale.net\/?p=31007"},"modified":"2025-05-14T01:38:37","modified_gmt":"2025-05-13T23:38:37","slug":"biereth-incertain-pour-strasbourg","status":"publish","type":"post","link":"https:\/\/www.ladiagonale.net\/index.php\/2025\/04\/17\/biereth-incertain-pour-strasbourg\/","title":{"rendered":"Biereth et Vanderson incertains pour Strasbourg"},"content":{"rendered":"\n<p>La possible absence de Mika Biereth contre Strasbourg, samedi, serait une bien mauvaise nouvelle pour l\u2019AS Monaco, m\u00eame s\u2019il n\u2019a pas marqu\u00e9 depuis deux rencontres, contre Brest et Marseille. Le meilleur buteur de l\u2019ASM cette saison (12 buts) est pour l\u2019heure incertain en raison d\u2019une g\u00eane \u00e0 un quadriceps ressentie \u00e0 l\u2019entra\u00eenement mercredi, selon <em>Nice-Matin<\/em>. Il s\u2019est content\u00e9 de rester en soins ce jeudi mais Adi H\u00fctter n&rsquo;avait pas l&rsquo;air tr\u00e8s optimiste : \u00ab <em>On esp\u00e8re que les traitements feront effet mais je n\u2019en suis pas s\u00fbr<\/em>. \u00bb<\/p>\n\n\n\n<p>Sorti contre Marseille \u00e0 la 70e minute, Biereth avait inqui\u00e9t\u00e9 en se tenant l\u2019arri\u00e8re de la cuisse droite au moment de c\u00e9l\u00e9brer le but de Zakaria apr\u00e8s son remplacement. \u00ab\u00a0<em>Il a senti quelque chose dans l&rsquo;un de ses muscles et il se sentait fatigu\u00e9 car il avait beaucoup couru<\/em>, avait alors expliqu\u00e9 le coach de l&rsquo;ASM \u00e0 l\u2019issue du match. <em>Je ne crois pas (que ce soit s\u00e9rieux) mais c&rsquo;est toujours difficile de dire, l\u00e0, comme \u00e7a. Il a aussi dit que c&rsquo;\u00e9tait mieux de le remplacer, pour peut-\u00eatre \u00e9viter une blessure.<\/em>\u00a0\u00bb<\/p>\n\n\n\n<p>Vanderson \u00e9tait lui aussi en salle ce jeudi et est incertain. Pour le reste, l\u2019AS Monaco ne devrait pas compter sur Kassoum Ouattara pour la r\u00e9ception de Strasbourg. Toujours d\u2019apr\u00e8s <em>Nice-Matin<\/em>, le lat\u00e9ral gauche est laiss\u00e9 \u00e0 la disposition du Groupe \u00c9lite. Mamadou Coulibaly, Lucas Michal et Sa\u00efmon Bouabr\u00e9 \u00e9taient aussi absents de la s\u00e9ance du jour.<\/p>\n\n\n","protected":false},"excerpt":{"rendered":"<p>La possible absence de Mika Biereth contre Strasbourg, samedi, serait une bien mauvaise nouvelle pour l\u2019AS Monaco, m\u00eame s\u2019il n\u2019a pas marqu\u00e9 depuis deux rencontres, contre Brest et Marseille. Le meilleur buteur de l\u2019ASM cette saison (12 buts) est pour l\u2019heure incertain en raison d\u2019une g\u00eane \u00e0 un quadriceps ressentie \u00e0 l\u2019entra\u00eenement mercredi, selon Nice-Matin. [&#8230;]\n","protected":false},"author":2,"featured_media":0,"comment_status":"open","ping_status":"open","sticky":false,"template":"","format":"standard","meta":[],"categories":[6,1035],"tags":[86,196,94,965,432,125],"yoast_head":"<!-- This site is optimized with the Yoast SEO plugin v19.8 - https:\/\/yoast.com\/wordpress\/plugins\/seo\/ -->\n<title>Biereth et Vanderson incertains pour Strasbourg - La Diagonale<\/title>\n<meta name=\"robots\" content=\"index, follow, max-snippet:-1, max-image-preview:large, max-video-preview:-1\" \/>\n<link rel=\"canonical\" href=\"https:\/\/www.ladiagonale.net\/index.php\/2025\/04\/17\/biereth-incertain-pour-strasbourg\/\" \/>\n<meta property=\"og:locale\" content=\"fr_FR\" \/>\n<meta property=\"og:type\" content=\"article\" \/>\n<meta property=\"og:title\" content=\"Biereth et Vanderson incertains pour Strasbourg - La Diagonale\" \/>\n<meta property=\"og:description\" content=\"La possible absence de Mika Biereth contre Strasbourg, samedi, serait une bien mauvaise nouvelle pour l\u2019AS Monaco, m\u00eame s\u2019il n\u2019a pas marqu\u00e9 depuis deux rencontres, contre Brest et Marseille. Le meilleur buteur de l\u2019ASM cette saison (12 buts) est pour l\u2019heure incertain en raison d\u2019une g\u00eane \u00e0 un quadriceps ressentie \u00e0 l\u2019entra\u00eenement mercredi, selon Nice-Matin. [...]\" \/>\n<meta property=\"og:url\" content=\"https:\/\/www.ladiagonale.net\/index.php\/2025\/04\/17\/biereth-incertain-pour-strasbourg\/\" \/>\n<meta property=\"og:site_name\" content=\"La Diagonale\" \/>\n<meta property=\"article:published_time\" content=\"2025-04-17T11:15:24+00:00\" \/>\n<meta property=\"article:modified_time\" content=\"2025-05-13T23:38:37+00:00\" \/>\n<meta property=\"og:image\" content=\"https:\/\/www.ladiagonale.net\/wp-content\/uploads\/2025\/02\/Biereth-lille.png\" \/>\n\t<meta property=\"og:image:width\" content=\"1160\" \/>\n\t<meta property=\"og:image:height\" content=\"650\" \/>\n\t<meta property=\"og:image:type\" content=\"image\/png\" \/>\n<meta name=\"author\" content=\"Damien Dellerba\" \/>\n<meta name=\"twitter:card\" content=\"summary_large_image\" \/>\n<meta name=\"twitter:image\" content=\"https:\/\/www.ladiagonale.net\/wp-content\/uploads\/2025\/02\/Biereth-lille.png\" \/>\n<meta name=\"twitter:label1\" content=\"\u00c9crit par\" \/>\n\t<meta name=\"twitter:data1\" content=\"Damien Dellerba\" \/>\n\t<meta name=\"twitter:label2\" content=\"Dur\u00e9e de lecture estim\u00e9e\" \/>\n\t<meta name=\"twitter:data2\" content=\"2 minutes\" \/>\n<script type=\"application\/ld+json\" class=\"yoast-schema-graph\">{\"@context\":\"https:\/\/schema.org\",\"@graph\":[{\"@type\":\"WebPage\",\"@id\":\"https:\/\/www.ladiagonale.net\/index.php\/2025\/04\/17\/biereth-incertain-pour-strasbourg\/\",\"url\":\"https:\/\/www.ladiagonale.net\/index.php\/2025\/04\/17\/biereth-incertain-pour-strasbourg\/\",\"name\":\"Biereth et Vanderson incertains pour Strasbourg - La Diagonale\",\"isPartOf\":{\"@id\":\"https:\/\/www.ladiagonale.net\/#website\"},\"datePublished\":\"2025-04-17T11:15:24+00:00\",\"dateModified\":\"2025-05-13T23:38:37+00:00\",\"author\":{\"@id\":\"https:\/\/www.ladiagonale.net\/#\/schema\/person\/79ff1e7b0853ed01b2aa26e64ad300bf\"},\"breadcrumb\":{\"@id\":\"https:\/\/www.ladiagonale.net\/index.php\/2025\/04\/17\/biereth-incertain-pour-strasbourg\/#breadcrumb\"},\"inLanguage\":\"fr-FR\",\"potentialAction\":[{\"@type\":\"ReadAction\",\"target\":[\"https:\/\/www.ladiagonale.net\/index.php\/2025\/04\/17\/biereth-incertain-pour-strasbourg\/\"]}]},{\"@type\":\"BreadcrumbList\",\"@id\":\"https:\/\/www.ladiagonale.net\/index.php\/2025\/04\/17\/biereth-incertain-pour-strasbourg\/#breadcrumb\",\"itemListElement\":[{\"@type\":\"ListItem\",\"position\":1,\"name\":\"Accueil\",\"item\":\"https:\/\/www.ladiagonale.net\/\"},{\"@type\":\"ListItem\",\"position\":2,\"name\":\"Biereth et Vanderson incertains pour Strasbourg\"}]},{\"@type\":\"WebSite\",\"@id\":\"https:\/\/www.ladiagonale.net\/#website\",\"url\":\"https:\/\/www.ladiagonale.net\/\",\"name\":\"La Diagonale\",\"description\":\"Le site des supporters de l&#039;AS Monaco FC\",\"potentialAction\":[{\"@type\":\"SearchAction\",\"target\":{\"@type\":\"EntryPoint\",\"urlTemplate\":\"https:\/\/www.ladiagonale.net\/?s={search_term_string}\"},\"query-input\":\"required name=search_term_string\"}],\"inLanguage\":\"fr-FR\"},{\"@type\":\"Person\",\"@id\":\"https:\/\/www.ladiagonale.net\/#\/schema\/person\/79ff1e7b0853ed01b2aa26e64ad300bf\",\"name\":\"Damien Dellerba\",\"image\":{\"@type\":\"ImageObject\",\"inLanguage\":\"fr-FR\",\"@id\":\"https:\/\/www.ladiagonale.net\/#\/schema\/person\/image\/\",\"url\":\"https:\/\/secure.gravatar.com\/avatar\/c7850e06d3ff63cdbaee88b7fc16e2f0?s=96&d=mm&r=g\",\"contentUrl\":\"https:\/\/secure.gravatar.com\/avatar\/c7850e06d3ff63cdbaee88b7fc16e2f0?s=96&d=mm&r=g\",\"caption\":\"Damien Dellerba\"},\"url\":\"https:\/\/www.ladiagonale.net\/index.php\/author\/damien\/\"}]}<\/script>\n<!-- \/ Yoast SEO plugin. -->","yoast_head_json":{"title":"Biereth et Vanderson incertains pour Strasbourg - La Diagonale","robots":{"index":"index","follow":"follow","max-snippet":"max-snippet:-1","max-image-preview":"max-image-preview:large","max-video-preview":"max-video-preview:-1"},"canonical":"https:\/\/www.ladiagonale.net\/index.php\/2025\/04\/17\/biereth-incertain-pour-strasbourg\/","og_locale":"fr_FR","og_type":"article","og_title":"Biereth et Vanderson incertains pour Strasbourg - La Diagonale","og_description":"La possible absence de Mika Biereth contre Strasbourg, samedi, serait une bien mauvaise nouvelle pour l\u2019AS Monaco, m\u00eame s\u2019il n\u2019a pas marqu\u00e9 depuis deux rencontres, contre Brest et Marseille. Le meilleur buteur de l\u2019ASM cette saison (12 buts) est pour l\u2019heure incertain en raison d\u2019une g\u00eane \u00e0 un quadriceps ressentie \u00e0 l\u2019entra\u00eenement mercredi, selon Nice-Matin. [...]","og_url":"https:\/\/www.ladiagonale.net\/index.php\/2025\/04\/17\/biereth-incertain-pour-strasbourg\/","og_site_name":"La Diagonale","article_published_time":"2025-04-17T11:15:24+00:00","article_modified_time":"2025-05-13T23:38:37+00:00","og_image":[{"width":1160,"height":650,"url":"https:\/\/www.ladiagonale.net\/wp-content\/uploads\/2025\/02\/Biereth-lille.png","type":"image\/png"}],"author":"Damien Dellerba","twitter_card":"summary_large_image","twitter_image":"https:\/\/www.ladiagonale.net\/wp-content\/uploads\/2025\/02\/Biereth-lille.png","twitter_misc":{"\u00c9crit par":"Damien Dellerba","Dur\u00e9e de lecture estim\u00e9e":"2 minutes"},"schema":{"@context":"https:\/\/schema.org","@graph":[{"@type":"WebPage","@id":"https:\/\/www.ladiagonale.net\/index.php\/2025\/04\/17\/biereth-incertain-pour-strasbourg\/","url":"https:\/\/www.ladiagonale.net\/index.php\/2025\/04\/17\/biereth-incertain-pour-strasbourg\/","name":"Biereth et Vanderson incertains pour Strasbourg - La Diagonale","isPartOf":{"@id":"https:\/\/www.ladiagonale.net\/#website"},"datePublished":"2025-04-17T11:15:24+00:00","dateModified":"2025-05-13T23:38:37+00:00","author":{"@id":"https:\/\/www.ladiagonale.net\/#\/schema\/person\/79ff1e7b0853ed01b2aa26e64ad300bf"},"breadcrumb":{"@id":"https:\/\/www.ladiagonale.net\/index.php\/2025\/04\/17\/biereth-incertain-pour-strasbourg\/#breadcrumb"},"inLanguage":"fr-FR","potentialAction":[{"@type":"ReadAction","target":["https:\/\/www.ladiagonale.net\/index.php\/2025\/04\/17\/biereth-incertain-pour-strasbourg\/"]}]},{"@type":"BreadcrumbList","@id":"https:\/\/www.ladiagonale.net\/index.php\/2025\/04\/17\/biereth-incertain-pour-strasbourg\/#breadcrumb","itemListElement":[{"@type":"ListItem","position":1,"name":"Accueil","item":"https:\/\/www.ladiagonale.net\/"},{"@type":"ListItem","position":2,"name":"Biereth et Vanderson incertains pour Strasbourg"}]},{"@type":"WebSite","@id":"https:\/\/www.ladiagonale.net\/#website","url":"https:\/\/www.ladiagonale.net\/","name":"La Diagonale","description":"Le site des supporters de l&#039;AS Monaco FC","potentialAction":[{"@type":"SearchAction","target":{"@type":"EntryPoint","urlTemplate":"https:\/\/www.ladiagonale.net\/?s={search_term_string}"},"query-input":"required name=search_term_string"}],"inLanguage":"fr-FR"},{"@type":"Person","@id":"https:\/\/www.ladiagonale.net\/#\/schema\/person\/79ff1e7b0853ed01b2aa26e64ad300bf","name":"Damien Dellerba","image":{"@type":"ImageObject","inLanguage":"fr-FR","@id":"https:\/\/www.ladiagonale.net\/#\/schema\/person\/image\/","url":"https:\/\/secure.gravatar.com\/avatar\/c7850e06d3ff63cdbaee88b7fc16e2f0?s=96&d=mm&r=g","contentUrl":"https:\/\/secure.gravatar.com\/avatar\/c7850e06d3ff63cdbaee88b7fc16e2f0?s=96&d=mm&r=g","caption":"Damien Dellerba"},"url":"https:\/\/www.ladiagonale.net\/index.php\/author\/damien\/"}]}},"_links":{"self":[{"href":"https:\/\/www.ladiagonale.net\/index.php\/wp-json\/wp\/v2\/posts\/31007"}],"collection":[{"href":"https:\/\/www.ladiagonale.net\/index.php\/wp-json\/wp\/v2\/posts"}],"about":[{"href":"https:\/\/www.ladiagonale.net\/index.php\/wp-json\/wp\/v2\/types\/post"}],"author":[{"embeddable":true,"href":"https:\/\/www.ladiagonale.net\/index.php\/wp-json\/wp\/v2\/users\/2"}],"replies":[{"embeddable":true,"href":"https:\/\/www.ladiagonale.net\/index.php\/wp-json\/wp\/v2\/comments?post=31007"}],"version-history":[{"count":4,"href":"https:\/\/www.ladiagonale.net\/index.php\/wp-json\/wp\/v2\/posts\/31007\/revisions"}],"predecessor-version":[{"id":31011,"href":"https:\/\/www.ladiagonale.net\/index.php\/wp-json\/wp\/v2\/posts\/31007\/revisions\/31011"}],"wp:attachment":[{"href":"https:\/\/www.ladiagonale.net\/index.php\/wp-json\/wp\/v2\/media?parent=31007"}],"wp:term":[{"taxonomy":"category","embeddable":true,"href":"https:\/\/www.ladiagonale.net\/index.php\/wp-json\/wp\/v2\/categories?post=31007"},{"taxonomy":"post_tag","embeddable":true,"href":"https:\/\/www.ladiagonale.net\/index.php\/wp-json\/wp\/v2\/tags?post=31007"}],"curies":[{"name":"wp","href":"https:\/\/api.w.org\/{rel}","templated":true}]}}