{"id":31014,"date":"2025-04-18T00:41:15","date_gmt":"2025-04-17T22:41:15","guid":{"rendered":"https:\/\/www.ladiagonale.net\/?p=31014"},"modified":"2025-04-18T00:41:15","modified_gmt":"2025-04-17T22:41:15","slug":"apres-des-hauts-et-des-bas-camara-estime-bien-finir-la-saison","status":"publish","type":"post","link":"https:\/\/www.ladiagonale.net\/index.php\/2025\/04\/18\/apres-des-hauts-et-des-bas-camara-estime-bien-finir-la-saison\/","title":{"rendered":"Apr\u00e8s \u00ab\u00a0des hauts et des bas\u00a0\u00bb, Camara estime bien finir la saison"},"content":{"rendered":"\n\n\n<p>Lamine Camara est en train de monter en puissance sur cette fin de saison avec l\u2019AS Monaco. Le milieu de terrain s\u00e9n\u00e9galais est satisfait de son niveau actuel, apr\u00e8s avoir connu une p\u00e9riode de moins bien : \u00ab\u00a0<em>Je finis bien la saison c\u2019est vrai, et j\u2019aimerais maintenant pouvoir \u00eatre comme \u00e7a \u00e0 chaque rencontre. J\u2019ai connu des hauts et des bas et d\u00e9sormais je me sens bien physiquement et mentalement gr\u00e2ce \u00e0 mes co\u00e9quipiers et au staff. Je dois continuer comme \u00e7a pour les cinq derniers matches de la saison.<\/em>\u00a0\u00bb<\/p>\n\n\n\n<p>L\u2019ancien Messin a \u00e9voqu\u00e9 sa progression au cours de son premier exercice en Principaut\u00e9 : \u00ab\u00a0<em>J\u2019ai encore beaucoup de choses \u00e0 apprendre. (\u2026) S\u2019il y a des choses \u00e0 am\u00e9liorer, Adi H\u00fctter et les entra\u00eeneurs adjoints Klaus Schmidt et Christian Peintinger m\u2019en font part, au m\u00eame titre que Damien Perrinelle qui m\u2019aide beaucoup au quotidien pour que je puisse m\u2019am\u00e9liorer tous les jours. J\u2019ai pu analyser beaucoup de vid\u00e9os sur des situations de jeu sous pression o\u00f9 je peux perdre des ballons faciles. On a beaucoup travaill\u00e9 \u00e0 l\u2019entra\u00eenement et j\u2019ai vraiment le sentiment d\u2019avoir franchi un cap sur ce point.<\/em>\u00a0\u00bb<\/p>\n\n\n\n<p>Pour Camara, les r\u00e9centes victoires face \u00e0 des concurrents directs pour le podium ont rassur\u00e9 : \u00ab\u00a0<em>Nous sommes tous ensemble, c\u2019est ce qui fait notre force. Nous nous parlons beaucoup et nous avons conscience de l\u2019enjeu des cinq prochains matchs. \u00c7a nous a fait du bien de gagner contre des grosses \u00e9quipes du championnat, surtout \u00e0 domicile avec les succ\u00e8s contre Nice et Marseille. Strasbourg en fait partie, ils sont cinqui\u00e8mes au classement, ils ont vraiment du potentiel et il va falloir faire preuve de s\u00e9rieux.<\/em>\u00a0\u00bb<\/p>\n","protected":false},"excerpt":{"rendered":"<p>Lamine Camara est en train de monter en puissance sur cette fin de saison avec l\u2019AS Monaco. Le milieu de terrain s\u00e9n\u00e9galais est satisfait de son niveau actuel, apr\u00e8s avoir connu une p\u00e9riode de moins bien : \u00ab\u00a0Je finis bien la saison c\u2019est vrai, et j\u2019aimerais maintenant pouvoir \u00eatre comme \u00e7a \u00e0 chaque rencontre. J\u2019ai [&#8230;]\n","protected":false},"author":2,"featured_media":0,"comment_status":"open","ping_status":"open","sticky":false,"template":"","format":"standard","meta":[],"categories":[6],"tags":[86,894,94,432],"yoast_head":"<!-- This site is optimized with the Yoast SEO plugin v19.8 - https:\/\/yoast.com\/wordpress\/plugins\/seo\/ -->\n<title>Apr\u00e8s \u00ab\u00a0des hauts et des bas\u00a0\u00bb, Camara estime bien finir la saison - La Diagonale<\/title>\n<meta name=\"robots\" content=\"index, follow, max-snippet:-1, max-image-preview:large, max-video-preview:-1\" \/>\n<link rel=\"canonical\" href=\"https:\/\/www.ladiagonale.net\/index.php\/2025\/04\/18\/apres-des-hauts-et-des-bas-camara-estime-bien-finir-la-saison\/\" \/>\n<meta property=\"og:locale\" content=\"fr_FR\" \/>\n<meta property=\"og:type\" content=\"article\" \/>\n<meta property=\"og:title\" content=\"Apr\u00e8s \u00ab\u00a0des hauts et des bas\u00a0\u00bb, Camara estime bien finir la saison - La Diagonale\" \/>\n<meta property=\"og:description\" content=\"Lamine Camara est en train de monter en puissance sur cette fin de saison avec l\u2019AS Monaco. Le milieu de terrain s\u00e9n\u00e9galais est satisfait de son niveau actuel, apr\u00e8s avoir connu une p\u00e9riode de moins bien : \u00ab\u00a0Je finis bien la saison c\u2019est vrai, et j\u2019aimerais maintenant pouvoir \u00eatre comme \u00e7a \u00e0 chaque rencontre. J\u2019ai [...]\" \/>\n<meta property=\"og:url\" content=\"https:\/\/www.ladiagonale.net\/index.php\/2025\/04\/18\/apres-des-hauts-et-des-bas-camara-estime-bien-finir-la-saison\/\" \/>\n<meta property=\"og:site_name\" content=\"La Diagonale\" \/>\n<meta property=\"article:published_time\" content=\"2025-04-17T22:41:15+00:00\" \/>\n<meta property=\"og:image\" content=\"https:\/\/www.ladiagonale.net\/wp-content\/uploads\/2025\/02\/Camara-ldc.png\" \/>\n\t<meta property=\"og:image:width\" content=\"1160\" \/>\n\t<meta property=\"og:image:height\" content=\"650\" \/>\n\t<meta property=\"og:image:type\" content=\"image\/png\" \/>\n<meta name=\"author\" content=\"Damien Dellerba\" \/>\n<meta name=\"twitter:card\" content=\"summary_large_image\" \/>\n<meta name=\"twitter:image\" content=\"https:\/\/www.ladiagonale.net\/wp-content\/uploads\/2025\/02\/Camara-ldc.png\" \/>\n<meta name=\"twitter:label1\" content=\"\u00c9crit par\" \/>\n\t<meta name=\"twitter:data1\" content=\"Damien Dellerba\" \/>\n\t<meta name=\"twitter:label2\" content=\"Dur\u00e9e de lecture estim\u00e9e\" \/>\n\t<meta name=\"twitter:data2\" content=\"2 minutes\" \/>\n<script type=\"application\/ld+json\" class=\"yoast-schema-graph\">{\"@context\":\"https:\/\/schema.org\",\"@graph\":[{\"@type\":\"WebPage\",\"@id\":\"https:\/\/www.ladiagonale.net\/index.php\/2025\/04\/18\/apres-des-hauts-et-des-bas-camara-estime-bien-finir-la-saison\/\",\"url\":\"https:\/\/www.ladiagonale.net\/index.php\/2025\/04\/18\/apres-des-hauts-et-des-bas-camara-estime-bien-finir-la-saison\/\",\"name\":\"Apr\u00e8s \u00ab\u00a0des hauts et des bas\u00a0\u00bb, Camara estime bien finir la saison - La Diagonale\",\"isPartOf\":{\"@id\":\"https:\/\/www.ladiagonale.net\/#website\"},\"datePublished\":\"2025-04-17T22:41:15+00:00\",\"dateModified\":\"2025-04-17T22:41:15+00:00\",\"author\":{\"@id\":\"https:\/\/www.ladiagonale.net\/#\/schema\/person\/79ff1e7b0853ed01b2aa26e64ad300bf\"},\"breadcrumb\":{\"@id\":\"https:\/\/www.ladiagonale.net\/index.php\/2025\/04\/18\/apres-des-hauts-et-des-bas-camara-estime-bien-finir-la-saison\/#breadcrumb\"},\"inLanguage\":\"fr-FR\",\"potentialAction\":[{\"@type\":\"ReadAction\",\"target\":[\"https:\/\/www.ladiagonale.net\/index.php\/2025\/04\/18\/apres-des-hauts-et-des-bas-camara-estime-bien-finir-la-saison\/\"]}]},{\"@type\":\"BreadcrumbList\",\"@id\":\"https:\/\/www.ladiagonale.net\/index.php\/2025\/04\/18\/apres-des-hauts-et-des-bas-camara-estime-bien-finir-la-saison\/#breadcrumb\",\"itemListElement\":[{\"@type\":\"ListItem\",\"position\":1,\"name\":\"Accueil\",\"item\":\"https:\/\/www.ladiagonale.net\/\"},{\"@type\":\"ListItem\",\"position\":2,\"name\":\"Apr\u00e8s \u00ab\u00a0des hauts et des bas\u00a0\u00bb, Camara estime bien finir la saison\"}]},{\"@type\":\"WebSite\",\"@id\":\"https:\/\/www.ladiagonale.net\/#website\",\"url\":\"https:\/\/www.ladiagonale.net\/\",\"name\":\"La Diagonale\",\"description\":\"Le site des supporters de l&#039;AS Monaco FC\",\"potentialAction\":[{\"@type\":\"SearchAction\",\"target\":{\"@type\":\"EntryPoint\",\"urlTemplate\":\"https:\/\/www.ladiagonale.net\/?s={search_term_string}\"},\"query-input\":\"required name=search_term_string\"}],\"inLanguage\":\"fr-FR\"},{\"@type\":\"Person\",\"@id\":\"https:\/\/www.ladiagonale.net\/#\/schema\/person\/79ff1e7b0853ed01b2aa26e64ad300bf\",\"name\":\"Damien Dellerba\",\"image\":{\"@type\":\"ImageObject\",\"inLanguage\":\"fr-FR\",\"@id\":\"https:\/\/www.ladiagonale.net\/#\/schema\/person\/image\/\",\"url\":\"https:\/\/secure.gravatar.com\/avatar\/c7850e06d3ff63cdbaee88b7fc16e2f0?s=96&d=mm&r=g\",\"contentUrl\":\"https:\/\/secure.gravatar.com\/avatar\/c7850e06d3ff63cdbaee88b7fc16e2f0?s=96&d=mm&r=g\",\"caption\":\"Damien Dellerba\"},\"url\":\"https:\/\/www.ladiagonale.net\/index.php\/author\/damien\/\"}]}<\/script>\n<!-- \/ Yoast SEO plugin. -->","yoast_head_json":{"title":"Apr\u00e8s \u00ab\u00a0des hauts et des bas\u00a0\u00bb, Camara estime bien finir la saison - La Diagonale","robots":{"index":"index","follow":"follow","max-snippet":"max-snippet:-1","max-image-preview":"max-image-preview:large","max-video-preview":"max-video-preview:-1"},"canonical":"https:\/\/www.ladiagonale.net\/index.php\/2025\/04\/18\/apres-des-hauts-et-des-bas-camara-estime-bien-finir-la-saison\/","og_locale":"fr_FR","og_type":"article","og_title":"Apr\u00e8s \u00ab\u00a0des hauts et des bas\u00a0\u00bb, Camara estime bien finir la saison - La Diagonale","og_description":"Lamine Camara est en train de monter en puissance sur cette fin de saison avec l\u2019AS Monaco. Le milieu de terrain s\u00e9n\u00e9galais est satisfait de son niveau actuel, apr\u00e8s avoir connu une p\u00e9riode de moins bien : \u00ab\u00a0Je finis bien la saison c\u2019est vrai, et j\u2019aimerais maintenant pouvoir \u00eatre comme \u00e7a \u00e0 chaque rencontre. J\u2019ai [...]","og_url":"https:\/\/www.ladiagonale.net\/index.php\/2025\/04\/18\/apres-des-hauts-et-des-bas-camara-estime-bien-finir-la-saison\/","og_site_name":"La Diagonale","article_published_time":"2025-04-17T22:41:15+00:00","og_image":[{"width":1160,"height":650,"url":"https:\/\/www.ladiagonale.net\/wp-content\/uploads\/2025\/02\/Camara-ldc.png","type":"image\/png"}],"author":"Damien Dellerba","twitter_card":"summary_large_image","twitter_image":"https:\/\/www.ladiagonale.net\/wp-content\/uploads\/2025\/02\/Camara-ldc.png","twitter_misc":{"\u00c9crit par":"Damien Dellerba","Dur\u00e9e de lecture estim\u00e9e":"2 minutes"},"schema":{"@context":"https:\/\/schema.org","@graph":[{"@type":"WebPage","@id":"https:\/\/www.ladiagonale.net\/index.php\/2025\/04\/18\/apres-des-hauts-et-des-bas-camara-estime-bien-finir-la-saison\/","url":"https:\/\/www.ladiagonale.net\/index.php\/2025\/04\/18\/apres-des-hauts-et-des-bas-camara-estime-bien-finir-la-saison\/","name":"Apr\u00e8s \u00ab\u00a0des hauts et des bas\u00a0\u00bb, Camara estime bien finir la saison - La Diagonale","isPartOf":{"@id":"https:\/\/www.ladiagonale.net\/#website"},"datePublished":"2025-04-17T22:41:15+00:00","dateModified":"2025-04-17T22:41:15+00:00","author":{"@id":"https:\/\/www.ladiagonale.net\/#\/schema\/person\/79ff1e7b0853ed01b2aa26e64ad300bf"},"breadcrumb":{"@id":"https:\/\/www.ladiagonale.net\/index.php\/2025\/04\/18\/apres-des-hauts-et-des-bas-camara-estime-bien-finir-la-saison\/#breadcrumb"},"inLanguage":"fr-FR","potentialAction":[{"@type":"ReadAction","target":["https:\/\/www.ladiagonale.net\/index.php\/2025\/04\/18\/apres-des-hauts-et-des-bas-camara-estime-bien-finir-la-saison\/"]}]},{"@type":"BreadcrumbList","@id":"https:\/\/www.ladiagonale.net\/index.php\/2025\/04\/18\/apres-des-hauts-et-des-bas-camara-estime-bien-finir-la-saison\/#breadcrumb","itemListElement":[{"@type":"ListItem","position":1,"name":"Accueil","item":"https:\/\/www.ladiagonale.net\/"},{"@type":"ListItem","position":2,"name":"Apr\u00e8s \u00ab\u00a0des hauts et des bas\u00a0\u00bb, Camara estime bien finir la saison"}]},{"@type":"WebSite","@id":"https:\/\/www.ladiagonale.net\/#website","url":"https:\/\/www.ladiagonale.net\/","name":"La Diagonale","description":"Le site des supporters de l&#039;AS Monaco FC","potentialAction":[{"@type":"SearchAction","target":{"@type":"EntryPoint","urlTemplate":"https:\/\/www.ladiagonale.net\/?s={search_term_string}"},"query-input":"required name=search_term_string"}],"inLanguage":"fr-FR"},{"@type":"Person","@id":"https:\/\/www.ladiagonale.net\/#\/schema\/person\/79ff1e7b0853ed01b2aa26e64ad300bf","name":"Damien Dellerba","image":{"@type":"ImageObject","inLanguage":"fr-FR","@id":"https:\/\/www.ladiagonale.net\/#\/schema\/person\/image\/","url":"https:\/\/secure.gravatar.com\/avatar\/c7850e06d3ff63cdbaee88b7fc16e2f0?s=96&d=mm&r=g","contentUrl":"https:\/\/secure.gravatar.com\/avatar\/c7850e06d3ff63cdbaee88b7fc16e2f0?s=96&d=mm&r=g","caption":"Damien Dellerba"},"url":"https:\/\/www.ladiagonale.net\/index.php\/author\/damien\/"}]}},"_links":{"self":[{"href":"https:\/\/www.ladiagonale.net\/index.php\/wp-json\/wp\/v2\/posts\/31014"}],"collection":[{"href":"https:\/\/www.ladiagonale.net\/index.php\/wp-json\/wp\/v2\/posts"}],"about":[{"href":"https:\/\/www.ladiagonale.net\/index.php\/wp-json\/wp\/v2\/types\/post"}],"author":[{"embeddable":true,"href":"https:\/\/www.ladiagonale.net\/index.php\/wp-json\/wp\/v2\/users\/2"}],"replies":[{"embeddable":true,"href":"https:\/\/www.ladiagonale.net\/index.php\/wp-json\/wp\/v2\/comments?post=31014"}],"version-history":[{"count":1,"href":"https:\/\/www.ladiagonale.net\/index.php\/wp-json\/wp\/v2\/posts\/31014\/revisions"}],"predecessor-version":[{"id":31015,"href":"https:\/\/www.ladiagonale.net\/index.php\/wp-json\/wp\/v2\/posts\/31014\/revisions\/31015"}],"wp:attachment":[{"href":"https:\/\/www.ladiagonale.net\/index.php\/wp-json\/wp\/v2\/media?parent=31014"}],"wp:term":[{"taxonomy":"category","embeddable":true,"href":"https:\/\/www.ladiagonale.net\/index.php\/wp-json\/wp\/v2\/categories?post=31014"},{"taxonomy":"post_tag","embeddable":true,"href":"https:\/\/www.ladiagonale.net\/index.php\/wp-json\/wp\/v2\/tags?post=31014"}],"curies":[{"name":"wp","href":"https:\/\/api.w.org\/{rel}","templated":true}]}}