{"id":31019,"date":"2025-04-18T09:26:00","date_gmt":"2025-04-18T07:26:00","guid":{"rendered":"https:\/\/www.ladiagonale.net\/?p=31019"},"modified":"2025-04-18T03:05:55","modified_gmt":"2025-04-18T01:05:55","slug":"hutter-akliouche-est-pret-pour-la-prochaine-etape","status":"publish","type":"post","link":"https:\/\/www.ladiagonale.net\/index.php\/2025\/04\/18\/hutter-akliouche-est-pret-pour-la-prochaine-etape\/","title":{"rendered":"H\u00fctter : \u00ab\u00a0Akliouche est pr\u00eat pour la prochaine \u00e9tape\u00a0\u00bb"},"content":{"rendered":"\n\n\n<p>Malgr\u00e9 un final haletant en Ligue 1 et une p\u00e9riode cruciale pour l\u2019AS Monaco, l\u2019avenir de Maghnes Akliouche est un sujet qui n&rsquo;est jamais bien loin. Lorsque le milieu offensif de 23 ans \u00e9tait pass\u00e9 devant la presse avant le match contre Marseille, il avait pr\u00e9f\u00e9r\u00e9 \u00e9luder la question. <em>L\u2019\u00c9quipe<\/em> indiquait notamment qu\u2019il n\u2019\u00e9tait pas <a href=\"https:\/\/www.ladiagonale.net\/index.php\/2025\/04\/12\/une-lutte-entre-le-psg-et-city-pour-akliouche\/\" target=\"_blank\" rel=\"noreferrer noopener\">insensible aux sir\u00e8nes du Paris Saint-Germain<\/a> et que la tendance \u00e9tait \u00e0 un d\u00e9part.<\/p>\n\n\n\n<p>Adi H\u00fctter, qui <a href=\"https:\/\/www.ladiagonale.net\/index.php\/2025\/03\/13\/selectionne-avec-les-espoirs-akliouche-meritait-les-a-pour-hutter\/\" target=\"_blank\" rel=\"noreferrer noopener\">le complimente r\u00e9guli\u00e8rement<\/a>, a lui m\u00eame reconnu qu\u2019Akliouche, sous contrat jusqu&rsquo;en 2028, serait tr\u00e8s certainement sollicit\u00e9 lors du prochain mercato estival : \u00ab\u00a0<em>Nous sommes tous, ici au club, tr\u00e8s heureux de ce qu\u2019il a accompli ces deux derni\u00e8res ann\u00e9es. Il a fait un tr\u00e8s, tr\u00e8s grand pas dans la bonne direction. Je peux imaginer que le club aura des offres pour lui.<\/em> \u00bb<\/p>\n\n\n\n<p>Dans sa r\u00e9ponse, l&rsquo;Autrichien a redit tous le bien qu&rsquo;il pensait de l&rsquo;international Espoirs, auteur de six buts et dix passes d\u00e9cisives en 38 rencontres, qu&rsquo;il estime pr\u00eat pour aller plus haut : \u00ab<em> Il a 23 ans et je ne vois pas beaucoup de joueurs qui ont le m\u00eame talent que lui. Si vous me demandez mon avis, il est pr\u00eat pour la prochaine \u00e9tape. On verra ce qu\u2019il se passera pour lui, mais s\u2019il reste ici, je serais aussi tr\u00e8s heureux.<\/em>\u00a0\u00bb<\/p>\n\n\n\n<p>H\u00fctter a ajout\u00e9 que contribuer au d\u00e9veloppement d&rsquo;Akliouche le rendait fier et que la vocation formatrice du club \u00e9tait pleinement assouvie : \u00ab\u00a0<em>Quoi qu\u2019il en soit, nous sommes fiers d\u2019avoir amen\u00e9 un jeune joueur de notre centre de formation \u00e0 ce niveau de performance. Il deviendra peut-\u00eatre un grand joueur dans un grand club.<\/em>\u00a0\u00bb<\/p>\n\n\n\n<p class=\"has-text-align-right has-small-font-size\">Source : <em>RMC Sport<\/em><\/p>\n","protected":false},"excerpt":{"rendered":"<p>Malgr\u00e9 un final haletant en Ligue 1 et une p\u00e9riode cruciale pour l\u2019AS Monaco, l\u2019avenir de Maghnes Akliouche est un sujet qui n&rsquo;est jamais bien loin. Lorsque le milieu offensif de 23 ans \u00e9tait pass\u00e9 devant la presse avant le match contre Marseille, il avait pr\u00e9f\u00e9r\u00e9 \u00e9luder la question. L\u2019\u00c9quipe indiquait notamment qu\u2019il n\u2019\u00e9tait pas [&#8230;]\n","protected":false},"author":2,"featured_media":0,"comment_status":"open","ping_status":"open","sticky":false,"template":"","format":"standard","meta":[],"categories":[6],"tags":[576,86,190,111,110],"yoast_head":"<!-- This site is optimized with the Yoast SEO plugin v19.8 - https:\/\/yoast.com\/wordpress\/plugins\/seo\/ -->\n<title>H\u00fctter : \u00ab\u00a0Akliouche est pr\u00eat pour la prochaine \u00e9tape\u00a0\u00bb - La Diagonale<\/title>\n<meta name=\"robots\" content=\"index, follow, max-snippet:-1, max-image-preview:large, max-video-preview:-1\" \/>\n<link rel=\"canonical\" href=\"https:\/\/www.ladiagonale.net\/index.php\/2025\/04\/18\/hutter-akliouche-est-pret-pour-la-prochaine-etape\/\" \/>\n<meta property=\"og:locale\" content=\"fr_FR\" \/>\n<meta property=\"og:type\" content=\"article\" \/>\n<meta property=\"og:title\" content=\"H\u00fctter : \u00ab\u00a0Akliouche est pr\u00eat pour la prochaine \u00e9tape\u00a0\u00bb - La Diagonale\" \/>\n<meta property=\"og:description\" content=\"Malgr\u00e9 un final haletant en Ligue 1 et une p\u00e9riode cruciale pour l\u2019AS Monaco, l\u2019avenir de Maghnes Akliouche est un sujet qui n&rsquo;est jamais bien loin. Lorsque le milieu offensif de 23 ans \u00e9tait pass\u00e9 devant la presse avant le match contre Marseille, il avait pr\u00e9f\u00e9r\u00e9 \u00e9luder la question. L\u2019\u00c9quipe indiquait notamment qu\u2019il n\u2019\u00e9tait pas [...]\" \/>\n<meta property=\"og:url\" content=\"https:\/\/www.ladiagonale.net\/index.php\/2025\/04\/18\/hutter-akliouche-est-pret-pour-la-prochaine-etape\/\" \/>\n<meta property=\"og:site_name\" content=\"La Diagonale\" \/>\n<meta property=\"article:published_time\" content=\"2025-04-18T07:26:00+00:00\" \/>\n<meta property=\"article:modified_time\" content=\"2025-04-18T01:05:55+00:00\" \/>\n<meta property=\"og:image\" content=\"https:\/\/www.ladiagonale.net\/wp-content\/uploads\/2025\/04\/akliouche-stras.png\" \/>\n\t<meta property=\"og:image:width\" content=\"1160\" \/>\n\t<meta property=\"og:image:height\" content=\"650\" \/>\n\t<meta property=\"og:image:type\" content=\"image\/png\" \/>\n<meta name=\"author\" content=\"Damien Dellerba\" \/>\n<meta name=\"twitter:card\" content=\"summary_large_image\" \/>\n<meta name=\"twitter:image\" content=\"https:\/\/www.ladiagonale.net\/wp-content\/uploads\/2025\/04\/akliouche-stras.png\" \/>\n<meta name=\"twitter:label1\" content=\"\u00c9crit par\" \/>\n\t<meta name=\"twitter:data1\" content=\"Damien Dellerba\" \/>\n\t<meta name=\"twitter:label2\" content=\"Dur\u00e9e de lecture estim\u00e9e\" \/>\n\t<meta name=\"twitter:data2\" content=\"2 minutes\" \/>\n<script type=\"application\/ld+json\" class=\"yoast-schema-graph\">{\"@context\":\"https:\/\/schema.org\",\"@graph\":[{\"@type\":\"WebPage\",\"@id\":\"https:\/\/www.ladiagonale.net\/index.php\/2025\/04\/18\/hutter-akliouche-est-pret-pour-la-prochaine-etape\/\",\"url\":\"https:\/\/www.ladiagonale.net\/index.php\/2025\/04\/18\/hutter-akliouche-est-pret-pour-la-prochaine-etape\/\",\"name\":\"H\u00fctter : \u00ab\u00a0Akliouche est pr\u00eat pour la prochaine \u00e9tape\u00a0\u00bb - La Diagonale\",\"isPartOf\":{\"@id\":\"https:\/\/www.ladiagonale.net\/#website\"},\"datePublished\":\"2025-04-18T07:26:00+00:00\",\"dateModified\":\"2025-04-18T01:05:55+00:00\",\"author\":{\"@id\":\"https:\/\/www.ladiagonale.net\/#\/schema\/person\/79ff1e7b0853ed01b2aa26e64ad300bf\"},\"breadcrumb\":{\"@id\":\"https:\/\/www.ladiagonale.net\/index.php\/2025\/04\/18\/hutter-akliouche-est-pret-pour-la-prochaine-etape\/#breadcrumb\"},\"inLanguage\":\"fr-FR\",\"potentialAction\":[{\"@type\":\"ReadAction\",\"target\":[\"https:\/\/www.ladiagonale.net\/index.php\/2025\/04\/18\/hutter-akliouche-est-pret-pour-la-prochaine-etape\/\"]}]},{\"@type\":\"BreadcrumbList\",\"@id\":\"https:\/\/www.ladiagonale.net\/index.php\/2025\/04\/18\/hutter-akliouche-est-pret-pour-la-prochaine-etape\/#breadcrumb\",\"itemListElement\":[{\"@type\":\"ListItem\",\"position\":1,\"name\":\"Accueil\",\"item\":\"https:\/\/www.ladiagonale.net\/\"},{\"@type\":\"ListItem\",\"position\":2,\"name\":\"H\u00fctter : \u00ab\u00a0Akliouche est pr\u00eat pour la prochaine \u00e9tape\u00a0\u00bb\"}]},{\"@type\":\"WebSite\",\"@id\":\"https:\/\/www.ladiagonale.net\/#website\",\"url\":\"https:\/\/www.ladiagonale.net\/\",\"name\":\"La Diagonale\",\"description\":\"Le site des supporters de l&#039;AS Monaco FC\",\"potentialAction\":[{\"@type\":\"SearchAction\",\"target\":{\"@type\":\"EntryPoint\",\"urlTemplate\":\"https:\/\/www.ladiagonale.net\/?s={search_term_string}\"},\"query-input\":\"required name=search_term_string\"}],\"inLanguage\":\"fr-FR\"},{\"@type\":\"Person\",\"@id\":\"https:\/\/www.ladiagonale.net\/#\/schema\/person\/79ff1e7b0853ed01b2aa26e64ad300bf\",\"name\":\"Damien Dellerba\",\"image\":{\"@type\":\"ImageObject\",\"inLanguage\":\"fr-FR\",\"@id\":\"https:\/\/www.ladiagonale.net\/#\/schema\/person\/image\/\",\"url\":\"https:\/\/secure.gravatar.com\/avatar\/c7850e06d3ff63cdbaee88b7fc16e2f0?s=96&d=mm&r=g\",\"contentUrl\":\"https:\/\/secure.gravatar.com\/avatar\/c7850e06d3ff63cdbaee88b7fc16e2f0?s=96&d=mm&r=g\",\"caption\":\"Damien Dellerba\"},\"url\":\"https:\/\/www.ladiagonale.net\/index.php\/author\/damien\/\"}]}<\/script>\n<!-- \/ Yoast SEO plugin. -->","yoast_head_json":{"title":"H\u00fctter : \u00ab\u00a0Akliouche est pr\u00eat pour la prochaine \u00e9tape\u00a0\u00bb - La Diagonale","robots":{"index":"index","follow":"follow","max-snippet":"max-snippet:-1","max-image-preview":"max-image-preview:large","max-video-preview":"max-video-preview:-1"},"canonical":"https:\/\/www.ladiagonale.net\/index.php\/2025\/04\/18\/hutter-akliouche-est-pret-pour-la-prochaine-etape\/","og_locale":"fr_FR","og_type":"article","og_title":"H\u00fctter : \u00ab\u00a0Akliouche est pr\u00eat pour la prochaine \u00e9tape\u00a0\u00bb - La Diagonale","og_description":"Malgr\u00e9 un final haletant en Ligue 1 et une p\u00e9riode cruciale pour l\u2019AS Monaco, l\u2019avenir de Maghnes Akliouche est un sujet qui n&rsquo;est jamais bien loin. Lorsque le milieu offensif de 23 ans \u00e9tait pass\u00e9 devant la presse avant le match contre Marseille, il avait pr\u00e9f\u00e9r\u00e9 \u00e9luder la question. L\u2019\u00c9quipe indiquait notamment qu\u2019il n\u2019\u00e9tait pas [...]","og_url":"https:\/\/www.ladiagonale.net\/index.php\/2025\/04\/18\/hutter-akliouche-est-pret-pour-la-prochaine-etape\/","og_site_name":"La Diagonale","article_published_time":"2025-04-18T07:26:00+00:00","article_modified_time":"2025-04-18T01:05:55+00:00","og_image":[{"width":1160,"height":650,"url":"https:\/\/www.ladiagonale.net\/wp-content\/uploads\/2025\/04\/akliouche-stras.png","type":"image\/png"}],"author":"Damien Dellerba","twitter_card":"summary_large_image","twitter_image":"https:\/\/www.ladiagonale.net\/wp-content\/uploads\/2025\/04\/akliouche-stras.png","twitter_misc":{"\u00c9crit par":"Damien Dellerba","Dur\u00e9e de lecture estim\u00e9e":"2 minutes"},"schema":{"@context":"https:\/\/schema.org","@graph":[{"@type":"WebPage","@id":"https:\/\/www.ladiagonale.net\/index.php\/2025\/04\/18\/hutter-akliouche-est-pret-pour-la-prochaine-etape\/","url":"https:\/\/www.ladiagonale.net\/index.php\/2025\/04\/18\/hutter-akliouche-est-pret-pour-la-prochaine-etape\/","name":"H\u00fctter : \u00ab\u00a0Akliouche est pr\u00eat pour la prochaine \u00e9tape\u00a0\u00bb - La Diagonale","isPartOf":{"@id":"https:\/\/www.ladiagonale.net\/#website"},"datePublished":"2025-04-18T07:26:00+00:00","dateModified":"2025-04-18T01:05:55+00:00","author":{"@id":"https:\/\/www.ladiagonale.net\/#\/schema\/person\/79ff1e7b0853ed01b2aa26e64ad300bf"},"breadcrumb":{"@id":"https:\/\/www.ladiagonale.net\/index.php\/2025\/04\/18\/hutter-akliouche-est-pret-pour-la-prochaine-etape\/#breadcrumb"},"inLanguage":"fr-FR","potentialAction":[{"@type":"ReadAction","target":["https:\/\/www.ladiagonale.net\/index.php\/2025\/04\/18\/hutter-akliouche-est-pret-pour-la-prochaine-etape\/"]}]},{"@type":"BreadcrumbList","@id":"https:\/\/www.ladiagonale.net\/index.php\/2025\/04\/18\/hutter-akliouche-est-pret-pour-la-prochaine-etape\/#breadcrumb","itemListElement":[{"@type":"ListItem","position":1,"name":"Accueil","item":"https:\/\/www.ladiagonale.net\/"},{"@type":"ListItem","position":2,"name":"H\u00fctter : \u00ab\u00a0Akliouche est pr\u00eat pour la prochaine \u00e9tape\u00a0\u00bb"}]},{"@type":"WebSite","@id":"https:\/\/www.ladiagonale.net\/#website","url":"https:\/\/www.ladiagonale.net\/","name":"La Diagonale","description":"Le site des supporters de l&#039;AS Monaco FC","potentialAction":[{"@type":"SearchAction","target":{"@type":"EntryPoint","urlTemplate":"https:\/\/www.ladiagonale.net\/?s={search_term_string}"},"query-input":"required name=search_term_string"}],"inLanguage":"fr-FR"},{"@type":"Person","@id":"https:\/\/www.ladiagonale.net\/#\/schema\/person\/79ff1e7b0853ed01b2aa26e64ad300bf","name":"Damien Dellerba","image":{"@type":"ImageObject","inLanguage":"fr-FR","@id":"https:\/\/www.ladiagonale.net\/#\/schema\/person\/image\/","url":"https:\/\/secure.gravatar.com\/avatar\/c7850e06d3ff63cdbaee88b7fc16e2f0?s=96&d=mm&r=g","contentUrl":"https:\/\/secure.gravatar.com\/avatar\/c7850e06d3ff63cdbaee88b7fc16e2f0?s=96&d=mm&r=g","caption":"Damien Dellerba"},"url":"https:\/\/www.ladiagonale.net\/index.php\/author\/damien\/"}]}},"_links":{"self":[{"href":"https:\/\/www.ladiagonale.net\/index.php\/wp-json\/wp\/v2\/posts\/31019"}],"collection":[{"href":"https:\/\/www.ladiagonale.net\/index.php\/wp-json\/wp\/v2\/posts"}],"about":[{"href":"https:\/\/www.ladiagonale.net\/index.php\/wp-json\/wp\/v2\/types\/post"}],"author":[{"embeddable":true,"href":"https:\/\/www.ladiagonale.net\/index.php\/wp-json\/wp\/v2\/users\/2"}],"replies":[{"embeddable":true,"href":"https:\/\/www.ladiagonale.net\/index.php\/wp-json\/wp\/v2\/comments?post=31019"}],"version-history":[{"count":1,"href":"https:\/\/www.ladiagonale.net\/index.php\/wp-json\/wp\/v2\/posts\/31019\/revisions"}],"predecessor-version":[{"id":31021,"href":"https:\/\/www.ladiagonale.net\/index.php\/wp-json\/wp\/v2\/posts\/31019\/revisions\/31021"}],"wp:attachment":[{"href":"https:\/\/www.ladiagonale.net\/index.php\/wp-json\/wp\/v2\/media?parent=31019"}],"wp:term":[{"taxonomy":"category","embeddable":true,"href":"https:\/\/www.ladiagonale.net\/index.php\/wp-json\/wp\/v2\/categories?post=31019"},{"taxonomy":"post_tag","embeddable":true,"href":"https:\/\/www.ladiagonale.net\/index.php\/wp-json\/wp\/v2\/tags?post=31019"}],"curies":[{"name":"wp","href":"https:\/\/api.w.org\/{rel}","templated":true}]}}