{"id":31027,"date":"2025-04-18T14:05:56","date_gmt":"2025-04-18T12:05:56","guid":{"rendered":"https:\/\/www.ladiagonale.net\/?p=31027"},"modified":"2025-04-18T18:11:27","modified_gmt":"2025-04-18T16:11:27","slug":"benchaouch-et-dendani-adversaires-a-la-can-u20","status":"publish","type":"post","link":"https:\/\/www.ladiagonale.net\/index.php\/2025\/04\/18\/benchaouch-et-dendani-adversaires-a-la-can-u20\/","title":{"rendered":"Benchaouch et Dendani adversaires \u00e0 la CAN U20"},"content":{"rendered":"\n<p>Alors qu\u2019Ilies Belmokhtar va disputer <a href=\"https:\/\/www.ladiagonale.net\/index.php\/2025\/04\/16\/belmokhtar-en-finale-de-la-can-u17-malgre-un-tir-au-but-manque\/\">la finale de la CAN U17<\/a> avec la Maroc samedi (16h), deux autres repr\u00e9sentants de l\u2019AS Monaco seront aussi engag\u00e9s en Coupe d\u2019Afrique des nations, mais chez les U20 cette fois. Yanis Benchaouch a \u00e9t\u00e9 s\u00e9lectionn\u00e9 avec le Maroc tandis que Nacim Dendani a \u00e9t\u00e9 convoqu\u00e9 avec la Tunisie.<\/p>\n\n\n\n<p>Celle-ci d\u00e9butera le 27 avril et se tiendra en \u00c9gypte, et non en C\u00f4te d\u2019Ivoire, qui a renonc\u00e9 \u00e0 son organisation au mois de mars. Les deux Mon\u00e9gasques, qui feront leur entr\u00e9e dans la comp\u00e9tition le 1<sup>er<\/sup> mai, s\u2019affronteront lors de leur troisi\u00e8me rencontre du groupe B, le 7 mai. La finale est pr\u00e9vue le 18 mai.<\/p>\n\n\n\n<div class=\"wp-container-1 wp-block-group has-cyan-bluish-gray-background-color has-background\"><div class=\"wp-block-group__inner-container\">\n<h3 class=\"has-text-align-center\">Le calendrier de Benchaouch et Dendani<\/h3>\n\n\n\n<p><strong>1<sup>er<\/sup> mai<\/strong><\/p>\n\n\n\n<ul><li>17h : Nigeria &#8211; <strong>Tunisie<\/strong><\/li><li>20h : Kenya &#8211; <strong>Maroc<\/strong><\/li><\/ul>\n\n\n\n<p><strong>4 mai<\/strong><\/p>\n\n\n\n<ul><li>17h : <strong>Tunisie<\/strong> &#8211; Kenya<\/li><li>20h : <strong>Maroc<\/strong> &#8211; Nigeria<\/li><\/ul>\n\n\n\n<p><strong>7 mai (17h) <\/strong><\/p>\n\n\n\n<ul><li><strong>Tunisie<\/strong> &#8211; <strong>Maroc<\/strong><\/li><\/ul>\n<\/div><\/div>\n\n\n","protected":false},"excerpt":{"rendered":"<p>Alors qu\u2019Ilies Belmokhtar va disputer la finale de la CAN U17 avec la Maroc samedi (16h), deux autres repr\u00e9sentants de l\u2019AS Monaco seront aussi engag\u00e9s en Coupe d\u2019Afrique des nations, mais chez les U20 cette fois. Yanis Benchaouch a \u00e9t\u00e9 s\u00e9lectionn\u00e9 avec le Maroc tandis que Nacim Dendani a \u00e9t\u00e9 convoqu\u00e9 avec la Tunisie. Celle-ci [&#8230;]\n","protected":false},"author":2,"featured_media":0,"comment_status":"open","ping_status":"open","sticky":false,"template":"","format":"standard","meta":[],"categories":[6],"tags":[86,1023,804,204,116,122,798],"yoast_head":"<!-- This site is optimized with the Yoast SEO plugin v19.8 - https:\/\/yoast.com\/wordpress\/plugins\/seo\/ -->\n<title>Benchaouch et Dendani adversaires \u00e0 la CAN U20 - La Diagonale<\/title>\n<meta name=\"robots\" content=\"index, follow, max-snippet:-1, max-image-preview:large, max-video-preview:-1\" \/>\n<link rel=\"canonical\" href=\"https:\/\/www.ladiagonale.net\/index.php\/2025\/04\/18\/benchaouch-et-dendani-adversaires-a-la-can-u20\/\" \/>\n<meta property=\"og:locale\" content=\"fr_FR\" \/>\n<meta property=\"og:type\" content=\"article\" \/>\n<meta property=\"og:title\" content=\"Benchaouch et Dendani adversaires \u00e0 la CAN U20 - La Diagonale\" \/>\n<meta property=\"og:description\" content=\"Alors qu\u2019Ilies Belmokhtar va disputer la finale de la CAN U17 avec la Maroc samedi (16h), deux autres repr\u00e9sentants de l\u2019AS Monaco seront aussi engag\u00e9s en Coupe d\u2019Afrique des nations, mais chez les U20 cette fois. Yanis Benchaouch a \u00e9t\u00e9 s\u00e9lectionn\u00e9 avec le Maroc tandis que Nacim Dendani a \u00e9t\u00e9 convoqu\u00e9 avec la Tunisie. Celle-ci [...]\" \/>\n<meta property=\"og:url\" content=\"https:\/\/www.ladiagonale.net\/index.php\/2025\/04\/18\/benchaouch-et-dendani-adversaires-a-la-can-u20\/\" \/>\n<meta property=\"og:site_name\" content=\"La Diagonale\" \/>\n<meta property=\"article:published_time\" content=\"2025-04-18T12:05:56+00:00\" \/>\n<meta property=\"article:modified_time\" content=\"2025-04-18T16:11:27+00:00\" \/>\n<meta property=\"og:image\" content=\"https:\/\/www.ladiagonale.net\/wp-content\/uploads\/2024\/11\/benchaouch-maroc.png\" \/>\n\t<meta property=\"og:image:width\" content=\"1160\" \/>\n\t<meta property=\"og:image:height\" content=\"650\" \/>\n\t<meta property=\"og:image:type\" content=\"image\/png\" \/>\n<meta name=\"author\" content=\"Damien Dellerba\" \/>\n<meta name=\"twitter:card\" content=\"summary_large_image\" \/>\n<meta name=\"twitter:image\" content=\"https:\/\/www.ladiagonale.net\/wp-content\/uploads\/2024\/11\/benchaouch-maroc.png\" \/>\n<meta name=\"twitter:label1\" content=\"\u00c9crit par\" \/>\n\t<meta name=\"twitter:data1\" content=\"Damien Dellerba\" \/>\n\t<meta name=\"twitter:label2\" content=\"Dur\u00e9e de lecture estim\u00e9e\" \/>\n\t<meta name=\"twitter:data2\" content=\"1 minute\" \/>\n<script type=\"application\/ld+json\" class=\"yoast-schema-graph\">{\"@context\":\"https:\/\/schema.org\",\"@graph\":[{\"@type\":\"WebPage\",\"@id\":\"https:\/\/www.ladiagonale.net\/index.php\/2025\/04\/18\/benchaouch-et-dendani-adversaires-a-la-can-u20\/\",\"url\":\"https:\/\/www.ladiagonale.net\/index.php\/2025\/04\/18\/benchaouch-et-dendani-adversaires-a-la-can-u20\/\",\"name\":\"Benchaouch et Dendani adversaires \u00e0 la CAN U20 - La Diagonale\",\"isPartOf\":{\"@id\":\"https:\/\/www.ladiagonale.net\/#website\"},\"datePublished\":\"2025-04-18T12:05:56+00:00\",\"dateModified\":\"2025-04-18T16:11:27+00:00\",\"author\":{\"@id\":\"https:\/\/www.ladiagonale.net\/#\/schema\/person\/79ff1e7b0853ed01b2aa26e64ad300bf\"},\"breadcrumb\":{\"@id\":\"https:\/\/www.ladiagonale.net\/index.php\/2025\/04\/18\/benchaouch-et-dendani-adversaires-a-la-can-u20\/#breadcrumb\"},\"inLanguage\":\"fr-FR\",\"potentialAction\":[{\"@type\":\"ReadAction\",\"target\":[\"https:\/\/www.ladiagonale.net\/index.php\/2025\/04\/18\/benchaouch-et-dendani-adversaires-a-la-can-u20\/\"]}]},{\"@type\":\"BreadcrumbList\",\"@id\":\"https:\/\/www.ladiagonale.net\/index.php\/2025\/04\/18\/benchaouch-et-dendani-adversaires-a-la-can-u20\/#breadcrumb\",\"itemListElement\":[{\"@type\":\"ListItem\",\"position\":1,\"name\":\"Accueil\",\"item\":\"https:\/\/www.ladiagonale.net\/\"},{\"@type\":\"ListItem\",\"position\":2,\"name\":\"Benchaouch et Dendani adversaires \u00e0 la CAN U20\"}]},{\"@type\":\"WebSite\",\"@id\":\"https:\/\/www.ladiagonale.net\/#website\",\"url\":\"https:\/\/www.ladiagonale.net\/\",\"name\":\"La Diagonale\",\"description\":\"Le site des supporters de l&#039;AS Monaco FC\",\"potentialAction\":[{\"@type\":\"SearchAction\",\"target\":{\"@type\":\"EntryPoint\",\"urlTemplate\":\"https:\/\/www.ladiagonale.net\/?s={search_term_string}\"},\"query-input\":\"required name=search_term_string\"}],\"inLanguage\":\"fr-FR\"},{\"@type\":\"Person\",\"@id\":\"https:\/\/www.ladiagonale.net\/#\/schema\/person\/79ff1e7b0853ed01b2aa26e64ad300bf\",\"name\":\"Damien Dellerba\",\"image\":{\"@type\":\"ImageObject\",\"inLanguage\":\"fr-FR\",\"@id\":\"https:\/\/www.ladiagonale.net\/#\/schema\/person\/image\/\",\"url\":\"https:\/\/secure.gravatar.com\/avatar\/c7850e06d3ff63cdbaee88b7fc16e2f0?s=96&d=mm&r=g\",\"contentUrl\":\"https:\/\/secure.gravatar.com\/avatar\/c7850e06d3ff63cdbaee88b7fc16e2f0?s=96&d=mm&r=g\",\"caption\":\"Damien Dellerba\"},\"url\":\"https:\/\/www.ladiagonale.net\/index.php\/author\/damien\/\"}]}<\/script>\n<!-- \/ Yoast SEO plugin. -->","yoast_head_json":{"title":"Benchaouch et Dendani adversaires \u00e0 la CAN U20 - La Diagonale","robots":{"index":"index","follow":"follow","max-snippet":"max-snippet:-1","max-image-preview":"max-image-preview:large","max-video-preview":"max-video-preview:-1"},"canonical":"https:\/\/www.ladiagonale.net\/index.php\/2025\/04\/18\/benchaouch-et-dendani-adversaires-a-la-can-u20\/","og_locale":"fr_FR","og_type":"article","og_title":"Benchaouch et Dendani adversaires \u00e0 la CAN U20 - La Diagonale","og_description":"Alors qu\u2019Ilies Belmokhtar va disputer la finale de la CAN U17 avec la Maroc samedi (16h), deux autres repr\u00e9sentants de l\u2019AS Monaco seront aussi engag\u00e9s en Coupe d\u2019Afrique des nations, mais chez les U20 cette fois. Yanis Benchaouch a \u00e9t\u00e9 s\u00e9lectionn\u00e9 avec le Maroc tandis que Nacim Dendani a \u00e9t\u00e9 convoqu\u00e9 avec la Tunisie. Celle-ci [...]","og_url":"https:\/\/www.ladiagonale.net\/index.php\/2025\/04\/18\/benchaouch-et-dendani-adversaires-a-la-can-u20\/","og_site_name":"La Diagonale","article_published_time":"2025-04-18T12:05:56+00:00","article_modified_time":"2025-04-18T16:11:27+00:00","og_image":[{"width":1160,"height":650,"url":"https:\/\/www.ladiagonale.net\/wp-content\/uploads\/2024\/11\/benchaouch-maroc.png","type":"image\/png"}],"author":"Damien Dellerba","twitter_card":"summary_large_image","twitter_image":"https:\/\/www.ladiagonale.net\/wp-content\/uploads\/2024\/11\/benchaouch-maroc.png","twitter_misc":{"\u00c9crit par":"Damien Dellerba","Dur\u00e9e de lecture estim\u00e9e":"1 minute"},"schema":{"@context":"https:\/\/schema.org","@graph":[{"@type":"WebPage","@id":"https:\/\/www.ladiagonale.net\/index.php\/2025\/04\/18\/benchaouch-et-dendani-adversaires-a-la-can-u20\/","url":"https:\/\/www.ladiagonale.net\/index.php\/2025\/04\/18\/benchaouch-et-dendani-adversaires-a-la-can-u20\/","name":"Benchaouch et Dendani adversaires \u00e0 la CAN U20 - La Diagonale","isPartOf":{"@id":"https:\/\/www.ladiagonale.net\/#website"},"datePublished":"2025-04-18T12:05:56+00:00","dateModified":"2025-04-18T16:11:27+00:00","author":{"@id":"https:\/\/www.ladiagonale.net\/#\/schema\/person\/79ff1e7b0853ed01b2aa26e64ad300bf"},"breadcrumb":{"@id":"https:\/\/www.ladiagonale.net\/index.php\/2025\/04\/18\/benchaouch-et-dendani-adversaires-a-la-can-u20\/#breadcrumb"},"inLanguage":"fr-FR","potentialAction":[{"@type":"ReadAction","target":["https:\/\/www.ladiagonale.net\/index.php\/2025\/04\/18\/benchaouch-et-dendani-adversaires-a-la-can-u20\/"]}]},{"@type":"BreadcrumbList","@id":"https:\/\/www.ladiagonale.net\/index.php\/2025\/04\/18\/benchaouch-et-dendani-adversaires-a-la-can-u20\/#breadcrumb","itemListElement":[{"@type":"ListItem","position":1,"name":"Accueil","item":"https:\/\/www.ladiagonale.net\/"},{"@type":"ListItem","position":2,"name":"Benchaouch et Dendani adversaires \u00e0 la CAN U20"}]},{"@type":"WebSite","@id":"https:\/\/www.ladiagonale.net\/#website","url":"https:\/\/www.ladiagonale.net\/","name":"La Diagonale","description":"Le site des supporters de l&#039;AS Monaco FC","potentialAction":[{"@type":"SearchAction","target":{"@type":"EntryPoint","urlTemplate":"https:\/\/www.ladiagonale.net\/?s={search_term_string}"},"query-input":"required name=search_term_string"}],"inLanguage":"fr-FR"},{"@type":"Person","@id":"https:\/\/www.ladiagonale.net\/#\/schema\/person\/79ff1e7b0853ed01b2aa26e64ad300bf","name":"Damien Dellerba","image":{"@type":"ImageObject","inLanguage":"fr-FR","@id":"https:\/\/www.ladiagonale.net\/#\/schema\/person\/image\/","url":"https:\/\/secure.gravatar.com\/avatar\/c7850e06d3ff63cdbaee88b7fc16e2f0?s=96&d=mm&r=g","contentUrl":"https:\/\/secure.gravatar.com\/avatar\/c7850e06d3ff63cdbaee88b7fc16e2f0?s=96&d=mm&r=g","caption":"Damien Dellerba"},"url":"https:\/\/www.ladiagonale.net\/index.php\/author\/damien\/"}]}},"_links":{"self":[{"href":"https:\/\/www.ladiagonale.net\/index.php\/wp-json\/wp\/v2\/posts\/31027"}],"collection":[{"href":"https:\/\/www.ladiagonale.net\/index.php\/wp-json\/wp\/v2\/posts"}],"about":[{"href":"https:\/\/www.ladiagonale.net\/index.php\/wp-json\/wp\/v2\/types\/post"}],"author":[{"embeddable":true,"href":"https:\/\/www.ladiagonale.net\/index.php\/wp-json\/wp\/v2\/users\/2"}],"replies":[{"embeddable":true,"href":"https:\/\/www.ladiagonale.net\/index.php\/wp-json\/wp\/v2\/comments?post=31027"}],"version-history":[{"count":4,"href":"https:\/\/www.ladiagonale.net\/index.php\/wp-json\/wp\/v2\/posts\/31027\/revisions"}],"predecessor-version":[{"id":31046,"href":"https:\/\/www.ladiagonale.net\/index.php\/wp-json\/wp\/v2\/posts\/31027\/revisions\/31046"}],"wp:attachment":[{"href":"https:\/\/www.ladiagonale.net\/index.php\/wp-json\/wp\/v2\/media?parent=31027"}],"wp:term":[{"taxonomy":"category","embeddable":true,"href":"https:\/\/www.ladiagonale.net\/index.php\/wp-json\/wp\/v2\/categories?post=31027"},{"taxonomy":"post_tag","embeddable":true,"href":"https:\/\/www.ladiagonale.net\/index.php\/wp-json\/wp\/v2\/tags?post=31027"}],"curies":[{"name":"wp","href":"https:\/\/api.w.org\/{rel}","templated":true}]}}