{"id":31029,"date":"2025-04-18T16:21:53","date_gmt":"2025-04-18T14:21:53","guid":{"rendered":"https:\/\/www.ladiagonale.net\/?p=31029"},"modified":"2025-04-18T18:39:05","modified_gmt":"2025-04-18T16:39:05","slug":"pour-hutter-diatta-est-devant-teze-dans-la-hierarchie-au-poste-de-lateral-droit","status":"publish","type":"post","link":"https:\/\/www.ladiagonale.net\/index.php\/2025\/04\/18\/pour-hutter-diatta-est-devant-teze-dans-la-hierarchie-au-poste-de-lateral-droit\/","title":{"rendered":"Pour H\u00fctter, Diatta est devant Teze dans la hi\u00e9rarchie au poste de lat\u00e9ral droit"},"content":{"rendered":"\n<p>Samedi, l\u2019AS Monaco affrontera Strasbourg, mais sans savoir avec quel lat\u00e9ral droit. <a href=\"https:\/\/www.ladiagonale.net\/index.php\/2025\/04\/17\/biereth-incertain-pour-strasbourg\/\" target=\"_blank\" rel=\"noreferrer noopener\">Vanderson est incertain<\/a>, et contre Nice et Brest, c\u2019\u00e9tait Wilfried Singo qui s\u2019y \u00e9tait coll\u00e9. L\u2019ASM dispose depuis l\u2019\u00e9t\u00e9 dernier d\u2019une doublure \u00e0 ce poste avec Jordan Teze, mais le transfuge du PSV Eindohven n\u2019a que trop peu donn\u00e9 satisfaction \u00e0 ce poste cette ann\u00e9e, obligeant Adi H\u00fctter \u00e0 trouver d\u2019autres options.<\/p>\n\n\n\n<p>En conf\u00e9rence de presse, le technicien mon\u00e9gasque a expliqu\u00e9 pourquoi le N\u00e9erlandais n\u2019avait pas encore retrouv\u00e9 le groupe apr\u00e8s \u00eatre revenu d&rsquo;une blessure \u00e0 un quadriceps pendant la tr\u00eave. \u00ab&nbsp;<em>Jordan a \u00e9t\u00e9 bless\u00e9 plusieurs semaines. Il s\u2019entra\u00eene tr\u00e8s tr\u00e8s bien depuis son retour, mais il y a de la concurrence<\/em>, a d\u00e9clar\u00e9 l&rsquo;Autrichien. <em>Il n\u2019est pas facile de dire chaque semaine qui sera dans le groupe le week-end. Quand tout le monde est en forme, c\u2019est un luxe et \u00e9galement un probl\u00e8me pour un coach. On ne peut inscrire que vingt joueurs sur une feuille de match.<\/em> \u00bb<\/p>\n\n\n\n<p>Mais \u00e0 en croire la suite de la d\u00e9claration d&rsquo;H\u00fctter, Kr\u00e9pin Diatta est pass\u00e9 devant Teze dans la hi\u00e9rarchie, alors qu&rsquo;il joue aussi au poste de lat\u00e9ral avec le S\u00e9n\u00e9gal : \u00ab <em>Kr\u00e9pin est polyvalent. Il peut jouer \u00e0 gauche ou \u00e0 droite, arri\u00e8re lat\u00e9ral ou num\u00e9ro 10 et c\u2019est aussi la raison pour laquelle il a un avantage.<\/em>&nbsp;\u00bb<\/p>\n\n\n\n<p class=\"has-text-align-right has-small-font-size\">Source : <em>Nice-Matin<\/em><\/p>\n\n\n","protected":false},"excerpt":{"rendered":"<p>Samedi, l\u2019AS Monaco affrontera Strasbourg, mais sans savoir avec quel lat\u00e9ral droit. Vanderson est incertain, et contre Nice et Brest, c\u2019\u00e9tait Wilfried Singo qui s\u2019y \u00e9tait coll\u00e9. L\u2019ASM dispose depuis l\u2019\u00e9t\u00e9 dernier d\u2019une doublure \u00e0 ce poste avec Jordan Teze, mais le transfuge du PSV Eindohven n\u2019a que trop peu donn\u00e9 satisfaction \u00e0 ce poste [&#8230;]\n","protected":false},"author":2,"featured_media":0,"comment_status":"open","ping_status":"open","sticky":false,"template":"","format":"standard","meta":[],"categories":[6],"tags":[576,86,897,163],"yoast_head":"<!-- This site is optimized with the Yoast SEO plugin v19.8 - https:\/\/yoast.com\/wordpress\/plugins\/seo\/ -->\n<title>Pour H\u00fctter, Diatta est devant Teze dans la hi\u00e9rarchie au poste de lat\u00e9ral droit - La Diagonale<\/title>\n<meta name=\"robots\" content=\"index, follow, max-snippet:-1, max-image-preview:large, max-video-preview:-1\" \/>\n<link rel=\"canonical\" href=\"https:\/\/www.ladiagonale.net\/index.php\/2025\/04\/18\/pour-hutter-diatta-est-devant-teze-dans-la-hierarchie-au-poste-de-lateral-droit\/\" \/>\n<meta property=\"og:locale\" content=\"fr_FR\" \/>\n<meta property=\"og:type\" content=\"article\" \/>\n<meta property=\"og:title\" content=\"Pour H\u00fctter, Diatta est devant Teze dans la hi\u00e9rarchie au poste de lat\u00e9ral droit - La Diagonale\" \/>\n<meta property=\"og:description\" content=\"Samedi, l\u2019AS Monaco affrontera Strasbourg, mais sans savoir avec quel lat\u00e9ral droit. Vanderson est incertain, et contre Nice et Brest, c\u2019\u00e9tait Wilfried Singo qui s\u2019y \u00e9tait coll\u00e9. L\u2019ASM dispose depuis l\u2019\u00e9t\u00e9 dernier d\u2019une doublure \u00e0 ce poste avec Jordan Teze, mais le transfuge du PSV Eindohven n\u2019a que trop peu donn\u00e9 satisfaction \u00e0 ce poste [...]\" \/>\n<meta property=\"og:url\" content=\"https:\/\/www.ladiagonale.net\/index.php\/2025\/04\/18\/pour-hutter-diatta-est-devant-teze-dans-la-hierarchie-au-poste-de-lateral-droit\/\" \/>\n<meta property=\"og:site_name\" content=\"La Diagonale\" \/>\n<meta property=\"article:published_time\" content=\"2025-04-18T14:21:53+00:00\" \/>\n<meta property=\"article:modified_time\" content=\"2025-04-18T16:39:05+00:00\" \/>\n<meta property=\"og:image\" content=\"https:\/\/www.ladiagonale.net\/wp-content\/uploads\/2024\/07\/diatta-servette.png\" \/>\n\t<meta property=\"og:image:width\" content=\"1160\" \/>\n\t<meta property=\"og:image:height\" content=\"650\" \/>\n\t<meta property=\"og:image:type\" content=\"image\/png\" \/>\n<meta name=\"author\" content=\"Damien Dellerba\" \/>\n<meta name=\"twitter:card\" content=\"summary_large_image\" \/>\n<meta name=\"twitter:image\" content=\"https:\/\/www.ladiagonale.net\/wp-content\/uploads\/2024\/07\/diatta-servette.png\" \/>\n<meta name=\"twitter:label1\" content=\"\u00c9crit par\" \/>\n\t<meta name=\"twitter:data1\" content=\"Damien Dellerba\" \/>\n\t<meta name=\"twitter:label2\" content=\"Dur\u00e9e de lecture estim\u00e9e\" \/>\n\t<meta name=\"twitter:data2\" content=\"2 minutes\" \/>\n<script type=\"application\/ld+json\" class=\"yoast-schema-graph\">{\"@context\":\"https:\/\/schema.org\",\"@graph\":[{\"@type\":\"WebPage\",\"@id\":\"https:\/\/www.ladiagonale.net\/index.php\/2025\/04\/18\/pour-hutter-diatta-est-devant-teze-dans-la-hierarchie-au-poste-de-lateral-droit\/\",\"url\":\"https:\/\/www.ladiagonale.net\/index.php\/2025\/04\/18\/pour-hutter-diatta-est-devant-teze-dans-la-hierarchie-au-poste-de-lateral-droit\/\",\"name\":\"Pour H\u00fctter, Diatta est devant Teze dans la hi\u00e9rarchie au poste de lat\u00e9ral droit - La Diagonale\",\"isPartOf\":{\"@id\":\"https:\/\/www.ladiagonale.net\/#website\"},\"datePublished\":\"2025-04-18T14:21:53+00:00\",\"dateModified\":\"2025-04-18T16:39:05+00:00\",\"author\":{\"@id\":\"https:\/\/www.ladiagonale.net\/#\/schema\/person\/79ff1e7b0853ed01b2aa26e64ad300bf\"},\"breadcrumb\":{\"@id\":\"https:\/\/www.ladiagonale.net\/index.php\/2025\/04\/18\/pour-hutter-diatta-est-devant-teze-dans-la-hierarchie-au-poste-de-lateral-droit\/#breadcrumb\"},\"inLanguage\":\"fr-FR\",\"potentialAction\":[{\"@type\":\"ReadAction\",\"target\":[\"https:\/\/www.ladiagonale.net\/index.php\/2025\/04\/18\/pour-hutter-diatta-est-devant-teze-dans-la-hierarchie-au-poste-de-lateral-droit\/\"]}]},{\"@type\":\"BreadcrumbList\",\"@id\":\"https:\/\/www.ladiagonale.net\/index.php\/2025\/04\/18\/pour-hutter-diatta-est-devant-teze-dans-la-hierarchie-au-poste-de-lateral-droit\/#breadcrumb\",\"itemListElement\":[{\"@type\":\"ListItem\",\"position\":1,\"name\":\"Accueil\",\"item\":\"https:\/\/www.ladiagonale.net\/\"},{\"@type\":\"ListItem\",\"position\":2,\"name\":\"Pour H\u00fctter, Diatta est devant Teze dans la hi\u00e9rarchie au poste de lat\u00e9ral droit\"}]},{\"@type\":\"WebSite\",\"@id\":\"https:\/\/www.ladiagonale.net\/#website\",\"url\":\"https:\/\/www.ladiagonale.net\/\",\"name\":\"La Diagonale\",\"description\":\"Le site des supporters de l&#039;AS Monaco FC\",\"potentialAction\":[{\"@type\":\"SearchAction\",\"target\":{\"@type\":\"EntryPoint\",\"urlTemplate\":\"https:\/\/www.ladiagonale.net\/?s={search_term_string}\"},\"query-input\":\"required name=search_term_string\"}],\"inLanguage\":\"fr-FR\"},{\"@type\":\"Person\",\"@id\":\"https:\/\/www.ladiagonale.net\/#\/schema\/person\/79ff1e7b0853ed01b2aa26e64ad300bf\",\"name\":\"Damien Dellerba\",\"image\":{\"@type\":\"ImageObject\",\"inLanguage\":\"fr-FR\",\"@id\":\"https:\/\/www.ladiagonale.net\/#\/schema\/person\/image\/\",\"url\":\"https:\/\/secure.gravatar.com\/avatar\/c7850e06d3ff63cdbaee88b7fc16e2f0?s=96&d=mm&r=g\",\"contentUrl\":\"https:\/\/secure.gravatar.com\/avatar\/c7850e06d3ff63cdbaee88b7fc16e2f0?s=96&d=mm&r=g\",\"caption\":\"Damien Dellerba\"},\"url\":\"https:\/\/www.ladiagonale.net\/index.php\/author\/damien\/\"}]}<\/script>\n<!-- \/ Yoast SEO plugin. -->","yoast_head_json":{"title":"Pour H\u00fctter, Diatta est devant Teze dans la hi\u00e9rarchie au poste de lat\u00e9ral droit - La Diagonale","robots":{"index":"index","follow":"follow","max-snippet":"max-snippet:-1","max-image-preview":"max-image-preview:large","max-video-preview":"max-video-preview:-1"},"canonical":"https:\/\/www.ladiagonale.net\/index.php\/2025\/04\/18\/pour-hutter-diatta-est-devant-teze-dans-la-hierarchie-au-poste-de-lateral-droit\/","og_locale":"fr_FR","og_type":"article","og_title":"Pour H\u00fctter, Diatta est devant Teze dans la hi\u00e9rarchie au poste de lat\u00e9ral droit - La Diagonale","og_description":"Samedi, l\u2019AS Monaco affrontera Strasbourg, mais sans savoir avec quel lat\u00e9ral droit. Vanderson est incertain, et contre Nice et Brest, c\u2019\u00e9tait Wilfried Singo qui s\u2019y \u00e9tait coll\u00e9. L\u2019ASM dispose depuis l\u2019\u00e9t\u00e9 dernier d\u2019une doublure \u00e0 ce poste avec Jordan Teze, mais le transfuge du PSV Eindohven n\u2019a que trop peu donn\u00e9 satisfaction \u00e0 ce poste [...]","og_url":"https:\/\/www.ladiagonale.net\/index.php\/2025\/04\/18\/pour-hutter-diatta-est-devant-teze-dans-la-hierarchie-au-poste-de-lateral-droit\/","og_site_name":"La Diagonale","article_published_time":"2025-04-18T14:21:53+00:00","article_modified_time":"2025-04-18T16:39:05+00:00","og_image":[{"width":1160,"height":650,"url":"https:\/\/www.ladiagonale.net\/wp-content\/uploads\/2024\/07\/diatta-servette.png","type":"image\/png"}],"author":"Damien Dellerba","twitter_card":"summary_large_image","twitter_image":"https:\/\/www.ladiagonale.net\/wp-content\/uploads\/2024\/07\/diatta-servette.png","twitter_misc":{"\u00c9crit par":"Damien Dellerba","Dur\u00e9e de lecture estim\u00e9e":"2 minutes"},"schema":{"@context":"https:\/\/schema.org","@graph":[{"@type":"WebPage","@id":"https:\/\/www.ladiagonale.net\/index.php\/2025\/04\/18\/pour-hutter-diatta-est-devant-teze-dans-la-hierarchie-au-poste-de-lateral-droit\/","url":"https:\/\/www.ladiagonale.net\/index.php\/2025\/04\/18\/pour-hutter-diatta-est-devant-teze-dans-la-hierarchie-au-poste-de-lateral-droit\/","name":"Pour H\u00fctter, Diatta est devant Teze dans la hi\u00e9rarchie au poste de lat\u00e9ral droit - La Diagonale","isPartOf":{"@id":"https:\/\/www.ladiagonale.net\/#website"},"datePublished":"2025-04-18T14:21:53+00:00","dateModified":"2025-04-18T16:39:05+00:00","author":{"@id":"https:\/\/www.ladiagonale.net\/#\/schema\/person\/79ff1e7b0853ed01b2aa26e64ad300bf"},"breadcrumb":{"@id":"https:\/\/www.ladiagonale.net\/index.php\/2025\/04\/18\/pour-hutter-diatta-est-devant-teze-dans-la-hierarchie-au-poste-de-lateral-droit\/#breadcrumb"},"inLanguage":"fr-FR","potentialAction":[{"@type":"ReadAction","target":["https:\/\/www.ladiagonale.net\/index.php\/2025\/04\/18\/pour-hutter-diatta-est-devant-teze-dans-la-hierarchie-au-poste-de-lateral-droit\/"]}]},{"@type":"BreadcrumbList","@id":"https:\/\/www.ladiagonale.net\/index.php\/2025\/04\/18\/pour-hutter-diatta-est-devant-teze-dans-la-hierarchie-au-poste-de-lateral-droit\/#breadcrumb","itemListElement":[{"@type":"ListItem","position":1,"name":"Accueil","item":"https:\/\/www.ladiagonale.net\/"},{"@type":"ListItem","position":2,"name":"Pour H\u00fctter, Diatta est devant Teze dans la hi\u00e9rarchie au poste de lat\u00e9ral droit"}]},{"@type":"WebSite","@id":"https:\/\/www.ladiagonale.net\/#website","url":"https:\/\/www.ladiagonale.net\/","name":"La Diagonale","description":"Le site des supporters de l&#039;AS Monaco FC","potentialAction":[{"@type":"SearchAction","target":{"@type":"EntryPoint","urlTemplate":"https:\/\/www.ladiagonale.net\/?s={search_term_string}"},"query-input":"required name=search_term_string"}],"inLanguage":"fr-FR"},{"@type":"Person","@id":"https:\/\/www.ladiagonale.net\/#\/schema\/person\/79ff1e7b0853ed01b2aa26e64ad300bf","name":"Damien Dellerba","image":{"@type":"ImageObject","inLanguage":"fr-FR","@id":"https:\/\/www.ladiagonale.net\/#\/schema\/person\/image\/","url":"https:\/\/secure.gravatar.com\/avatar\/c7850e06d3ff63cdbaee88b7fc16e2f0?s=96&d=mm&r=g","contentUrl":"https:\/\/secure.gravatar.com\/avatar\/c7850e06d3ff63cdbaee88b7fc16e2f0?s=96&d=mm&r=g","caption":"Damien Dellerba"},"url":"https:\/\/www.ladiagonale.net\/index.php\/author\/damien\/"}]}},"_links":{"self":[{"href":"https:\/\/www.ladiagonale.net\/index.php\/wp-json\/wp\/v2\/posts\/31029"}],"collection":[{"href":"https:\/\/www.ladiagonale.net\/index.php\/wp-json\/wp\/v2\/posts"}],"about":[{"href":"https:\/\/www.ladiagonale.net\/index.php\/wp-json\/wp\/v2\/types\/post"}],"author":[{"embeddable":true,"href":"https:\/\/www.ladiagonale.net\/index.php\/wp-json\/wp\/v2\/users\/2"}],"replies":[{"embeddable":true,"href":"https:\/\/www.ladiagonale.net\/index.php\/wp-json\/wp\/v2\/comments?post=31029"}],"version-history":[{"count":2,"href":"https:\/\/www.ladiagonale.net\/index.php\/wp-json\/wp\/v2\/posts\/31029\/revisions"}],"predecessor-version":[{"id":31050,"href":"https:\/\/www.ladiagonale.net\/index.php\/wp-json\/wp\/v2\/posts\/31029\/revisions\/31050"}],"wp:attachment":[{"href":"https:\/\/www.ladiagonale.net\/index.php\/wp-json\/wp\/v2\/media?parent=31029"}],"wp:term":[{"taxonomy":"category","embeddable":true,"href":"https:\/\/www.ladiagonale.net\/index.php\/wp-json\/wp\/v2\/categories?post=31029"},{"taxonomy":"post_tag","embeddable":true,"href":"https:\/\/www.ladiagonale.net\/index.php\/wp-json\/wp\/v2\/tags?post=31029"}],"curies":[{"name":"wp","href":"https:\/\/api.w.org\/{rel}","templated":true}]}}