{"id":31031,"date":"2025-04-18T16:30:38","date_gmt":"2025-04-18T14:30:38","guid":{"rendered":"https:\/\/www.ladiagonale.net\/?p=31031"},"modified":"2025-04-18T16:30:39","modified_gmt":"2025-04-18T14:30:39","slug":"monaco-ira-a-saint-etienne-le-3-mai","status":"publish","type":"post","link":"https:\/\/www.ladiagonale.net\/index.php\/2025\/04\/18\/monaco-ira-a-saint-etienne-le-3-mai\/","title":{"rendered":"Monaco ira \u00e0 Saint-\u00c9tienne le 3 mai"},"content":{"rendered":"\n\n\n<p>La programmation de cette fin de saison est d\u00e9sormais compl\u00e8te, avec les 33<sup>e<\/sup> et 34<sup>e<\/sup> journ\u00e9es qui se joueront les samedis 10 et 17 mai, dans le cadre du multiplex. Avant cela, la 32<sup>e<\/sup> journ\u00e9e de Ligue 1 verra l&rsquo;AS Monaco se rendre \u00e0 Saint-\u00c9tienne. Abonn\u00e9e aux horaires du samedi depuis plusieurs semaines, cette programmation ne d\u00e9roge pas \u00e0 la r\u00e8gle, puisque les Mon\u00e9gasques iront dans le Forez le samedi 3 mai. La rencontre d\u00e9butera \u00e0 21h05 et sera diffus\u00e9e sur <em>DAZN<\/em>.<\/p>\n\n\n\n<h3>La programmation compl\u00e8te de la 32<sup>e<\/sup> journ\u00e9e<\/h3>\n\n\n\n<p>Vendredi 2 mai 2025 \u00e0 20h45 sur <em>DAZN<\/em><br>OGC Nice \u2013 Stade de Reims<\/p>\n\n\n\n<p>Samedi 3 mai 2025 \u00e0 17h00 sur <em>DAZN<\/em><br>RC Strasbourg Alsace \u2013 Paris Saint-Germain<\/p>\n\n\n\n<p>Samedi 3 mai 2025 \u00e0 19h00 sur <em>DAZN<\/em><br>Toulouse FC \u2013 Stade Rennais FC<\/p>\n\n\n\n<p><strong>Samedi 3 mai 2025 \u00e0 21h05 sur <em>DAZN<\/em><br>AS Saint-\u00c9tienne \u2013 AS Monaco<\/strong><\/p>\n\n\n\n<p>Dimanche 4 mai 2025 \u00e0 15h00 sur <em>DAZN<\/em><br>FC Nantes \u2013 Angers SCO<\/p>\n\n\n\n<p>Dimanche 4 mai 2025 \u00e0 17h15 sur <em>beIN SPORTS 1<\/em><br>Olympique Lyonnais \u2013 RC Lens<\/p>\n\n\n\n<p>Dimanche 4 mai 2025 \u00e0 17h15 sur <em>DAZN<\/em><br>AJ Auxerre \u2013 Le Havre AC<br>Stade Brestois 29 \u2013 Montpellier H\u00e9rault SC<\/p>\n\n\n\n<p>Dimanche 4 mai 2025 \u00e0 20h45 sur <em>DAZN<\/em><br>LOSC Lille \u2013 Olympique de Marseille<\/p>\n","protected":false},"excerpt":{"rendered":"<p>La programmation de cette fin de saison est d\u00e9sormais compl\u00e8te, avec les 33e et 34e journ\u00e9es qui se joueront les samedis 10 et 17 mai, dans le cadre du multiplex. Avant cela, la 32e journ\u00e9e de Ligue 1 verra l&rsquo;AS Monaco se rendre \u00e0 Saint-\u00c9tienne. Abonn\u00e9e aux horaires du samedi depuis plusieurs semaines, cette programmation [&#8230;]\n","protected":false},"author":2,"featured_media":0,"comment_status":"open","ping_status":"open","sticky":false,"template":"","format":"standard","meta":[],"categories":[6],"tags":[86,896,94,172,1022],"yoast_head":"<!-- This site is optimized with the Yoast SEO plugin v19.8 - https:\/\/yoast.com\/wordpress\/plugins\/seo\/ -->\n<title>Monaco ira \u00e0 Saint-\u00c9tienne le 3 mai - La Diagonale<\/title>\n<meta name=\"robots\" content=\"index, follow, max-snippet:-1, max-image-preview:large, max-video-preview:-1\" \/>\n<link rel=\"canonical\" href=\"https:\/\/www.ladiagonale.net\/index.php\/2025\/04\/18\/monaco-ira-a-saint-etienne-le-3-mai\/\" \/>\n<meta property=\"og:locale\" content=\"fr_FR\" \/>\n<meta property=\"og:type\" content=\"article\" \/>\n<meta property=\"og:title\" content=\"Monaco ira \u00e0 Saint-\u00c9tienne le 3 mai - La Diagonale\" \/>\n<meta property=\"og:description\" content=\"La programmation de cette fin de saison est d\u00e9sormais compl\u00e8te, avec les 33e et 34e journ\u00e9es qui se joueront les samedis 10 et 17 mai, dans le cadre du multiplex. Avant cela, la 32e journ\u00e9e de Ligue 1 verra l&rsquo;AS Monaco se rendre \u00e0 Saint-\u00c9tienne. Abonn\u00e9e aux horaires du samedi depuis plusieurs semaines, cette programmation [...]\" \/>\n<meta property=\"og:url\" content=\"https:\/\/www.ladiagonale.net\/index.php\/2025\/04\/18\/monaco-ira-a-saint-etienne-le-3-mai\/\" \/>\n<meta property=\"og:site_name\" content=\"La Diagonale\" \/>\n<meta property=\"article:published_time\" content=\"2025-04-18T14:30:38+00:00\" \/>\n<meta property=\"article:modified_time\" content=\"2025-04-18T14:30:39+00:00\" \/>\n<meta property=\"og:image\" content=\"https:\/\/www.ladiagonale.net\/wp-content\/uploads\/2024\/09\/prog.png\" \/>\n\t<meta property=\"og:image:width\" content=\"1160\" \/>\n\t<meta property=\"og:image:height\" content=\"650\" \/>\n\t<meta property=\"og:image:type\" content=\"image\/png\" \/>\n<meta name=\"author\" content=\"Damien Dellerba\" \/>\n<meta name=\"twitter:card\" content=\"summary_large_image\" \/>\n<meta name=\"twitter:image\" content=\"https:\/\/www.ladiagonale.net\/wp-content\/uploads\/2024\/09\/prog.png\" \/>\n<meta name=\"twitter:label1\" content=\"\u00c9crit par\" \/>\n\t<meta name=\"twitter:data1\" content=\"Damien Dellerba\" \/>\n\t<meta name=\"twitter:label2\" content=\"Dur\u00e9e de lecture estim\u00e9e\" \/>\n\t<meta name=\"twitter:data2\" content=\"2 minutes\" \/>\n<script type=\"application\/ld+json\" class=\"yoast-schema-graph\">{\"@context\":\"https:\/\/schema.org\",\"@graph\":[{\"@type\":\"WebPage\",\"@id\":\"https:\/\/www.ladiagonale.net\/index.php\/2025\/04\/18\/monaco-ira-a-saint-etienne-le-3-mai\/\",\"url\":\"https:\/\/www.ladiagonale.net\/index.php\/2025\/04\/18\/monaco-ira-a-saint-etienne-le-3-mai\/\",\"name\":\"Monaco ira \u00e0 Saint-\u00c9tienne le 3 mai - La Diagonale\",\"isPartOf\":{\"@id\":\"https:\/\/www.ladiagonale.net\/#website\"},\"datePublished\":\"2025-04-18T14:30:38+00:00\",\"dateModified\":\"2025-04-18T14:30:39+00:00\",\"author\":{\"@id\":\"https:\/\/www.ladiagonale.net\/#\/schema\/person\/79ff1e7b0853ed01b2aa26e64ad300bf\"},\"breadcrumb\":{\"@id\":\"https:\/\/www.ladiagonale.net\/index.php\/2025\/04\/18\/monaco-ira-a-saint-etienne-le-3-mai\/#breadcrumb\"},\"inLanguage\":\"fr-FR\",\"potentialAction\":[{\"@type\":\"ReadAction\",\"target\":[\"https:\/\/www.ladiagonale.net\/index.php\/2025\/04\/18\/monaco-ira-a-saint-etienne-le-3-mai\/\"]}]},{\"@type\":\"BreadcrumbList\",\"@id\":\"https:\/\/www.ladiagonale.net\/index.php\/2025\/04\/18\/monaco-ira-a-saint-etienne-le-3-mai\/#breadcrumb\",\"itemListElement\":[{\"@type\":\"ListItem\",\"position\":1,\"name\":\"Accueil\",\"item\":\"https:\/\/www.ladiagonale.net\/\"},{\"@type\":\"ListItem\",\"position\":2,\"name\":\"Monaco ira \u00e0 Saint-\u00c9tienne le 3 mai\"}]},{\"@type\":\"WebSite\",\"@id\":\"https:\/\/www.ladiagonale.net\/#website\",\"url\":\"https:\/\/www.ladiagonale.net\/\",\"name\":\"La Diagonale\",\"description\":\"Le site des supporters de l&#039;AS Monaco FC\",\"potentialAction\":[{\"@type\":\"SearchAction\",\"target\":{\"@type\":\"EntryPoint\",\"urlTemplate\":\"https:\/\/www.ladiagonale.net\/?s={search_term_string}\"},\"query-input\":\"required name=search_term_string\"}],\"inLanguage\":\"fr-FR\"},{\"@type\":\"Person\",\"@id\":\"https:\/\/www.ladiagonale.net\/#\/schema\/person\/79ff1e7b0853ed01b2aa26e64ad300bf\",\"name\":\"Damien Dellerba\",\"image\":{\"@type\":\"ImageObject\",\"inLanguage\":\"fr-FR\",\"@id\":\"https:\/\/www.ladiagonale.net\/#\/schema\/person\/image\/\",\"url\":\"https:\/\/secure.gravatar.com\/avatar\/c7850e06d3ff63cdbaee88b7fc16e2f0?s=96&d=mm&r=g\",\"contentUrl\":\"https:\/\/secure.gravatar.com\/avatar\/c7850e06d3ff63cdbaee88b7fc16e2f0?s=96&d=mm&r=g\",\"caption\":\"Damien Dellerba\"},\"url\":\"https:\/\/www.ladiagonale.net\/index.php\/author\/damien\/\"}]}<\/script>\n<!-- \/ Yoast SEO plugin. -->","yoast_head_json":{"title":"Monaco ira \u00e0 Saint-\u00c9tienne le 3 mai - La Diagonale","robots":{"index":"index","follow":"follow","max-snippet":"max-snippet:-1","max-image-preview":"max-image-preview:large","max-video-preview":"max-video-preview:-1"},"canonical":"https:\/\/www.ladiagonale.net\/index.php\/2025\/04\/18\/monaco-ira-a-saint-etienne-le-3-mai\/","og_locale":"fr_FR","og_type":"article","og_title":"Monaco ira \u00e0 Saint-\u00c9tienne le 3 mai - La Diagonale","og_description":"La programmation de cette fin de saison est d\u00e9sormais compl\u00e8te, avec les 33e et 34e journ\u00e9es qui se joueront les samedis 10 et 17 mai, dans le cadre du multiplex. Avant cela, la 32e journ\u00e9e de Ligue 1 verra l&rsquo;AS Monaco se rendre \u00e0 Saint-\u00c9tienne. Abonn\u00e9e aux horaires du samedi depuis plusieurs semaines, cette programmation [...]","og_url":"https:\/\/www.ladiagonale.net\/index.php\/2025\/04\/18\/monaco-ira-a-saint-etienne-le-3-mai\/","og_site_name":"La Diagonale","article_published_time":"2025-04-18T14:30:38+00:00","article_modified_time":"2025-04-18T14:30:39+00:00","og_image":[{"width":1160,"height":650,"url":"https:\/\/www.ladiagonale.net\/wp-content\/uploads\/2024\/09\/prog.png","type":"image\/png"}],"author":"Damien Dellerba","twitter_card":"summary_large_image","twitter_image":"https:\/\/www.ladiagonale.net\/wp-content\/uploads\/2024\/09\/prog.png","twitter_misc":{"\u00c9crit par":"Damien Dellerba","Dur\u00e9e de lecture estim\u00e9e":"2 minutes"},"schema":{"@context":"https:\/\/schema.org","@graph":[{"@type":"WebPage","@id":"https:\/\/www.ladiagonale.net\/index.php\/2025\/04\/18\/monaco-ira-a-saint-etienne-le-3-mai\/","url":"https:\/\/www.ladiagonale.net\/index.php\/2025\/04\/18\/monaco-ira-a-saint-etienne-le-3-mai\/","name":"Monaco ira \u00e0 Saint-\u00c9tienne le 3 mai - La Diagonale","isPartOf":{"@id":"https:\/\/www.ladiagonale.net\/#website"},"datePublished":"2025-04-18T14:30:38+00:00","dateModified":"2025-04-18T14:30:39+00:00","author":{"@id":"https:\/\/www.ladiagonale.net\/#\/schema\/person\/79ff1e7b0853ed01b2aa26e64ad300bf"},"breadcrumb":{"@id":"https:\/\/www.ladiagonale.net\/index.php\/2025\/04\/18\/monaco-ira-a-saint-etienne-le-3-mai\/#breadcrumb"},"inLanguage":"fr-FR","potentialAction":[{"@type":"ReadAction","target":["https:\/\/www.ladiagonale.net\/index.php\/2025\/04\/18\/monaco-ira-a-saint-etienne-le-3-mai\/"]}]},{"@type":"BreadcrumbList","@id":"https:\/\/www.ladiagonale.net\/index.php\/2025\/04\/18\/monaco-ira-a-saint-etienne-le-3-mai\/#breadcrumb","itemListElement":[{"@type":"ListItem","position":1,"name":"Accueil","item":"https:\/\/www.ladiagonale.net\/"},{"@type":"ListItem","position":2,"name":"Monaco ira \u00e0 Saint-\u00c9tienne le 3 mai"}]},{"@type":"WebSite","@id":"https:\/\/www.ladiagonale.net\/#website","url":"https:\/\/www.ladiagonale.net\/","name":"La Diagonale","description":"Le site des supporters de l&#039;AS Monaco FC","potentialAction":[{"@type":"SearchAction","target":{"@type":"EntryPoint","urlTemplate":"https:\/\/www.ladiagonale.net\/?s={search_term_string}"},"query-input":"required name=search_term_string"}],"inLanguage":"fr-FR"},{"@type":"Person","@id":"https:\/\/www.ladiagonale.net\/#\/schema\/person\/79ff1e7b0853ed01b2aa26e64ad300bf","name":"Damien Dellerba","image":{"@type":"ImageObject","inLanguage":"fr-FR","@id":"https:\/\/www.ladiagonale.net\/#\/schema\/person\/image\/","url":"https:\/\/secure.gravatar.com\/avatar\/c7850e06d3ff63cdbaee88b7fc16e2f0?s=96&d=mm&r=g","contentUrl":"https:\/\/secure.gravatar.com\/avatar\/c7850e06d3ff63cdbaee88b7fc16e2f0?s=96&d=mm&r=g","caption":"Damien Dellerba"},"url":"https:\/\/www.ladiagonale.net\/index.php\/author\/damien\/"}]}},"_links":{"self":[{"href":"https:\/\/www.ladiagonale.net\/index.php\/wp-json\/wp\/v2\/posts\/31031"}],"collection":[{"href":"https:\/\/www.ladiagonale.net\/index.php\/wp-json\/wp\/v2\/posts"}],"about":[{"href":"https:\/\/www.ladiagonale.net\/index.php\/wp-json\/wp\/v2\/types\/post"}],"author":[{"embeddable":true,"href":"https:\/\/www.ladiagonale.net\/index.php\/wp-json\/wp\/v2\/users\/2"}],"replies":[{"embeddable":true,"href":"https:\/\/www.ladiagonale.net\/index.php\/wp-json\/wp\/v2\/comments?post=31031"}],"version-history":[{"count":1,"href":"https:\/\/www.ladiagonale.net\/index.php\/wp-json\/wp\/v2\/posts\/31031\/revisions"}],"predecessor-version":[{"id":31032,"href":"https:\/\/www.ladiagonale.net\/index.php\/wp-json\/wp\/v2\/posts\/31031\/revisions\/31032"}],"wp:attachment":[{"href":"https:\/\/www.ladiagonale.net\/index.php\/wp-json\/wp\/v2\/media?parent=31031"}],"wp:term":[{"taxonomy":"category","embeddable":true,"href":"https:\/\/www.ladiagonale.net\/index.php\/wp-json\/wp\/v2\/categories?post=31031"},{"taxonomy":"post_tag","embeddable":true,"href":"https:\/\/www.ladiagonale.net\/index.php\/wp-json\/wp\/v2\/tags?post=31031"}],"curies":[{"name":"wp","href":"https:\/\/api.w.org\/{rel}","templated":true}]}}