{"id":31033,"date":"2025-04-18T17:18:56","date_gmt":"2025-04-18T15:18:56","guid":{"rendered":"https:\/\/www.ladiagonale.net\/?p=31033"},"modified":"2025-04-18T17:19:42","modified_gmt":"2025-04-18T15:19:42","slug":"le-groupe-elite-battu-par-le-cercle-bruges-sur-un-but-de-brunner","status":"publish","type":"post","link":"https:\/\/www.ladiagonale.net\/index.php\/2025\/04\/18\/le-groupe-elite-battu-par-le-cercle-bruges-sur-un-but-de-brunner\/","title":{"rendered":"Le Groupe \u00c9lite battu par le Cercle Bruges sur un but de Brunner"},"content":{"rendered":"\n\n\n<p>Paris Brunner r\u00e9alise une saison plut\u00f4t modeste au Cercle Bruges (23 apparitions, 2 buts), o\u00f9 il est pr\u00eat\u00e9 par l\u2019AS Monaco. Mais l\u2019attaquant allemand de 19 ans s\u2019est rappel\u00e9 au bon souvenir de ses dirigeants, puisqu\u2019il a inscrit le seul but de la rencontre (1-0) entre le club satellite de l\u2019ASM et le Groupe \u00c9lite mon\u00e9gasque \u00e0 l\u2019occasion d\u2019une rencontre amicale disput\u00e9e ce vendredi au Jan Breydelstadion.<\/p>\n\n\n\n<p>Laiss\u00e9 \u00e0 disposition de Djimi Traor\u00e9 par Adi H\u00fctter, Kassoum Ouattara a \u00e9t\u00e9 titularis\u00e9 au poste de piston gauche. Lucas Michal a \u00e9t\u00e9 lui aussi align\u00e9 dans le onze de d\u00e9part. Dans les rangs belges, Malamine Efekele, lui aussi pr\u00eat\u00e9 par l\u2019ASM et auteur d\u2019une saison tout aussi peu convaincante que son complice au Cercle (22 apparitions, 1 but), est rentr\u00e9 au cours du second acte.<\/p>\n\n\n\n<p>Pour les jeunes pousses as\u00e9mistes, il y aura une derni\u00e8re r\u00e9p\u00e9tition contre le Groupe \u00c9lite de l&rsquo;OGC Nice, le 26 avril (14h30), avant d&rsquo;affronter l&rsquo;\u00e9quipe r\u00e9serve de Montpellier dans la cadre des demi-finales du Challenge Espoirs. La rencontre a \u00e9t\u00e9 fix\u00e9e au dimanche 4 mai (14h30). <\/p>\n\n\n\n<p class=\"has-text-align-right has-small-font-size\">Source : <em><a href=\"https:\/\/www.asmonaco.com\/courte-defaite-au-cercle-bruges-pour-le-groupe-elite\/\" target=\"_blank\" rel=\"noreferrer noopener\">AS Monaco<\/a><\/em><\/p>\n","protected":false},"excerpt":{"rendered":"<p>Paris Brunner r\u00e9alise une saison plut\u00f4t modeste au Cercle Bruges (23 apparitions, 2 buts), o\u00f9 il est pr\u00eat\u00e9 par l\u2019AS Monaco. Mais l\u2019attaquant allemand de 19 ans s\u2019est rappel\u00e9 au bon souvenir de ses dirigeants, puisqu\u2019il a inscrit le seul but de la rencontre (1-0) entre le club satellite de l\u2019ASM et le Groupe \u00c9lite [&#8230;]\n","protected":false},"author":2,"featured_media":0,"comment_status":"open","ping_status":"open","sticky":false,"template":"","format":"standard","meta":[],"categories":[6],"tags":[76,86,212,228,722,898],"yoast_head":"<!-- This site is optimized with the Yoast SEO plugin v19.8 - https:\/\/yoast.com\/wordpress\/plugins\/seo\/ -->\n<title>Le Groupe \u00c9lite battu par le Cercle Bruges sur un but de Brunner - La Diagonale<\/title>\n<meta name=\"robots\" content=\"index, follow, max-snippet:-1, max-image-preview:large, max-video-preview:-1\" \/>\n<link rel=\"canonical\" href=\"https:\/\/www.ladiagonale.net\/index.php\/2025\/04\/18\/le-groupe-elite-battu-par-le-cercle-bruges-sur-un-but-de-brunner\/\" \/>\n<meta property=\"og:locale\" content=\"fr_FR\" \/>\n<meta property=\"og:type\" content=\"article\" \/>\n<meta property=\"og:title\" content=\"Le Groupe \u00c9lite battu par le Cercle Bruges sur un but de Brunner - La Diagonale\" \/>\n<meta property=\"og:description\" content=\"Paris Brunner r\u00e9alise une saison plut\u00f4t modeste au Cercle Bruges (23 apparitions, 2 buts), o\u00f9 il est pr\u00eat\u00e9 par l\u2019AS Monaco. Mais l\u2019attaquant allemand de 19 ans s\u2019est rappel\u00e9 au bon souvenir de ses dirigeants, puisqu\u2019il a inscrit le seul but de la rencontre (1-0) entre le club satellite de l\u2019ASM et le Groupe \u00c9lite [...]\" \/>\n<meta property=\"og:url\" content=\"https:\/\/www.ladiagonale.net\/index.php\/2025\/04\/18\/le-groupe-elite-battu-par-le-cercle-bruges-sur-un-but-de-brunner\/\" \/>\n<meta property=\"og:site_name\" content=\"La Diagonale\" \/>\n<meta property=\"article:published_time\" content=\"2025-04-18T15:18:56+00:00\" \/>\n<meta property=\"article:modified_time\" content=\"2025-04-18T15:19:42+00:00\" \/>\n<meta property=\"og:image\" content=\"https:\/\/www.ladiagonale.net\/wp-content\/uploads\/2025\/04\/brunner-cercle-bruges.png\" \/>\n\t<meta property=\"og:image:width\" content=\"1160\" \/>\n\t<meta property=\"og:image:height\" content=\"650\" \/>\n\t<meta property=\"og:image:type\" content=\"image\/png\" \/>\n<meta name=\"author\" content=\"Damien Dellerba\" \/>\n<meta name=\"twitter:card\" content=\"summary_large_image\" \/>\n<meta name=\"twitter:image\" content=\"https:\/\/www.ladiagonale.net\/wp-content\/uploads\/2025\/04\/brunner-cercle-bruges.png\" \/>\n<meta name=\"twitter:label1\" content=\"\u00c9crit par\" \/>\n\t<meta name=\"twitter:data1\" content=\"Damien Dellerba\" \/>\n\t<meta name=\"twitter:label2\" content=\"Dur\u00e9e de lecture estim\u00e9e\" \/>\n\t<meta name=\"twitter:data2\" content=\"1 minute\" \/>\n<script type=\"application\/ld+json\" class=\"yoast-schema-graph\">{\"@context\":\"https:\/\/schema.org\",\"@graph\":[{\"@type\":\"WebPage\",\"@id\":\"https:\/\/www.ladiagonale.net\/index.php\/2025\/04\/18\/le-groupe-elite-battu-par-le-cercle-bruges-sur-un-but-de-brunner\/\",\"url\":\"https:\/\/www.ladiagonale.net\/index.php\/2025\/04\/18\/le-groupe-elite-battu-par-le-cercle-bruges-sur-un-but-de-brunner\/\",\"name\":\"Le Groupe \u00c9lite battu par le Cercle Bruges sur un but de Brunner - La Diagonale\",\"isPartOf\":{\"@id\":\"https:\/\/www.ladiagonale.net\/#website\"},\"datePublished\":\"2025-04-18T15:18:56+00:00\",\"dateModified\":\"2025-04-18T15:19:42+00:00\",\"author\":{\"@id\":\"https:\/\/www.ladiagonale.net\/#\/schema\/person\/79ff1e7b0853ed01b2aa26e64ad300bf\"},\"breadcrumb\":{\"@id\":\"https:\/\/www.ladiagonale.net\/index.php\/2025\/04\/18\/le-groupe-elite-battu-par-le-cercle-bruges-sur-un-but-de-brunner\/#breadcrumb\"},\"inLanguage\":\"fr-FR\",\"potentialAction\":[{\"@type\":\"ReadAction\",\"target\":[\"https:\/\/www.ladiagonale.net\/index.php\/2025\/04\/18\/le-groupe-elite-battu-par-le-cercle-bruges-sur-un-but-de-brunner\/\"]}]},{\"@type\":\"BreadcrumbList\",\"@id\":\"https:\/\/www.ladiagonale.net\/index.php\/2025\/04\/18\/le-groupe-elite-battu-par-le-cercle-bruges-sur-un-but-de-brunner\/#breadcrumb\",\"itemListElement\":[{\"@type\":\"ListItem\",\"position\":1,\"name\":\"Accueil\",\"item\":\"https:\/\/www.ladiagonale.net\/\"},{\"@type\":\"ListItem\",\"position\":2,\"name\":\"Le Groupe \u00c9lite battu par le Cercle Bruges sur un but de Brunner\"}]},{\"@type\":\"WebSite\",\"@id\":\"https:\/\/www.ladiagonale.net\/#website\",\"url\":\"https:\/\/www.ladiagonale.net\/\",\"name\":\"La Diagonale\",\"description\":\"Le site des supporters de l&#039;AS Monaco FC\",\"potentialAction\":[{\"@type\":\"SearchAction\",\"target\":{\"@type\":\"EntryPoint\",\"urlTemplate\":\"https:\/\/www.ladiagonale.net\/?s={search_term_string}\"},\"query-input\":\"required name=search_term_string\"}],\"inLanguage\":\"fr-FR\"},{\"@type\":\"Person\",\"@id\":\"https:\/\/www.ladiagonale.net\/#\/schema\/person\/79ff1e7b0853ed01b2aa26e64ad300bf\",\"name\":\"Damien Dellerba\",\"image\":{\"@type\":\"ImageObject\",\"inLanguage\":\"fr-FR\",\"@id\":\"https:\/\/www.ladiagonale.net\/#\/schema\/person\/image\/\",\"url\":\"https:\/\/secure.gravatar.com\/avatar\/c7850e06d3ff63cdbaee88b7fc16e2f0?s=96&d=mm&r=g\",\"contentUrl\":\"https:\/\/secure.gravatar.com\/avatar\/c7850e06d3ff63cdbaee88b7fc16e2f0?s=96&d=mm&r=g\",\"caption\":\"Damien Dellerba\"},\"url\":\"https:\/\/www.ladiagonale.net\/index.php\/author\/damien\/\"}]}<\/script>\n<!-- \/ Yoast SEO plugin. -->","yoast_head_json":{"title":"Le Groupe \u00c9lite battu par le Cercle Bruges sur un but de Brunner - La Diagonale","robots":{"index":"index","follow":"follow","max-snippet":"max-snippet:-1","max-image-preview":"max-image-preview:large","max-video-preview":"max-video-preview:-1"},"canonical":"https:\/\/www.ladiagonale.net\/index.php\/2025\/04\/18\/le-groupe-elite-battu-par-le-cercle-bruges-sur-un-but-de-brunner\/","og_locale":"fr_FR","og_type":"article","og_title":"Le Groupe \u00c9lite battu par le Cercle Bruges sur un but de Brunner - La Diagonale","og_description":"Paris Brunner r\u00e9alise une saison plut\u00f4t modeste au Cercle Bruges (23 apparitions, 2 buts), o\u00f9 il est pr\u00eat\u00e9 par l\u2019AS Monaco. Mais l\u2019attaquant allemand de 19 ans s\u2019est rappel\u00e9 au bon souvenir de ses dirigeants, puisqu\u2019il a inscrit le seul but de la rencontre (1-0) entre le club satellite de l\u2019ASM et le Groupe \u00c9lite [...]","og_url":"https:\/\/www.ladiagonale.net\/index.php\/2025\/04\/18\/le-groupe-elite-battu-par-le-cercle-bruges-sur-un-but-de-brunner\/","og_site_name":"La Diagonale","article_published_time":"2025-04-18T15:18:56+00:00","article_modified_time":"2025-04-18T15:19:42+00:00","og_image":[{"width":1160,"height":650,"url":"https:\/\/www.ladiagonale.net\/wp-content\/uploads\/2025\/04\/brunner-cercle-bruges.png","type":"image\/png"}],"author":"Damien Dellerba","twitter_card":"summary_large_image","twitter_image":"https:\/\/www.ladiagonale.net\/wp-content\/uploads\/2025\/04\/brunner-cercle-bruges.png","twitter_misc":{"\u00c9crit par":"Damien Dellerba","Dur\u00e9e de lecture estim\u00e9e":"1 minute"},"schema":{"@context":"https:\/\/schema.org","@graph":[{"@type":"WebPage","@id":"https:\/\/www.ladiagonale.net\/index.php\/2025\/04\/18\/le-groupe-elite-battu-par-le-cercle-bruges-sur-un-but-de-brunner\/","url":"https:\/\/www.ladiagonale.net\/index.php\/2025\/04\/18\/le-groupe-elite-battu-par-le-cercle-bruges-sur-un-but-de-brunner\/","name":"Le Groupe \u00c9lite battu par le Cercle Bruges sur un but de Brunner - La Diagonale","isPartOf":{"@id":"https:\/\/www.ladiagonale.net\/#website"},"datePublished":"2025-04-18T15:18:56+00:00","dateModified":"2025-04-18T15:19:42+00:00","author":{"@id":"https:\/\/www.ladiagonale.net\/#\/schema\/person\/79ff1e7b0853ed01b2aa26e64ad300bf"},"breadcrumb":{"@id":"https:\/\/www.ladiagonale.net\/index.php\/2025\/04\/18\/le-groupe-elite-battu-par-le-cercle-bruges-sur-un-but-de-brunner\/#breadcrumb"},"inLanguage":"fr-FR","potentialAction":[{"@type":"ReadAction","target":["https:\/\/www.ladiagonale.net\/index.php\/2025\/04\/18\/le-groupe-elite-battu-par-le-cercle-bruges-sur-un-but-de-brunner\/"]}]},{"@type":"BreadcrumbList","@id":"https:\/\/www.ladiagonale.net\/index.php\/2025\/04\/18\/le-groupe-elite-battu-par-le-cercle-bruges-sur-un-but-de-brunner\/#breadcrumb","itemListElement":[{"@type":"ListItem","position":1,"name":"Accueil","item":"https:\/\/www.ladiagonale.net\/"},{"@type":"ListItem","position":2,"name":"Le Groupe \u00c9lite battu par le Cercle Bruges sur un but de Brunner"}]},{"@type":"WebSite","@id":"https:\/\/www.ladiagonale.net\/#website","url":"https:\/\/www.ladiagonale.net\/","name":"La Diagonale","description":"Le site des supporters de l&#039;AS Monaco FC","potentialAction":[{"@type":"SearchAction","target":{"@type":"EntryPoint","urlTemplate":"https:\/\/www.ladiagonale.net\/?s={search_term_string}"},"query-input":"required name=search_term_string"}],"inLanguage":"fr-FR"},{"@type":"Person","@id":"https:\/\/www.ladiagonale.net\/#\/schema\/person\/79ff1e7b0853ed01b2aa26e64ad300bf","name":"Damien Dellerba","image":{"@type":"ImageObject","inLanguage":"fr-FR","@id":"https:\/\/www.ladiagonale.net\/#\/schema\/person\/image\/","url":"https:\/\/secure.gravatar.com\/avatar\/c7850e06d3ff63cdbaee88b7fc16e2f0?s=96&d=mm&r=g","contentUrl":"https:\/\/secure.gravatar.com\/avatar\/c7850e06d3ff63cdbaee88b7fc16e2f0?s=96&d=mm&r=g","caption":"Damien Dellerba"},"url":"https:\/\/www.ladiagonale.net\/index.php\/author\/damien\/"}]}},"_links":{"self":[{"href":"https:\/\/www.ladiagonale.net\/index.php\/wp-json\/wp\/v2\/posts\/31033"}],"collection":[{"href":"https:\/\/www.ladiagonale.net\/index.php\/wp-json\/wp\/v2\/posts"}],"about":[{"href":"https:\/\/www.ladiagonale.net\/index.php\/wp-json\/wp\/v2\/types\/post"}],"author":[{"embeddable":true,"href":"https:\/\/www.ladiagonale.net\/index.php\/wp-json\/wp\/v2\/users\/2"}],"replies":[{"embeddable":true,"href":"https:\/\/www.ladiagonale.net\/index.php\/wp-json\/wp\/v2\/comments?post=31033"}],"version-history":[{"count":2,"href":"https:\/\/www.ladiagonale.net\/index.php\/wp-json\/wp\/v2\/posts\/31033\/revisions"}],"predecessor-version":[{"id":31036,"href":"https:\/\/www.ladiagonale.net\/index.php\/wp-json\/wp\/v2\/posts\/31033\/revisions\/31036"}],"wp:attachment":[{"href":"https:\/\/www.ladiagonale.net\/index.php\/wp-json\/wp\/v2\/media?parent=31033"}],"wp:term":[{"taxonomy":"category","embeddable":true,"href":"https:\/\/www.ladiagonale.net\/index.php\/wp-json\/wp\/v2\/categories?post=31033"},{"taxonomy":"post_tag","embeddable":true,"href":"https:\/\/www.ladiagonale.net\/index.php\/wp-json\/wp\/v2\/tags?post=31033"}],"curies":[{"name":"wp","href":"https:\/\/api.w.org\/{rel}","templated":true}]}}