{"id":31047,"date":"2025-04-18T18:32:05","date_gmt":"2025-04-18T16:32:05","guid":{"rendered":"https:\/\/www.ladiagonale.net\/?p=31047"},"modified":"2025-04-19T11:21:59","modified_gmt":"2025-04-19T09:21:59","slug":"hutter-pas-surpris-par-levolution-de-lemarechal","status":"publish","type":"post","link":"https:\/\/www.ladiagonale.net\/index.php\/2025\/04\/18\/hutter-pas-surpris-par-levolution-de-lemarechal\/","title":{"rendered":"H\u00fctter \u00ab\u00a0pas surpris\u00a0\u00bb par l\u2019\u00e9volution de Lemarechal"},"content":{"rendered":"\n\n\n<p>L&rsquo;\u00e9t\u00e9 dernier, l\u2019AS Monaco a vendu F\u00e9lix Lemarechal \u00e0 Strasbourg pour un montant compris entre 6 et 8 millions d\u2019euros. Tr\u00e8s polyvalent, le milieu de terrain de 21 ans n\u2019a finalement jamais r\u00e9ussi \u00e0 s\u2019imposer \u00e0 l\u2019ASM, o\u00f9 il n\u2019aura jou\u00e9 que deux rencontres lors de la saison 2021-2022, et \u00e9t\u00e9 pr\u00eat\u00e9 plusieurs fois. Mais \u00e0 Strasbourg, dans une formation tr\u00e8s rajeunie et en pleine bourre, l\u2019ancien membre de la Diagonale a parfaitement trouv\u00e9 sa place dans le onze de Liam Rosenior, o\u00f9 il a jou\u00e9 25 matches et inscrit 4 buts.<\/p>\n\n\n\n<p>En conf\u00e9rence de presse d\u2019avant-match, Adi H\u00fctter s\u2019est exprim\u00e9 sur le joueur qu&rsquo;il n&rsquo;aura pas dirig\u00e9 tr\u00e8s longtemps : \u00ab\u00a0<em>Je ne suis pas vraiment surpris de son \u00e9volution. Quand je suis arriv\u00e9, j\u2019ai tout de suite vu qu\u2019il avait du talent. Il faut parfois lutter un peu contre sa personnalit\u00e9 mais si l\u2019on regarde uniquement ses qualit\u00e9s et ses comp\u00e9tences, c\u2019est un bon joueur. Il le montre \u00e0 pr\u00e9sent, il est aussi tr\u00e8s jeune et est dans un environnement parfait dans son nouveau club.<\/em>\u00a0\u00bb<\/p>\n\n\n\n<p>Plus largement, la jeunesse strasbourgeoise s\u00e9duit l\u2019entra\u00eeneur autrichien : \u00ab&nbsp;<em>C\u2019est la plus jeune \u00e9quipe du championnat, leurs plus anciens joueurs n\u2019ont que 25 ou 26 ans, tandis que la majorit\u00e9 d\u2019entre eux ont une moyenne de 20 ou 21 ans. Beaucoup \u00e9voluent \u00e0 un tr\u00e8s haut niveau, notamment au milieu de terrain \u00e0 l\u2019image de F\u00e9lix Lemarechal. Dilane Bakwa est une grande menace, on conna\u00eet \u00e9galement la vitesse d\u2019Emmanuel Emegha. Le lat\u00e9ral gauche Diego Moreira est aussi un bon joueur, rapide.<\/em>&nbsp;\u00bb<\/p>\n\n\n\n<p class=\"has-text-align-right has-small-font-size\">Source : <em>AS Monaco<\/em><\/p>\n","protected":false},"excerpt":{"rendered":"<p>L&rsquo;\u00e9t\u00e9 dernier, l\u2019AS Monaco a vendu F\u00e9lix Lemarechal \u00e0 Strasbourg pour un montant compris entre 6 et 8 millions d\u2019euros. Tr\u00e8s polyvalent, le milieu de terrain de 21 ans n\u2019a finalement jamais r\u00e9ussi \u00e0 s\u2019imposer \u00e0 l\u2019ASM, o\u00f9 il n\u2019aura jou\u00e9 que deux rencontres lors de la saison 2021-2022, et \u00e9t\u00e9 pr\u00eat\u00e9 plusieurs fois. Mais [&#8230;]\n","protected":false},"author":2,"featured_media":0,"comment_status":"open","ping_status":"open","sticky":false,"template":"","format":"standard","meta":[],"categories":[6],"tags":[576,255,86,309,94,432],"yoast_head":"<!-- This site is optimized with the Yoast SEO plugin v19.8 - https:\/\/yoast.com\/wordpress\/plugins\/seo\/ -->\n<title>H\u00fctter \u00ab\u00a0pas surpris\u00a0\u00bb par l\u2019\u00e9volution de Lemarechal - La Diagonale<\/title>\n<meta name=\"robots\" content=\"index, follow, max-snippet:-1, max-image-preview:large, max-video-preview:-1\" \/>\n<link rel=\"canonical\" href=\"https:\/\/www.ladiagonale.net\/index.php\/2025\/04\/18\/hutter-pas-surpris-par-levolution-de-lemarechal\/\" \/>\n<meta property=\"og:locale\" content=\"fr_FR\" \/>\n<meta property=\"og:type\" content=\"article\" \/>\n<meta property=\"og:title\" content=\"H\u00fctter \u00ab\u00a0pas surpris\u00a0\u00bb par l\u2019\u00e9volution de Lemarechal - La Diagonale\" \/>\n<meta property=\"og:description\" content=\"L&rsquo;\u00e9t\u00e9 dernier, l\u2019AS Monaco a vendu F\u00e9lix Lemarechal \u00e0 Strasbourg pour un montant compris entre 6 et 8 millions d\u2019euros. Tr\u00e8s polyvalent, le milieu de terrain de 21 ans n\u2019a finalement jamais r\u00e9ussi \u00e0 s\u2019imposer \u00e0 l\u2019ASM, o\u00f9 il n\u2019aura jou\u00e9 que deux rencontres lors de la saison 2021-2022, et \u00e9t\u00e9 pr\u00eat\u00e9 plusieurs fois. Mais [...]\" \/>\n<meta property=\"og:url\" content=\"https:\/\/www.ladiagonale.net\/index.php\/2025\/04\/18\/hutter-pas-surpris-par-levolution-de-lemarechal\/\" \/>\n<meta property=\"og:site_name\" content=\"La Diagonale\" \/>\n<meta property=\"article:published_time\" content=\"2025-04-18T16:32:05+00:00\" \/>\n<meta property=\"article:modified_time\" content=\"2025-04-19T09:21:59+00:00\" \/>\n<meta property=\"og:image\" content=\"https:\/\/www.ladiagonale.net\/wp-content\/uploads\/2025\/04\/lemarechal-stras.png\" \/>\n\t<meta property=\"og:image:width\" content=\"1160\" \/>\n\t<meta property=\"og:image:height\" content=\"650\" \/>\n\t<meta property=\"og:image:type\" content=\"image\/png\" \/>\n<meta name=\"author\" content=\"Damien Dellerba\" \/>\n<meta name=\"twitter:card\" content=\"summary_large_image\" \/>\n<meta name=\"twitter:image\" content=\"https:\/\/www.ladiagonale.net\/wp-content\/uploads\/2025\/04\/lemarechal-stras.png\" \/>\n<meta name=\"twitter:label1\" content=\"\u00c9crit par\" \/>\n\t<meta name=\"twitter:data1\" content=\"Damien Dellerba\" \/>\n\t<meta name=\"twitter:label2\" content=\"Dur\u00e9e de lecture estim\u00e9e\" \/>\n\t<meta name=\"twitter:data2\" content=\"2 minutes\" \/>\n<script type=\"application\/ld+json\" class=\"yoast-schema-graph\">{\"@context\":\"https:\/\/schema.org\",\"@graph\":[{\"@type\":\"WebPage\",\"@id\":\"https:\/\/www.ladiagonale.net\/index.php\/2025\/04\/18\/hutter-pas-surpris-par-levolution-de-lemarechal\/\",\"url\":\"https:\/\/www.ladiagonale.net\/index.php\/2025\/04\/18\/hutter-pas-surpris-par-levolution-de-lemarechal\/\",\"name\":\"H\u00fctter \u00ab\u00a0pas surpris\u00a0\u00bb par l\u2019\u00e9volution de Lemarechal - La Diagonale\",\"isPartOf\":{\"@id\":\"https:\/\/www.ladiagonale.net\/#website\"},\"datePublished\":\"2025-04-18T16:32:05+00:00\",\"dateModified\":\"2025-04-19T09:21:59+00:00\",\"author\":{\"@id\":\"https:\/\/www.ladiagonale.net\/#\/schema\/person\/79ff1e7b0853ed01b2aa26e64ad300bf\"},\"breadcrumb\":{\"@id\":\"https:\/\/www.ladiagonale.net\/index.php\/2025\/04\/18\/hutter-pas-surpris-par-levolution-de-lemarechal\/#breadcrumb\"},\"inLanguage\":\"fr-FR\",\"potentialAction\":[{\"@type\":\"ReadAction\",\"target\":[\"https:\/\/www.ladiagonale.net\/index.php\/2025\/04\/18\/hutter-pas-surpris-par-levolution-de-lemarechal\/\"]}]},{\"@type\":\"BreadcrumbList\",\"@id\":\"https:\/\/www.ladiagonale.net\/index.php\/2025\/04\/18\/hutter-pas-surpris-par-levolution-de-lemarechal\/#breadcrumb\",\"itemListElement\":[{\"@type\":\"ListItem\",\"position\":1,\"name\":\"Accueil\",\"item\":\"https:\/\/www.ladiagonale.net\/\"},{\"@type\":\"ListItem\",\"position\":2,\"name\":\"H\u00fctter \u00ab\u00a0pas surpris\u00a0\u00bb par l\u2019\u00e9volution de Lemarechal\"}]},{\"@type\":\"WebSite\",\"@id\":\"https:\/\/www.ladiagonale.net\/#website\",\"url\":\"https:\/\/www.ladiagonale.net\/\",\"name\":\"La Diagonale\",\"description\":\"Le site des supporters de l&#039;AS Monaco FC\",\"potentialAction\":[{\"@type\":\"SearchAction\",\"target\":{\"@type\":\"EntryPoint\",\"urlTemplate\":\"https:\/\/www.ladiagonale.net\/?s={search_term_string}\"},\"query-input\":\"required name=search_term_string\"}],\"inLanguage\":\"fr-FR\"},{\"@type\":\"Person\",\"@id\":\"https:\/\/www.ladiagonale.net\/#\/schema\/person\/79ff1e7b0853ed01b2aa26e64ad300bf\",\"name\":\"Damien Dellerba\",\"image\":{\"@type\":\"ImageObject\",\"inLanguage\":\"fr-FR\",\"@id\":\"https:\/\/www.ladiagonale.net\/#\/schema\/person\/image\/\",\"url\":\"https:\/\/secure.gravatar.com\/avatar\/c7850e06d3ff63cdbaee88b7fc16e2f0?s=96&d=mm&r=g\",\"contentUrl\":\"https:\/\/secure.gravatar.com\/avatar\/c7850e06d3ff63cdbaee88b7fc16e2f0?s=96&d=mm&r=g\",\"caption\":\"Damien Dellerba\"},\"url\":\"https:\/\/www.ladiagonale.net\/index.php\/author\/damien\/\"}]}<\/script>\n<!-- \/ Yoast SEO plugin. -->","yoast_head_json":{"title":"H\u00fctter \u00ab\u00a0pas surpris\u00a0\u00bb par l\u2019\u00e9volution de Lemarechal - La Diagonale","robots":{"index":"index","follow":"follow","max-snippet":"max-snippet:-1","max-image-preview":"max-image-preview:large","max-video-preview":"max-video-preview:-1"},"canonical":"https:\/\/www.ladiagonale.net\/index.php\/2025\/04\/18\/hutter-pas-surpris-par-levolution-de-lemarechal\/","og_locale":"fr_FR","og_type":"article","og_title":"H\u00fctter \u00ab\u00a0pas surpris\u00a0\u00bb par l\u2019\u00e9volution de Lemarechal - La Diagonale","og_description":"L&rsquo;\u00e9t\u00e9 dernier, l\u2019AS Monaco a vendu F\u00e9lix Lemarechal \u00e0 Strasbourg pour un montant compris entre 6 et 8 millions d\u2019euros. Tr\u00e8s polyvalent, le milieu de terrain de 21 ans n\u2019a finalement jamais r\u00e9ussi \u00e0 s\u2019imposer \u00e0 l\u2019ASM, o\u00f9 il n\u2019aura jou\u00e9 que deux rencontres lors de la saison 2021-2022, et \u00e9t\u00e9 pr\u00eat\u00e9 plusieurs fois. Mais [...]","og_url":"https:\/\/www.ladiagonale.net\/index.php\/2025\/04\/18\/hutter-pas-surpris-par-levolution-de-lemarechal\/","og_site_name":"La Diagonale","article_published_time":"2025-04-18T16:32:05+00:00","article_modified_time":"2025-04-19T09:21:59+00:00","og_image":[{"width":1160,"height":650,"url":"https:\/\/www.ladiagonale.net\/wp-content\/uploads\/2025\/04\/lemarechal-stras.png","type":"image\/png"}],"author":"Damien Dellerba","twitter_card":"summary_large_image","twitter_image":"https:\/\/www.ladiagonale.net\/wp-content\/uploads\/2025\/04\/lemarechal-stras.png","twitter_misc":{"\u00c9crit par":"Damien Dellerba","Dur\u00e9e de lecture estim\u00e9e":"2 minutes"},"schema":{"@context":"https:\/\/schema.org","@graph":[{"@type":"WebPage","@id":"https:\/\/www.ladiagonale.net\/index.php\/2025\/04\/18\/hutter-pas-surpris-par-levolution-de-lemarechal\/","url":"https:\/\/www.ladiagonale.net\/index.php\/2025\/04\/18\/hutter-pas-surpris-par-levolution-de-lemarechal\/","name":"H\u00fctter \u00ab\u00a0pas surpris\u00a0\u00bb par l\u2019\u00e9volution de Lemarechal - La Diagonale","isPartOf":{"@id":"https:\/\/www.ladiagonale.net\/#website"},"datePublished":"2025-04-18T16:32:05+00:00","dateModified":"2025-04-19T09:21:59+00:00","author":{"@id":"https:\/\/www.ladiagonale.net\/#\/schema\/person\/79ff1e7b0853ed01b2aa26e64ad300bf"},"breadcrumb":{"@id":"https:\/\/www.ladiagonale.net\/index.php\/2025\/04\/18\/hutter-pas-surpris-par-levolution-de-lemarechal\/#breadcrumb"},"inLanguage":"fr-FR","potentialAction":[{"@type":"ReadAction","target":["https:\/\/www.ladiagonale.net\/index.php\/2025\/04\/18\/hutter-pas-surpris-par-levolution-de-lemarechal\/"]}]},{"@type":"BreadcrumbList","@id":"https:\/\/www.ladiagonale.net\/index.php\/2025\/04\/18\/hutter-pas-surpris-par-levolution-de-lemarechal\/#breadcrumb","itemListElement":[{"@type":"ListItem","position":1,"name":"Accueil","item":"https:\/\/www.ladiagonale.net\/"},{"@type":"ListItem","position":2,"name":"H\u00fctter \u00ab\u00a0pas surpris\u00a0\u00bb par l\u2019\u00e9volution de Lemarechal"}]},{"@type":"WebSite","@id":"https:\/\/www.ladiagonale.net\/#website","url":"https:\/\/www.ladiagonale.net\/","name":"La Diagonale","description":"Le site des supporters de l&#039;AS Monaco FC","potentialAction":[{"@type":"SearchAction","target":{"@type":"EntryPoint","urlTemplate":"https:\/\/www.ladiagonale.net\/?s={search_term_string}"},"query-input":"required name=search_term_string"}],"inLanguage":"fr-FR"},{"@type":"Person","@id":"https:\/\/www.ladiagonale.net\/#\/schema\/person\/79ff1e7b0853ed01b2aa26e64ad300bf","name":"Damien Dellerba","image":{"@type":"ImageObject","inLanguage":"fr-FR","@id":"https:\/\/www.ladiagonale.net\/#\/schema\/person\/image\/","url":"https:\/\/secure.gravatar.com\/avatar\/c7850e06d3ff63cdbaee88b7fc16e2f0?s=96&d=mm&r=g","contentUrl":"https:\/\/secure.gravatar.com\/avatar\/c7850e06d3ff63cdbaee88b7fc16e2f0?s=96&d=mm&r=g","caption":"Damien Dellerba"},"url":"https:\/\/www.ladiagonale.net\/index.php\/author\/damien\/"}]}},"_links":{"self":[{"href":"https:\/\/www.ladiagonale.net\/index.php\/wp-json\/wp\/v2\/posts\/31047"}],"collection":[{"href":"https:\/\/www.ladiagonale.net\/index.php\/wp-json\/wp\/v2\/posts"}],"about":[{"href":"https:\/\/www.ladiagonale.net\/index.php\/wp-json\/wp\/v2\/types\/post"}],"author":[{"embeddable":true,"href":"https:\/\/www.ladiagonale.net\/index.php\/wp-json\/wp\/v2\/users\/2"}],"replies":[{"embeddable":true,"href":"https:\/\/www.ladiagonale.net\/index.php\/wp-json\/wp\/v2\/comments?post=31047"}],"version-history":[{"count":2,"href":"https:\/\/www.ladiagonale.net\/index.php\/wp-json\/wp\/v2\/posts\/31047\/revisions"}],"predecessor-version":[{"id":31056,"href":"https:\/\/www.ladiagonale.net\/index.php\/wp-json\/wp\/v2\/posts\/31047\/revisions\/31056"}],"wp:attachment":[{"href":"https:\/\/www.ladiagonale.net\/index.php\/wp-json\/wp\/v2\/media?parent=31047"}],"wp:term":[{"taxonomy":"category","embeddable":true,"href":"https:\/\/www.ladiagonale.net\/index.php\/wp-json\/wp\/v2\/categories?post=31047"},{"taxonomy":"post_tag","embeddable":true,"href":"https:\/\/www.ladiagonale.net\/index.php\/wp-json\/wp\/v2\/tags?post=31047"}],"curies":[{"name":"wp","href":"https:\/\/api.w.org\/{rel}","templated":true}]}}