{"id":31051,"date":"2025-04-19T08:06:00","date_gmt":"2025-04-19T06:06:00","guid":{"rendered":"https:\/\/www.ladiagonale.net\/?p=31051"},"modified":"2025-04-19T15:00:21","modified_gmt":"2025-04-19T13:00:21","slug":"carnet-nikola-pokrivac-est-decede-dans-un-accident-de-voiture","status":"publish","type":"post","link":"https:\/\/www.ladiagonale.net\/index.php\/2025\/04\/19\/carnet-nikola-pokrivac-est-decede-dans-un-accident-de-voiture\/","title":{"rendered":"Carnet : Nikola Pokrivac est d\u00e9c\u00e9d\u00e9 dans un accident de voiture"},"content":{"rendered":"\n\n\n<p>L\u2019AS Monaco a eu la douleur d\u2019apprendre le d\u00e9c\u00e8s de l\u2019un de ses anciens joueurs. Nikola Pokrivac a \u00e9t\u00e9 victime d\u2019un tragique accident de voiture \u00e0 Karlovac, au nord de la Croatie, ce vendredi 18 avril. Il s\u2019est \u00e9teint \u00e0 l\u2019\u00e2ge de 39 ans. Une seconde personne a \u00e9galement perdu la vie et trois autres ont \u00e9t\u00e9 bless\u00e9es.<\/p>\n\n\n\n<p>Pokrivac avait rejoint l\u2019AS Monaco en janvier 2008 en provenance du Dinamo Zagreb, alors qu\u2019il avait 22 ans. Durant son aventure mon\u00e9gasque, il \u00e9tait devenu international croate et a port\u00e9 le maillot au damier \u00e0 15 reprises, et notamment une fois lors de l\u2019Euro 2008. Avec celui de la Principaut\u00e9, il a effectu\u00e9 36 apparitions jusqu\u2019\u00e0 son d\u00e9part en ao\u00fbt 2009. Il a \u00e9galement inscrit trois buts, tous plus spectaculaires les uns que les autres.<\/p>\n\n\n\n<figure class=\"wp-block-embed is-type-video is-provider-youtube wp-block-embed-youtube wp-embed-aspect-4-3 wp-has-aspect-ratio\"><div class=\"wp-block-embed__wrapper\">\n<iframe loading=\"lazy\" title=\"But de Pokrivac contre Nancy (2008-09)\" width=\"1020\" height=\"765\" src=\"https:\/\/www.youtube.com\/embed\/YtTq6aXhRJ8?feature=oembed\" frameborder=\"0\" allow=\"accelerometer; autoplay; clipboard-write; encrypted-media; gyroscope; picture-in-picture; web-share\" referrerpolicy=\"strict-origin-when-cross-origin\" allowfullscreen><\/iframe>\n<\/div><\/figure>\n\n\n\n<p>Apr\u00e8s son passage sur le Rocher, Pokrivac a \u00e9galement port\u00e9 les couleurs du RB Salzbourg (2009-2011) avant de retourner \u00e0 Zagreb (2011-2013). En 2015, alors qu\u2019il jouait au Chakhtior Karagandy, club kazakh, il a d\u00fb mettre sa carri\u00e8re en pause, atteint d&rsquo;un&nbsp;lymphome de Hodgkin, une forme de cancer rare. En 2025, il jouait encore au Vojnic95, club amateur de cinqui\u00e8me division.<\/p>\n\n\n\n<p><strong><em>La Diagonale<\/em><\/strong> adresse toutes ses condol\u00e9ances aux familles de Nikola Pokrivac et de la seconde victime, \u00e0 leurs proches, et souhaite un prompt r\u00e9tablissement aux personnes qui ont \u00e9t\u00e9 bless\u00e9es dans cet accident. L&rsquo;AS Monaco a fait savoir qu&rsquo;une minute d\u2019applaudissements sera d\u2019ailleurs observ\u00e9e avant le coup d&rsquo;envoi du match contre Strasbourg, ce samedi.<\/p>\n","protected":false},"excerpt":{"rendered":"<p>L\u2019AS Monaco a eu la douleur d\u2019apprendre le d\u00e9c\u00e8s de l\u2019un de ses anciens joueurs. Nikola Pokrivac a \u00e9t\u00e9 victime d\u2019un tragique accident de voiture \u00e0 Karlovac, au nord de la Croatie, ce vendredi 18 avril. Il s\u2019est \u00e9teint \u00e0 l\u2019\u00e2ge de 39 ans. Une seconde personne a \u00e9galement perdu la vie et trois autres [&#8230;]\n","protected":false},"author":2,"featured_media":0,"comment_status":"open","ping_status":"open","sticky":false,"template":"","format":"standard","meta":[],"categories":[6],"tags":[255,86,590,1024],"yoast_head":"<!-- This site is optimized with the Yoast SEO plugin v19.8 - https:\/\/yoast.com\/wordpress\/plugins\/seo\/ -->\n<title>Carnet : Nikola Pokrivac est d\u00e9c\u00e9d\u00e9 dans un accident de voiture - La Diagonale<\/title>\n<meta name=\"robots\" content=\"index, follow, max-snippet:-1, max-image-preview:large, max-video-preview:-1\" \/>\n<link rel=\"canonical\" href=\"https:\/\/www.ladiagonale.net\/index.php\/2025\/04\/19\/carnet-nikola-pokrivac-est-decede-dans-un-accident-de-voiture\/\" \/>\n<meta property=\"og:locale\" content=\"fr_FR\" \/>\n<meta property=\"og:type\" content=\"article\" \/>\n<meta property=\"og:title\" content=\"Carnet : Nikola Pokrivac est d\u00e9c\u00e9d\u00e9 dans un accident de voiture - La Diagonale\" \/>\n<meta property=\"og:description\" content=\"L\u2019AS Monaco a eu la douleur d\u2019apprendre le d\u00e9c\u00e8s de l\u2019un de ses anciens joueurs. Nikola Pokrivac a \u00e9t\u00e9 victime d\u2019un tragique accident de voiture \u00e0 Karlovac, au nord de la Croatie, ce vendredi 18 avril. Il s\u2019est \u00e9teint \u00e0 l\u2019\u00e2ge de 39 ans. Une seconde personne a \u00e9galement perdu la vie et trois autres [...]\" \/>\n<meta property=\"og:url\" content=\"https:\/\/www.ladiagonale.net\/index.php\/2025\/04\/19\/carnet-nikola-pokrivac-est-decede-dans-un-accident-de-voiture\/\" \/>\n<meta property=\"og:site_name\" content=\"La Diagonale\" \/>\n<meta property=\"article:published_time\" content=\"2025-04-19T06:06:00+00:00\" \/>\n<meta property=\"article:modified_time\" content=\"2025-04-19T13:00:21+00:00\" \/>\n<meta property=\"og:image\" content=\"https:\/\/www.ladiagonale.net\/wp-content\/uploads\/2025\/04\/Pokrivac.png\" \/>\n\t<meta property=\"og:image:width\" content=\"1160\" \/>\n\t<meta property=\"og:image:height\" content=\"650\" \/>\n\t<meta property=\"og:image:type\" content=\"image\/png\" \/>\n<meta name=\"author\" content=\"Damien Dellerba\" \/>\n<meta name=\"twitter:card\" content=\"summary_large_image\" \/>\n<meta name=\"twitter:image\" content=\"https:\/\/www.ladiagonale.net\/wp-content\/uploads\/2025\/04\/Pokrivac.png\" \/>\n<meta name=\"twitter:label1\" content=\"\u00c9crit par\" \/>\n\t<meta name=\"twitter:data1\" content=\"Damien Dellerba\" \/>\n\t<meta name=\"twitter:label2\" content=\"Dur\u00e9e de lecture estim\u00e9e\" \/>\n\t<meta name=\"twitter:data2\" content=\"2 minutes\" \/>\n<script type=\"application\/ld+json\" class=\"yoast-schema-graph\">{\"@context\":\"https:\/\/schema.org\",\"@graph\":[{\"@type\":\"WebPage\",\"@id\":\"https:\/\/www.ladiagonale.net\/index.php\/2025\/04\/19\/carnet-nikola-pokrivac-est-decede-dans-un-accident-de-voiture\/\",\"url\":\"https:\/\/www.ladiagonale.net\/index.php\/2025\/04\/19\/carnet-nikola-pokrivac-est-decede-dans-un-accident-de-voiture\/\",\"name\":\"Carnet : Nikola Pokrivac est d\u00e9c\u00e9d\u00e9 dans un accident de voiture - La Diagonale\",\"isPartOf\":{\"@id\":\"https:\/\/www.ladiagonale.net\/#website\"},\"datePublished\":\"2025-04-19T06:06:00+00:00\",\"dateModified\":\"2025-04-19T13:00:21+00:00\",\"author\":{\"@id\":\"https:\/\/www.ladiagonale.net\/#\/schema\/person\/79ff1e7b0853ed01b2aa26e64ad300bf\"},\"breadcrumb\":{\"@id\":\"https:\/\/www.ladiagonale.net\/index.php\/2025\/04\/19\/carnet-nikola-pokrivac-est-decede-dans-un-accident-de-voiture\/#breadcrumb\"},\"inLanguage\":\"fr-FR\",\"potentialAction\":[{\"@type\":\"ReadAction\",\"target\":[\"https:\/\/www.ladiagonale.net\/index.php\/2025\/04\/19\/carnet-nikola-pokrivac-est-decede-dans-un-accident-de-voiture\/\"]}]},{\"@type\":\"BreadcrumbList\",\"@id\":\"https:\/\/www.ladiagonale.net\/index.php\/2025\/04\/19\/carnet-nikola-pokrivac-est-decede-dans-un-accident-de-voiture\/#breadcrumb\",\"itemListElement\":[{\"@type\":\"ListItem\",\"position\":1,\"name\":\"Accueil\",\"item\":\"https:\/\/www.ladiagonale.net\/\"},{\"@type\":\"ListItem\",\"position\":2,\"name\":\"Carnet : Nikola Pokrivac est d\u00e9c\u00e9d\u00e9 dans un accident de voiture\"}]},{\"@type\":\"WebSite\",\"@id\":\"https:\/\/www.ladiagonale.net\/#website\",\"url\":\"https:\/\/www.ladiagonale.net\/\",\"name\":\"La Diagonale\",\"description\":\"Le site des supporters de l&#039;AS Monaco FC\",\"potentialAction\":[{\"@type\":\"SearchAction\",\"target\":{\"@type\":\"EntryPoint\",\"urlTemplate\":\"https:\/\/www.ladiagonale.net\/?s={search_term_string}\"},\"query-input\":\"required name=search_term_string\"}],\"inLanguage\":\"fr-FR\"},{\"@type\":\"Person\",\"@id\":\"https:\/\/www.ladiagonale.net\/#\/schema\/person\/79ff1e7b0853ed01b2aa26e64ad300bf\",\"name\":\"Damien Dellerba\",\"image\":{\"@type\":\"ImageObject\",\"inLanguage\":\"fr-FR\",\"@id\":\"https:\/\/www.ladiagonale.net\/#\/schema\/person\/image\/\",\"url\":\"https:\/\/secure.gravatar.com\/avatar\/c7850e06d3ff63cdbaee88b7fc16e2f0?s=96&d=mm&r=g\",\"contentUrl\":\"https:\/\/secure.gravatar.com\/avatar\/c7850e06d3ff63cdbaee88b7fc16e2f0?s=96&d=mm&r=g\",\"caption\":\"Damien Dellerba\"},\"url\":\"https:\/\/www.ladiagonale.net\/index.php\/author\/damien\/\"}]}<\/script>\n<!-- \/ Yoast SEO plugin. -->","yoast_head_json":{"title":"Carnet : Nikola Pokrivac est d\u00e9c\u00e9d\u00e9 dans un accident de voiture - La Diagonale","robots":{"index":"index","follow":"follow","max-snippet":"max-snippet:-1","max-image-preview":"max-image-preview:large","max-video-preview":"max-video-preview:-1"},"canonical":"https:\/\/www.ladiagonale.net\/index.php\/2025\/04\/19\/carnet-nikola-pokrivac-est-decede-dans-un-accident-de-voiture\/","og_locale":"fr_FR","og_type":"article","og_title":"Carnet : Nikola Pokrivac est d\u00e9c\u00e9d\u00e9 dans un accident de voiture - La Diagonale","og_description":"L\u2019AS Monaco a eu la douleur d\u2019apprendre le d\u00e9c\u00e8s de l\u2019un de ses anciens joueurs. Nikola Pokrivac a \u00e9t\u00e9 victime d\u2019un tragique accident de voiture \u00e0 Karlovac, au nord de la Croatie, ce vendredi 18 avril. Il s\u2019est \u00e9teint \u00e0 l\u2019\u00e2ge de 39 ans. Une seconde personne a \u00e9galement perdu la vie et trois autres [...]","og_url":"https:\/\/www.ladiagonale.net\/index.php\/2025\/04\/19\/carnet-nikola-pokrivac-est-decede-dans-un-accident-de-voiture\/","og_site_name":"La Diagonale","article_published_time":"2025-04-19T06:06:00+00:00","article_modified_time":"2025-04-19T13:00:21+00:00","og_image":[{"width":1160,"height":650,"url":"https:\/\/www.ladiagonale.net\/wp-content\/uploads\/2025\/04\/Pokrivac.png","type":"image\/png"}],"author":"Damien Dellerba","twitter_card":"summary_large_image","twitter_image":"https:\/\/www.ladiagonale.net\/wp-content\/uploads\/2025\/04\/Pokrivac.png","twitter_misc":{"\u00c9crit par":"Damien Dellerba","Dur\u00e9e de lecture estim\u00e9e":"2 minutes"},"schema":{"@context":"https:\/\/schema.org","@graph":[{"@type":"WebPage","@id":"https:\/\/www.ladiagonale.net\/index.php\/2025\/04\/19\/carnet-nikola-pokrivac-est-decede-dans-un-accident-de-voiture\/","url":"https:\/\/www.ladiagonale.net\/index.php\/2025\/04\/19\/carnet-nikola-pokrivac-est-decede-dans-un-accident-de-voiture\/","name":"Carnet : Nikola Pokrivac est d\u00e9c\u00e9d\u00e9 dans un accident de voiture - La Diagonale","isPartOf":{"@id":"https:\/\/www.ladiagonale.net\/#website"},"datePublished":"2025-04-19T06:06:00+00:00","dateModified":"2025-04-19T13:00:21+00:00","author":{"@id":"https:\/\/www.ladiagonale.net\/#\/schema\/person\/79ff1e7b0853ed01b2aa26e64ad300bf"},"breadcrumb":{"@id":"https:\/\/www.ladiagonale.net\/index.php\/2025\/04\/19\/carnet-nikola-pokrivac-est-decede-dans-un-accident-de-voiture\/#breadcrumb"},"inLanguage":"fr-FR","potentialAction":[{"@type":"ReadAction","target":["https:\/\/www.ladiagonale.net\/index.php\/2025\/04\/19\/carnet-nikola-pokrivac-est-decede-dans-un-accident-de-voiture\/"]}]},{"@type":"BreadcrumbList","@id":"https:\/\/www.ladiagonale.net\/index.php\/2025\/04\/19\/carnet-nikola-pokrivac-est-decede-dans-un-accident-de-voiture\/#breadcrumb","itemListElement":[{"@type":"ListItem","position":1,"name":"Accueil","item":"https:\/\/www.ladiagonale.net\/"},{"@type":"ListItem","position":2,"name":"Carnet : Nikola Pokrivac est d\u00e9c\u00e9d\u00e9 dans un accident de voiture"}]},{"@type":"WebSite","@id":"https:\/\/www.ladiagonale.net\/#website","url":"https:\/\/www.ladiagonale.net\/","name":"La Diagonale","description":"Le site des supporters de l&#039;AS Monaco FC","potentialAction":[{"@type":"SearchAction","target":{"@type":"EntryPoint","urlTemplate":"https:\/\/www.ladiagonale.net\/?s={search_term_string}"},"query-input":"required name=search_term_string"}],"inLanguage":"fr-FR"},{"@type":"Person","@id":"https:\/\/www.ladiagonale.net\/#\/schema\/person\/79ff1e7b0853ed01b2aa26e64ad300bf","name":"Damien Dellerba","image":{"@type":"ImageObject","inLanguage":"fr-FR","@id":"https:\/\/www.ladiagonale.net\/#\/schema\/person\/image\/","url":"https:\/\/secure.gravatar.com\/avatar\/c7850e06d3ff63cdbaee88b7fc16e2f0?s=96&d=mm&r=g","contentUrl":"https:\/\/secure.gravatar.com\/avatar\/c7850e06d3ff63cdbaee88b7fc16e2f0?s=96&d=mm&r=g","caption":"Damien Dellerba"},"url":"https:\/\/www.ladiagonale.net\/index.php\/author\/damien\/"}]}},"_links":{"self":[{"href":"https:\/\/www.ladiagonale.net\/index.php\/wp-json\/wp\/v2\/posts\/31051"}],"collection":[{"href":"https:\/\/www.ladiagonale.net\/index.php\/wp-json\/wp\/v2\/posts"}],"about":[{"href":"https:\/\/www.ladiagonale.net\/index.php\/wp-json\/wp\/v2\/types\/post"}],"author":[{"embeddable":true,"href":"https:\/\/www.ladiagonale.net\/index.php\/wp-json\/wp\/v2\/users\/2"}],"replies":[{"embeddable":true,"href":"https:\/\/www.ladiagonale.net\/index.php\/wp-json\/wp\/v2\/comments?post=31051"}],"version-history":[{"count":5,"href":"https:\/\/www.ladiagonale.net\/index.php\/wp-json\/wp\/v2\/posts\/31051\/revisions"}],"predecessor-version":[{"id":31065,"href":"https:\/\/www.ladiagonale.net\/index.php\/wp-json\/wp\/v2\/posts\/31051\/revisions\/31065"}],"wp:attachment":[{"href":"https:\/\/www.ladiagonale.net\/index.php\/wp-json\/wp\/v2\/media?parent=31051"}],"wp:term":[{"taxonomy":"category","embeddable":true,"href":"https:\/\/www.ladiagonale.net\/index.php\/wp-json\/wp\/v2\/categories?post=31051"},{"taxonomy":"post_tag","embeddable":true,"href":"https:\/\/www.ladiagonale.net\/index.php\/wp-json\/wp\/v2\/tags?post=31051"}],"curies":[{"name":"wp","href":"https:\/\/api.w.org\/{rel}","templated":true}]}}