{"id":31057,"date":"2025-04-19T11:44:27","date_gmt":"2025-04-19T09:44:27","guid":{"rendered":"https:\/\/www.ladiagonale.net\/?p=31057"},"modified":"2025-04-19T11:44:28","modified_gmt":"2025-04-19T09:44:28","slug":"monaco-voudrait-au-moins-70-millions-pour-akliouche","status":"publish","type":"post","link":"https:\/\/www.ladiagonale.net\/index.php\/2025\/04\/19\/monaco-voudrait-au-moins-70-millions-pour-akliouche\/","title":{"rendered":"Monaco voudrait au moins 70 millions pour Akliouche"},"content":{"rendered":"\n\n\n<p>L\u2019AS Monaco se pr\u00e9pare au d\u00e9part de Maghnes Akliouche cet \u00e9t\u00e9, comment en t\u00e9moigne <a href=\"https:\/\/www.ladiagonale.net\/index.php\/2025\/04\/18\/hutter-akliouche-est-pret-pour-la-prochaine-etape\/\" target=\"_blank\" rel=\"noreferrer noopener\">cette sortie d\u2019Adi H\u00fctter<\/a> il y a quelques jours \u00e0 son propos. Courtis\u00e9 par des plus grosses cylindr\u00e9es europ\u00e9ennes, le milieu offensif de 23 ans pourrait rapporter un joli magot \u00e0 son club formateur et les dirigeants mon\u00e9gasques ne comptent pas le laisser partir pour une bouch\u00e9e de pain. Selon L\u2019\u00c9quipe, les d\u00e9cideurs du club de la Principaut\u00e9 esp\u00e9reraient toucher entre 70 et 80 millions d\u2019euros pour laisser partir l\u2019international Espoirs.<\/p>\n\n\n\n<p>Une somme consid\u00e9rable et qui correspond <a href=\"https:\/\/www.ladiagonale.net\/index.php\/2025\/03\/02\/scuro-sur-une-vente-dakliouche-ce-ne-sera-pas-facile-de-le-faire-partir-dici\/\" target=\"_blank\" rel=\"noreferrer noopener\">aux propos de Thiago Scuro<\/a> un peu plus t\u00f4t dans l\u2019ann\u00e9e, qui indiquait qu\u2019il ne serait \u00ab\u00a0<em>pas facile de le faire partir d\u2019ici\u00a0<\/em>\u00bb et qui pourrait \u00e9carter bon nombre de pr\u00e9tendants. Mais il n&rsquo;est pas exclu que l\u2019ASM c\u00e8de pour une somme inf\u00e9rieure en raison de la r\u00e9cession \u00e9conomique du football fran\u00e7ais, travers\u00e9 par la crise des droits TV, et qui impactent les finances du club.<\/p>\n\n\n\n<p>Toujours selon le quotidien, Akliouche se verrait bien dans une \u00e9quipe de Ligue des champions qui pratique un jeu attractif. La semaine derni\u00e8re, les r\u00e9v\u00e9lations du journal sportif <a href=\"https:\/\/www.ladiagonale.net\/index.php\/2025\/04\/12\/une-lutte-entre-le-psg-et-city-pour-akliouche\/\" target=\"_blank\" rel=\"noreferrer noopener\">laissaient entrevoir un mano \u00e0 mano<\/a> entre Manchester City, en plein renouvellement de son effectif, et le PSG, dont le pr\u00e9sident Nasser al-Khela\u00effi appr\u00e9cierait tout particuli\u00e8rement le profil du joueur. <\/p>\n","protected":false},"excerpt":{"rendered":"<p>L\u2019AS Monaco se pr\u00e9pare au d\u00e9part de Maghnes Akliouche cet \u00e9t\u00e9, comment en t\u00e9moigne cette sortie d\u2019Adi H\u00fctter il y a quelques jours \u00e0 son propos. Courtis\u00e9 par des plus grosses cylindr\u00e9es europ\u00e9ennes, le milieu offensif de 23 ans pourrait rapporter un joli magot \u00e0 son club formateur et les dirigeants mon\u00e9gasques ne comptent pas [&#8230;]\n","protected":false},"author":2,"featured_media":0,"comment_status":"open","ping_status":"open","sticky":false,"template":"","format":"standard","meta":[],"categories":[6],"tags":[86,190,111,110],"yoast_head":"<!-- This site is optimized with the Yoast SEO plugin v19.8 - https:\/\/yoast.com\/wordpress\/plugins\/seo\/ -->\n<title>Monaco voudrait au moins 70 millions pour Akliouche - La Diagonale<\/title>\n<meta name=\"robots\" content=\"index, follow, max-snippet:-1, max-image-preview:large, max-video-preview:-1\" \/>\n<link rel=\"canonical\" href=\"https:\/\/www.ladiagonale.net\/index.php\/2025\/04\/19\/monaco-voudrait-au-moins-70-millions-pour-akliouche\/\" \/>\n<meta property=\"og:locale\" content=\"fr_FR\" \/>\n<meta property=\"og:type\" content=\"article\" \/>\n<meta property=\"og:title\" content=\"Monaco voudrait au moins 70 millions pour Akliouche - La Diagonale\" \/>\n<meta property=\"og:description\" content=\"L\u2019AS Monaco se pr\u00e9pare au d\u00e9part de Maghnes Akliouche cet \u00e9t\u00e9, comment en t\u00e9moigne cette sortie d\u2019Adi H\u00fctter il y a quelques jours \u00e0 son propos. Courtis\u00e9 par des plus grosses cylindr\u00e9es europ\u00e9ennes, le milieu offensif de 23 ans pourrait rapporter un joli magot \u00e0 son club formateur et les dirigeants mon\u00e9gasques ne comptent pas [...]\" \/>\n<meta property=\"og:url\" content=\"https:\/\/www.ladiagonale.net\/index.php\/2025\/04\/19\/monaco-voudrait-au-moins-70-millions-pour-akliouche\/\" \/>\n<meta property=\"og:site_name\" content=\"La Diagonale\" \/>\n<meta property=\"article:published_time\" content=\"2025-04-19T09:44:27+00:00\" \/>\n<meta property=\"article:modified_time\" content=\"2025-04-19T09:44:28+00:00\" \/>\n<meta property=\"og:image\" content=\"https:\/\/www.ladiagonale.net\/wp-content\/uploads\/2025\/01\/Akliouche.png\" \/>\n\t<meta property=\"og:image:width\" content=\"1160\" \/>\n\t<meta property=\"og:image:height\" content=\"650\" \/>\n\t<meta property=\"og:image:type\" content=\"image\/png\" \/>\n<meta name=\"author\" content=\"Damien Dellerba\" \/>\n<meta name=\"twitter:card\" content=\"summary_large_image\" \/>\n<meta name=\"twitter:image\" content=\"https:\/\/www.ladiagonale.net\/wp-content\/uploads\/2025\/01\/Akliouche.png\" \/>\n<meta name=\"twitter:label1\" content=\"\u00c9crit par\" \/>\n\t<meta name=\"twitter:data1\" content=\"Damien Dellerba\" \/>\n\t<meta name=\"twitter:label2\" content=\"Dur\u00e9e de lecture estim\u00e9e\" \/>\n\t<meta name=\"twitter:data2\" content=\"2 minutes\" \/>\n<script type=\"application\/ld+json\" class=\"yoast-schema-graph\">{\"@context\":\"https:\/\/schema.org\",\"@graph\":[{\"@type\":\"WebPage\",\"@id\":\"https:\/\/www.ladiagonale.net\/index.php\/2025\/04\/19\/monaco-voudrait-au-moins-70-millions-pour-akliouche\/\",\"url\":\"https:\/\/www.ladiagonale.net\/index.php\/2025\/04\/19\/monaco-voudrait-au-moins-70-millions-pour-akliouche\/\",\"name\":\"Monaco voudrait au moins 70 millions pour Akliouche - La Diagonale\",\"isPartOf\":{\"@id\":\"https:\/\/www.ladiagonale.net\/#website\"},\"datePublished\":\"2025-04-19T09:44:27+00:00\",\"dateModified\":\"2025-04-19T09:44:28+00:00\",\"author\":{\"@id\":\"https:\/\/www.ladiagonale.net\/#\/schema\/person\/79ff1e7b0853ed01b2aa26e64ad300bf\"},\"breadcrumb\":{\"@id\":\"https:\/\/www.ladiagonale.net\/index.php\/2025\/04\/19\/monaco-voudrait-au-moins-70-millions-pour-akliouche\/#breadcrumb\"},\"inLanguage\":\"fr-FR\",\"potentialAction\":[{\"@type\":\"ReadAction\",\"target\":[\"https:\/\/www.ladiagonale.net\/index.php\/2025\/04\/19\/monaco-voudrait-au-moins-70-millions-pour-akliouche\/\"]}]},{\"@type\":\"BreadcrumbList\",\"@id\":\"https:\/\/www.ladiagonale.net\/index.php\/2025\/04\/19\/monaco-voudrait-au-moins-70-millions-pour-akliouche\/#breadcrumb\",\"itemListElement\":[{\"@type\":\"ListItem\",\"position\":1,\"name\":\"Accueil\",\"item\":\"https:\/\/www.ladiagonale.net\/\"},{\"@type\":\"ListItem\",\"position\":2,\"name\":\"Monaco voudrait au moins 70 millions pour Akliouche\"}]},{\"@type\":\"WebSite\",\"@id\":\"https:\/\/www.ladiagonale.net\/#website\",\"url\":\"https:\/\/www.ladiagonale.net\/\",\"name\":\"La Diagonale\",\"description\":\"Le site des supporters de l&#039;AS Monaco FC\",\"potentialAction\":[{\"@type\":\"SearchAction\",\"target\":{\"@type\":\"EntryPoint\",\"urlTemplate\":\"https:\/\/www.ladiagonale.net\/?s={search_term_string}\"},\"query-input\":\"required name=search_term_string\"}],\"inLanguage\":\"fr-FR\"},{\"@type\":\"Person\",\"@id\":\"https:\/\/www.ladiagonale.net\/#\/schema\/person\/79ff1e7b0853ed01b2aa26e64ad300bf\",\"name\":\"Damien Dellerba\",\"image\":{\"@type\":\"ImageObject\",\"inLanguage\":\"fr-FR\",\"@id\":\"https:\/\/www.ladiagonale.net\/#\/schema\/person\/image\/\",\"url\":\"https:\/\/secure.gravatar.com\/avatar\/c7850e06d3ff63cdbaee88b7fc16e2f0?s=96&d=mm&r=g\",\"contentUrl\":\"https:\/\/secure.gravatar.com\/avatar\/c7850e06d3ff63cdbaee88b7fc16e2f0?s=96&d=mm&r=g\",\"caption\":\"Damien Dellerba\"},\"url\":\"https:\/\/www.ladiagonale.net\/index.php\/author\/damien\/\"}]}<\/script>\n<!-- \/ Yoast SEO plugin. -->","yoast_head_json":{"title":"Monaco voudrait au moins 70 millions pour Akliouche - La Diagonale","robots":{"index":"index","follow":"follow","max-snippet":"max-snippet:-1","max-image-preview":"max-image-preview:large","max-video-preview":"max-video-preview:-1"},"canonical":"https:\/\/www.ladiagonale.net\/index.php\/2025\/04\/19\/monaco-voudrait-au-moins-70-millions-pour-akliouche\/","og_locale":"fr_FR","og_type":"article","og_title":"Monaco voudrait au moins 70 millions pour Akliouche - La Diagonale","og_description":"L\u2019AS Monaco se pr\u00e9pare au d\u00e9part de Maghnes Akliouche cet \u00e9t\u00e9, comment en t\u00e9moigne cette sortie d\u2019Adi H\u00fctter il y a quelques jours \u00e0 son propos. Courtis\u00e9 par des plus grosses cylindr\u00e9es europ\u00e9ennes, le milieu offensif de 23 ans pourrait rapporter un joli magot \u00e0 son club formateur et les dirigeants mon\u00e9gasques ne comptent pas [...]","og_url":"https:\/\/www.ladiagonale.net\/index.php\/2025\/04\/19\/monaco-voudrait-au-moins-70-millions-pour-akliouche\/","og_site_name":"La Diagonale","article_published_time":"2025-04-19T09:44:27+00:00","article_modified_time":"2025-04-19T09:44:28+00:00","og_image":[{"width":1160,"height":650,"url":"https:\/\/www.ladiagonale.net\/wp-content\/uploads\/2025\/01\/Akliouche.png","type":"image\/png"}],"author":"Damien Dellerba","twitter_card":"summary_large_image","twitter_image":"https:\/\/www.ladiagonale.net\/wp-content\/uploads\/2025\/01\/Akliouche.png","twitter_misc":{"\u00c9crit par":"Damien Dellerba","Dur\u00e9e de lecture estim\u00e9e":"2 minutes"},"schema":{"@context":"https:\/\/schema.org","@graph":[{"@type":"WebPage","@id":"https:\/\/www.ladiagonale.net\/index.php\/2025\/04\/19\/monaco-voudrait-au-moins-70-millions-pour-akliouche\/","url":"https:\/\/www.ladiagonale.net\/index.php\/2025\/04\/19\/monaco-voudrait-au-moins-70-millions-pour-akliouche\/","name":"Monaco voudrait au moins 70 millions pour Akliouche - La Diagonale","isPartOf":{"@id":"https:\/\/www.ladiagonale.net\/#website"},"datePublished":"2025-04-19T09:44:27+00:00","dateModified":"2025-04-19T09:44:28+00:00","author":{"@id":"https:\/\/www.ladiagonale.net\/#\/schema\/person\/79ff1e7b0853ed01b2aa26e64ad300bf"},"breadcrumb":{"@id":"https:\/\/www.ladiagonale.net\/index.php\/2025\/04\/19\/monaco-voudrait-au-moins-70-millions-pour-akliouche\/#breadcrumb"},"inLanguage":"fr-FR","potentialAction":[{"@type":"ReadAction","target":["https:\/\/www.ladiagonale.net\/index.php\/2025\/04\/19\/monaco-voudrait-au-moins-70-millions-pour-akliouche\/"]}]},{"@type":"BreadcrumbList","@id":"https:\/\/www.ladiagonale.net\/index.php\/2025\/04\/19\/monaco-voudrait-au-moins-70-millions-pour-akliouche\/#breadcrumb","itemListElement":[{"@type":"ListItem","position":1,"name":"Accueil","item":"https:\/\/www.ladiagonale.net\/"},{"@type":"ListItem","position":2,"name":"Monaco voudrait au moins 70 millions pour Akliouche"}]},{"@type":"WebSite","@id":"https:\/\/www.ladiagonale.net\/#website","url":"https:\/\/www.ladiagonale.net\/","name":"La Diagonale","description":"Le site des supporters de l&#039;AS Monaco FC","potentialAction":[{"@type":"SearchAction","target":{"@type":"EntryPoint","urlTemplate":"https:\/\/www.ladiagonale.net\/?s={search_term_string}"},"query-input":"required name=search_term_string"}],"inLanguage":"fr-FR"},{"@type":"Person","@id":"https:\/\/www.ladiagonale.net\/#\/schema\/person\/79ff1e7b0853ed01b2aa26e64ad300bf","name":"Damien Dellerba","image":{"@type":"ImageObject","inLanguage":"fr-FR","@id":"https:\/\/www.ladiagonale.net\/#\/schema\/person\/image\/","url":"https:\/\/secure.gravatar.com\/avatar\/c7850e06d3ff63cdbaee88b7fc16e2f0?s=96&d=mm&r=g","contentUrl":"https:\/\/secure.gravatar.com\/avatar\/c7850e06d3ff63cdbaee88b7fc16e2f0?s=96&d=mm&r=g","caption":"Damien Dellerba"},"url":"https:\/\/www.ladiagonale.net\/index.php\/author\/damien\/"}]}},"_links":{"self":[{"href":"https:\/\/www.ladiagonale.net\/index.php\/wp-json\/wp\/v2\/posts\/31057"}],"collection":[{"href":"https:\/\/www.ladiagonale.net\/index.php\/wp-json\/wp\/v2\/posts"}],"about":[{"href":"https:\/\/www.ladiagonale.net\/index.php\/wp-json\/wp\/v2\/types\/post"}],"author":[{"embeddable":true,"href":"https:\/\/www.ladiagonale.net\/index.php\/wp-json\/wp\/v2\/users\/2"}],"replies":[{"embeddable":true,"href":"https:\/\/www.ladiagonale.net\/index.php\/wp-json\/wp\/v2\/comments?post=31057"}],"version-history":[{"count":1,"href":"https:\/\/www.ladiagonale.net\/index.php\/wp-json\/wp\/v2\/posts\/31057\/revisions"}],"predecessor-version":[{"id":31058,"href":"https:\/\/www.ladiagonale.net\/index.php\/wp-json\/wp\/v2\/posts\/31057\/revisions\/31058"}],"wp:attachment":[{"href":"https:\/\/www.ladiagonale.net\/index.php\/wp-json\/wp\/v2\/media?parent=31057"}],"wp:term":[{"taxonomy":"category","embeddable":true,"href":"https:\/\/www.ladiagonale.net\/index.php\/wp-json\/wp\/v2\/categories?post=31057"},{"taxonomy":"post_tag","embeddable":true,"href":"https:\/\/www.ladiagonale.net\/index.php\/wp-json\/wp\/v2\/tags?post=31057"}],"curies":[{"name":"wp","href":"https:\/\/api.w.org\/{rel}","templated":true}]}}