{"id":31090,"date":"2025-04-19T23:55:25","date_gmt":"2025-04-19T21:55:25","guid":{"rendered":"https:\/\/www.ladiagonale.net\/?p=31090"},"modified":"2025-04-19T23:55:25","modified_gmt":"2025-04-19T21:55:25","slug":"hutter-ce-nest-pas-un-resultat-negatif","status":"publish","type":"post","link":"https:\/\/www.ladiagonale.net\/index.php\/2025\/04\/19\/hutter-ce-nest-pas-un-resultat-negatif\/","title":{"rendered":"H\u00fctter\u00a0: \u00ab\u00a0Ce n\u2019est pas un r\u00e9sultat n\u00e9gatif\u00a0\u00bb"},"content":{"rendered":"\n\n\n<p>Adi H\u00fctter n\u2019\u00e9tait pas forc\u00e9ment m\u00e9content du match nul (0-0) r\u00e9alis\u00e9 par son \u00e9quipe contre Strasbourg, ce samedi, m\u00eame si celui-ci fait perdre \u00e0 l\u2019AS Monaco sa seconde place et potentiellement le podium\u00a0: \u00ab\u00a0<em>Ce n\u2019est pas un r\u00e9sultat n\u00e9gatif. Nous voulions forc\u00e9ment gagner et prendre trois points mais j\u2019ai le sentiment que nous avons eu les meilleures occasions du match.<\/em>\u00a0\u00bb<\/p>\n\n\n\n<p>L\u2019Autrichien a tout de m\u00eame vu des choses qui n\u2019ont pas fonctionn\u00e9\u00a0:\u00a0\u00ab<em>\u00a0En premi\u00e8re mi-temps, notre pressing n\u2019\u00e9tait pas assez intense, mais au retour des vestiaires, nous avons domin\u00e9 les d\u00e9bats. Les deux \u00e9quipes ont \u00e9videmment manqu\u00e9 de chance avec les deux buts refus\u00e9s, mais je suis content de ce point pris qui aura son importance dans la course \u00e0 la Ligue des Champions.<\/em>\u00a0\u00bb<\/p>\n\n\n\n<p>Au rang des satisfactions, H\u00fctter a \u00e9voqu\u00e9 le clean-sheet\u00a0: \u00ab\u00a0<em>Nous avons vraiment tr\u00e8s bien d\u00e9fendu en \u00e9quipe ce qui a emp\u00each\u00e9 les Strasbourgeois de se cr\u00e9er de r\u00e9elles occasions de but tout au long du match. D\u00e8s que vous donnez un peu trop d\u2019espaces \u00e0 cette \u00e9quipe, elle peut se montrer tr\u00e8s dangereuse. Nous sommes parvenus \u00e0 garder notre cage inviol\u00e9e face \u00e0 une formation en confiance qui restait sur six victoires lors de ses huit derniers journ\u00e9es et j\u2019en suis tr\u00e8s satisfait.<\/em>\u00a0\u00bb<\/p>\n\n\n\n<p>Il faudra maintenant engranger les points lors des deux prochaines rencontres contre deux \u00e9quipes en difficult\u00e9 dans ce championnat\u00a0: \u00ab\u00a0<em>Tous les matchs sont des finales. Nous devons nous pr\u00e9parer au mieux pour les deux prochains rendez-vous \u00e0 l\u2019ext\u00e9rieur\u00a0contre Le Havre\u00a0et\u00a0Saint-Etienne, et faire en sorte de r\u00e9aliser de tr\u00e8s belles performances loin de la Principaut\u00e9. Toutes les rencontres sont importantes.<\/em>\u00a0\u00bb<\/p>\n","protected":false},"excerpt":{"rendered":"<p>Adi H\u00fctter n\u2019\u00e9tait pas forc\u00e9ment m\u00e9content du match nul (0-0) r\u00e9alis\u00e9 par son \u00e9quipe contre Strasbourg, ce samedi, m\u00eame si celui-ci fait perdre \u00e0 l\u2019AS Monaco sa seconde place et potentiellement le podium\u00a0: \u00ab\u00a0Ce n\u2019est pas un r\u00e9sultat n\u00e9gatif. Nous voulions forc\u00e9ment gagner et prendre trois points mais j\u2019ai le sentiment que nous avons eu [&#8230;]\n","protected":false},"author":2,"featured_media":0,"comment_status":"open","ping_status":"open","sticky":false,"template":"","format":"standard","meta":[],"categories":[6],"tags":[576,86,94,432],"yoast_head":"<!-- This site is optimized with the Yoast SEO plugin v19.8 - https:\/\/yoast.com\/wordpress\/plugins\/seo\/ -->\n<title>H\u00fctter\u00a0: \u00ab\u00a0Ce n\u2019est pas un r\u00e9sultat n\u00e9gatif\u00a0\u00bb - La Diagonale<\/title>\n<meta name=\"robots\" content=\"index, follow, max-snippet:-1, max-image-preview:large, max-video-preview:-1\" \/>\n<link rel=\"canonical\" href=\"https:\/\/www.ladiagonale.net\/index.php\/2025\/04\/19\/hutter-ce-nest-pas-un-resultat-negatif\/\" \/>\n<meta property=\"og:locale\" content=\"fr_FR\" \/>\n<meta property=\"og:type\" content=\"article\" \/>\n<meta property=\"og:title\" content=\"H\u00fctter\u00a0: \u00ab\u00a0Ce n\u2019est pas un r\u00e9sultat n\u00e9gatif\u00a0\u00bb - La Diagonale\" \/>\n<meta property=\"og:description\" content=\"Adi H\u00fctter n\u2019\u00e9tait pas forc\u00e9ment m\u00e9content du match nul (0-0) r\u00e9alis\u00e9 par son \u00e9quipe contre Strasbourg, ce samedi, m\u00eame si celui-ci fait perdre \u00e0 l\u2019AS Monaco sa seconde place et potentiellement le podium\u00a0: \u00ab\u00a0Ce n\u2019est pas un r\u00e9sultat n\u00e9gatif. Nous voulions forc\u00e9ment gagner et prendre trois points mais j\u2019ai le sentiment que nous avons eu [...]\" \/>\n<meta property=\"og:url\" content=\"https:\/\/www.ladiagonale.net\/index.php\/2025\/04\/19\/hutter-ce-nest-pas-un-resultat-negatif\/\" \/>\n<meta property=\"og:site_name\" content=\"La Diagonale\" \/>\n<meta property=\"article:published_time\" content=\"2025-04-19T21:55:25+00:00\" \/>\n<meta property=\"og:image\" content=\"https:\/\/www.ladiagonale.net\/wp-content\/uploads\/2024\/12\/Hu\u0308tter5.png\" \/>\n\t<meta property=\"og:image:width\" content=\"1160\" \/>\n\t<meta property=\"og:image:height\" content=\"650\" \/>\n\t<meta property=\"og:image:type\" content=\"image\/png\" \/>\n<meta name=\"author\" content=\"Damien Dellerba\" \/>\n<meta name=\"twitter:card\" content=\"summary_large_image\" \/>\n<meta name=\"twitter:image\" content=\"https:\/\/www.ladiagonale.net\/wp-content\/uploads\/2024\/12\/Hu\u0308tter5.png\" \/>\n<meta name=\"twitter:label1\" content=\"\u00c9crit par\" \/>\n\t<meta name=\"twitter:data1\" content=\"Damien Dellerba\" \/>\n\t<meta name=\"twitter:label2\" content=\"Dur\u00e9e de lecture estim\u00e9e\" \/>\n\t<meta name=\"twitter:data2\" content=\"2 minutes\" \/>\n<script type=\"application\/ld+json\" class=\"yoast-schema-graph\">{\"@context\":\"https:\/\/schema.org\",\"@graph\":[{\"@type\":\"WebPage\",\"@id\":\"https:\/\/www.ladiagonale.net\/index.php\/2025\/04\/19\/hutter-ce-nest-pas-un-resultat-negatif\/\",\"url\":\"https:\/\/www.ladiagonale.net\/index.php\/2025\/04\/19\/hutter-ce-nest-pas-un-resultat-negatif\/\",\"name\":\"H\u00fctter\u00a0: \u00ab\u00a0Ce n\u2019est pas un r\u00e9sultat n\u00e9gatif\u00a0\u00bb - La Diagonale\",\"isPartOf\":{\"@id\":\"https:\/\/www.ladiagonale.net\/#website\"},\"datePublished\":\"2025-04-19T21:55:25+00:00\",\"dateModified\":\"2025-04-19T21:55:25+00:00\",\"author\":{\"@id\":\"https:\/\/www.ladiagonale.net\/#\/schema\/person\/79ff1e7b0853ed01b2aa26e64ad300bf\"},\"breadcrumb\":{\"@id\":\"https:\/\/www.ladiagonale.net\/index.php\/2025\/04\/19\/hutter-ce-nest-pas-un-resultat-negatif\/#breadcrumb\"},\"inLanguage\":\"fr-FR\",\"potentialAction\":[{\"@type\":\"ReadAction\",\"target\":[\"https:\/\/www.ladiagonale.net\/index.php\/2025\/04\/19\/hutter-ce-nest-pas-un-resultat-negatif\/\"]}]},{\"@type\":\"BreadcrumbList\",\"@id\":\"https:\/\/www.ladiagonale.net\/index.php\/2025\/04\/19\/hutter-ce-nest-pas-un-resultat-negatif\/#breadcrumb\",\"itemListElement\":[{\"@type\":\"ListItem\",\"position\":1,\"name\":\"Accueil\",\"item\":\"https:\/\/www.ladiagonale.net\/\"},{\"@type\":\"ListItem\",\"position\":2,\"name\":\"H\u00fctter\u00a0: \u00ab\u00a0Ce n\u2019est pas un r\u00e9sultat n\u00e9gatif\u00a0\u00bb\"}]},{\"@type\":\"WebSite\",\"@id\":\"https:\/\/www.ladiagonale.net\/#website\",\"url\":\"https:\/\/www.ladiagonale.net\/\",\"name\":\"La Diagonale\",\"description\":\"Le site des supporters de l&#039;AS Monaco FC\",\"potentialAction\":[{\"@type\":\"SearchAction\",\"target\":{\"@type\":\"EntryPoint\",\"urlTemplate\":\"https:\/\/www.ladiagonale.net\/?s={search_term_string}\"},\"query-input\":\"required name=search_term_string\"}],\"inLanguage\":\"fr-FR\"},{\"@type\":\"Person\",\"@id\":\"https:\/\/www.ladiagonale.net\/#\/schema\/person\/79ff1e7b0853ed01b2aa26e64ad300bf\",\"name\":\"Damien Dellerba\",\"image\":{\"@type\":\"ImageObject\",\"inLanguage\":\"fr-FR\",\"@id\":\"https:\/\/www.ladiagonale.net\/#\/schema\/person\/image\/\",\"url\":\"https:\/\/secure.gravatar.com\/avatar\/c7850e06d3ff63cdbaee88b7fc16e2f0?s=96&d=mm&r=g\",\"contentUrl\":\"https:\/\/secure.gravatar.com\/avatar\/c7850e06d3ff63cdbaee88b7fc16e2f0?s=96&d=mm&r=g\",\"caption\":\"Damien Dellerba\"},\"url\":\"https:\/\/www.ladiagonale.net\/index.php\/author\/damien\/\"}]}<\/script>\n<!-- \/ Yoast SEO plugin. -->","yoast_head_json":{"title":"H\u00fctter\u00a0: \u00ab\u00a0Ce n\u2019est pas un r\u00e9sultat n\u00e9gatif\u00a0\u00bb - La Diagonale","robots":{"index":"index","follow":"follow","max-snippet":"max-snippet:-1","max-image-preview":"max-image-preview:large","max-video-preview":"max-video-preview:-1"},"canonical":"https:\/\/www.ladiagonale.net\/index.php\/2025\/04\/19\/hutter-ce-nest-pas-un-resultat-negatif\/","og_locale":"fr_FR","og_type":"article","og_title":"H\u00fctter\u00a0: \u00ab\u00a0Ce n\u2019est pas un r\u00e9sultat n\u00e9gatif\u00a0\u00bb - La Diagonale","og_description":"Adi H\u00fctter n\u2019\u00e9tait pas forc\u00e9ment m\u00e9content du match nul (0-0) r\u00e9alis\u00e9 par son \u00e9quipe contre Strasbourg, ce samedi, m\u00eame si celui-ci fait perdre \u00e0 l\u2019AS Monaco sa seconde place et potentiellement le podium\u00a0: \u00ab\u00a0Ce n\u2019est pas un r\u00e9sultat n\u00e9gatif. Nous voulions forc\u00e9ment gagner et prendre trois points mais j\u2019ai le sentiment que nous avons eu [...]","og_url":"https:\/\/www.ladiagonale.net\/index.php\/2025\/04\/19\/hutter-ce-nest-pas-un-resultat-negatif\/","og_site_name":"La Diagonale","article_published_time":"2025-04-19T21:55:25+00:00","og_image":[{"width":1160,"height":650,"url":"https:\/\/www.ladiagonale.net\/wp-content\/uploads\/2024\/12\/Hu\u0308tter5.png","type":"image\/png"}],"author":"Damien Dellerba","twitter_card":"summary_large_image","twitter_image":"https:\/\/www.ladiagonale.net\/wp-content\/uploads\/2024\/12\/Hu\u0308tter5.png","twitter_misc":{"\u00c9crit par":"Damien Dellerba","Dur\u00e9e de lecture estim\u00e9e":"2 minutes"},"schema":{"@context":"https:\/\/schema.org","@graph":[{"@type":"WebPage","@id":"https:\/\/www.ladiagonale.net\/index.php\/2025\/04\/19\/hutter-ce-nest-pas-un-resultat-negatif\/","url":"https:\/\/www.ladiagonale.net\/index.php\/2025\/04\/19\/hutter-ce-nest-pas-un-resultat-negatif\/","name":"H\u00fctter\u00a0: \u00ab\u00a0Ce n\u2019est pas un r\u00e9sultat n\u00e9gatif\u00a0\u00bb - La Diagonale","isPartOf":{"@id":"https:\/\/www.ladiagonale.net\/#website"},"datePublished":"2025-04-19T21:55:25+00:00","dateModified":"2025-04-19T21:55:25+00:00","author":{"@id":"https:\/\/www.ladiagonale.net\/#\/schema\/person\/79ff1e7b0853ed01b2aa26e64ad300bf"},"breadcrumb":{"@id":"https:\/\/www.ladiagonale.net\/index.php\/2025\/04\/19\/hutter-ce-nest-pas-un-resultat-negatif\/#breadcrumb"},"inLanguage":"fr-FR","potentialAction":[{"@type":"ReadAction","target":["https:\/\/www.ladiagonale.net\/index.php\/2025\/04\/19\/hutter-ce-nest-pas-un-resultat-negatif\/"]}]},{"@type":"BreadcrumbList","@id":"https:\/\/www.ladiagonale.net\/index.php\/2025\/04\/19\/hutter-ce-nest-pas-un-resultat-negatif\/#breadcrumb","itemListElement":[{"@type":"ListItem","position":1,"name":"Accueil","item":"https:\/\/www.ladiagonale.net\/"},{"@type":"ListItem","position":2,"name":"H\u00fctter\u00a0: \u00ab\u00a0Ce n\u2019est pas un r\u00e9sultat n\u00e9gatif\u00a0\u00bb"}]},{"@type":"WebSite","@id":"https:\/\/www.ladiagonale.net\/#website","url":"https:\/\/www.ladiagonale.net\/","name":"La Diagonale","description":"Le site des supporters de l&#039;AS Monaco FC","potentialAction":[{"@type":"SearchAction","target":{"@type":"EntryPoint","urlTemplate":"https:\/\/www.ladiagonale.net\/?s={search_term_string}"},"query-input":"required name=search_term_string"}],"inLanguage":"fr-FR"},{"@type":"Person","@id":"https:\/\/www.ladiagonale.net\/#\/schema\/person\/79ff1e7b0853ed01b2aa26e64ad300bf","name":"Damien Dellerba","image":{"@type":"ImageObject","inLanguage":"fr-FR","@id":"https:\/\/www.ladiagonale.net\/#\/schema\/person\/image\/","url":"https:\/\/secure.gravatar.com\/avatar\/c7850e06d3ff63cdbaee88b7fc16e2f0?s=96&d=mm&r=g","contentUrl":"https:\/\/secure.gravatar.com\/avatar\/c7850e06d3ff63cdbaee88b7fc16e2f0?s=96&d=mm&r=g","caption":"Damien Dellerba"},"url":"https:\/\/www.ladiagonale.net\/index.php\/author\/damien\/"}]}},"_links":{"self":[{"href":"https:\/\/www.ladiagonale.net\/index.php\/wp-json\/wp\/v2\/posts\/31090"}],"collection":[{"href":"https:\/\/www.ladiagonale.net\/index.php\/wp-json\/wp\/v2\/posts"}],"about":[{"href":"https:\/\/www.ladiagonale.net\/index.php\/wp-json\/wp\/v2\/types\/post"}],"author":[{"embeddable":true,"href":"https:\/\/www.ladiagonale.net\/index.php\/wp-json\/wp\/v2\/users\/2"}],"replies":[{"embeddable":true,"href":"https:\/\/www.ladiagonale.net\/index.php\/wp-json\/wp\/v2\/comments?post=31090"}],"version-history":[{"count":1,"href":"https:\/\/www.ladiagonale.net\/index.php\/wp-json\/wp\/v2\/posts\/31090\/revisions"}],"predecessor-version":[{"id":31091,"href":"https:\/\/www.ladiagonale.net\/index.php\/wp-json\/wp\/v2\/posts\/31090\/revisions\/31091"}],"wp:attachment":[{"href":"https:\/\/www.ladiagonale.net\/index.php\/wp-json\/wp\/v2\/media?parent=31090"}],"wp:term":[{"taxonomy":"category","embeddable":true,"href":"https:\/\/www.ladiagonale.net\/index.php\/wp-json\/wp\/v2\/categories?post=31090"},{"taxonomy":"post_tag","embeddable":true,"href":"https:\/\/www.ladiagonale.net\/index.php\/wp-json\/wp\/v2\/tags?post=31090"}],"curies":[{"name":"wp","href":"https:\/\/api.w.org\/{rel}","templated":true}]}}