{"id":31093,"date":"2025-04-20T16:29:31","date_gmt":"2025-04-20T14:29:31","guid":{"rendered":"https:\/\/www.ladiagonale.net\/?p=31093"},"modified":"2025-04-20T16:29:32","modified_gmt":"2025-04-20T14:29:32","slug":"les-notes-akliouche-dans-le-creux","status":"publish","type":"post","link":"https:\/\/www.ladiagonale.net\/index.php\/2025\/04\/20\/les-notes-akliouche-dans-le-creux\/","title":{"rendered":"Les notes : Akliouche dans le creux"},"content":{"rendered":"\n\n\n<p><strong>Maghnes Akliouche ne s&rsquo;est pas montr\u00e9 \u00e0 son avantage lors du match nul entre Monaco et Strasbourg (0-0), samedi. L&rsquo;international Espoirs encha\u00eene des prestations d\u00e9cevantes au pire moment.<\/strong><\/p>\n\n\n\n<h4 class=\"wp-block-heading has-white-color has-text-color has-background\" style=\"background-color:#045000\">TOPS<\/h4>\n\n\n\n<div class=\"wp-block-media-text alignwide is-stacked-on-mobile\" style=\"grid-template-columns:30% auto\"><figure class=\"wp-block-media-text__media\"><img loading=\"lazy\" width=\"400\" height=\"400\" src=\"https:\/\/www.ladiagonale.net\/wp-content\/uploads\/2024\/10\/Mawissa6.png\" alt=\"\" class=\"wp-image-26401 size-full\"\/><\/figure><div class=\"wp-block-media-text__content\">\n<p style=\"font-size:16px\"><strong>Christian Mawissa<\/strong><\/p>\n\n\n\n<p style=\"font-size:15px\">L\u2019ancien Toulousain confirme sa progression au sein de la charni\u00e8re. Il n\u2019a pas eu beaucoup de travail \u00e0 effectuer mais il a \u00e9t\u00e9 vigilant d\u2019un bout \u00e0 l\u2019autre du match. Il signe notamment un \u00e9norme retour pour g\u00eaner Emegha qui partait seul au but (9<sup>e<\/sup>). Attentif aussi en couverture (13<sup>e<\/sup>, 76<sup>e<\/sup>), alors que les fl\u00e8ches strasbourgeoises cherchaient \u00e0 contre-attaquer aussi vite que possible.<\/p>\n<\/div><\/div>\n\n\n\n<div style=\"height:50px\" aria-hidden=\"true\" class=\"wp-block-spacer\"><\/div>\n\n\n\n<div class=\"wp-block-media-text alignwide is-stacked-on-mobile\" style=\"grid-template-columns:30% auto\"><figure class=\"wp-block-media-text__media\"><img loading=\"lazy\" width=\"400\" height=\"400\" src=\"https:\/\/www.ladiagonale.net\/wp-content\/uploads\/2024\/12\/Zakaria6.png\" alt=\"\" class=\"wp-image-27897 size-full\" srcset=\"https:\/\/www.ladiagonale.net\/wp-content\/uploads\/2024\/12\/Zakaria6.png 400w, https:\/\/www.ladiagonale.net\/wp-content\/uploads\/2024\/12\/Zakaria6-300x300.png 300w, https:\/\/www.ladiagonale.net\/wp-content\/uploads\/2024\/12\/Zakaria6-150x150.png 150w, https:\/\/www.ladiagonale.net\/wp-content\/uploads\/2024\/12\/Zakaria6-128x128.png 128w, https:\/\/www.ladiagonale.net\/wp-content\/uploads\/2024\/12\/Zakaria6-32x32.png 32w\" sizes=\"(max-width: 400px) 100vw, 400px\" \/><\/figure><div class=\"wp-block-media-text__content\">\n<p style=\"font-size:16px\"><strong>Denis Zakaria<\/strong><\/p>\n\n\n\n<p style=\"font-size:15px\">Le capitaine mon\u00e9gasque a tenu son rang dans cette rencontre. Il a \u00e9t\u00e9 efficace \u00e0 la r\u00e9cup\u00e9ration du ballon (7) et a r\u00e9ussi plusieurs projections pour percer le bloc adverse. Sur l\u2019une d\u2019elles, il obtient notamment une faute et un carton jaune pour Doukour\u00e9 (13<sup>e<\/sup>). Le Suisse n\u2019est pas loin de reprendre un centre de Vanderson (25<sup>e<\/sup>) et a obtenu d\u2019autres situations en fin de match sans trouver le cadre (84<sup>e<\/sup>, 90<sup>e<\/sup>). Pr\u00e9cieux \u00e9galement au duel.<\/p>\n<\/div><\/div>\n\n\n\n<div style=\"height:50px\" aria-hidden=\"true\" class=\"wp-block-spacer\"><\/div>\n\n\n\n<div class=\"wp-block-media-text alignwide is-stacked-on-mobile\" style=\"grid-template-columns:30% auto\"><figure class=\"wp-block-media-text__media\"><img loading=\"lazy\" width=\"400\" height=\"400\" src=\"https:\/\/www.ladiagonale.net\/wp-content\/uploads\/2024\/10\/Embolo6.png\" alt=\"\" class=\"wp-image-27009 size-full\"\/><\/figure><div class=\"wp-block-media-text__content\">\n<p style=\"font-size:16px\"><strong>Breel Embolo<\/strong><\/p>\n\n\n\n<p style=\"font-size:15px\">Le Suisse n\u2019a pas toujours \u00e9t\u00e9 brillant dans cette rencontre, mais il s\u2019est d\u00e9men\u00e9 et a cr\u00e9\u00e9 plusieurs occasions en d\u00e9zonant avec ses d\u00e9calages, faisant appr\u00e9cier sa bonne vision du jeu. Il r\u00e9alise une belle ouverture vers Akliouche pour la meilleure occasion de la premi\u00e8re p\u00e9riode (19<sup>e<\/sup>) et c\u2019est \u00e9galement lui qui trouve Vanderson quelques minutes plus tard (25<sup>e<\/sup>). En seconde p\u00e9riode, il sert bien Biereth (68<sup>e<\/sup>). Il a en revanche manqu\u00e9 de pr\u00e9cision dans la surface (37<sup>e<\/sup>, 41<sup>e<\/sup>).<\/p>\n<\/div><\/div>\n\n\n\n<div style=\"height:50px\" aria-hidden=\"true\" class=\"wp-block-spacer\"><\/div>\n\n\n\n<div class=\"wp-block-media-text alignwide is-stacked-on-mobile\" style=\"grid-template-columns:30% auto\"><figure class=\"wp-block-media-text__media\"><img loading=\"lazy\" width=\"400\" height=\"400\" src=\"https:\/\/www.ladiagonale.net\/wp-content\/uploads\/2025\/02\/Biereth6.png\" alt=\"\" class=\"wp-image-29736 size-full\" srcset=\"https:\/\/www.ladiagonale.net\/wp-content\/uploads\/2025\/02\/Biereth6.png 400w, https:\/\/www.ladiagonale.net\/wp-content\/uploads\/2025\/02\/Biereth6-300x300.png 300w, https:\/\/www.ladiagonale.net\/wp-content\/uploads\/2025\/02\/Biereth6-150x150.png 150w, https:\/\/www.ladiagonale.net\/wp-content\/uploads\/2025\/02\/Biereth6-128x128.png 128w, https:\/\/www.ladiagonale.net\/wp-content\/uploads\/2025\/02\/Biereth6-32x32.png 32w\" sizes=\"(max-width: 400px) 100vw, 400px\" \/><\/figure><div class=\"wp-block-media-text__content\">\n<p style=\"font-size:16px\"><strong>Mika Biereth<\/strong><\/p>\n\n\n\n<p style=\"font-size:15px\">Le Danois n&rsquo;a plus marqu\u00e9 depuis trois rencontres et il aurait pu \u00e9viter cette statistique si Caio Henrique n&rsquo;avait pas \u00e9t\u00e9 signal\u00e9 en position de hors-jeu sur son but en fin de premi\u00e8re p\u00e9riode (45<sup>e<\/sup>+2). Il s&rsquo;est montr\u00e9 remuant dans la d\u00e9fense strasbourgeoise, toujours pr\u00eat \u00e0 faire plonger ses adversaires par ses multiples feintes. Il a tent\u00e9 sa chance \u00e0 la 68<sup>e<\/sup> minute mais Petrovic s&rsquo;est montr\u00e9 solide devant lui. Sinon, il a beaucoup cherch\u00e9 ses co\u00e9quipiers avec des centres (15<sup>e<\/sup>, 37<sup>e<\/sup>). Il trouve aussi Embolo dans la surface (41<sup>e<\/sup>). Une prestation encourageante malgr\u00e9 tout. <\/p>\n<\/div><\/div>\n\n\n\n<div style=\"height:50px\" aria-hidden=\"true\" class=\"wp-block-spacer\"><\/div>\n\n\n\n<h4 class=\"wp-block-heading has-white-color has-text-color has-background\" style=\"background-color:#c00501\">TOPS<\/h4>\n\n\n\n<div class=\"wp-block-media-text alignwide is-stacked-on-mobile\" style=\"grid-template-columns:30% auto\"><figure class=\"wp-block-media-text__media\"><img loading=\"lazy\" width=\"400\" height=\"400\" src=\"https:\/\/www.ladiagonale.net\/wp-content\/uploads\/2024\/11\/Akliouche3.png\" alt=\"\" class=\"wp-image-27179 size-full\" srcset=\"https:\/\/www.ladiagonale.net\/wp-content\/uploads\/2024\/11\/Akliouche3.png 400w, https:\/\/www.ladiagonale.net\/wp-content\/uploads\/2024\/11\/Akliouche3-300x300.png 300w, https:\/\/www.ladiagonale.net\/wp-content\/uploads\/2024\/11\/Akliouche3-150x150.png 150w, https:\/\/www.ladiagonale.net\/wp-content\/uploads\/2024\/11\/Akliouche3-128x128.png 128w, https:\/\/www.ladiagonale.net\/wp-content\/uploads\/2024\/11\/Akliouche3-32x32.png 32w\" sizes=\"(max-width: 400px) 100vw, 400px\" \/><\/figure><div class=\"wp-block-media-text__content\">\n<p style=\"font-size:16px\"><strong>Maghnes Akliouche<\/strong><\/p>\n\n\n\n<p style=\"font-size:15px\">Il est en train de passer \u00e0 c\u00f4t\u00e9 de sa fin de saison. Depuis trois matches, Akliouche n\u2019arrive plus \u00e0 se montrer r\u00e9ellement impactant dans le collectif mon\u00e9gasque. Il a bien eu deux occasions (15<sup>e<\/sup>, 19<sup>e<\/sup>), mais elles ont \u00e9t\u00e9 \u00e0 chaque fois repouss\u00e9es, et notamment la seconde par Petrovic. Il a aussi \u00e9t\u00e9 approximatif techniquement sur des transitions (59<sup>e<\/sup>, 82<sup>e<\/sup>), dont une qui aurait pu permettre \u00e0 Minamino d\u2019aller d\u00e9fier le portier strasbourgeois.<\/p>\n<\/div><\/div>\n\n\n\n<div style=\"height:50px\" aria-hidden=\"true\" class=\"wp-block-spacer\"><\/div>\n\n\n\n<div class=\"wp-block-media-text alignwide is-stacked-on-mobile\" style=\"grid-template-columns:30% auto\"><figure class=\"wp-block-media-text__media\"><img loading=\"lazy\" width=\"400\" height=\"400\" src=\"https:\/\/www.ladiagonale.net\/wp-content\/uploads\/2025\/01\/Minamino3.png\" alt=\"\" class=\"wp-image-28921 size-full\" srcset=\"https:\/\/www.ladiagonale.net\/wp-content\/uploads\/2025\/01\/Minamino3.png 400w, https:\/\/www.ladiagonale.net\/wp-content\/uploads\/2025\/01\/Minamino3-300x300.png 300w, https:\/\/www.ladiagonale.net\/wp-content\/uploads\/2025\/01\/Minamino3-150x150.png 150w, https:\/\/www.ladiagonale.net\/wp-content\/uploads\/2025\/01\/Minamino3-128x128.png 128w, https:\/\/www.ladiagonale.net\/wp-content\/uploads\/2025\/01\/Minamino3-32x32.png 32w\" sizes=\"(max-width: 400px) 100vw, 400px\" \/><\/figure><div class=\"wp-block-media-text__content\">\n<p style=\"font-size:16px\"><strong>Takumi Minamino<\/strong><\/p>\n\n\n\n<p style=\"font-size:15px\">\u00c0 l\u2019image d\u2019Akliouche, le Japonais s\u2019est procur\u00e9 quelques situations (49<sup>e<\/sup>, 54<sup>e<\/sup>) mais comme l\u2019international Espoirs, il a fait trop peu de diff\u00e9rences et de d\u00e9calages pour exister vraiment dans cette rencontre. Un travail d\u00e9fensif irr\u00e9gulier, m\u00eame si sa r\u00e9cup\u00e9ration sur Dou\u00e9 (41<sup>e<\/sup>) a initi\u00e9 une bonne occasion pour l\u2019ASM. D\u00e9cevant.<\/p>\n<\/div><\/div>\n\n\n\n<div style=\"height:50px\" aria-hidden=\"true\" class=\"wp-block-spacer\"><\/div>\n\n\n\n<div class=\"wp-block-media-text alignwide is-stacked-on-mobile\" style=\"grid-template-columns:30% auto\"><figure class=\"wp-block-media-text__media\"><img loading=\"lazy\" width=\"400\" height=\"400\" src=\"https:\/\/www.ladiagonale.net\/wp-content\/uploads\/2024\/11\/Vanderson4.png\" alt=\"\" class=\"wp-image-27694 size-full\" srcset=\"https:\/\/www.ladiagonale.net\/wp-content\/uploads\/2024\/11\/Vanderson4.png 400w, https:\/\/www.ladiagonale.net\/wp-content\/uploads\/2024\/11\/Vanderson4-300x300.png 300w, https:\/\/www.ladiagonale.net\/wp-content\/uploads\/2024\/11\/Vanderson4-150x150.png 150w, https:\/\/www.ladiagonale.net\/wp-content\/uploads\/2024\/11\/Vanderson4-128x128.png 128w, https:\/\/www.ladiagonale.net\/wp-content\/uploads\/2024\/11\/Vanderson4-32x32.png 32w\" sizes=\"(max-width: 400px) 100vw, 400px\" \/><\/figure><div class=\"wp-block-media-text__content\">\n<p style=\"font-size:16px\"><strong>Vanderson<\/strong><\/p>\n\n\n\n<p style=\"font-size:15px\">Le lat\u00e9ral droit a \u00e9t\u00e9 transparent offensivement, et n\u2019a rien r\u00e9ussi, \u00e0 l\u2019exception de deux bons centres devant le but (25<sup>e<\/sup>, 88<sup>e<\/sup>). Pour le reste, il a perdu quantit\u00e9 de ballons (20), m\u00eame s\u2019il est le Mon\u00e9gasque qui en a r\u00e9cup\u00e9r\u00e9 le plus (9). Il a aussi eu du mal \u00e0 g\u00e9rer la profondeur et les espaces sur les transitions alsaciennes. Un bon d\u00e9gagement en fin de match dans la surface pour \u00e9loigner la pression adverse (90<sup>e<\/sup>+4).<\/p>\n<\/div><\/div>\n\n\n\n<div style=\"height:50px\" aria-hidden=\"true\" class=\"wp-block-spacer\"><\/div>\n\n\n\n<h4 class=\"wp-block-heading has-white-color has-text-color has-background\" style=\"background-color:#303030\">Les autres notes<\/h4>\n\n\n<div class=\"wp-block-image\">\n<figure class=\"aligncenter size-large is-resized\"><img loading=\"lazy\" src=\"https:\/\/www.ladiagonale.net\/wp-content\/uploads\/2025\/04\/lineup-builder-819x1024.png\" alt=\"\" class=\"wp-image-31095\" width=\"614\" height=\"768\" srcset=\"https:\/\/www.ladiagonale.net\/wp-content\/uploads\/2025\/04\/lineup-builder-819x1024.png 819w, https:\/\/www.ladiagonale.net\/wp-content\/uploads\/2025\/04\/lineup-builder-240x300.png 240w, https:\/\/www.ladiagonale.net\/wp-content\/uploads\/2025\/04\/lineup-builder-768x960.png 768w, https:\/\/www.ladiagonale.net\/wp-content\/uploads\/2025\/04\/lineup-builder-1229x1536.png 1229w, https:\/\/www.ladiagonale.net\/wp-content\/uploads\/2025\/04\/lineup-builder-102x128.png 102w, https:\/\/www.ladiagonale.net\/wp-content\/uploads\/2025\/04\/lineup-builder-26x32.png 26w, https:\/\/www.ladiagonale.net\/wp-content\/uploads\/2025\/04\/lineup-builder.png 1242w\" sizes=\"(max-width: 614px) 100vw, 614px\" \/><figcaption>H\u00fctter : 5<br>Moyenne : 5\/10<\/figcaption><\/figure><\/div>","protected":false},"excerpt":{"rendered":"<p>Maghnes Akliouche ne s&rsquo;est pas montr\u00e9 \u00e0 son avantage lors du match nul entre Monaco et Strasbourg (0-0), samedi. L&rsquo;international Espoirs encha\u00eene des prestations d\u00e9cevantes au pire moment. TOPS Christian Mawissa L\u2019ancien Toulousain confirme sa progression au sein de la charni\u00e8re. Il n\u2019a pas eu beaucoup de travail \u00e0 effectuer mais il a \u00e9t\u00e9 vigilant [&#8230;]\n","protected":false},"author":2,"featured_media":31094,"comment_status":"open","ping_status":"open","sticky":false,"template":"","format":"standard","meta":[],"categories":[5,6],"tags":[86,94,432,248],"yoast_head":"<!-- This site is optimized with the Yoast SEO plugin v19.8 - https:\/\/yoast.com\/wordpress\/plugins\/seo\/ -->\n<title>Les notes : Akliouche dans le creux - La Diagonale<\/title>\n<meta name=\"robots\" content=\"index, follow, max-snippet:-1, max-image-preview:large, max-video-preview:-1\" \/>\n<link rel=\"canonical\" href=\"https:\/\/www.ladiagonale.net\/index.php\/2025\/04\/20\/les-notes-akliouche-dans-le-creux\/\" \/>\n<meta property=\"og:locale\" content=\"fr_FR\" \/>\n<meta property=\"og:type\" content=\"article\" \/>\n<meta property=\"og:title\" content=\"Les notes : Akliouche dans le creux - La Diagonale\" \/>\n<meta property=\"og:description\" content=\"Maghnes Akliouche ne s&rsquo;est pas montr\u00e9 \u00e0 son avantage lors du match nul entre Monaco et Strasbourg (0-0), samedi. L&rsquo;international Espoirs encha\u00eene des prestations d\u00e9cevantes au pire moment. TOPS Christian Mawissa L\u2019ancien Toulousain confirme sa progression au sein de la charni\u00e8re. Il n\u2019a pas eu beaucoup de travail \u00e0 effectuer mais il a \u00e9t\u00e9 vigilant [...]\" \/>\n<meta property=\"og:url\" content=\"https:\/\/www.ladiagonale.net\/index.php\/2025\/04\/20\/les-notes-akliouche-dans-le-creux\/\" \/>\n<meta property=\"og:site_name\" content=\"La Diagonale\" \/>\n<meta property=\"article:published_time\" content=\"2025-04-20T14:29:31+00:00\" \/>\n<meta property=\"article:modified_time\" content=\"2025-04-20T14:29:32+00:00\" \/>\n<meta property=\"og:image\" content=\"https:\/\/www.ladiagonale.net\/wp-content\/uploads\/2025\/04\/Akliouche-stras-1.png\" \/>\n\t<meta property=\"og:image:width\" content=\"1160\" \/>\n\t<meta property=\"og:image:height\" content=\"650\" \/>\n\t<meta property=\"og:image:type\" content=\"image\/png\" \/>\n<meta name=\"author\" content=\"Damien Dellerba\" \/>\n<meta name=\"twitter:card\" content=\"summary_large_image\" \/>\n<meta name=\"twitter:image\" content=\"https:\/\/www.ladiagonale.net\/wp-content\/uploads\/2025\/04\/Akliouche-stras-1.png\" \/>\n<meta name=\"twitter:label1\" content=\"\u00c9crit par\" \/>\n\t<meta name=\"twitter:data1\" content=\"Damien Dellerba\" \/>\n\t<meta name=\"twitter:label2\" content=\"Dur\u00e9e de lecture estim\u00e9e\" \/>\n\t<meta name=\"twitter:data2\" content=\"5 minutes\" \/>\n<script type=\"application\/ld+json\" class=\"yoast-schema-graph\">{\"@context\":\"https:\/\/schema.org\",\"@graph\":[{\"@type\":\"WebPage\",\"@id\":\"https:\/\/www.ladiagonale.net\/index.php\/2025\/04\/20\/les-notes-akliouche-dans-le-creux\/\",\"url\":\"https:\/\/www.ladiagonale.net\/index.php\/2025\/04\/20\/les-notes-akliouche-dans-le-creux\/\",\"name\":\"Les notes : Akliouche dans le creux - La Diagonale\",\"isPartOf\":{\"@id\":\"https:\/\/www.ladiagonale.net\/#website\"},\"datePublished\":\"2025-04-20T14:29:31+00:00\",\"dateModified\":\"2025-04-20T14:29:32+00:00\",\"author\":{\"@id\":\"https:\/\/www.ladiagonale.net\/#\/schema\/person\/79ff1e7b0853ed01b2aa26e64ad300bf\"},\"breadcrumb\":{\"@id\":\"https:\/\/www.ladiagonale.net\/index.php\/2025\/04\/20\/les-notes-akliouche-dans-le-creux\/#breadcrumb\"},\"inLanguage\":\"fr-FR\",\"potentialAction\":[{\"@type\":\"ReadAction\",\"target\":[\"https:\/\/www.ladiagonale.net\/index.php\/2025\/04\/20\/les-notes-akliouche-dans-le-creux\/\"]}]},{\"@type\":\"BreadcrumbList\",\"@id\":\"https:\/\/www.ladiagonale.net\/index.php\/2025\/04\/20\/les-notes-akliouche-dans-le-creux\/#breadcrumb\",\"itemListElement\":[{\"@type\":\"ListItem\",\"position\":1,\"name\":\"Accueil\",\"item\":\"https:\/\/www.ladiagonale.net\/\"},{\"@type\":\"ListItem\",\"position\":2,\"name\":\"Les notes : Akliouche dans le creux\"}]},{\"@type\":\"WebSite\",\"@id\":\"https:\/\/www.ladiagonale.net\/#website\",\"url\":\"https:\/\/www.ladiagonale.net\/\",\"name\":\"La Diagonale\",\"description\":\"Le site des supporters de l&#039;AS Monaco FC\",\"potentialAction\":[{\"@type\":\"SearchAction\",\"target\":{\"@type\":\"EntryPoint\",\"urlTemplate\":\"https:\/\/www.ladiagonale.net\/?s={search_term_string}\"},\"query-input\":\"required name=search_term_string\"}],\"inLanguage\":\"fr-FR\"},{\"@type\":\"Person\",\"@id\":\"https:\/\/www.ladiagonale.net\/#\/schema\/person\/79ff1e7b0853ed01b2aa26e64ad300bf\",\"name\":\"Damien Dellerba\",\"image\":{\"@type\":\"ImageObject\",\"inLanguage\":\"fr-FR\",\"@id\":\"https:\/\/www.ladiagonale.net\/#\/schema\/person\/image\/\",\"url\":\"https:\/\/secure.gravatar.com\/avatar\/c7850e06d3ff63cdbaee88b7fc16e2f0?s=96&d=mm&r=g\",\"contentUrl\":\"https:\/\/secure.gravatar.com\/avatar\/c7850e06d3ff63cdbaee88b7fc16e2f0?s=96&d=mm&r=g\",\"caption\":\"Damien Dellerba\"},\"url\":\"https:\/\/www.ladiagonale.net\/index.php\/author\/damien\/\"}]}<\/script>\n<!-- \/ Yoast SEO plugin. -->","yoast_head_json":{"title":"Les notes : Akliouche dans le creux - La Diagonale","robots":{"index":"index","follow":"follow","max-snippet":"max-snippet:-1","max-image-preview":"max-image-preview:large","max-video-preview":"max-video-preview:-1"},"canonical":"https:\/\/www.ladiagonale.net\/index.php\/2025\/04\/20\/les-notes-akliouche-dans-le-creux\/","og_locale":"fr_FR","og_type":"article","og_title":"Les notes : Akliouche dans le creux - La Diagonale","og_description":"Maghnes Akliouche ne s&rsquo;est pas montr\u00e9 \u00e0 son avantage lors du match nul entre Monaco et Strasbourg (0-0), samedi. L&rsquo;international Espoirs encha\u00eene des prestations d\u00e9cevantes au pire moment. TOPS Christian Mawissa L\u2019ancien Toulousain confirme sa progression au sein de la charni\u00e8re. Il n\u2019a pas eu beaucoup de travail \u00e0 effectuer mais il a \u00e9t\u00e9 vigilant [...]","og_url":"https:\/\/www.ladiagonale.net\/index.php\/2025\/04\/20\/les-notes-akliouche-dans-le-creux\/","og_site_name":"La Diagonale","article_published_time":"2025-04-20T14:29:31+00:00","article_modified_time":"2025-04-20T14:29:32+00:00","og_image":[{"width":1160,"height":650,"url":"https:\/\/www.ladiagonale.net\/wp-content\/uploads\/2025\/04\/Akliouche-stras-1.png","type":"image\/png"}],"author":"Damien Dellerba","twitter_card":"summary_large_image","twitter_image":"https:\/\/www.ladiagonale.net\/wp-content\/uploads\/2025\/04\/Akliouche-stras-1.png","twitter_misc":{"\u00c9crit par":"Damien Dellerba","Dur\u00e9e de lecture estim\u00e9e":"5 minutes"},"schema":{"@context":"https:\/\/schema.org","@graph":[{"@type":"WebPage","@id":"https:\/\/www.ladiagonale.net\/index.php\/2025\/04\/20\/les-notes-akliouche-dans-le-creux\/","url":"https:\/\/www.ladiagonale.net\/index.php\/2025\/04\/20\/les-notes-akliouche-dans-le-creux\/","name":"Les notes : Akliouche dans le creux - La Diagonale","isPartOf":{"@id":"https:\/\/www.ladiagonale.net\/#website"},"datePublished":"2025-04-20T14:29:31+00:00","dateModified":"2025-04-20T14:29:32+00:00","author":{"@id":"https:\/\/www.ladiagonale.net\/#\/schema\/person\/79ff1e7b0853ed01b2aa26e64ad300bf"},"breadcrumb":{"@id":"https:\/\/www.ladiagonale.net\/index.php\/2025\/04\/20\/les-notes-akliouche-dans-le-creux\/#breadcrumb"},"inLanguage":"fr-FR","potentialAction":[{"@type":"ReadAction","target":["https:\/\/www.ladiagonale.net\/index.php\/2025\/04\/20\/les-notes-akliouche-dans-le-creux\/"]}]},{"@type":"BreadcrumbList","@id":"https:\/\/www.ladiagonale.net\/index.php\/2025\/04\/20\/les-notes-akliouche-dans-le-creux\/#breadcrumb","itemListElement":[{"@type":"ListItem","position":1,"name":"Accueil","item":"https:\/\/www.ladiagonale.net\/"},{"@type":"ListItem","position":2,"name":"Les notes : Akliouche dans le creux"}]},{"@type":"WebSite","@id":"https:\/\/www.ladiagonale.net\/#website","url":"https:\/\/www.ladiagonale.net\/","name":"La Diagonale","description":"Le site des supporters de l&#039;AS Monaco FC","potentialAction":[{"@type":"SearchAction","target":{"@type":"EntryPoint","urlTemplate":"https:\/\/www.ladiagonale.net\/?s={search_term_string}"},"query-input":"required name=search_term_string"}],"inLanguage":"fr-FR"},{"@type":"Person","@id":"https:\/\/www.ladiagonale.net\/#\/schema\/person\/79ff1e7b0853ed01b2aa26e64ad300bf","name":"Damien Dellerba","image":{"@type":"ImageObject","inLanguage":"fr-FR","@id":"https:\/\/www.ladiagonale.net\/#\/schema\/person\/image\/","url":"https:\/\/secure.gravatar.com\/avatar\/c7850e06d3ff63cdbaee88b7fc16e2f0?s=96&d=mm&r=g","contentUrl":"https:\/\/secure.gravatar.com\/avatar\/c7850e06d3ff63cdbaee88b7fc16e2f0?s=96&d=mm&r=g","caption":"Damien Dellerba"},"url":"https:\/\/www.ladiagonale.net\/index.php\/author\/damien\/"}]}},"_links":{"self":[{"href":"https:\/\/www.ladiagonale.net\/index.php\/wp-json\/wp\/v2\/posts\/31093"}],"collection":[{"href":"https:\/\/www.ladiagonale.net\/index.php\/wp-json\/wp\/v2\/posts"}],"about":[{"href":"https:\/\/www.ladiagonale.net\/index.php\/wp-json\/wp\/v2\/types\/post"}],"author":[{"embeddable":true,"href":"https:\/\/www.ladiagonale.net\/index.php\/wp-json\/wp\/v2\/users\/2"}],"replies":[{"embeddable":true,"href":"https:\/\/www.ladiagonale.net\/index.php\/wp-json\/wp\/v2\/comments?post=31093"}],"version-history":[{"count":1,"href":"https:\/\/www.ladiagonale.net\/index.php\/wp-json\/wp\/v2\/posts\/31093\/revisions"}],"predecessor-version":[{"id":31096,"href":"https:\/\/www.ladiagonale.net\/index.php\/wp-json\/wp\/v2\/posts\/31093\/revisions\/31096"}],"wp:featuredmedia":[{"embeddable":true,"href":"https:\/\/www.ladiagonale.net\/index.php\/wp-json\/wp\/v2\/media\/31094"}],"wp:attachment":[{"href":"https:\/\/www.ladiagonale.net\/index.php\/wp-json\/wp\/v2\/media?parent=31093"}],"wp:term":[{"taxonomy":"category","embeddable":true,"href":"https:\/\/www.ladiagonale.net\/index.php\/wp-json\/wp\/v2\/categories?post=31093"},{"taxonomy":"post_tag","embeddable":true,"href":"https:\/\/www.ladiagonale.net\/index.php\/wp-json\/wp\/v2\/tags?post=31093"}],"curies":[{"name":"wp","href":"https:\/\/api.w.org\/{rel}","templated":true}]}}