{"id":31099,"date":"2025-04-22T22:52:37","date_gmt":"2025-04-22T20:52:37","guid":{"rendered":"https:\/\/www.ladiagonale.net\/?p=31099"},"modified":"2025-04-22T22:52:38","modified_gmt":"2025-04-22T20:52:38","slug":"turpin-au-sifflet-pour-le-havre-monaco","status":"publish","type":"post","link":"https:\/\/www.ladiagonale.net\/index.php\/2025\/04\/22\/turpin-au-sifflet-pour-le-havre-monaco\/","title":{"rendered":"Turpin au sifflet pour Le Havre-Monaco"},"content":{"rendered":"\n\n\n<p>La LFP a d\u00e9sign\u00e9 l&rsquo;un de ses meilleurs \u00e9l\u00e9ments pour arbitrer une rencontre qui va compter aussi bien dans la lutte pour la Ligue des champions que pour le maintien. La 31<sup>e<\/sup> journ\u00e9e opposera l&rsquo;AS Monaco au Havre et c&rsquo;est Cl\u00e9ment Turpin qui officiera. <\/p>\n\n\n\n<p>Ses juges de lignes seront Nicolas Danos et Benjamin Pages, comme lors du dernier PSG-Monaco, tandis qu&rsquo;Alexandre Castro et Ludovic Szmyslony seront \u00e0 la vid\u00e9o. Le premier avait d&rsquo;ailleurs \u00e9t\u00e9 l&rsquo;assistant vid\u00e9o sur Brest-Monaco et celui qui avait vu la faute de main de Lala <a href=\"https:\/\/www.ladiagonale.net\/index.php\/2025\/04\/09\/la-direction-de-larbitrage-justifie-le-penalty-contre-brest\/\" target=\"_blank\" rel=\"noreferrer noopener\">pour permettre \u00e0 l&rsquo;ASM de b\u00e9n\u00e9ficier d&rsquo;un p\u00e9nalty<\/a>. <\/p>\n\n\n\n<div class=\"wp-block-media-text alignwide is-stacked-on-mobile\" style=\"grid-template-columns:35% auto\"><figure class=\"wp-block-media-text__media\"><img loading=\"lazy\" width=\"540\" height=\"626\" src=\"https:\/\/www.ladiagonale.net\/wp-content\/uploads\/2025\/04\/MR8Va-1.png\" alt=\"\" class=\"wp-image-31100 size-full\" srcset=\"https:\/\/www.ladiagonale.net\/wp-content\/uploads\/2025\/04\/MR8Va-1.png 540w, https:\/\/www.ladiagonale.net\/wp-content\/uploads\/2025\/04\/MR8Va-1-259x300.png 259w, https:\/\/www.ladiagonale.net\/wp-content\/uploads\/2025\/04\/MR8Va-1-110x128.png 110w, https:\/\/www.ladiagonale.net\/wp-content\/uploads\/2025\/04\/MR8Va-1-28x32.png 28w\" sizes=\"(max-width: 540px) 100vw, 540px\" \/><\/figure><div class=\"wp-block-media-text__content\">\n<p style=\"font-size:16px\">Depuis 2008, Turpin a arbitr\u00e9 l&rsquo;ASM 39 fois, et cela seulement sur la Ligue 1. Les Rouge et Blanc s&rsquo;en sont plut\u00f4t bien tir\u00e9s avec lui puisqu&rsquo;ils ont gagn\u00e9 \u00e0 21 reprises, contre 13 d\u00e9faites et 5 nuls. Mais les Mon\u00e9gasques restent sur deux d\u00e9faites de rang, contre Marseille <em>(1-2, le 1<sup>er<\/sup> d\u00e9cembre)<\/em> et contre le PSG <em>(1-4, le 7 f\u00e9vrier)<\/em>. Cette saison, ce sera la quatri\u00e8me fois qu&rsquo;il arbitrera le club de la Principaut\u00e9. <\/p>\n<\/div><\/div>\n\n\n\n<div class=\"wp-block-media-text alignwide is-stacked-on-mobile\"><figure class=\"wp-block-media-text__media\"><img loading=\"lazy\" width=\"1024\" height=\"578\" src=\"https:\/\/www.ladiagonale.net\/wp-content\/uploads\/2025\/04\/d3RnE-6-1024x578.png\" alt=\"\" class=\"wp-image-31101 size-full\" srcset=\"https:\/\/www.ladiagonale.net\/wp-content\/uploads\/2025\/04\/d3RnE-6-1024x578.png 1024w, https:\/\/www.ladiagonale.net\/wp-content\/uploads\/2025\/04\/d3RnE-6-300x169.png 300w, https:\/\/www.ladiagonale.net\/wp-content\/uploads\/2025\/04\/d3RnE-6-768x434.png 768w, https:\/\/www.ladiagonale.net\/wp-content\/uploads\/2025\/04\/d3RnE-6-128x72.png 128w, https:\/\/www.ladiagonale.net\/wp-content\/uploads\/2025\/04\/d3RnE-6-32x18.png 32w, https:\/\/www.ladiagonale.net\/wp-content\/uploads\/2025\/04\/d3RnE-6.png 1240w\" sizes=\"(max-width: 1024px) 100vw, 1024px\" \/><\/figure><div class=\"wp-block-media-text__content\">\n<p style=\"font-size:16px\">Avec un seul carton jaune distribu\u00e9 \u00e0 un Parisien lors de la derni\u00e8re rencontre, les statistiques n&rsquo;ont que peu \u00e9volu\u00e9. Sur les trois matches arbitr\u00e9s cette saison, deux cartons jaunes ont \u00e9t\u00e9 donn\u00e9s \u00e0 l&rsquo;ASM et deux aussi \u00e0 ses adversaires. Ces derniers, Marseille en l&rsquo;occurrence, ont aussi eu un p\u00e9nalty siffl\u00e9 en leur faveur.<\/p>\n<\/div><\/div>\n","protected":false},"excerpt":{"rendered":"<p>La LFP a d\u00e9sign\u00e9 l&rsquo;un de ses meilleurs \u00e9l\u00e9ments pour arbitrer une rencontre qui va compter aussi bien dans la lutte pour la Ligue des champions que pour le maintien. La 31e journ\u00e9e opposera l&rsquo;AS Monaco au Havre et c&rsquo;est Cl\u00e9ment Turpin qui officiera. Ses juges de lignes seront Nicolas Danos et Benjamin Pages, comme [&#8230;]\n","protected":false},"author":2,"featured_media":0,"comment_status":"open","ping_status":"open","sticky":false,"template":"","format":"standard","meta":[],"categories":[6],"tags":[156,86,473,712,94],"yoast_head":"<!-- This site is optimized with the Yoast SEO plugin v19.8 - https:\/\/yoast.com\/wordpress\/plugins\/seo\/ -->\n<title>Turpin au sifflet pour Le Havre-Monaco - La Diagonale<\/title>\n<meta name=\"robots\" content=\"index, follow, max-snippet:-1, max-image-preview:large, max-video-preview:-1\" \/>\n<link rel=\"canonical\" href=\"https:\/\/www.ladiagonale.net\/index.php\/2025\/04\/22\/turpin-au-sifflet-pour-le-havre-monaco\/\" \/>\n<meta property=\"og:locale\" content=\"fr_FR\" \/>\n<meta property=\"og:type\" content=\"article\" \/>\n<meta property=\"og:title\" content=\"Turpin au sifflet pour Le Havre-Monaco - La Diagonale\" \/>\n<meta property=\"og:description\" content=\"La LFP a d\u00e9sign\u00e9 l&rsquo;un de ses meilleurs \u00e9l\u00e9ments pour arbitrer une rencontre qui va compter aussi bien dans la lutte pour la Ligue des champions que pour le maintien. La 31e journ\u00e9e opposera l&rsquo;AS Monaco au Havre et c&rsquo;est Cl\u00e9ment Turpin qui officiera. Ses juges de lignes seront Nicolas Danos et Benjamin Pages, comme [...]\" \/>\n<meta property=\"og:url\" content=\"https:\/\/www.ladiagonale.net\/index.php\/2025\/04\/22\/turpin-au-sifflet-pour-le-havre-monaco\/\" \/>\n<meta property=\"og:site_name\" content=\"La Diagonale\" \/>\n<meta property=\"article:published_time\" content=\"2025-04-22T20:52:37+00:00\" \/>\n<meta property=\"article:modified_time\" content=\"2025-04-22T20:52:38+00:00\" \/>\n<meta property=\"og:image\" content=\"https:\/\/www.ladiagonale.net\/wp-content\/uploads\/2023\/02\/turpin.png\" \/>\n\t<meta property=\"og:image:width\" content=\"1160\" \/>\n\t<meta property=\"og:image:height\" content=\"650\" \/>\n\t<meta property=\"og:image:type\" content=\"image\/png\" \/>\n<meta name=\"author\" content=\"Damien Dellerba\" \/>\n<meta name=\"twitter:card\" content=\"summary_large_image\" \/>\n<meta name=\"twitter:image\" content=\"https:\/\/www.ladiagonale.net\/wp-content\/uploads\/2023\/02\/turpin.png\" \/>\n<meta name=\"twitter:label1\" content=\"\u00c9crit par\" \/>\n\t<meta name=\"twitter:data1\" content=\"Damien Dellerba\" \/>\n\t<meta name=\"twitter:label2\" content=\"Dur\u00e9e de lecture estim\u00e9e\" \/>\n\t<meta name=\"twitter:data2\" content=\"2 minutes\" \/>\n<script type=\"application\/ld+json\" class=\"yoast-schema-graph\">{\"@context\":\"https:\/\/schema.org\",\"@graph\":[{\"@type\":\"WebPage\",\"@id\":\"https:\/\/www.ladiagonale.net\/index.php\/2025\/04\/22\/turpin-au-sifflet-pour-le-havre-monaco\/\",\"url\":\"https:\/\/www.ladiagonale.net\/index.php\/2025\/04\/22\/turpin-au-sifflet-pour-le-havre-monaco\/\",\"name\":\"Turpin au sifflet pour Le Havre-Monaco - La Diagonale\",\"isPartOf\":{\"@id\":\"https:\/\/www.ladiagonale.net\/#website\"},\"datePublished\":\"2025-04-22T20:52:37+00:00\",\"dateModified\":\"2025-04-22T20:52:38+00:00\",\"author\":{\"@id\":\"https:\/\/www.ladiagonale.net\/#\/schema\/person\/79ff1e7b0853ed01b2aa26e64ad300bf\"},\"breadcrumb\":{\"@id\":\"https:\/\/www.ladiagonale.net\/index.php\/2025\/04\/22\/turpin-au-sifflet-pour-le-havre-monaco\/#breadcrumb\"},\"inLanguage\":\"fr-FR\",\"potentialAction\":[{\"@type\":\"ReadAction\",\"target\":[\"https:\/\/www.ladiagonale.net\/index.php\/2025\/04\/22\/turpin-au-sifflet-pour-le-havre-monaco\/\"]}]},{\"@type\":\"BreadcrumbList\",\"@id\":\"https:\/\/www.ladiagonale.net\/index.php\/2025\/04\/22\/turpin-au-sifflet-pour-le-havre-monaco\/#breadcrumb\",\"itemListElement\":[{\"@type\":\"ListItem\",\"position\":1,\"name\":\"Accueil\",\"item\":\"https:\/\/www.ladiagonale.net\/\"},{\"@type\":\"ListItem\",\"position\":2,\"name\":\"Turpin au sifflet pour Le Havre-Monaco\"}]},{\"@type\":\"WebSite\",\"@id\":\"https:\/\/www.ladiagonale.net\/#website\",\"url\":\"https:\/\/www.ladiagonale.net\/\",\"name\":\"La Diagonale\",\"description\":\"Le site des supporters de l&#039;AS Monaco FC\",\"potentialAction\":[{\"@type\":\"SearchAction\",\"target\":{\"@type\":\"EntryPoint\",\"urlTemplate\":\"https:\/\/www.ladiagonale.net\/?s={search_term_string}\"},\"query-input\":\"required name=search_term_string\"}],\"inLanguage\":\"fr-FR\"},{\"@type\":\"Person\",\"@id\":\"https:\/\/www.ladiagonale.net\/#\/schema\/person\/79ff1e7b0853ed01b2aa26e64ad300bf\",\"name\":\"Damien Dellerba\",\"image\":{\"@type\":\"ImageObject\",\"inLanguage\":\"fr-FR\",\"@id\":\"https:\/\/www.ladiagonale.net\/#\/schema\/person\/image\/\",\"url\":\"https:\/\/secure.gravatar.com\/avatar\/c7850e06d3ff63cdbaee88b7fc16e2f0?s=96&d=mm&r=g\",\"contentUrl\":\"https:\/\/secure.gravatar.com\/avatar\/c7850e06d3ff63cdbaee88b7fc16e2f0?s=96&d=mm&r=g\",\"caption\":\"Damien Dellerba\"},\"url\":\"https:\/\/www.ladiagonale.net\/index.php\/author\/damien\/\"}]}<\/script>\n<!-- \/ Yoast SEO plugin. -->","yoast_head_json":{"title":"Turpin au sifflet pour Le Havre-Monaco - La Diagonale","robots":{"index":"index","follow":"follow","max-snippet":"max-snippet:-1","max-image-preview":"max-image-preview:large","max-video-preview":"max-video-preview:-1"},"canonical":"https:\/\/www.ladiagonale.net\/index.php\/2025\/04\/22\/turpin-au-sifflet-pour-le-havre-monaco\/","og_locale":"fr_FR","og_type":"article","og_title":"Turpin au sifflet pour Le Havre-Monaco - La Diagonale","og_description":"La LFP a d\u00e9sign\u00e9 l&rsquo;un de ses meilleurs \u00e9l\u00e9ments pour arbitrer une rencontre qui va compter aussi bien dans la lutte pour la Ligue des champions que pour le maintien. La 31e journ\u00e9e opposera l&rsquo;AS Monaco au Havre et c&rsquo;est Cl\u00e9ment Turpin qui officiera. Ses juges de lignes seront Nicolas Danos et Benjamin Pages, comme [...]","og_url":"https:\/\/www.ladiagonale.net\/index.php\/2025\/04\/22\/turpin-au-sifflet-pour-le-havre-monaco\/","og_site_name":"La Diagonale","article_published_time":"2025-04-22T20:52:37+00:00","article_modified_time":"2025-04-22T20:52:38+00:00","og_image":[{"width":1160,"height":650,"url":"https:\/\/www.ladiagonale.net\/wp-content\/uploads\/2023\/02\/turpin.png","type":"image\/png"}],"author":"Damien Dellerba","twitter_card":"summary_large_image","twitter_image":"https:\/\/www.ladiagonale.net\/wp-content\/uploads\/2023\/02\/turpin.png","twitter_misc":{"\u00c9crit par":"Damien Dellerba","Dur\u00e9e de lecture estim\u00e9e":"2 minutes"},"schema":{"@context":"https:\/\/schema.org","@graph":[{"@type":"WebPage","@id":"https:\/\/www.ladiagonale.net\/index.php\/2025\/04\/22\/turpin-au-sifflet-pour-le-havre-monaco\/","url":"https:\/\/www.ladiagonale.net\/index.php\/2025\/04\/22\/turpin-au-sifflet-pour-le-havre-monaco\/","name":"Turpin au sifflet pour Le Havre-Monaco - La Diagonale","isPartOf":{"@id":"https:\/\/www.ladiagonale.net\/#website"},"datePublished":"2025-04-22T20:52:37+00:00","dateModified":"2025-04-22T20:52:38+00:00","author":{"@id":"https:\/\/www.ladiagonale.net\/#\/schema\/person\/79ff1e7b0853ed01b2aa26e64ad300bf"},"breadcrumb":{"@id":"https:\/\/www.ladiagonale.net\/index.php\/2025\/04\/22\/turpin-au-sifflet-pour-le-havre-monaco\/#breadcrumb"},"inLanguage":"fr-FR","potentialAction":[{"@type":"ReadAction","target":["https:\/\/www.ladiagonale.net\/index.php\/2025\/04\/22\/turpin-au-sifflet-pour-le-havre-monaco\/"]}]},{"@type":"BreadcrumbList","@id":"https:\/\/www.ladiagonale.net\/index.php\/2025\/04\/22\/turpin-au-sifflet-pour-le-havre-monaco\/#breadcrumb","itemListElement":[{"@type":"ListItem","position":1,"name":"Accueil","item":"https:\/\/www.ladiagonale.net\/"},{"@type":"ListItem","position":2,"name":"Turpin au sifflet pour Le Havre-Monaco"}]},{"@type":"WebSite","@id":"https:\/\/www.ladiagonale.net\/#website","url":"https:\/\/www.ladiagonale.net\/","name":"La Diagonale","description":"Le site des supporters de l&#039;AS Monaco FC","potentialAction":[{"@type":"SearchAction","target":{"@type":"EntryPoint","urlTemplate":"https:\/\/www.ladiagonale.net\/?s={search_term_string}"},"query-input":"required name=search_term_string"}],"inLanguage":"fr-FR"},{"@type":"Person","@id":"https:\/\/www.ladiagonale.net\/#\/schema\/person\/79ff1e7b0853ed01b2aa26e64ad300bf","name":"Damien Dellerba","image":{"@type":"ImageObject","inLanguage":"fr-FR","@id":"https:\/\/www.ladiagonale.net\/#\/schema\/person\/image\/","url":"https:\/\/secure.gravatar.com\/avatar\/c7850e06d3ff63cdbaee88b7fc16e2f0?s=96&d=mm&r=g","contentUrl":"https:\/\/secure.gravatar.com\/avatar\/c7850e06d3ff63cdbaee88b7fc16e2f0?s=96&d=mm&r=g","caption":"Damien Dellerba"},"url":"https:\/\/www.ladiagonale.net\/index.php\/author\/damien\/"}]}},"_links":{"self":[{"href":"https:\/\/www.ladiagonale.net\/index.php\/wp-json\/wp\/v2\/posts\/31099"}],"collection":[{"href":"https:\/\/www.ladiagonale.net\/index.php\/wp-json\/wp\/v2\/posts"}],"about":[{"href":"https:\/\/www.ladiagonale.net\/index.php\/wp-json\/wp\/v2\/types\/post"}],"author":[{"embeddable":true,"href":"https:\/\/www.ladiagonale.net\/index.php\/wp-json\/wp\/v2\/users\/2"}],"replies":[{"embeddable":true,"href":"https:\/\/www.ladiagonale.net\/index.php\/wp-json\/wp\/v2\/comments?post=31099"}],"version-history":[{"count":1,"href":"https:\/\/www.ladiagonale.net\/index.php\/wp-json\/wp\/v2\/posts\/31099\/revisions"}],"predecessor-version":[{"id":31102,"href":"https:\/\/www.ladiagonale.net\/index.php\/wp-json\/wp\/v2\/posts\/31099\/revisions\/31102"}],"wp:attachment":[{"href":"https:\/\/www.ladiagonale.net\/index.php\/wp-json\/wp\/v2\/media?parent=31099"}],"wp:term":[{"taxonomy":"category","embeddable":true,"href":"https:\/\/www.ladiagonale.net\/index.php\/wp-json\/wp\/v2\/categories?post=31099"},{"taxonomy":"post_tag","embeddable":true,"href":"https:\/\/www.ladiagonale.net\/index.php\/wp-json\/wp\/v2\/tags?post=31099"}],"curies":[{"name":"wp","href":"https:\/\/api.w.org\/{rel}","templated":true}]}}