{"id":31106,"date":"2025-04-23T15:51:05","date_gmt":"2025-04-23T13:51:05","guid":{"rendered":"https:\/\/www.ladiagonale.net\/?p=31106"},"modified":"2025-07-08T02:14:11","modified_gmt":"2025-07-08T00:14:11","slug":"les-dates-du-mercato-de-la-saison-2025-2026-devoilees","status":"publish","type":"post","link":"https:\/\/www.ladiagonale.net\/index.php\/2025\/04\/23\/les-dates-du-mercato-de-la-saison-2025-2026-devoilees\/","title":{"rendered":"Les dates des mercatos de la saison 2025-2026 d\u00e9voil\u00e9es"},"content":{"rendered":"\n\n\n<p>La LFP a mis fin au suspense concernant les dates des prochains mercatos pour la saison . En raison de la Coupe du monde du club, qui doit d\u00e9buter le 14 juin, une premi\u00e8re fen\u00eatre du mercato estival a \u00e9t\u00e9 exceptionnellement ouverte entre le 1<sup>er<\/sup> et le 10 juin. Il y en aura une seconde, plus classique, qui d\u00e9butera au 16 juin 2025 et durera jusqu&rsquo;au 1<sup>er<\/sup> septembre, \u00e0 20 heures. <\/p>\n\n\n\n<p>Il n&rsquo;y aura donc pas eu de consensus entre les diff\u00e9rentes associations europ\u00e9ennes pour la fermer avant la reprise des championnats, comme il en avait \u00e9t\u00e9 question.<\/p>\n\n\n\n<p>Pour ce qui est du mercato hivernal, il d\u00e9butera le jeudi 1er janvier 2026 et se cl\u00f4turera le lundi 2 f\u00e9vrier 2026 \u00e0 20 heures.<\/p>\n","protected":false},"excerpt":{"rendered":"<p>La LFP a mis fin au suspense concernant les dates des prochains mercatos pour la saison . En raison de la Coupe du monde du club, qui doit d\u00e9buter le 14 juin, une premi\u00e8re fen\u00eatre du mercato estival a \u00e9t\u00e9 exceptionnellement ouverte entre le 1er et le 10 juin. Il y en aura une seconde, [&#8230;]\n","protected":false},"author":2,"featured_media":0,"comment_status":"open","ping_status":"open","sticky":false,"template":"","format":"standard","meta":[],"categories":[6,1086],"tags":[86,111],"yoast_head":"<!-- This site is optimized with the Yoast SEO plugin v19.8 - https:\/\/yoast.com\/wordpress\/plugins\/seo\/ -->\n<title>Les dates des mercatos de la saison 2025-2026 d\u00e9voil\u00e9es - La Diagonale<\/title>\n<meta name=\"robots\" content=\"index, follow, max-snippet:-1, max-image-preview:large, max-video-preview:-1\" \/>\n<link rel=\"canonical\" href=\"https:\/\/www.ladiagonale.net\/index.php\/2025\/04\/23\/les-dates-du-mercato-de-la-saison-2025-2026-devoilees\/\" \/>\n<meta property=\"og:locale\" content=\"fr_FR\" \/>\n<meta property=\"og:type\" content=\"article\" \/>\n<meta property=\"og:title\" content=\"Les dates des mercatos de la saison 2025-2026 d\u00e9voil\u00e9es - La Diagonale\" \/>\n<meta property=\"og:description\" content=\"La LFP a mis fin au suspense concernant les dates des prochains mercatos pour la saison . En raison de la Coupe du monde du club, qui doit d\u00e9buter le 14 juin, une premi\u00e8re fen\u00eatre du mercato estival a \u00e9t\u00e9 exceptionnellement ouverte entre le 1er et le 10 juin. Il y en aura une seconde, [...]\" \/>\n<meta property=\"og:url\" content=\"https:\/\/www.ladiagonale.net\/index.php\/2025\/04\/23\/les-dates-du-mercato-de-la-saison-2025-2026-devoilees\/\" \/>\n<meta property=\"og:site_name\" content=\"La Diagonale\" \/>\n<meta property=\"article:published_time\" content=\"2025-04-23T13:51:05+00:00\" \/>\n<meta property=\"article:modified_time\" content=\"2025-07-08T00:14:11+00:00\" \/>\n<meta property=\"og:image\" content=\"https:\/\/www.ladiagonale.net\/wp-content\/uploads\/2025\/02\/scuro-biereth.png\" \/>\n\t<meta property=\"og:image:width\" content=\"1160\" \/>\n\t<meta property=\"og:image:height\" content=\"650\" \/>\n\t<meta property=\"og:image:type\" content=\"image\/png\" \/>\n<meta name=\"author\" content=\"Damien Dellerba\" \/>\n<meta name=\"twitter:card\" content=\"summary_large_image\" \/>\n<meta name=\"twitter:image\" content=\"https:\/\/www.ladiagonale.net\/wp-content\/uploads\/2025\/02\/scuro-biereth.png\" \/>\n<meta name=\"twitter:label1\" content=\"\u00c9crit par\" \/>\n\t<meta name=\"twitter:data1\" content=\"Damien Dellerba\" \/>\n\t<meta name=\"twitter:label2\" content=\"Dur\u00e9e de lecture estim\u00e9e\" \/>\n\t<meta name=\"twitter:data2\" content=\"1 minute\" \/>\n<script type=\"application\/ld+json\" class=\"yoast-schema-graph\">{\"@context\":\"https:\/\/schema.org\",\"@graph\":[{\"@type\":\"WebPage\",\"@id\":\"https:\/\/www.ladiagonale.net\/index.php\/2025\/04\/23\/les-dates-du-mercato-de-la-saison-2025-2026-devoilees\/\",\"url\":\"https:\/\/www.ladiagonale.net\/index.php\/2025\/04\/23\/les-dates-du-mercato-de-la-saison-2025-2026-devoilees\/\",\"name\":\"Les dates des mercatos de la saison 2025-2026 d\u00e9voil\u00e9es - La Diagonale\",\"isPartOf\":{\"@id\":\"https:\/\/www.ladiagonale.net\/#website\"},\"datePublished\":\"2025-04-23T13:51:05+00:00\",\"dateModified\":\"2025-07-08T00:14:11+00:00\",\"author\":{\"@id\":\"https:\/\/www.ladiagonale.net\/#\/schema\/person\/79ff1e7b0853ed01b2aa26e64ad300bf\"},\"breadcrumb\":{\"@id\":\"https:\/\/www.ladiagonale.net\/index.php\/2025\/04\/23\/les-dates-du-mercato-de-la-saison-2025-2026-devoilees\/#breadcrumb\"},\"inLanguage\":\"fr-FR\",\"potentialAction\":[{\"@type\":\"ReadAction\",\"target\":[\"https:\/\/www.ladiagonale.net\/index.php\/2025\/04\/23\/les-dates-du-mercato-de-la-saison-2025-2026-devoilees\/\"]}]},{\"@type\":\"BreadcrumbList\",\"@id\":\"https:\/\/www.ladiagonale.net\/index.php\/2025\/04\/23\/les-dates-du-mercato-de-la-saison-2025-2026-devoilees\/#breadcrumb\",\"itemListElement\":[{\"@type\":\"ListItem\",\"position\":1,\"name\":\"Accueil\",\"item\":\"https:\/\/www.ladiagonale.net\/\"},{\"@type\":\"ListItem\",\"position\":2,\"name\":\"Les dates des mercatos de la saison 2025-2026 d\u00e9voil\u00e9es\"}]},{\"@type\":\"WebSite\",\"@id\":\"https:\/\/www.ladiagonale.net\/#website\",\"url\":\"https:\/\/www.ladiagonale.net\/\",\"name\":\"La Diagonale\",\"description\":\"Le site des supporters de l&#039;AS Monaco FC\",\"potentialAction\":[{\"@type\":\"SearchAction\",\"target\":{\"@type\":\"EntryPoint\",\"urlTemplate\":\"https:\/\/www.ladiagonale.net\/?s={search_term_string}\"},\"query-input\":\"required name=search_term_string\"}],\"inLanguage\":\"fr-FR\"},{\"@type\":\"Person\",\"@id\":\"https:\/\/www.ladiagonale.net\/#\/schema\/person\/79ff1e7b0853ed01b2aa26e64ad300bf\",\"name\":\"Damien Dellerba\",\"image\":{\"@type\":\"ImageObject\",\"inLanguage\":\"fr-FR\",\"@id\":\"https:\/\/www.ladiagonale.net\/#\/schema\/person\/image\/\",\"url\":\"https:\/\/secure.gravatar.com\/avatar\/c7850e06d3ff63cdbaee88b7fc16e2f0?s=96&d=mm&r=g\",\"contentUrl\":\"https:\/\/secure.gravatar.com\/avatar\/c7850e06d3ff63cdbaee88b7fc16e2f0?s=96&d=mm&r=g\",\"caption\":\"Damien Dellerba\"},\"url\":\"https:\/\/www.ladiagonale.net\/index.php\/author\/damien\/\"}]}<\/script>\n<!-- \/ Yoast SEO plugin. -->","yoast_head_json":{"title":"Les dates des mercatos de la saison 2025-2026 d\u00e9voil\u00e9es - La Diagonale","robots":{"index":"index","follow":"follow","max-snippet":"max-snippet:-1","max-image-preview":"max-image-preview:large","max-video-preview":"max-video-preview:-1"},"canonical":"https:\/\/www.ladiagonale.net\/index.php\/2025\/04\/23\/les-dates-du-mercato-de-la-saison-2025-2026-devoilees\/","og_locale":"fr_FR","og_type":"article","og_title":"Les dates des mercatos de la saison 2025-2026 d\u00e9voil\u00e9es - La Diagonale","og_description":"La LFP a mis fin au suspense concernant les dates des prochains mercatos pour la saison . En raison de la Coupe du monde du club, qui doit d\u00e9buter le 14 juin, une premi\u00e8re fen\u00eatre du mercato estival a \u00e9t\u00e9 exceptionnellement ouverte entre le 1er et le 10 juin. Il y en aura une seconde, [...]","og_url":"https:\/\/www.ladiagonale.net\/index.php\/2025\/04\/23\/les-dates-du-mercato-de-la-saison-2025-2026-devoilees\/","og_site_name":"La Diagonale","article_published_time":"2025-04-23T13:51:05+00:00","article_modified_time":"2025-07-08T00:14:11+00:00","og_image":[{"width":1160,"height":650,"url":"https:\/\/www.ladiagonale.net\/wp-content\/uploads\/2025\/02\/scuro-biereth.png","type":"image\/png"}],"author":"Damien Dellerba","twitter_card":"summary_large_image","twitter_image":"https:\/\/www.ladiagonale.net\/wp-content\/uploads\/2025\/02\/scuro-biereth.png","twitter_misc":{"\u00c9crit par":"Damien Dellerba","Dur\u00e9e de lecture estim\u00e9e":"1 minute"},"schema":{"@context":"https:\/\/schema.org","@graph":[{"@type":"WebPage","@id":"https:\/\/www.ladiagonale.net\/index.php\/2025\/04\/23\/les-dates-du-mercato-de-la-saison-2025-2026-devoilees\/","url":"https:\/\/www.ladiagonale.net\/index.php\/2025\/04\/23\/les-dates-du-mercato-de-la-saison-2025-2026-devoilees\/","name":"Les dates des mercatos de la saison 2025-2026 d\u00e9voil\u00e9es - La Diagonale","isPartOf":{"@id":"https:\/\/www.ladiagonale.net\/#website"},"datePublished":"2025-04-23T13:51:05+00:00","dateModified":"2025-07-08T00:14:11+00:00","author":{"@id":"https:\/\/www.ladiagonale.net\/#\/schema\/person\/79ff1e7b0853ed01b2aa26e64ad300bf"},"breadcrumb":{"@id":"https:\/\/www.ladiagonale.net\/index.php\/2025\/04\/23\/les-dates-du-mercato-de-la-saison-2025-2026-devoilees\/#breadcrumb"},"inLanguage":"fr-FR","potentialAction":[{"@type":"ReadAction","target":["https:\/\/www.ladiagonale.net\/index.php\/2025\/04\/23\/les-dates-du-mercato-de-la-saison-2025-2026-devoilees\/"]}]},{"@type":"BreadcrumbList","@id":"https:\/\/www.ladiagonale.net\/index.php\/2025\/04\/23\/les-dates-du-mercato-de-la-saison-2025-2026-devoilees\/#breadcrumb","itemListElement":[{"@type":"ListItem","position":1,"name":"Accueil","item":"https:\/\/www.ladiagonale.net\/"},{"@type":"ListItem","position":2,"name":"Les dates des mercatos de la saison 2025-2026 d\u00e9voil\u00e9es"}]},{"@type":"WebSite","@id":"https:\/\/www.ladiagonale.net\/#website","url":"https:\/\/www.ladiagonale.net\/","name":"La Diagonale","description":"Le site des supporters de l&#039;AS Monaco FC","potentialAction":[{"@type":"SearchAction","target":{"@type":"EntryPoint","urlTemplate":"https:\/\/www.ladiagonale.net\/?s={search_term_string}"},"query-input":"required name=search_term_string"}],"inLanguage":"fr-FR"},{"@type":"Person","@id":"https:\/\/www.ladiagonale.net\/#\/schema\/person\/79ff1e7b0853ed01b2aa26e64ad300bf","name":"Damien Dellerba","image":{"@type":"ImageObject","inLanguage":"fr-FR","@id":"https:\/\/www.ladiagonale.net\/#\/schema\/person\/image\/","url":"https:\/\/secure.gravatar.com\/avatar\/c7850e06d3ff63cdbaee88b7fc16e2f0?s=96&d=mm&r=g","contentUrl":"https:\/\/secure.gravatar.com\/avatar\/c7850e06d3ff63cdbaee88b7fc16e2f0?s=96&d=mm&r=g","caption":"Damien Dellerba"},"url":"https:\/\/www.ladiagonale.net\/index.php\/author\/damien\/"}]}},"_links":{"self":[{"href":"https:\/\/www.ladiagonale.net\/index.php\/wp-json\/wp\/v2\/posts\/31106"}],"collection":[{"href":"https:\/\/www.ladiagonale.net\/index.php\/wp-json\/wp\/v2\/posts"}],"about":[{"href":"https:\/\/www.ladiagonale.net\/index.php\/wp-json\/wp\/v2\/types\/post"}],"author":[{"embeddable":true,"href":"https:\/\/www.ladiagonale.net\/index.php\/wp-json\/wp\/v2\/users\/2"}],"replies":[{"embeddable":true,"href":"https:\/\/www.ladiagonale.net\/index.php\/wp-json\/wp\/v2\/comments?post=31106"}],"version-history":[{"count":2,"href":"https:\/\/www.ladiagonale.net\/index.php\/wp-json\/wp\/v2\/posts\/31106\/revisions"}],"predecessor-version":[{"id":31108,"href":"https:\/\/www.ladiagonale.net\/index.php\/wp-json\/wp\/v2\/posts\/31106\/revisions\/31108"}],"wp:attachment":[{"href":"https:\/\/www.ladiagonale.net\/index.php\/wp-json\/wp\/v2\/media?parent=31106"}],"wp:term":[{"taxonomy":"category","embeddable":true,"href":"https:\/\/www.ladiagonale.net\/index.php\/wp-json\/wp\/v2\/categories?post=31106"},{"taxonomy":"post_tag","embeddable":true,"href":"https:\/\/www.ladiagonale.net\/index.php\/wp-json\/wp\/v2\/tags?post=31106"}],"curies":[{"name":"wp","href":"https:\/\/api.w.org\/{rel}","templated":true}]}}