{"id":31109,"date":"2025-04-23T19:04:44","date_gmt":"2025-04-23T17:04:44","guid":{"rendered":"https:\/\/www.ladiagonale.net\/?p=31109"},"modified":"2025-04-23T19:04:45","modified_gmt":"2025-04-23T17:04:45","slug":"biereth-marquer-autant-cest-une-anomalie","status":"publish","type":"post","link":"https:\/\/www.ladiagonale.net\/index.php\/2025\/04\/23\/biereth-marquer-autant-cest-une-anomalie\/","title":{"rendered":"Biereth : \u00ab\u00a0Marquer autant, c\u2019est une anomalie\u00a0\u00bb"},"content":{"rendered":"\n\n\n<p>Arriv\u00e9 cet hiver, Mika Biereth s\u2019est rapidement impos\u00e9 \u00e0 la pointe de l\u2019attaque mon\u00e9gasque. Loin des 30 millions clinquants d\u00e9pens\u00e9s pour l\u2019arriv\u00e9e de Folarin Balogun, le Danois a sign\u00e9 \u00e0 l\u2019AS Monaco pour une somme bien plus modeste : \u00ab\u00a0<em>13\u00a0millions, dans le march\u00e9 actuel, ce n&rsquo;est pas d\u00e9ment comme prix<\/em>, a admis le meilleur buteur de l\u2019ASM dans <em>L\u2019\u00c9quipe<\/em>. <em>Quand un joueur arrive, tout le monde se demande combien il va marquer de buts. Marquer autant que je l&rsquo;ai fait, c&rsquo;est une anomalie. Mais on ne parle que d&rsquo;une poign\u00e9e de matches. Ce qui compte, c&rsquo;est de r\u00e9ussir \u00e0 me maintenir \u00e0 ce niveau le plus longtemps possible.<\/em>\u00a0\u00bb<\/p>\n\n\n\n<p>Concernant son adaptation, Biereth a forc\u00e9ment surpris, alors qu\u2019il vient d\u2019un championnat autrichien plus faible : \u00ab\u00a0<em>Je ne dirais pas que \u00e7&rsquo;a \u00e9t\u00e9 facile. Comme attaquant, ce \u00e0 quoi tu aspires, c&rsquo;est d&rsquo;avoir des opportunit\u00e9s de marquer des buts. Et c&rsquo;est normal que dans une \u00e9quipe telle que Monaco, avec autant de bons joueurs, il y en ait davantage. \u00c7a oui, \u00e7a rend mon travail plus facile. Mais je reste un jeune joueur. Et vous avez d\u00fb voir sur certains matches qu&rsquo;il y avait des d\u00e9fenseurs plus \u00e2g\u00e9s, plus grands et plus forts que moi. Sur ces aspects-l\u00e0, \u00e7&rsquo;a \u00e9t\u00e9 compliqu\u00e9. J&rsquo;ai fait marcher ma t\u00eate pour \u00e9viter certains combats.<\/em> \u00bb<\/p>\n\n\n\n<blockquote class=\"wp-block-quote\"><p>\u00ab\u00a0Pour un jeune, c&rsquo;est un moment dangereux parce que \u00e7a peut te donner la sensation d&rsquo;\u00eatre sur le toit du monde\u00a0\u00bb<\/p><cite>Mika Biereth, \u00e0 propos de sa r\u00e9ussite<\/cite><\/blockquote>\n\n\n\n<p>Cela s\u2019est notamment vu en Ligue des champions, o\u00f9 le buteur Danois a \u00e9t\u00e9 en difficult\u00e9 : \u00ab\u00a0<em>Je ne sais pas si le terme \u00ab\u00a0limite\u00a0\u00bb est adapt\u00e9, mais je suis quelqu&rsquo;un d&rsquo;honn\u00eate\u00a0: si les gens veulent dire que je n&rsquo;ai pas \u00e9t\u00e9 bon contre Benfica, c&rsquo;est vrai. J&rsquo;avais marqu\u00e9 quelques buts dans cette comp\u00e9tition avec Sturm Graz (2 en 6 matches) et je pense que j&rsquo;y arriverai avec Monaco. La C1, c&rsquo;est un autre niveau. Quand vous affrontez Nicolas Otamendi, qui est champion du monde, c&rsquo;est difficile de faire mieux. Je dois continuer \u00e0 apprendre. Je n&rsquo;ai que 22\u00a0ans.<\/em>\u00a0\u00bb<\/p>\n\n\n\n<p>De quoi lui permettre de garder les pieds sur terres : \u00ab <em>Pour un jeune, c&rsquo;est un moment dangereux parce que \u00e7a peut te donner la sensation d&rsquo;\u00eatre sur le toit du monde. Or, dans le foot, tout va tr\u00e8s vite dans les deux sens. Oui, c&rsquo;est bien d&rsquo;\u00eatre heureux, mais ne sois pas trop heureux non plus parce que tu ne sais pas comment se passera le prochain match. Marquer un tripl\u00e9, c&rsquo;est cool. Mais la joie dure une poign\u00e9e d&rsquo;heures, apr\u00e8s, j&rsquo;essaye d&rsquo;aller dormir, et ensuite, c&rsquo;est d\u00e9j\u00e0 le lendemain. C&rsquo;est facile de garder les pieds sur terre.<\/em> \u00bb<\/p>\n\n\n\n<blockquote class=\"wp-block-quote\"><p>\u00ab\u00a0Tout ce qui m\u2019importe, c\u2019est de marquer\u00a0\u00bb<\/p><\/blockquote>\n\n\n\n<p><a href=\"https:\/\/www.ladiagonale.net\/index.php\/2025\/04\/16\/biereth-ce-que-jadore-cest-marquer-des-buts\/\" target=\"_blank\" rel=\"noreferrer noopener\">Obs\u00e9d\u00e9 par le but<\/a>, Biereth a expliqu\u00e9 comment g\u00e9rer l\u2019\u00e9chec : \u00ab\u00a0P<em>our \u00eatre honn\u00eate, j&rsquo;essaye de faire en sorte de ne jamais en manquer, mais si c&rsquo;est le cas, tu dois \u00eatre pr\u00eat. Un bon exemple, c&rsquo;est le derby contre Nice\u00a0(2-1, le 29\u00a0mars). Je ne voulais pas manquer mon penalty, mais derri\u00e8re, il reste 85 minutes. Si je bloque, il se passe quoi\u00a0? Je deviens inutile. Le fait d&rsquo;avoir \u00e9galis\u00e9 puis d&rsquo;avoir \u00e9t\u00e9 impliqu\u00e9 sur le second but, c&rsquo;est ce qui te rend meilleur. Tu ne pourras jamais convertir 100\u00a0% de tes occasions, mais avoir la bonne mentalit\u00e9 te permettra de marquer le prochain. \u00c7a, tu l&rsquo;apprends avec l&rsquo;\u00e2ge et l&rsquo;exp\u00e9rience. Quand tu es petit gar\u00e7on, tu n&rsquo;as qu&rsquo;une envie, c&rsquo;est de pleurer (rires).<\/em>\u00a0\u00bb<\/p>\n\n\n\n<p>S\u2019il a pu montrer dans le jeu qu\u2019il \u00e9tait aussi capable de faire des passes d\u00e9cisives, cela le fait moins vibrer : \u00ab\u00a0<em>C&rsquo;est un peu simpliste, mais quand je commence un match, je ne pense jamais \u00e0 la mani\u00e8re dont je peux \u00eatre impliqu\u00e9 dans le jeu. Tout ce qui m&rsquo;importe, c&rsquo;est de marquer. Si je n&rsquo;y arrive pas, OK, c&rsquo;est g\u00e9nial de pouvoir contribuer \u00e0 aider, par une passe, par le pressing. Mais ma premi\u00e8re id\u00e9e est toujours de tirer. Apr\u00e8s, si quelqu&rsquo;un est mieux plac\u00e9, il faut aussi savoir \u00eatre intelligent, prendre la bonne d\u00e9cision. C&rsquo;est ce qui s&rsquo;est pass\u00e9 avec \u00ab\u00a0Taki\u00a0\u00bb contre Lille (1-2, le 22\u00a0f\u00e9vrier) et Toulouse (1-1, le 7\u00a0mars), mais \u00e7a ne me procure pas autant de plaisir qu&rsquo;un but. Je ne veux pas compliquer les choses. Moi, c&rsquo;est tout pour les buts.<\/em>\u00a0\u00bb<\/p>\n","protected":false},"excerpt":{"rendered":"<p>Arriv\u00e9 cet hiver, Mika Biereth s\u2019est rapidement impos\u00e9 \u00e0 la pointe de l\u2019attaque mon\u00e9gasque. Loin des 30 millions clinquants d\u00e9pens\u00e9s pour l\u2019arriv\u00e9e de Folarin Balogun, le Danois a sign\u00e9 \u00e0 l\u2019AS Monaco pour une somme bien plus modeste : \u00ab\u00a013\u00a0millions, dans le march\u00e9 actuel, ce n&rsquo;est pas d\u00e9ment comme prix, a admis le meilleur buteur [&#8230;]\n","protected":false},"author":2,"featured_media":0,"comment_status":"open","ping_status":"open","sticky":false,"template":"","format":"standard","meta":[],"categories":[6],"tags":[86,965],"yoast_head":"<!-- This site is optimized with the Yoast SEO plugin v19.8 - https:\/\/yoast.com\/wordpress\/plugins\/seo\/ -->\n<title>Biereth : \u00ab\u00a0Marquer autant, c\u2019est une anomalie\u00a0\u00bb - La Diagonale<\/title>\n<meta name=\"robots\" content=\"index, follow, max-snippet:-1, max-image-preview:large, max-video-preview:-1\" \/>\n<link rel=\"canonical\" href=\"https:\/\/www.ladiagonale.net\/index.php\/2025\/04\/23\/biereth-marquer-autant-cest-une-anomalie\/\" \/>\n<meta property=\"og:locale\" content=\"fr_FR\" \/>\n<meta property=\"og:type\" content=\"article\" \/>\n<meta property=\"og:title\" content=\"Biereth : \u00ab\u00a0Marquer autant, c\u2019est une anomalie\u00a0\u00bb - La Diagonale\" \/>\n<meta property=\"og:description\" content=\"Arriv\u00e9 cet hiver, Mika Biereth s\u2019est rapidement impos\u00e9 \u00e0 la pointe de l\u2019attaque mon\u00e9gasque. Loin des 30 millions clinquants d\u00e9pens\u00e9s pour l\u2019arriv\u00e9e de Folarin Balogun, le Danois a sign\u00e9 \u00e0 l\u2019AS Monaco pour une somme bien plus modeste : \u00ab\u00a013\u00a0millions, dans le march\u00e9 actuel, ce n&rsquo;est pas d\u00e9ment comme prix, a admis le meilleur buteur [...]\" \/>\n<meta property=\"og:url\" content=\"https:\/\/www.ladiagonale.net\/index.php\/2025\/04\/23\/biereth-marquer-autant-cest-une-anomalie\/\" \/>\n<meta property=\"og:site_name\" content=\"La Diagonale\" \/>\n<meta property=\"article:published_time\" content=\"2025-04-23T17:04:44+00:00\" \/>\n<meta property=\"article:modified_time\" content=\"2025-04-23T17:04:45+00:00\" \/>\n<meta property=\"og:image\" content=\"https:\/\/www.ladiagonale.net\/wp-content\/uploads\/2025\/02\/Biereth-triple\u0301-.png\" \/>\n\t<meta property=\"og:image:width\" content=\"1160\" \/>\n\t<meta property=\"og:image:height\" content=\"650\" \/>\n\t<meta property=\"og:image:type\" content=\"image\/png\" \/>\n<meta name=\"author\" content=\"Damien Dellerba\" \/>\n<meta name=\"twitter:card\" content=\"summary_large_image\" \/>\n<meta name=\"twitter:image\" content=\"https:\/\/www.ladiagonale.net\/wp-content\/uploads\/2025\/02\/Biereth-triple\u0301-.png\" \/>\n<meta name=\"twitter:label1\" content=\"\u00c9crit par\" \/>\n\t<meta name=\"twitter:data1\" content=\"Damien Dellerba\" \/>\n\t<meta name=\"twitter:label2\" content=\"Dur\u00e9e de lecture estim\u00e9e\" \/>\n\t<meta name=\"twitter:data2\" content=\"4 minutes\" \/>\n<script type=\"application\/ld+json\" class=\"yoast-schema-graph\">{\"@context\":\"https:\/\/schema.org\",\"@graph\":[{\"@type\":\"WebPage\",\"@id\":\"https:\/\/www.ladiagonale.net\/index.php\/2025\/04\/23\/biereth-marquer-autant-cest-une-anomalie\/\",\"url\":\"https:\/\/www.ladiagonale.net\/index.php\/2025\/04\/23\/biereth-marquer-autant-cest-une-anomalie\/\",\"name\":\"Biereth : \u00ab\u00a0Marquer autant, c\u2019est une anomalie\u00a0\u00bb - La Diagonale\",\"isPartOf\":{\"@id\":\"https:\/\/www.ladiagonale.net\/#website\"},\"datePublished\":\"2025-04-23T17:04:44+00:00\",\"dateModified\":\"2025-04-23T17:04:45+00:00\",\"author\":{\"@id\":\"https:\/\/www.ladiagonale.net\/#\/schema\/person\/79ff1e7b0853ed01b2aa26e64ad300bf\"},\"breadcrumb\":{\"@id\":\"https:\/\/www.ladiagonale.net\/index.php\/2025\/04\/23\/biereth-marquer-autant-cest-une-anomalie\/#breadcrumb\"},\"inLanguage\":\"fr-FR\",\"potentialAction\":[{\"@type\":\"ReadAction\",\"target\":[\"https:\/\/www.ladiagonale.net\/index.php\/2025\/04\/23\/biereth-marquer-autant-cest-une-anomalie\/\"]}]},{\"@type\":\"BreadcrumbList\",\"@id\":\"https:\/\/www.ladiagonale.net\/index.php\/2025\/04\/23\/biereth-marquer-autant-cest-une-anomalie\/#breadcrumb\",\"itemListElement\":[{\"@type\":\"ListItem\",\"position\":1,\"name\":\"Accueil\",\"item\":\"https:\/\/www.ladiagonale.net\/\"},{\"@type\":\"ListItem\",\"position\":2,\"name\":\"Biereth : \u00ab\u00a0Marquer autant, c\u2019est une anomalie\u00a0\u00bb\"}]},{\"@type\":\"WebSite\",\"@id\":\"https:\/\/www.ladiagonale.net\/#website\",\"url\":\"https:\/\/www.ladiagonale.net\/\",\"name\":\"La Diagonale\",\"description\":\"Le site des supporters de l&#039;AS Monaco FC\",\"potentialAction\":[{\"@type\":\"SearchAction\",\"target\":{\"@type\":\"EntryPoint\",\"urlTemplate\":\"https:\/\/www.ladiagonale.net\/?s={search_term_string}\"},\"query-input\":\"required name=search_term_string\"}],\"inLanguage\":\"fr-FR\"},{\"@type\":\"Person\",\"@id\":\"https:\/\/www.ladiagonale.net\/#\/schema\/person\/79ff1e7b0853ed01b2aa26e64ad300bf\",\"name\":\"Damien Dellerba\",\"image\":{\"@type\":\"ImageObject\",\"inLanguage\":\"fr-FR\",\"@id\":\"https:\/\/www.ladiagonale.net\/#\/schema\/person\/image\/\",\"url\":\"https:\/\/secure.gravatar.com\/avatar\/c7850e06d3ff63cdbaee88b7fc16e2f0?s=96&d=mm&r=g\",\"contentUrl\":\"https:\/\/secure.gravatar.com\/avatar\/c7850e06d3ff63cdbaee88b7fc16e2f0?s=96&d=mm&r=g\",\"caption\":\"Damien Dellerba\"},\"url\":\"https:\/\/www.ladiagonale.net\/index.php\/author\/damien\/\"}]}<\/script>\n<!-- \/ Yoast SEO plugin. -->","yoast_head_json":{"title":"Biereth : \u00ab\u00a0Marquer autant, c\u2019est une anomalie\u00a0\u00bb - La Diagonale","robots":{"index":"index","follow":"follow","max-snippet":"max-snippet:-1","max-image-preview":"max-image-preview:large","max-video-preview":"max-video-preview:-1"},"canonical":"https:\/\/www.ladiagonale.net\/index.php\/2025\/04\/23\/biereth-marquer-autant-cest-une-anomalie\/","og_locale":"fr_FR","og_type":"article","og_title":"Biereth : \u00ab\u00a0Marquer autant, c\u2019est une anomalie\u00a0\u00bb - La Diagonale","og_description":"Arriv\u00e9 cet hiver, Mika Biereth s\u2019est rapidement impos\u00e9 \u00e0 la pointe de l\u2019attaque mon\u00e9gasque. Loin des 30 millions clinquants d\u00e9pens\u00e9s pour l\u2019arriv\u00e9e de Folarin Balogun, le Danois a sign\u00e9 \u00e0 l\u2019AS Monaco pour une somme bien plus modeste : \u00ab\u00a013\u00a0millions, dans le march\u00e9 actuel, ce n&rsquo;est pas d\u00e9ment comme prix, a admis le meilleur buteur [...]","og_url":"https:\/\/www.ladiagonale.net\/index.php\/2025\/04\/23\/biereth-marquer-autant-cest-une-anomalie\/","og_site_name":"La Diagonale","article_published_time":"2025-04-23T17:04:44+00:00","article_modified_time":"2025-04-23T17:04:45+00:00","og_image":[{"width":1160,"height":650,"url":"https:\/\/www.ladiagonale.net\/wp-content\/uploads\/2025\/02\/Biereth-triple\u0301-.png","type":"image\/png"}],"author":"Damien Dellerba","twitter_card":"summary_large_image","twitter_image":"https:\/\/www.ladiagonale.net\/wp-content\/uploads\/2025\/02\/Biereth-triple\u0301-.png","twitter_misc":{"\u00c9crit par":"Damien Dellerba","Dur\u00e9e de lecture estim\u00e9e":"4 minutes"},"schema":{"@context":"https:\/\/schema.org","@graph":[{"@type":"WebPage","@id":"https:\/\/www.ladiagonale.net\/index.php\/2025\/04\/23\/biereth-marquer-autant-cest-une-anomalie\/","url":"https:\/\/www.ladiagonale.net\/index.php\/2025\/04\/23\/biereth-marquer-autant-cest-une-anomalie\/","name":"Biereth : \u00ab\u00a0Marquer autant, c\u2019est une anomalie\u00a0\u00bb - La Diagonale","isPartOf":{"@id":"https:\/\/www.ladiagonale.net\/#website"},"datePublished":"2025-04-23T17:04:44+00:00","dateModified":"2025-04-23T17:04:45+00:00","author":{"@id":"https:\/\/www.ladiagonale.net\/#\/schema\/person\/79ff1e7b0853ed01b2aa26e64ad300bf"},"breadcrumb":{"@id":"https:\/\/www.ladiagonale.net\/index.php\/2025\/04\/23\/biereth-marquer-autant-cest-une-anomalie\/#breadcrumb"},"inLanguage":"fr-FR","potentialAction":[{"@type":"ReadAction","target":["https:\/\/www.ladiagonale.net\/index.php\/2025\/04\/23\/biereth-marquer-autant-cest-une-anomalie\/"]}]},{"@type":"BreadcrumbList","@id":"https:\/\/www.ladiagonale.net\/index.php\/2025\/04\/23\/biereth-marquer-autant-cest-une-anomalie\/#breadcrumb","itemListElement":[{"@type":"ListItem","position":1,"name":"Accueil","item":"https:\/\/www.ladiagonale.net\/"},{"@type":"ListItem","position":2,"name":"Biereth : \u00ab\u00a0Marquer autant, c\u2019est une anomalie\u00a0\u00bb"}]},{"@type":"WebSite","@id":"https:\/\/www.ladiagonale.net\/#website","url":"https:\/\/www.ladiagonale.net\/","name":"La Diagonale","description":"Le site des supporters de l&#039;AS Monaco FC","potentialAction":[{"@type":"SearchAction","target":{"@type":"EntryPoint","urlTemplate":"https:\/\/www.ladiagonale.net\/?s={search_term_string}"},"query-input":"required name=search_term_string"}],"inLanguage":"fr-FR"},{"@type":"Person","@id":"https:\/\/www.ladiagonale.net\/#\/schema\/person\/79ff1e7b0853ed01b2aa26e64ad300bf","name":"Damien Dellerba","image":{"@type":"ImageObject","inLanguage":"fr-FR","@id":"https:\/\/www.ladiagonale.net\/#\/schema\/person\/image\/","url":"https:\/\/secure.gravatar.com\/avatar\/c7850e06d3ff63cdbaee88b7fc16e2f0?s=96&d=mm&r=g","contentUrl":"https:\/\/secure.gravatar.com\/avatar\/c7850e06d3ff63cdbaee88b7fc16e2f0?s=96&d=mm&r=g","caption":"Damien Dellerba"},"url":"https:\/\/www.ladiagonale.net\/index.php\/author\/damien\/"}]}},"_links":{"self":[{"href":"https:\/\/www.ladiagonale.net\/index.php\/wp-json\/wp\/v2\/posts\/31109"}],"collection":[{"href":"https:\/\/www.ladiagonale.net\/index.php\/wp-json\/wp\/v2\/posts"}],"about":[{"href":"https:\/\/www.ladiagonale.net\/index.php\/wp-json\/wp\/v2\/types\/post"}],"author":[{"embeddable":true,"href":"https:\/\/www.ladiagonale.net\/index.php\/wp-json\/wp\/v2\/users\/2"}],"replies":[{"embeddable":true,"href":"https:\/\/www.ladiagonale.net\/index.php\/wp-json\/wp\/v2\/comments?post=31109"}],"version-history":[{"count":1,"href":"https:\/\/www.ladiagonale.net\/index.php\/wp-json\/wp\/v2\/posts\/31109\/revisions"}],"predecessor-version":[{"id":31110,"href":"https:\/\/www.ladiagonale.net\/index.php\/wp-json\/wp\/v2\/posts\/31109\/revisions\/31110"}],"wp:attachment":[{"href":"https:\/\/www.ladiagonale.net\/index.php\/wp-json\/wp\/v2\/media?parent=31109"}],"wp:term":[{"taxonomy":"category","embeddable":true,"href":"https:\/\/www.ladiagonale.net\/index.php\/wp-json\/wp\/v2\/categories?post=31109"},{"taxonomy":"post_tag","embeddable":true,"href":"https:\/\/www.ladiagonale.net\/index.php\/wp-json\/wp\/v2\/tags?post=31109"}],"curies":[{"name":"wp","href":"https:\/\/api.w.org\/{rel}","templated":true}]}}