{"id":31111,"date":"2025-04-23T23:05:15","date_gmt":"2025-04-23T21:05:15","guid":{"rendered":"https:\/\/www.ladiagonale.net\/?p=31111"},"modified":"2025-04-23T23:05:16","modified_gmt":"2025-04-23T21:05:16","slug":"camara-suspendu-contre-saint-etienne","status":"publish","type":"post","link":"https:\/\/www.ladiagonale.net\/index.php\/2025\/04\/23\/camara-suspendu-contre-saint-etienne\/","title":{"rendered":"Camara suspendu contre Saint-\u00c9tienne"},"content":{"rendered":"\n\n\n<p>Lamine Camara manquera la rencontre face \u00e0 Saint-\u00c9tienne, pr\u00e9vue le samedi 3 mai lors de la 32e journ\u00e9e de L1 Le milieu de terrain de l\u2019AS Monaco a r\u00e9colt\u00e9 trois cartons jaunes en moins de dix rencontres. Averti contre Nice (le 29 mars), Brest (le 5 avril) et contre Strasbourg le 19 avril, le S\u00e9n\u00e9galais a \u00e9cop\u00e9 d\u2019un match de suspension, et cette peine s\u2019appliquera \u00e0 compter du mardi 29 avril. <\/p>\n\n\n\n<p>Il pourra donc jouer contre Le Havre ce samedi. Il s\u2019agit de sa troisi\u00e8me suspension cette saison, lui qui avait d\u00e9j\u00e0 manqu\u00e9 les r\u00e9ceptions de Lens (le 1er septembre) et de Brest (le 22 novembre).<\/p>\n\n\n\n<p>Trois autres joueurs de l\u2019effectif, sous la menace d\u2019une suspension, devront se tenir \u00e0 carreau jusqu\u2019\u00e0 la fin de la saison : Breel Embolo, Takumi Minamino, et Caio Henrique.<\/p>\n","protected":false},"excerpt":{"rendered":"<p>Lamine Camara manquera la rencontre face \u00e0 Saint-\u00c9tienne, pr\u00e9vue le samedi 3 mai lors de la 32e journ\u00e9e de L1 Le milieu de terrain de l\u2019AS Monaco a r\u00e9colt\u00e9 trois cartons jaunes en moins de dix rencontres. Averti contre Nice (le 29 mars), Brest (le 5 avril) et contre Strasbourg le 19 avril, le S\u00e9n\u00e9galais [&#8230;]\n","protected":false},"author":2,"featured_media":0,"comment_status":"open","ping_status":"open","sticky":false,"template":"","format":"standard","meta":[],"categories":[4,6],"tags":[86,257,894,94,1022],"yoast_head":"<!-- This site is optimized with the Yoast SEO plugin v19.8 - https:\/\/yoast.com\/wordpress\/plugins\/seo\/ -->\n<title>Camara suspendu contre Saint-\u00c9tienne - La Diagonale<\/title>\n<meta name=\"robots\" content=\"index, follow, max-snippet:-1, max-image-preview:large, max-video-preview:-1\" \/>\n<link rel=\"canonical\" href=\"https:\/\/www.ladiagonale.net\/index.php\/2025\/04\/23\/camara-suspendu-contre-saint-etienne\/\" \/>\n<meta property=\"og:locale\" content=\"fr_FR\" \/>\n<meta property=\"og:type\" content=\"article\" \/>\n<meta property=\"og:title\" content=\"Camara suspendu contre Saint-\u00c9tienne - La Diagonale\" \/>\n<meta property=\"og:description\" content=\"Lamine Camara manquera la rencontre face \u00e0 Saint-\u00c9tienne, pr\u00e9vue le samedi 3 mai lors de la 32e journ\u00e9e de L1 Le milieu de terrain de l\u2019AS Monaco a r\u00e9colt\u00e9 trois cartons jaunes en moins de dix rencontres. Averti contre Nice (le 29 mars), Brest (le 5 avril) et contre Strasbourg le 19 avril, le S\u00e9n\u00e9galais [...]\" \/>\n<meta property=\"og:url\" content=\"https:\/\/www.ladiagonale.net\/index.php\/2025\/04\/23\/camara-suspendu-contre-saint-etienne\/\" \/>\n<meta property=\"og:site_name\" content=\"La Diagonale\" \/>\n<meta property=\"article:published_time\" content=\"2025-04-23T21:05:15+00:00\" \/>\n<meta property=\"article:modified_time\" content=\"2025-04-23T21:05:16+00:00\" \/>\n<meta property=\"og:image\" content=\"https:\/\/www.ladiagonale.net\/wp-content\/uploads\/2024\/08\/LCamara.png\" \/>\n\t<meta property=\"og:image:width\" content=\"1160\" \/>\n\t<meta property=\"og:image:height\" content=\"650\" \/>\n\t<meta property=\"og:image:type\" content=\"image\/png\" \/>\n<meta name=\"author\" content=\"Damien Dellerba\" \/>\n<meta name=\"twitter:card\" content=\"summary_large_image\" \/>\n<meta name=\"twitter:image\" content=\"https:\/\/www.ladiagonale.net\/wp-content\/uploads\/2024\/08\/LCamara.png\" \/>\n<meta name=\"twitter:label1\" content=\"\u00c9crit par\" \/>\n\t<meta name=\"twitter:data1\" content=\"Damien Dellerba\" \/>\n\t<meta name=\"twitter:label2\" content=\"Dur\u00e9e de lecture estim\u00e9e\" \/>\n\t<meta name=\"twitter:data2\" content=\"1 minute\" \/>\n<script type=\"application\/ld+json\" class=\"yoast-schema-graph\">{\"@context\":\"https:\/\/schema.org\",\"@graph\":[{\"@type\":\"WebPage\",\"@id\":\"https:\/\/www.ladiagonale.net\/index.php\/2025\/04\/23\/camara-suspendu-contre-saint-etienne\/\",\"url\":\"https:\/\/www.ladiagonale.net\/index.php\/2025\/04\/23\/camara-suspendu-contre-saint-etienne\/\",\"name\":\"Camara suspendu contre Saint-\u00c9tienne - La Diagonale\",\"isPartOf\":{\"@id\":\"https:\/\/www.ladiagonale.net\/#website\"},\"datePublished\":\"2025-04-23T21:05:15+00:00\",\"dateModified\":\"2025-04-23T21:05:16+00:00\",\"author\":{\"@id\":\"https:\/\/www.ladiagonale.net\/#\/schema\/person\/79ff1e7b0853ed01b2aa26e64ad300bf\"},\"breadcrumb\":{\"@id\":\"https:\/\/www.ladiagonale.net\/index.php\/2025\/04\/23\/camara-suspendu-contre-saint-etienne\/#breadcrumb\"},\"inLanguage\":\"fr-FR\",\"potentialAction\":[{\"@type\":\"ReadAction\",\"target\":[\"https:\/\/www.ladiagonale.net\/index.php\/2025\/04\/23\/camara-suspendu-contre-saint-etienne\/\"]}]},{\"@type\":\"BreadcrumbList\",\"@id\":\"https:\/\/www.ladiagonale.net\/index.php\/2025\/04\/23\/camara-suspendu-contre-saint-etienne\/#breadcrumb\",\"itemListElement\":[{\"@type\":\"ListItem\",\"position\":1,\"name\":\"Accueil\",\"item\":\"https:\/\/www.ladiagonale.net\/\"},{\"@type\":\"ListItem\",\"position\":2,\"name\":\"Camara suspendu contre Saint-\u00c9tienne\"}]},{\"@type\":\"WebSite\",\"@id\":\"https:\/\/www.ladiagonale.net\/#website\",\"url\":\"https:\/\/www.ladiagonale.net\/\",\"name\":\"La Diagonale\",\"description\":\"Le site des supporters de l&#039;AS Monaco FC\",\"potentialAction\":[{\"@type\":\"SearchAction\",\"target\":{\"@type\":\"EntryPoint\",\"urlTemplate\":\"https:\/\/www.ladiagonale.net\/?s={search_term_string}\"},\"query-input\":\"required name=search_term_string\"}],\"inLanguage\":\"fr-FR\"},{\"@type\":\"Person\",\"@id\":\"https:\/\/www.ladiagonale.net\/#\/schema\/person\/79ff1e7b0853ed01b2aa26e64ad300bf\",\"name\":\"Damien Dellerba\",\"image\":{\"@type\":\"ImageObject\",\"inLanguage\":\"fr-FR\",\"@id\":\"https:\/\/www.ladiagonale.net\/#\/schema\/person\/image\/\",\"url\":\"https:\/\/secure.gravatar.com\/avatar\/c7850e06d3ff63cdbaee88b7fc16e2f0?s=96&d=mm&r=g\",\"contentUrl\":\"https:\/\/secure.gravatar.com\/avatar\/c7850e06d3ff63cdbaee88b7fc16e2f0?s=96&d=mm&r=g\",\"caption\":\"Damien Dellerba\"},\"url\":\"https:\/\/www.ladiagonale.net\/index.php\/author\/damien\/\"}]}<\/script>\n<!-- \/ Yoast SEO plugin. -->","yoast_head_json":{"title":"Camara suspendu contre Saint-\u00c9tienne - La Diagonale","robots":{"index":"index","follow":"follow","max-snippet":"max-snippet:-1","max-image-preview":"max-image-preview:large","max-video-preview":"max-video-preview:-1"},"canonical":"https:\/\/www.ladiagonale.net\/index.php\/2025\/04\/23\/camara-suspendu-contre-saint-etienne\/","og_locale":"fr_FR","og_type":"article","og_title":"Camara suspendu contre Saint-\u00c9tienne - La Diagonale","og_description":"Lamine Camara manquera la rencontre face \u00e0 Saint-\u00c9tienne, pr\u00e9vue le samedi 3 mai lors de la 32e journ\u00e9e de L1 Le milieu de terrain de l\u2019AS Monaco a r\u00e9colt\u00e9 trois cartons jaunes en moins de dix rencontres. Averti contre Nice (le 29 mars), Brest (le 5 avril) et contre Strasbourg le 19 avril, le S\u00e9n\u00e9galais [...]","og_url":"https:\/\/www.ladiagonale.net\/index.php\/2025\/04\/23\/camara-suspendu-contre-saint-etienne\/","og_site_name":"La Diagonale","article_published_time":"2025-04-23T21:05:15+00:00","article_modified_time":"2025-04-23T21:05:16+00:00","og_image":[{"width":1160,"height":650,"url":"https:\/\/www.ladiagonale.net\/wp-content\/uploads\/2024\/08\/LCamara.png","type":"image\/png"}],"author":"Damien Dellerba","twitter_card":"summary_large_image","twitter_image":"https:\/\/www.ladiagonale.net\/wp-content\/uploads\/2024\/08\/LCamara.png","twitter_misc":{"\u00c9crit par":"Damien Dellerba","Dur\u00e9e de lecture estim\u00e9e":"1 minute"},"schema":{"@context":"https:\/\/schema.org","@graph":[{"@type":"WebPage","@id":"https:\/\/www.ladiagonale.net\/index.php\/2025\/04\/23\/camara-suspendu-contre-saint-etienne\/","url":"https:\/\/www.ladiagonale.net\/index.php\/2025\/04\/23\/camara-suspendu-contre-saint-etienne\/","name":"Camara suspendu contre Saint-\u00c9tienne - La Diagonale","isPartOf":{"@id":"https:\/\/www.ladiagonale.net\/#website"},"datePublished":"2025-04-23T21:05:15+00:00","dateModified":"2025-04-23T21:05:16+00:00","author":{"@id":"https:\/\/www.ladiagonale.net\/#\/schema\/person\/79ff1e7b0853ed01b2aa26e64ad300bf"},"breadcrumb":{"@id":"https:\/\/www.ladiagonale.net\/index.php\/2025\/04\/23\/camara-suspendu-contre-saint-etienne\/#breadcrumb"},"inLanguage":"fr-FR","potentialAction":[{"@type":"ReadAction","target":["https:\/\/www.ladiagonale.net\/index.php\/2025\/04\/23\/camara-suspendu-contre-saint-etienne\/"]}]},{"@type":"BreadcrumbList","@id":"https:\/\/www.ladiagonale.net\/index.php\/2025\/04\/23\/camara-suspendu-contre-saint-etienne\/#breadcrumb","itemListElement":[{"@type":"ListItem","position":1,"name":"Accueil","item":"https:\/\/www.ladiagonale.net\/"},{"@type":"ListItem","position":2,"name":"Camara suspendu contre Saint-\u00c9tienne"}]},{"@type":"WebSite","@id":"https:\/\/www.ladiagonale.net\/#website","url":"https:\/\/www.ladiagonale.net\/","name":"La Diagonale","description":"Le site des supporters de l&#039;AS Monaco FC","potentialAction":[{"@type":"SearchAction","target":{"@type":"EntryPoint","urlTemplate":"https:\/\/www.ladiagonale.net\/?s={search_term_string}"},"query-input":"required name=search_term_string"}],"inLanguage":"fr-FR"},{"@type":"Person","@id":"https:\/\/www.ladiagonale.net\/#\/schema\/person\/79ff1e7b0853ed01b2aa26e64ad300bf","name":"Damien Dellerba","image":{"@type":"ImageObject","inLanguage":"fr-FR","@id":"https:\/\/www.ladiagonale.net\/#\/schema\/person\/image\/","url":"https:\/\/secure.gravatar.com\/avatar\/c7850e06d3ff63cdbaee88b7fc16e2f0?s=96&d=mm&r=g","contentUrl":"https:\/\/secure.gravatar.com\/avatar\/c7850e06d3ff63cdbaee88b7fc16e2f0?s=96&d=mm&r=g","caption":"Damien Dellerba"},"url":"https:\/\/www.ladiagonale.net\/index.php\/author\/damien\/"}]}},"_links":{"self":[{"href":"https:\/\/www.ladiagonale.net\/index.php\/wp-json\/wp\/v2\/posts\/31111"}],"collection":[{"href":"https:\/\/www.ladiagonale.net\/index.php\/wp-json\/wp\/v2\/posts"}],"about":[{"href":"https:\/\/www.ladiagonale.net\/index.php\/wp-json\/wp\/v2\/types\/post"}],"author":[{"embeddable":true,"href":"https:\/\/www.ladiagonale.net\/index.php\/wp-json\/wp\/v2\/users\/2"}],"replies":[{"embeddable":true,"href":"https:\/\/www.ladiagonale.net\/index.php\/wp-json\/wp\/v2\/comments?post=31111"}],"version-history":[{"count":1,"href":"https:\/\/www.ladiagonale.net\/index.php\/wp-json\/wp\/v2\/posts\/31111\/revisions"}],"predecessor-version":[{"id":31112,"href":"https:\/\/www.ladiagonale.net\/index.php\/wp-json\/wp\/v2\/posts\/31111\/revisions\/31112"}],"wp:attachment":[{"href":"https:\/\/www.ladiagonale.net\/index.php\/wp-json\/wp\/v2\/media?parent=31111"}],"wp:term":[{"taxonomy":"category","embeddable":true,"href":"https:\/\/www.ladiagonale.net\/index.php\/wp-json\/wp\/v2\/categories?post=31111"},{"taxonomy":"post_tag","embeddable":true,"href":"https:\/\/www.ladiagonale.net\/index.php\/wp-json\/wp\/v2\/tags?post=31111"}],"curies":[{"name":"wp","href":"https:\/\/api.w.org\/{rel}","templated":true}]}}