{"id":31115,"date":"2025-04-24T08:56:00","date_gmt":"2025-04-24T06:56:00","guid":{"rendered":"https:\/\/www.ladiagonale.net\/?p=31115"},"modified":"2025-04-25T01:39:51","modified_gmt":"2025-04-24T23:39:51","slug":"zakaria-sur-un-possible-depart-dakliouche-sa-perte-va-nous-faire-mal","status":"publish","type":"post","link":"https:\/\/www.ladiagonale.net\/index.php\/2025\/04\/24\/zakaria-sur-un-possible-depart-dakliouche-sa-perte-va-nous-faire-mal\/","title":{"rendered":"Zakaria, sur un possible d\u00e9part d\u2019Akliouche : \u00ab&nbsp;Sa perte va nous faire mal&nbsp;\u00bb"},"content":{"rendered":"\n<p>L\u2019AS Monaco risque d\u2019avoir du mal \u00e0 retenir Maghnes Akliouche cet \u00e9t\u00e9. D\u00e9j\u00e0 lou\u00e9 par Adi H\u00fctter \u00e0 plusieurs reprises, c\u2019est cette fois le capitaine de l\u2019AS Monaco Denis Zakaria qui a fait l\u2019\u00e9loge du milieu offensif de 23 ans, dans l&rsquo;\u00e9mission <em>G\u00e9n\u00e9ration After<\/em> sur <em>RMC Sport<\/em> : \u00ab\u00a0<em>C\u2019est un joueur extraordinaire. Quand je suis arriv\u00e9, il y a deux ans, c\u2019\u00e9tait un joueur qui n\u2019avait pas beaucoup de temps de jeu et qui avait encore pas mal de points sur lesquels progresser. Mais son d\u00e9veloppement est ph\u00e9nom\u00e9nal. Depuis mon arriv\u00e9e, c\u2019est un tout autre joueur.<\/em>\u00a0\u00bb<\/p>\n\n\n\n<p>Le capitaine mon\u00e9gasque sait qu\u2019Akliouche est courtis\u00e9 et semble d\u00e9j\u00e0 se faire \u00e0 l\u2019id\u00e9e d\u2019un d\u00e9part :&nbsp;\u00ab&nbsp;<em>Il nous apporte tellement dans cette \u00e9quipe et il vaut son prix. Son d\u00e9part, s\u2019il y a d\u00e9part, va nous faire mal. Parce que c\u2019est un joueur tr\u00e8s d\u00e9cisif et tr\u00e8s important pour nous. Je ne peux dire que du positif de Maghnes. C\u2019est une personne assez r\u00e9serv\u00e9e mais professionnelle. <\/em>(&#8230;)<em> Il a envie de progresser et il progresse \u00e9norm\u00e9ment donc je pense que Monaco peut \u00eatre tr\u00e8s heureux de l\u2019avoir et sa perte va faire mal.<\/em>&nbsp;\u00bb<\/p>\n\n\n\n<p>Selon les derni\u00e8res informations publi\u00e9es dans <em>L&rsquo;\u00c9quipe<\/em>, l&rsquo;ASM esp\u00e9rerait <a href=\"https:\/\/www.ladiagonale.net\/index.php\/2025\/04\/19\/monaco-voudrait-au-moins-70-millions-pour-akliouche\/\" target=\"_blank\" rel=\"noreferrer noopener\">obtenir entre 70 et 80 millions<\/a> d&rsquo;euros pour son international Espoirs. Le Paris Saint-Germain et Manchester City sont <a href=\"https:\/\/www.ladiagonale.net\/index.php\/2025\/04\/12\/une-lutte-entre-le-psg-et-city-pour-akliouche\/\" target=\"_blank\" rel=\"noreferrer noopener\">les deux clubs qui reviennent le plus souvent<\/a> pour \u00e9voquer l&rsquo;avenir d&rsquo;Akliouche, sous contrat jusqu&rsquo;en juin 2028.<\/p>\n\n\n","protected":false},"excerpt":{"rendered":"<p>L\u2019AS Monaco risque d\u2019avoir du mal \u00e0 retenir Maghnes Akliouche cet \u00e9t\u00e9. D\u00e9j\u00e0 lou\u00e9 par Adi H\u00fctter \u00e0 plusieurs reprises, c\u2019est cette fois le capitaine de l\u2019AS Monaco Denis Zakaria qui a fait l\u2019\u00e9loge du milieu offensif de 23 ans, dans l&rsquo;\u00e9mission G\u00e9n\u00e9ration After sur RMC Sport : \u00ab\u00a0C\u2019est un joueur extraordinaire. Quand je suis [&#8230;]\n","protected":false},"author":2,"featured_media":0,"comment_status":"open","ping_status":"open","sticky":false,"template":"","format":"standard","meta":[],"categories":[6],"tags":[86,631,190,110],"yoast_head":"<!-- This site is optimized with the Yoast SEO plugin v19.8 - https:\/\/yoast.com\/wordpress\/plugins\/seo\/ -->\n<title>Zakaria, sur un possible d\u00e9part d\u2019Akliouche : \u00ab&nbsp;Sa perte va nous faire mal&nbsp;\u00bb - La Diagonale<\/title>\n<meta name=\"robots\" content=\"index, follow, max-snippet:-1, max-image-preview:large, max-video-preview:-1\" \/>\n<link rel=\"canonical\" href=\"https:\/\/www.ladiagonale.net\/index.php\/2025\/04\/24\/zakaria-sur-un-possible-depart-dakliouche-sa-perte-va-nous-faire-mal\/\" \/>\n<meta property=\"og:locale\" content=\"fr_FR\" \/>\n<meta property=\"og:type\" content=\"article\" \/>\n<meta property=\"og:title\" content=\"Zakaria, sur un possible d\u00e9part d\u2019Akliouche : \u00ab&nbsp;Sa perte va nous faire mal&nbsp;\u00bb - La Diagonale\" \/>\n<meta property=\"og:description\" content=\"L\u2019AS Monaco risque d\u2019avoir du mal \u00e0 retenir Maghnes Akliouche cet \u00e9t\u00e9. D\u00e9j\u00e0 lou\u00e9 par Adi H\u00fctter \u00e0 plusieurs reprises, c\u2019est cette fois le capitaine de l\u2019AS Monaco Denis Zakaria qui a fait l\u2019\u00e9loge du milieu offensif de 23 ans, dans l&rsquo;\u00e9mission G\u00e9n\u00e9ration After sur RMC Sport : \u00ab\u00a0C\u2019est un joueur extraordinaire. Quand je suis [...]\" \/>\n<meta property=\"og:url\" content=\"https:\/\/www.ladiagonale.net\/index.php\/2025\/04\/24\/zakaria-sur-un-possible-depart-dakliouche-sa-perte-va-nous-faire-mal\/\" \/>\n<meta property=\"og:site_name\" content=\"La Diagonale\" \/>\n<meta property=\"article:published_time\" content=\"2025-04-24T06:56:00+00:00\" \/>\n<meta property=\"article:modified_time\" content=\"2025-04-24T23:39:51+00:00\" \/>\n<meta property=\"og:image\" content=\"https:\/\/www.ladiagonale.net\/wp-content\/uploads\/2025\/04\/zak-akliouche.png\" \/>\n\t<meta property=\"og:image:width\" content=\"1160\" \/>\n\t<meta property=\"og:image:height\" content=\"650\" \/>\n\t<meta property=\"og:image:type\" content=\"image\/png\" \/>\n<meta name=\"author\" content=\"Damien Dellerba\" \/>\n<meta name=\"twitter:card\" content=\"summary_large_image\" \/>\n<meta name=\"twitter:image\" content=\"https:\/\/www.ladiagonale.net\/wp-content\/uploads\/2025\/04\/zak-akliouche.png\" \/>\n<meta name=\"twitter:label1\" content=\"\u00c9crit par\" \/>\n\t<meta name=\"twitter:data1\" content=\"Damien Dellerba\" \/>\n\t<meta name=\"twitter:label2\" content=\"Dur\u00e9e de lecture estim\u00e9e\" \/>\n\t<meta name=\"twitter:data2\" content=\"2 minutes\" \/>\n<script type=\"application\/ld+json\" class=\"yoast-schema-graph\">{\"@context\":\"https:\/\/schema.org\",\"@graph\":[{\"@type\":\"WebPage\",\"@id\":\"https:\/\/www.ladiagonale.net\/index.php\/2025\/04\/24\/zakaria-sur-un-possible-depart-dakliouche-sa-perte-va-nous-faire-mal\/\",\"url\":\"https:\/\/www.ladiagonale.net\/index.php\/2025\/04\/24\/zakaria-sur-un-possible-depart-dakliouche-sa-perte-va-nous-faire-mal\/\",\"name\":\"Zakaria, sur un possible d\u00e9part d\u2019Akliouche : \u00ab&nbsp;Sa perte va nous faire mal&nbsp;\u00bb - La Diagonale\",\"isPartOf\":{\"@id\":\"https:\/\/www.ladiagonale.net\/#website\"},\"datePublished\":\"2025-04-24T06:56:00+00:00\",\"dateModified\":\"2025-04-24T23:39:51+00:00\",\"author\":{\"@id\":\"https:\/\/www.ladiagonale.net\/#\/schema\/person\/79ff1e7b0853ed01b2aa26e64ad300bf\"},\"breadcrumb\":{\"@id\":\"https:\/\/www.ladiagonale.net\/index.php\/2025\/04\/24\/zakaria-sur-un-possible-depart-dakliouche-sa-perte-va-nous-faire-mal\/#breadcrumb\"},\"inLanguage\":\"fr-FR\",\"potentialAction\":[{\"@type\":\"ReadAction\",\"target\":[\"https:\/\/www.ladiagonale.net\/index.php\/2025\/04\/24\/zakaria-sur-un-possible-depart-dakliouche-sa-perte-va-nous-faire-mal\/\"]}]},{\"@type\":\"BreadcrumbList\",\"@id\":\"https:\/\/www.ladiagonale.net\/index.php\/2025\/04\/24\/zakaria-sur-un-possible-depart-dakliouche-sa-perte-va-nous-faire-mal\/#breadcrumb\",\"itemListElement\":[{\"@type\":\"ListItem\",\"position\":1,\"name\":\"Accueil\",\"item\":\"https:\/\/www.ladiagonale.net\/\"},{\"@type\":\"ListItem\",\"position\":2,\"name\":\"Zakaria, sur un possible d\u00e9part d\u2019Akliouche : \u00ab&nbsp;Sa perte va nous faire mal&nbsp;\u00bb\"}]},{\"@type\":\"WebSite\",\"@id\":\"https:\/\/www.ladiagonale.net\/#website\",\"url\":\"https:\/\/www.ladiagonale.net\/\",\"name\":\"La Diagonale\",\"description\":\"Le site des supporters de l&#039;AS Monaco FC\",\"potentialAction\":[{\"@type\":\"SearchAction\",\"target\":{\"@type\":\"EntryPoint\",\"urlTemplate\":\"https:\/\/www.ladiagonale.net\/?s={search_term_string}\"},\"query-input\":\"required name=search_term_string\"}],\"inLanguage\":\"fr-FR\"},{\"@type\":\"Person\",\"@id\":\"https:\/\/www.ladiagonale.net\/#\/schema\/person\/79ff1e7b0853ed01b2aa26e64ad300bf\",\"name\":\"Damien Dellerba\",\"image\":{\"@type\":\"ImageObject\",\"inLanguage\":\"fr-FR\",\"@id\":\"https:\/\/www.ladiagonale.net\/#\/schema\/person\/image\/\",\"url\":\"https:\/\/secure.gravatar.com\/avatar\/c7850e06d3ff63cdbaee88b7fc16e2f0?s=96&d=mm&r=g\",\"contentUrl\":\"https:\/\/secure.gravatar.com\/avatar\/c7850e06d3ff63cdbaee88b7fc16e2f0?s=96&d=mm&r=g\",\"caption\":\"Damien Dellerba\"},\"url\":\"https:\/\/www.ladiagonale.net\/index.php\/author\/damien\/\"}]}<\/script>\n<!-- \/ Yoast SEO plugin. -->","yoast_head_json":{"title":"Zakaria, sur un possible d\u00e9part d\u2019Akliouche : \u00ab&nbsp;Sa perte va nous faire mal&nbsp;\u00bb - La Diagonale","robots":{"index":"index","follow":"follow","max-snippet":"max-snippet:-1","max-image-preview":"max-image-preview:large","max-video-preview":"max-video-preview:-1"},"canonical":"https:\/\/www.ladiagonale.net\/index.php\/2025\/04\/24\/zakaria-sur-un-possible-depart-dakliouche-sa-perte-va-nous-faire-mal\/","og_locale":"fr_FR","og_type":"article","og_title":"Zakaria, sur un possible d\u00e9part d\u2019Akliouche : \u00ab&nbsp;Sa perte va nous faire mal&nbsp;\u00bb - La Diagonale","og_description":"L\u2019AS Monaco risque d\u2019avoir du mal \u00e0 retenir Maghnes Akliouche cet \u00e9t\u00e9. D\u00e9j\u00e0 lou\u00e9 par Adi H\u00fctter \u00e0 plusieurs reprises, c\u2019est cette fois le capitaine de l\u2019AS Monaco Denis Zakaria qui a fait l\u2019\u00e9loge du milieu offensif de 23 ans, dans l&rsquo;\u00e9mission G\u00e9n\u00e9ration After sur RMC Sport : \u00ab\u00a0C\u2019est un joueur extraordinaire. Quand je suis [...]","og_url":"https:\/\/www.ladiagonale.net\/index.php\/2025\/04\/24\/zakaria-sur-un-possible-depart-dakliouche-sa-perte-va-nous-faire-mal\/","og_site_name":"La Diagonale","article_published_time":"2025-04-24T06:56:00+00:00","article_modified_time":"2025-04-24T23:39:51+00:00","og_image":[{"width":1160,"height":650,"url":"https:\/\/www.ladiagonale.net\/wp-content\/uploads\/2025\/04\/zak-akliouche.png","type":"image\/png"}],"author":"Damien Dellerba","twitter_card":"summary_large_image","twitter_image":"https:\/\/www.ladiagonale.net\/wp-content\/uploads\/2025\/04\/zak-akliouche.png","twitter_misc":{"\u00c9crit par":"Damien Dellerba","Dur\u00e9e de lecture estim\u00e9e":"2 minutes"},"schema":{"@context":"https:\/\/schema.org","@graph":[{"@type":"WebPage","@id":"https:\/\/www.ladiagonale.net\/index.php\/2025\/04\/24\/zakaria-sur-un-possible-depart-dakliouche-sa-perte-va-nous-faire-mal\/","url":"https:\/\/www.ladiagonale.net\/index.php\/2025\/04\/24\/zakaria-sur-un-possible-depart-dakliouche-sa-perte-va-nous-faire-mal\/","name":"Zakaria, sur un possible d\u00e9part d\u2019Akliouche : \u00ab&nbsp;Sa perte va nous faire mal&nbsp;\u00bb - La Diagonale","isPartOf":{"@id":"https:\/\/www.ladiagonale.net\/#website"},"datePublished":"2025-04-24T06:56:00+00:00","dateModified":"2025-04-24T23:39:51+00:00","author":{"@id":"https:\/\/www.ladiagonale.net\/#\/schema\/person\/79ff1e7b0853ed01b2aa26e64ad300bf"},"breadcrumb":{"@id":"https:\/\/www.ladiagonale.net\/index.php\/2025\/04\/24\/zakaria-sur-un-possible-depart-dakliouche-sa-perte-va-nous-faire-mal\/#breadcrumb"},"inLanguage":"fr-FR","potentialAction":[{"@type":"ReadAction","target":["https:\/\/www.ladiagonale.net\/index.php\/2025\/04\/24\/zakaria-sur-un-possible-depart-dakliouche-sa-perte-va-nous-faire-mal\/"]}]},{"@type":"BreadcrumbList","@id":"https:\/\/www.ladiagonale.net\/index.php\/2025\/04\/24\/zakaria-sur-un-possible-depart-dakliouche-sa-perte-va-nous-faire-mal\/#breadcrumb","itemListElement":[{"@type":"ListItem","position":1,"name":"Accueil","item":"https:\/\/www.ladiagonale.net\/"},{"@type":"ListItem","position":2,"name":"Zakaria, sur un possible d\u00e9part d\u2019Akliouche : \u00ab&nbsp;Sa perte va nous faire mal&nbsp;\u00bb"}]},{"@type":"WebSite","@id":"https:\/\/www.ladiagonale.net\/#website","url":"https:\/\/www.ladiagonale.net\/","name":"La Diagonale","description":"Le site des supporters de l&#039;AS Monaco FC","potentialAction":[{"@type":"SearchAction","target":{"@type":"EntryPoint","urlTemplate":"https:\/\/www.ladiagonale.net\/?s={search_term_string}"},"query-input":"required name=search_term_string"}],"inLanguage":"fr-FR"},{"@type":"Person","@id":"https:\/\/www.ladiagonale.net\/#\/schema\/person\/79ff1e7b0853ed01b2aa26e64ad300bf","name":"Damien Dellerba","image":{"@type":"ImageObject","inLanguage":"fr-FR","@id":"https:\/\/www.ladiagonale.net\/#\/schema\/person\/image\/","url":"https:\/\/secure.gravatar.com\/avatar\/c7850e06d3ff63cdbaee88b7fc16e2f0?s=96&d=mm&r=g","contentUrl":"https:\/\/secure.gravatar.com\/avatar\/c7850e06d3ff63cdbaee88b7fc16e2f0?s=96&d=mm&r=g","caption":"Damien Dellerba"},"url":"https:\/\/www.ladiagonale.net\/index.php\/author\/damien\/"}]}},"_links":{"self":[{"href":"https:\/\/www.ladiagonale.net\/index.php\/wp-json\/wp\/v2\/posts\/31115"}],"collection":[{"href":"https:\/\/www.ladiagonale.net\/index.php\/wp-json\/wp\/v2\/posts"}],"about":[{"href":"https:\/\/www.ladiagonale.net\/index.php\/wp-json\/wp\/v2\/types\/post"}],"author":[{"embeddable":true,"href":"https:\/\/www.ladiagonale.net\/index.php\/wp-json\/wp\/v2\/users\/2"}],"replies":[{"embeddable":true,"href":"https:\/\/www.ladiagonale.net\/index.php\/wp-json\/wp\/v2\/comments?post=31115"}],"version-history":[{"count":4,"href":"https:\/\/www.ladiagonale.net\/index.php\/wp-json\/wp\/v2\/posts\/31115\/revisions"}],"predecessor-version":[{"id":31145,"href":"https:\/\/www.ladiagonale.net\/index.php\/wp-json\/wp\/v2\/posts\/31115\/revisions\/31145"}],"wp:attachment":[{"href":"https:\/\/www.ladiagonale.net\/index.php\/wp-json\/wp\/v2\/media?parent=31115"}],"wp:term":[{"taxonomy":"category","embeddable":true,"href":"https:\/\/www.ladiagonale.net\/index.php\/wp-json\/wp\/v2\/categories?post=31115"},{"taxonomy":"post_tag","embeddable":true,"href":"https:\/\/www.ladiagonale.net\/index.php\/wp-json\/wp\/v2\/tags?post=31115"}],"curies":[{"name":"wp","href":"https:\/\/api.w.org\/{rel}","templated":true}]}}